{"id":113708,"date":"2014-09-09T09:29:45","date_gmt":"2014-09-09T07:29:45","guid":{"rendered":"http:\/\/www.mojabochnia.pl\/?p=113708"},"modified":"2014-09-09T09:29:45","modified_gmt":"2014-09-09T07:29:45","slug":"delegacja-z-ukrainy-odwiedzila-strefe-gospodarcza","status":"publish","type":"post","link":"https:\/\/www.mojabochnia.pl\/?p=113708","title":{"rendered":"Delegacja z Ukrainy odwiedzi\u0142a Stref\u0119 Gospodarcz\u0105"},"content":{"rendered":"<p>Projekt jest wsp\u00f3\u0142finansowany przez Ministerstwo Spraw Zagranicznych RP w ramach programu polskiej wsp\u00f3\u0142pracy rozwojowej i powsta\u0142 z my\u015bl\u0105 o wsparciu ukrai\u0144skich ma\u0142ych miast (do 50 tys. mieszka\u0144c\u00f3w), kt\u00f3rych mo\u017cliwo\u015bci s\u0105 wci\u0105\u017c nieodkryte przez inwestor\u00f3w krajowych i zagranicznych. Realizatorzy projektu wykorzystuj\u0105c polskie do\u015bwiadczenie, przekazuj\u0105 przedstawicielom ukrai\u0144skich lokalnych samorz\u0105d\u00f3w najlepsze rozwi\u0105zania i niezb\u0119dn\u0105 wiedz\u0119, co ma pozwoli\u0107 wzmocni\u0107 potencja\u0142 i zwi\u0119kszy\u0107 ich atrakcyjno\u015b\u0107 inwestycyjn\u0105. W szkoleniach bierze udzia\u0142 80 uczestnik\u00f3w z 50 miast z 21 obwod\u00f3w na Ukrainie. Dla 30 najbardziej aktywnych uczestnik\u00f3w projektu zorganizowano wizyty studyjne w polskich miastach i instytucjach wspieraj\u0105cych dzia\u0142ania inwestycyjne.<\/p>\n<p>Jedno z takich spotka\u0144 odby\u0142o si\u0119 w Bochni. W sali obrad magistratu go\u015bcie z Ukrainy mogli zapozna\u0107 si\u0119 z do\u015bwiadczeniami Bochni w zakresie przygotowania teren\u00f3w inwestycyjnych oraz pozyskiwania inwestor\u00f3w. <em>Burmistrz Miasta Stefan Kolawi\u0144ski nawi\u0105zuj\u0105c do obecnej sytuacji politycznej za nasz\u0105 wschodni\u0105 granic\u0105 podkre\u015bli\u0142, \u017ce bez silnej Ukrainy nie b\u0119dzie bezpiecznej Polski i zapewni\u0142 o poparciu dla niepodleg\u0142o\u015bciowych stara\u0144 rz\u0105du w Kijowie. Zast\u0119pca Burmistrza Tomasz Przyby\u0142o podczas specjalnie przygotowanej prezentacji zapozna\u0142 obecnych z zagadnieniami dotycz\u0105cymi powstania i funkcjonowania Boche\u0144skiej Strefy Aktywno\u015bci Gospodarczej oraz z dzia\u0142aniami prowadzonymi przez samorz\u0105d, maj\u0105cymi przyci\u0105gn\u0105\u0107 do Bochni nowych inwestor\u00f3w<\/em> &#8211; relacjonuje Tomasz Ryncarz, rzecznik prasowy urz\u0119du miasta. <\/p>\n<p><em>Go\u015bcie z olbrzymim zainteresowaniem wys\u0142uchali przekazanych informacji i zadawali wiele szczeg\u00f3\u0142owych pyta\u0144. W szczeg\u00f3lno\u015bci interesowa\u0142y ich kwestie udogodnie\u0144 zwi\u0105zanych z inwestowaniem w specjalnych strefach ekonomicznych, finansowanie inwestycji wyposa\u017cenia BSAG w infrastruktur\u0119 techniczn\u0105, procedury sprzeda\u017cy nieruchomo\u015bci oraz og\u00f3lne dane dotycz\u0105ce sk\u0142adnik\u00f3w bud\u017cetu miasta<\/em> &#8211; dodaje. <\/p>\n<p>Po zako\u0144czeniu spotkania w magistracie, uczestnicy wizyty udali si\u0119 na boche\u0144ski Rynek, gdzie zrobiono pami\u0105tkowe zdj\u0119cie. Nast\u0119pnie go\u015bcie z Ukrainy pojechali na teren BSAG, gdzie mogli przyjrze\u0107 si\u0119 wykonanej ju\u017c przez miasto infrastrukturze oraz podziwia\u0107 funkcjonuj\u0105cy od kwietnia zak\u0142ad firmy Werner Kenkel oraz mocno zaawansowan\u0105 budow\u0119 zak\u0142adu firmy G\u00f3r-Stal.<\/p>\n\t  \r\n\t\r\n\t    <div class=\"mb-gallery\">\r\n\t    <a href=\"https:\/\/www.mojabochnia.pl\/?attachment_id=113710\" class=\"\"><img loading=\"lazy\" decoding=\"async\" width=\"100\" height=\"53\" src=\"https:\/\/www.mojabochnia.pl\/wp-content\/uploads\/2014\/09\/DSC_1202-120x63.jpg\" class=\"attachment-100x100 size-100x100\" alt=\"\" srcset=\"https:\/\/www.mojabochnia.pl\/wp-content\/uploads\/2014\/09\/DSC_1202-120x63.jpg 120w, https:\/\/www.mojabochnia.pl\/wp-content\/uploads\/2014\/09\/DSC_1202-468x246.jpg 468w, https:\/\/www.mojabochnia.pl\/wp-content\/uploads\/2014\/09\/DSC_1202.jpg 660w\" sizes=\"auto, (max-width: 100px) 100vw, 100px\" \/><\/a><a href=\"https:\/\/www.mojabochnia.pl\/?attachment_id=113711\" class=\"\"><img loading=\"lazy\" decoding=\"async\" width=\"100\" height=\"67\" src=\"https:\/\/www.mojabochnia.pl\/wp-content\/uploads\/2014\/09\/DSC_1208-120x80.jpg\" class=\"attachment-100x100 size-100x100\" alt=\"\" srcset=\"https:\/\/www.mojabochnia.pl\/wp-content\/uploads\/2014\/09\/DSC_1208-120x80.jpg 120w, https:\/\/www.mojabochnia.pl\/wp-content\/uploads\/2014\/09\/DSC_1208-468x312.jpg 468w, https:\/\/www.mojabochnia.pl\/wp-content\/uploads\/2014\/09\/DSC_1208.jpg 660w\" sizes=\"auto, (max-width: 100px) 100vw, 100px\" \/><\/a><a href=\"https:\/\/www.mojabochnia.pl\/?attachment_id=113712\" class=\"\"><img loading=\"lazy\" decoding=\"async\" width=\"100\" height=\"67\" src=\"https:\/\/www.mojabochnia.pl\/wp-content\/uploads\/2014\/09\/DSC_1226-120x80.jpg\" class=\"attachment-100x100 size-100x100\" alt=\"\" srcset=\"https:\/\/www.mojabochnia.pl\/wp-content\/uploads\/2014\/09\/DSC_1226-120x80.jpg 120w, https:\/\/www.mojabochnia.pl\/wp-content\/uploads\/2014\/09\/DSC_1226-468x312.jpg 468w, https:\/\/www.mojabochnia.pl\/wp-content\/uploads\/2014\/09\/DSC_1226.jpg 660w\" sizes=\"auto, (max-width: 100px) 100vw, 100px\" \/><\/a><a href=\"https:\/\/www.mojabochnia.pl\/?attachment_id=113713\" class=\"\"><img loading=\"lazy\" decoding=\"async\" width=\"100\" height=\"67\" src=\"https:\/\/www.mojabochnia.pl\/wp-content\/uploads\/2014\/09\/DSC_1239-120x80.jpg\" class=\"attachment-100x100 size-100x100\" alt=\"\" srcset=\"https:\/\/www.mojabochnia.pl\/wp-content\/uploads\/2014\/09\/DSC_1239-120x80.jpg 120w, https:\/\/www.mojabochnia.pl\/wp-content\/uploads\/2014\/09\/DSC_1239-468x312.jpg 468w, https:\/\/www.mojabochnia.pl\/wp-content\/uploads\/2014\/09\/DSC_1239.jpg 660w\" sizes=\"auto, (max-width: 100px) 100vw, 100px\" \/><\/a><a href=\"https:\/\/www.mojabochnia.pl\/?attachment_id=113714\" class=\"\"><img loading=\"lazy\" decoding=\"async\" width=\"100\" height=\"67\" src=\"https:\/\/www.mojabochnia.pl\/wp-content\/uploads\/2014\/09\/DSC_1250-120x80.jpg\" class=\"attachment-100x100 size-100x100\" alt=\"\" srcset=\"https:\/\/www.mojabochnia.pl\/wp-content\/uploads\/2014\/09\/DSC_1250-120x80.jpg 120w, https:\/\/www.mojabochnia.pl\/wp-content\/uploads\/2014\/09\/DSC_1250-468x312.jpg 468w, https:\/\/www.mojabochnia.pl\/wp-content\/uploads\/2014\/09\/DSC_1250.jpg 660w\" sizes=\"auto, (max-width: 100px) 100vw, 100px\" \/><\/a><a href=\"https:\/\/www.mojabochnia.pl\/?attachment_id=113715\" class=\"\"><img loading=\"lazy\" decoding=\"async\" width=\"100\" height=\"67\" src=\"https:\/\/www.mojabochnia.pl\/wp-content\/uploads\/2014\/09\/DSC_1255-120x80.jpg\" class=\"attachment-100x100 size-100x100\" alt=\"\" srcset=\"https:\/\/www.mojabochnia.pl\/wp-content\/uploads\/2014\/09\/DSC_1255-120x80.jpg 120w, https:\/\/www.mojabochnia.pl\/wp-content\/uploads\/2014\/09\/DSC_1255-468x313.jpg 468w, https:\/\/www.mojabochnia.pl\/wp-content\/uploads\/2014\/09\/DSC_1255.jpg 660w\" sizes=\"auto, (max-width: 100px) 100vw, 100px\" \/><\/a>\t    <\/div>\r\n\t    ","protected":false},"excerpt":{"rendered":"<p>Burmistrz Stefan Kolawi\u0144ski go\u015bci\u0142 30-osobow\u0105 delegacj\u0119 przedstawicieli ukrai\u0144skich miast. Wizyta zorganizowana by\u0142a w ramach realizowanego przez Fundacj\u0119 Instytut Studi\u00f3w Wschodnich oraz partnera \u2013 Lwowskie Centrum Nauki, Innowacji i Informatyzacji projektu pod nazw\u0105 \u201eMarka miasta magnesem dla inwestor\u00f3w\u201d.<\/p>\n","protected":false},"author":13,"featured_media":113712,"comment_status":"open","ping_status":"closed","sticky":false,"template":"","format":"standard","meta":{"_acf_changed":false,"footnotes":""},"categories":[5,6251,6250],"tags":[17543,17962,1764],"class_list":["post-113708","post","type-post","status-publish","format-standard","has-post-thumbnail","hentry","category-biezace-wydarzenia","category-polityka-i-wydarzenia","category-tematyka","tag-bochenska-strefa-aktywnosci-gospodarczej","tag-bsag","tag-ukraina","main_tag-bsag"],"acf":[],"yoast_head":"<!-- This site is optimized with the Yoast SEO plugin v26.9 - https:\/\/yoast.com\/product\/yoast-seo-wordpress\/ -->\n<title>Delegacja z Ukrainy odwiedzi\u0142a Stref\u0119 Gospodarcz\u0105 - mojabochnia.pl - portal informacyjny<\/title>\n<meta name=\"robots\" content=\"index, follow, max-snippet:-1, max-image-preview:large, max-video-preview:-1\" \/>\n<link rel=\"canonical\" href=\"https:\/\/www.mojabochnia.pl\/?p=113708\" \/>\n<meta property=\"og:locale\" content=\"pl_PL\" \/>\n<meta property=\"og:type\" content=\"article\" \/>\n<meta property=\"og:title\" content=\"Delegacja z Ukrainy odwiedzi\u0142a Stref\u0119 Gospodarcz\u0105 - mojabochnia.pl - portal informacyjny\" \/>\n<meta property=\"og:description\" content=\"Burmistrz Stefan Kolawi\u0144ski go\u015bci\u0142 30-osobow\u0105 delegacj\u0119 przedstawicieli ukrai\u0144skich miast. Wizyta zorganizowana by\u0142a w ramach realizowanego przez Fundacj\u0119 Instytut Studi\u00f3w Wschodnich oraz partnera \u2013 Lwowskie Centrum Nauki, Innowacji i Informatyzacji projektu pod nazw\u0105 \u201eMarka miasta magnesem dla inwestor\u00f3w\u201d.\" \/>\n<meta property=\"og:url\" content=\"https:\/\/www.mojabochnia.pl\/?p=113708\" \/>\n<meta property=\"og:site_name\" content=\"mojabochnia.pl - portal informacyjny\" \/>\n<meta property=\"article:publisher\" content=\"https:\/\/www.facebook.com\/mojabochnia\" \/>\n<meta property=\"article:published_time\" content=\"2014-09-09T07:29:45+00:00\" \/>\n<meta property=\"og:image\" content=\"https:\/\/www.mojabochnia.pl\/wp-content\/uploads\/2014\/09\/DSC_1226.jpg\" \/>\n\t<meta property=\"og:image:width\" content=\"660\" \/>\n\t<meta property=\"og:image:height\" content=\"441\" \/>\n\t<meta property=\"og:image:type\" content=\"image\/jpeg\" \/>\n<meta name=\"author\" content=\"redakcja\" \/>\n<meta name=\"twitter:card\" content=\"summary_large_image\" \/>\n<meta name=\"twitter:label1\" content=\"Written by\" \/>\n\t<meta name=\"twitter:data1\" content=\"redakcja\" \/>\n\t<meta name=\"twitter:label2\" content=\"Est. reading time\" \/>\n\t<meta name=\"twitter:data2\" content=\"2 minuty\" \/>\n<script type=\"application\/ld+json\" class=\"yoast-schema-graph\">{\"@context\":\"https:\/\/schema.org\",\"@graph\":[{\"@type\":\"Article\",\"@id\":\"https:\/\/www.mojabochnia.pl\/?p=113708#article\",\"isPartOf\":{\"@id\":\"https:\/\/www.mojabochnia.pl\/?p=113708\"},\"author\":{\"name\":\"redakcja\",\"@id\":\"https:\/\/www.mojabochnia.pl\/#\/schema\/person\/7e2f20ead9902216a3384f13606c0ab7\"},\"headline\":\"Delegacja z Ukrainy odwiedzi\u0142a Stref\u0119 Gospodarcz\u0105\",\"datePublished\":\"2014-09-09T07:29:45+00:00\",\"mainEntityOfPage\":{\"@id\":\"https:\/\/www.mojabochnia.pl\/?p=113708\"},\"wordCount\":362,\"commentCount\":0,\"publisher\":{\"@id\":\"https:\/\/www.mojabochnia.pl\/#organization\"},\"image\":{\"@id\":\"https:\/\/www.mojabochnia.pl\/?p=113708#primaryimage\"},\"thumbnailUrl\":\"https:\/\/www.mojabochnia.pl\/wp-content\/uploads\/2014\/09\/DSC_1226.jpg\",\"keywords\":[\"boche\u0144ska strefa aktywno\u015bci gospodarczej\",\"bsag\",\"ukraina\"],\"articleSection\":[\"2_ostatnie\",\"polityka i wydarzenia\",\"tematyka\"],\"inLanguage\":\"pl-PL\",\"potentialAction\":[{\"@type\":\"CommentAction\",\"name\":\"Comment\",\"target\":[\"https:\/\/www.mojabochnia.pl\/?p=113708#respond\"]}]},{\"@type\":\"WebPage\",\"@id\":\"https:\/\/www.mojabochnia.pl\/?p=113708\",\"url\":\"https:\/\/www.mojabochnia.pl\/?p=113708\",\"name\":\"Delegacja z Ukrainy odwiedzi\u0142a Stref\u0119 Gospodarcz\u0105 - mojabochnia.pl - portal informacyjny\",\"isPartOf\":{\"@id\":\"https:\/\/www.mojabochnia.pl\/#website\"},\"primaryImageOfPage\":{\"@id\":\"https:\/\/www.mojabochnia.pl\/?p=113708#primaryimage\"},\"image\":{\"@id\":\"https:\/\/www.mojabochnia.pl\/?p=113708#primaryimage\"},\"thumbnailUrl\":\"https:\/\/www.mojabochnia.pl\/wp-content\/uploads\/2014\/09\/DSC_1226.jpg\",\"datePublished\":\"2014-09-09T07:29:45+00:00\",\"breadcrumb\":{\"@id\":\"https:\/\/www.mojabochnia.pl\/?p=113708#breadcrumb\"},\"inLanguage\":\"pl-PL\",\"potentialAction\":[{\"@type\":\"ReadAction\",\"target\":[\"https:\/\/www.mojabochnia.pl\/?p=113708\"]}]},{\"@type\":\"ImageObject\",\"inLanguage\":\"pl-PL\",\"@id\":\"https:\/\/www.mojabochnia.pl\/?p=113708#primaryimage\",\"url\":\"https:\/\/www.mojabochnia.pl\/wp-content\/uploads\/2014\/09\/DSC_1226.jpg\",\"contentUrl\":\"https:\/\/www.mojabochnia.pl\/wp-content\/uploads\/2014\/09\/DSC_1226.jpg\",\"width\":660,\"height\":441,\"caption\":\"UM Bochnia\"},{\"@type\":\"BreadcrumbList\",\"@id\":\"https:\/\/www.mojabochnia.pl\/?p=113708#breadcrumb\",\"itemListElement\":[{\"@type\":\"ListItem\",\"position\":1,\"name\":\"Home\",\"item\":\"https:\/\/www.mojabochnia.pl\/\"},{\"@type\":\"ListItem\",\"position\":2,\"name\":\"Delegacja z Ukrainy odwiedzi\u0142a Stref\u0119 Gospodarcz\u0105\"}]},{\"@type\":\"WebSite\",\"@id\":\"https:\/\/www.mojabochnia.pl\/#website\",\"url\":\"https:\/\/www.mojabochnia.pl\/\",\"name\":\"mojabochnia.pl - portal informacyjny\",\"description\":\"mojaBochnia to portal informacyjny o Bochni. Codziennie o Bochni piszemy i pokazujemy najwa\u017cniejsze wydarzenia\",\"publisher\":{\"@id\":\"https:\/\/www.mojabochnia.pl\/#organization\"},\"potentialAction\":[{\"@type\":\"SearchAction\",\"target\":{\"@type\":\"EntryPoint\",\"urlTemplate\":\"https:\/\/www.mojabochnia.pl\/?s={search_term_string}\"},\"query-input\":{\"@type\":\"PropertyValueSpecification\",\"valueRequired\":true,\"valueName\":\"search_term_string\"}}],\"inLanguage\":\"pl-PL\"},{\"@type\":\"Organization\",\"@id\":\"https:\/\/www.mojabochnia.pl\/#organization\",\"name\":\"mojabochnia.pl - portal informacyjny\",\"url\":\"https:\/\/www.mojabochnia.pl\/\",\"logo\":{\"@type\":\"ImageObject\",\"inLanguage\":\"pl-PL\",\"@id\":\"https:\/\/www.mojabochnia.pl\/#\/schema\/logo\/image\/\",\"url\":\"https:\/\/www.mojabochnia.pl\/wp-content\/uploads\/2017\/08\/logo-mb-opt.png\",\"contentUrl\":\"https:\/\/www.mojabochnia.pl\/wp-content\/uploads\/2017\/08\/logo-mb-opt.png\",\"width\":250,\"height\":48,\"caption\":\"mojabochnia.pl - portal informacyjny\"},\"image\":{\"@id\":\"https:\/\/www.mojabochnia.pl\/#\/schema\/logo\/image\/\"},\"sameAs\":[\"https:\/\/www.facebook.com\/mojabochnia\"]},{\"@type\":\"Person\",\"@id\":\"https:\/\/www.mojabochnia.pl\/#\/schema\/person\/7e2f20ead9902216a3384f13606c0ab7\",\"name\":\"redakcja\",\"sameAs\":[\"http:\/\/\"],\"url\":\"https:\/\/www.mojabochnia.pl\/?author=13\"}]}<\/script>\n<!-- \/ Yoast SEO plugin. -->","yoast_head_json":{"title":"Delegacja z Ukrainy odwiedzi\u0142a Stref\u0119 Gospodarcz\u0105 - mojabochnia.pl - portal informacyjny","robots":{"index":"index","follow":"follow","max-snippet":"max-snippet:-1","max-image-preview":"max-image-preview:large","max-video-preview":"max-video-preview:-1"},"canonical":"https:\/\/www.mojabochnia.pl\/?p=113708","og_locale":"pl_PL","og_type":"article","og_title":"Delegacja z Ukrainy odwiedzi\u0142a Stref\u0119 Gospodarcz\u0105 - mojabochnia.pl - portal informacyjny","og_description":"Burmistrz Stefan Kolawi\u0144ski go\u015bci\u0142 30-osobow\u0105 delegacj\u0119 przedstawicieli ukrai\u0144skich miast. Wizyta zorganizowana by\u0142a w ramach realizowanego przez Fundacj\u0119 Instytut Studi\u00f3w Wschodnich oraz partnera \u2013 Lwowskie Centrum Nauki, Innowacji i Informatyzacji projektu pod nazw\u0105 \u201eMarka miasta magnesem dla inwestor\u00f3w\u201d.","og_url":"https:\/\/www.mojabochnia.pl\/?p=113708","og_site_name":"mojabochnia.pl - portal informacyjny","article_publisher":"https:\/\/www.facebook.com\/mojabochnia","article_published_time":"2014-09-09T07:29:45+00:00","og_image":[{"width":660,"height":441,"url":"https:\/\/www.mojabochnia.pl\/wp-content\/uploads\/2014\/09\/DSC_1226.jpg","type":"image\/jpeg"}],"author":"redakcja","twitter_card":"summary_large_image","twitter_misc":{"Written by":"redakcja","Est. reading time":"2 minuty"},"schema":{"@context":"https:\/\/schema.org","@graph":[{"@type":"Article","@id":"https:\/\/www.mojabochnia.pl\/?p=113708#article","isPartOf":{"@id":"https:\/\/www.mojabochnia.pl\/?p=113708"},"author":{"name":"redakcja","@id":"https:\/\/www.mojabochnia.pl\/#\/schema\/person\/7e2f20ead9902216a3384f13606c0ab7"},"headline":"Delegacja z Ukrainy odwiedzi\u0142a Stref\u0119 Gospodarcz\u0105","datePublished":"2014-09-09T07:29:45+00:00","mainEntityOfPage":{"@id":"https:\/\/www.mojabochnia.pl\/?p=113708"},"wordCount":362,"commentCount":0,"publisher":{"@id":"https:\/\/www.mojabochnia.pl\/#organization"},"image":{"@id":"https:\/\/www.mojabochnia.pl\/?p=113708#primaryimage"},"thumbnailUrl":"https:\/\/www.mojabochnia.pl\/wp-content\/uploads\/2014\/09\/DSC_1226.jpg","keywords":["boche\u0144ska strefa aktywno\u015bci gospodarczej","bsag","ukraina"],"articleSection":["2_ostatnie","polityka i wydarzenia","tematyka"],"inLanguage":"pl-PL","potentialAction":[{"@type":"CommentAction","name":"Comment","target":["https:\/\/www.mojabochnia.pl\/?p=113708#respond"]}]},{"@type":"WebPage","@id":"https:\/\/www.mojabochnia.pl\/?p=113708","url":"https:\/\/www.mojabochnia.pl\/?p=113708","name":"Delegacja z Ukrainy odwiedzi\u0142a Stref\u0119 Gospodarcz\u0105 - mojabochnia.pl - portal informacyjny","isPartOf":{"@id":"https:\/\/www.mojabochnia.pl\/#website"},"primaryImageOfPage":{"@id":"https:\/\/www.mojabochnia.pl\/?p=113708#primaryimage"},"image":{"@id":"https:\/\/www.mojabochnia.pl\/?p=113708#primaryimage"},"thumbnailUrl":"https:\/\/www.mojabochnia.pl\/wp-content\/uploads\/2014\/09\/DSC_1226.jpg","datePublished":"2014-09-09T07:29:45+00:00","breadcrumb":{"@id":"https:\/\/www.mojabochnia.pl\/?p=113708#breadcrumb"},"inLanguage":"pl-PL","potentialAction":[{"@type":"ReadAction","target":["https:\/\/www.mojabochnia.pl\/?p=113708"]}]},{"@type":"ImageObject","inLanguage":"pl-PL","@id":"https:\/\/www.mojabochnia.pl\/?p=113708#primaryimage","url":"https:\/\/www.mojabochnia.pl\/wp-content\/uploads\/2014\/09\/DSC_1226.jpg","contentUrl":"https:\/\/www.mojabochnia.pl\/wp-content\/uploads\/2014\/09\/DSC_1226.jpg","width":660,"height":441,"caption":"UM Bochnia"},{"@type":"BreadcrumbList","@id":"https:\/\/www.mojabochnia.pl\/?p=113708#breadcrumb","itemListElement":[{"@type":"ListItem","position":1,"name":"Home","item":"https:\/\/www.mojabochnia.pl\/"},{"@type":"ListItem","position":2,"name":"Delegacja z Ukrainy odwiedzi\u0142a Stref\u0119 Gospodarcz\u0105"}]},{"@type":"WebSite","@id":"https:\/\/www.mojabochnia.pl\/#website","url":"https:\/\/www.mojabochnia.pl\/","name":"mojabochnia.pl - portal informacyjny","description":"mojaBochnia to portal informacyjny o Bochni. Codziennie o Bochni piszemy i pokazujemy najwa\u017cniejsze wydarzenia","publisher":{"@id":"https:\/\/www.mojabochnia.pl\/#organization"},"potentialAction":[{"@type":"SearchAction","target":{"@type":"EntryPoint","urlTemplate":"https:\/\/www.mojabochnia.pl\/?s={search_term_string}"},"query-input":{"@type":"PropertyValueSpecification","valueRequired":true,"valueName":"search_term_string"}}],"inLanguage":"pl-PL"},{"@type":"Organization","@id":"https:\/\/www.mojabochnia.pl\/#organization","name":"mojabochnia.pl - portal informacyjny","url":"https:\/\/www.mojabochnia.pl\/","logo":{"@type":"ImageObject","inLanguage":"pl-PL","@id":"https:\/\/www.mojabochnia.pl\/#\/schema\/logo\/image\/","url":"https:\/\/www.mojabochnia.pl\/wp-content\/uploads\/2017\/08\/logo-mb-opt.png","contentUrl":"https:\/\/www.mojabochnia.pl\/wp-content\/uploads\/2017\/08\/logo-mb-opt.png","width":250,"height":48,"caption":"mojabochnia.pl - portal informacyjny"},"image":{"@id":"https:\/\/www.mojabochnia.pl\/#\/schema\/logo\/image\/"},"sameAs":["https:\/\/www.facebook.com\/mojabochnia"]},{"@type":"Person","@id":"https:\/\/www.mojabochnia.pl\/#\/schema\/person\/7e2f20ead9902216a3384f13606c0ab7","name":"redakcja","sameAs":["http:\/\/"],"url":"https:\/\/www.mojabochnia.pl\/?author=13"}]}},"_links":{"self":[{"href":"https:\/\/www.mojabochnia.pl\/index.php?rest_route=\/wp\/v2\/posts\/113708","targetHints":{"allow":["GET"]}}],"collection":[{"href":"https:\/\/www.mojabochnia.pl\/index.php?rest_route=\/wp\/v2\/posts"}],"about":[{"href":"https:\/\/www.mojabochnia.pl\/index.php?rest_route=\/wp\/v2\/types\/post"}],"author":[{"embeddable":true,"href":"https:\/\/www.mojabochnia.pl\/index.php?rest_route=\/wp\/v2\/users\/13"}],"replies":[{"embeddable":true,"href":"https:\/\/www.mojabochnia.pl\/index.php?rest_route=%2Fwp%2Fv2%2Fcomments&post=113708"}],"version-history":[{"count":1,"href":"https:\/\/www.mojabochnia.pl\/index.php?rest_route=\/wp\/v2\/posts\/113708\/revisions"}],"predecessor-version":[{"id":113709,"href":"https:\/\/www.mojabochnia.pl\/index.php?rest_route=\/wp\/v2\/posts\/113708\/revisions\/113709"}],"wp:featuredmedia":[{"embeddable":true,"href":"https:\/\/www.mojabochnia.pl\/index.php?rest_route=\/wp\/v2\/media\/113712"}],"wp:attachment":[{"href":"https:\/\/www.mojabochnia.pl\/index.php?rest_route=%2Fwp%2Fv2%2Fmedia&parent=113708"}],"wp:term":[{"taxonomy":"category","embeddable":true,"href":"https:\/\/www.mojabochnia.pl\/index.php?rest_route=%2Fwp%2Fv2%2Fcategories&post=113708"},{"taxonomy":"post_tag","embeddable":true,"href":"https:\/\/www.mojabochnia.pl\/index.php?rest_route=%2Fwp%2Fv2%2Ftags&post=113708"}],"curies":[{"name":"wp","href":"https:\/\/api.w.org\/{rel}","templated":true}]}}