{"id":113676,"date":"2014-09-09T09:05:43","date_gmt":"2014-09-09T07:05:43","guid":{"rendered":"http:\/\/www.mojabochnia.pl\/?p=113676"},"modified":"2014-09-09T09:05:43","modified_gmt":"2014-09-09T07:05:43","slug":"ponad-3-tys-osob-na-weekendzie-z-zabytkami","status":"publish","type":"post","link":"https:\/\/www.mojabochnia.pl\/?p=113676","title":{"rendered":"Ponad 3 tys. os\u00f3b na &#8222;Weekendzie z zabytkami&#8221;"},"content":{"rendered":"<p>Organizowany od 2008 roku przez Starostwo Powiatowe w Bochni weekend z zabytkami z roku na rok poprzez bogatsz\u0105 ofert\u0119 przyci\u0105ga coraz wi\u0119cej os\u00f3b, przybli\u017caj\u0105c tym samym pi\u0119kno powiatu boche\u0144skiego i prezentuj\u0105c zabytki o szczeg\u00f3lnym znaczeniu i bogatej spu\u015bci\u017anie kulturowej. Po raz kolejny mogli\u015bmy si\u0119 przekona\u0107, \u017ce powiat boche\u0144ski to nie tylko skarbnica mo\u017cliwo\u015bci,  ale i kopalnia wra\u017ce\u0144.<\/p>\n<p>Najwi\u0119kszym zainteresowaniem niew\u0105tpliwie cieszy\u0142 si\u0119 renesansowy zamek Kmit\u00f3w i Lubomirskich w Wi\u015bniczu, wn\u0119trze Kopalni Soli z Maszyn\u0105 Parow\u0105, oraz Osada VI Oraczy.<\/p>\n<p>Na zwiedzaj\u0105cych czeka\u0142o r\u00f3wnie\u017c kilkana\u015bcie zabytk\u00f3w takich jak niedost\u0119pne na co dzie\u0144  ruiny ko\u015bcio\u0142a Karmelit\u00f3w Bosych w obecnym zak\u0142adzie karnym, sala rycerska XV w. Zamku w Wieruszycha i urokliwe ko\u015bcio\u0142y w Lipnicy Murowanej, Sobolowie, Chronowie, \u0141apanowie, Trzcianie, Mikluszowicach i Grobli. W magiczn\u0105 podr\u00f3\u017c po Cmentarzach \u017bydowskich w Bochni i Wi\u015bniczu zabra\u0142a wszystkich Pani Iwona Zawidzka z boche\u0144skiego muzeum, a swoj\u0105 motylow\u0105 pasj\u0105 zara\u017ca\u0142 Pan Jacek Kobiela oprowadzaj\u0105c po niezwyk\u0142ym miejscu jakim jest Muzeum Arthropoda. Swoje podwoje otwar\u0142y r\u00f3wnie\u017c muzea \u2013 Muzeum Mleczarstwa w Kr\u00f3l\u00f3wce, Ziemi Wi\u015bnickiej, Ekomuzeum w Sobolowie. Du\u017cym zainteresowaniem cieszy\u0142y si\u0119 r\u00f3wnie\u017c udost\u0119pnione po raz pierwszy Izba Regionalna w Lipnicy i Izba Pami\u0119ci Gen. Leopolda Okulickiego w Bratucicach.<\/p>\n\t  \r\n\t\r\n\t    <div class=\"mb-gallery\">\r\n\t    <a href=\"https:\/\/www.mojabochnia.pl\/?attachment_id=113678\" class=\"\"><img loading=\"lazy\" decoding=\"async\" width=\"100\" height=\"66\" src=\"https:\/\/www.mojabochnia.pl\/wp-content\/uploads\/2014\/09\/image002_30-120x79.jpg\" class=\"attachment-100x100 size-100x100\" alt=\"\" srcset=\"https:\/\/www.mojabochnia.pl\/wp-content\/uploads\/2014\/09\/image002_30-120x79.jpg 120w, https:\/\/www.mojabochnia.pl\/wp-content\/uploads\/2014\/09\/image002_30-468x309.jpg 468w, https:\/\/www.mojabochnia.pl\/wp-content\/uploads\/2014\/09\/image002_30-660x436.jpg 660w, https:\/\/www.mojabochnia.pl\/wp-content\/uploads\/2014\/09\/image002_30.jpg 756w\" sizes=\"auto, (max-width: 100px) 100vw, 100px\" \/><\/a><a href=\"https:\/\/www.mojabochnia.pl\/?attachment_id=113679\" class=\"\"><img loading=\"lazy\" decoding=\"async\" width=\"100\" height=\"66\" src=\"https:\/\/www.mojabochnia.pl\/wp-content\/uploads\/2014\/09\/image003_23-120x79.jpg\" class=\"attachment-100x100 size-100x100\" alt=\"\" srcset=\"https:\/\/www.mojabochnia.pl\/wp-content\/uploads\/2014\/09\/image003_23-120x79.jpg 120w, https:\/\/www.mojabochnia.pl\/wp-content\/uploads\/2014\/09\/image003_23-468x309.jpg 468w, https:\/\/www.mojabochnia.pl\/wp-content\/uploads\/2014\/09\/image003_23-660x436.jpg 660w, https:\/\/www.mojabochnia.pl\/wp-content\/uploads\/2014\/09\/image003_23.jpg 756w\" sizes=\"auto, (max-width: 100px) 100vw, 100px\" \/><\/a><a href=\"https:\/\/www.mojabochnia.pl\/?attachment_id=113680\" class=\"\"><img loading=\"lazy\" decoding=\"async\" width=\"100\" height=\"66\" src=\"https:\/\/www.mojabochnia.pl\/wp-content\/uploads\/2014\/09\/image004_27-120x79.jpg\" class=\"attachment-100x100 size-100x100\" alt=\"\" srcset=\"https:\/\/www.mojabochnia.pl\/wp-content\/uploads\/2014\/09\/image004_27-120x79.jpg 120w, https:\/\/www.mojabochnia.pl\/wp-content\/uploads\/2014\/09\/image004_27-468x309.jpg 468w, https:\/\/www.mojabochnia.pl\/wp-content\/uploads\/2014\/09\/image004_27-660x436.jpg 660w, https:\/\/www.mojabochnia.pl\/wp-content\/uploads\/2014\/09\/image004_27.jpg 756w\" sizes=\"auto, (max-width: 100px) 100vw, 100px\" \/><\/a><a href=\"https:\/\/www.mojabochnia.pl\/?attachment_id=113681\" class=\"\"><img loading=\"lazy\" decoding=\"async\" width=\"66\" height=\"100\" src=\"https:\/\/www.mojabochnia.pl\/wp-content\/uploads\/2014\/09\/image005_23-120x181.jpg\" class=\"attachment-100x100 size-100x100\" alt=\"\" srcset=\"https:\/\/www.mojabochnia.pl\/wp-content\/uploads\/2014\/09\/image005_23-120x181.jpg 120w, https:\/\/www.mojabochnia.pl\/wp-content\/uploads\/2014\/09\/image005_23.jpg 330w\" sizes=\"auto, (max-width: 66px) 100vw, 66px\" \/><\/a><a href=\"https:\/\/www.mojabochnia.pl\/?attachment_id=113682\" class=\"\"><img loading=\"lazy\" decoding=\"async\" width=\"100\" height=\"66\" src=\"https:\/\/www.mojabochnia.pl\/wp-content\/uploads\/2014\/09\/image006_26-120x79.jpg\" class=\"attachment-100x100 size-100x100\" alt=\"\" srcset=\"https:\/\/www.mojabochnia.pl\/wp-content\/uploads\/2014\/09\/image006_26-120x79.jpg 120w, https:\/\/www.mojabochnia.pl\/wp-content\/uploads\/2014\/09\/image006_26-468x309.jpg 468w, https:\/\/www.mojabochnia.pl\/wp-content\/uploads\/2014\/09\/image006_26-660x436.jpg 660w, https:\/\/www.mojabochnia.pl\/wp-content\/uploads\/2014\/09\/image006_26.jpg 756w\" sizes=\"auto, (max-width: 100px) 100vw, 100px\" \/><\/a><a href=\"https:\/\/www.mojabochnia.pl\/?attachment_id=113683\" class=\"\"><img loading=\"lazy\" decoding=\"async\" width=\"100\" height=\"66\" src=\"https:\/\/www.mojabochnia.pl\/wp-content\/uploads\/2014\/09\/image007_23-120x79.jpg\" class=\"attachment-100x100 size-100x100\" alt=\"\" srcset=\"https:\/\/www.mojabochnia.pl\/wp-content\/uploads\/2014\/09\/image007_23-120x79.jpg 120w, https:\/\/www.mojabochnia.pl\/wp-content\/uploads\/2014\/09\/image007_23-468x309.jpg 468w, https:\/\/www.mojabochnia.pl\/wp-content\/uploads\/2014\/09\/image007_23-660x436.jpg 660w, https:\/\/www.mojabochnia.pl\/wp-content\/uploads\/2014\/09\/image007_23.jpg 756w\" sizes=\"auto, (max-width: 100px) 100vw, 100px\" \/><\/a><a href=\"https:\/\/www.mojabochnia.pl\/?attachment_id=113684\" class=\"\"><img loading=\"lazy\" decoding=\"async\" width=\"100\" height=\"66\" src=\"https:\/\/www.mojabochnia.pl\/wp-content\/uploads\/2014\/09\/image008_21-120x79.jpg\" class=\"attachment-100x100 size-100x100\" alt=\"\" srcset=\"https:\/\/www.mojabochnia.pl\/wp-content\/uploads\/2014\/09\/image008_21-120x79.jpg 120w, https:\/\/www.mojabochnia.pl\/wp-content\/uploads\/2014\/09\/image008_21-468x309.jpg 468w, https:\/\/www.mojabochnia.pl\/wp-content\/uploads\/2014\/09\/image008_21-660x436.jpg 660w, https:\/\/www.mojabochnia.pl\/wp-content\/uploads\/2014\/09\/image008_21.jpg 756w\" sizes=\"auto, (max-width: 100px) 100vw, 100px\" \/><\/a><a href=\"https:\/\/www.mojabochnia.pl\/?attachment_id=113685\" class=\"\"><img loading=\"lazy\" decoding=\"async\" width=\"100\" height=\"66\" src=\"https:\/\/www.mojabochnia.pl\/wp-content\/uploads\/2014\/09\/image009_24-120x79.jpg\" class=\"attachment-100x100 size-100x100\" alt=\"\" srcset=\"https:\/\/www.mojabochnia.pl\/wp-content\/uploads\/2014\/09\/image009_24-120x79.jpg 120w, https:\/\/www.mojabochnia.pl\/wp-content\/uploads\/2014\/09\/image009_24-468x309.jpg 468w, https:\/\/www.mojabochnia.pl\/wp-content\/uploads\/2014\/09\/image009_24-660x436.jpg 660w, https:\/\/www.mojabochnia.pl\/wp-content\/uploads\/2014\/09\/image009_24.jpg 756w\" sizes=\"auto, (max-width: 100px) 100vw, 100px\" \/><\/a><a href=\"https:\/\/www.mojabochnia.pl\/?attachment_id=113686\" class=\"\"><img loading=\"lazy\" decoding=\"async\" width=\"100\" height=\"66\" src=\"https:\/\/www.mojabochnia.pl\/wp-content\/uploads\/2014\/09\/image010_22-120x79.jpg\" class=\"attachment-100x100 size-100x100\" alt=\"\" srcset=\"https:\/\/www.mojabochnia.pl\/wp-content\/uploads\/2014\/09\/image010_22-120x79.jpg 120w, https:\/\/www.mojabochnia.pl\/wp-content\/uploads\/2014\/09\/image010_22-468x309.jpg 468w, https:\/\/www.mojabochnia.pl\/wp-content\/uploads\/2014\/09\/image010_22-660x436.jpg 660w, https:\/\/www.mojabochnia.pl\/wp-content\/uploads\/2014\/09\/image010_22.jpg 756w\" sizes=\"auto, (max-width: 100px) 100vw, 100px\" \/><\/a><a href=\"https:\/\/www.mojabochnia.pl\/?attachment_id=113687\" class=\"\"><img loading=\"lazy\" decoding=\"async\" width=\"100\" height=\"66\" src=\"https:\/\/www.mojabochnia.pl\/wp-content\/uploads\/2014\/09\/image011_22-120x79.jpg\" class=\"attachment-100x100 size-100x100\" alt=\"\" srcset=\"https:\/\/www.mojabochnia.pl\/wp-content\/uploads\/2014\/09\/image011_22-120x79.jpg 120w, https:\/\/www.mojabochnia.pl\/wp-content\/uploads\/2014\/09\/image011_22-468x309.jpg 468w, https:\/\/www.mojabochnia.pl\/wp-content\/uploads\/2014\/09\/image011_22-660x436.jpg 660w, https:\/\/www.mojabochnia.pl\/wp-content\/uploads\/2014\/09\/image011_22.jpg 756w\" sizes=\"auto, (max-width: 100px) 100vw, 100px\" \/><\/a><a href=\"https:\/\/www.mojabochnia.pl\/?attachment_id=113688\" class=\"\"><img loading=\"lazy\" decoding=\"async\" width=\"100\" height=\"66\" src=\"https:\/\/www.mojabochnia.pl\/wp-content\/uploads\/2014\/09\/image012_18-120x79.jpg\" class=\"attachment-100x100 size-100x100\" alt=\"\" srcset=\"https:\/\/www.mojabochnia.pl\/wp-content\/uploads\/2014\/09\/image012_18-120x79.jpg 120w, https:\/\/www.mojabochnia.pl\/wp-content\/uploads\/2014\/09\/image012_18-468x309.jpg 468w, https:\/\/www.mojabochnia.pl\/wp-content\/uploads\/2014\/09\/image012_18-660x436.jpg 660w, https:\/\/www.mojabochnia.pl\/wp-content\/uploads\/2014\/09\/image012_18.jpg 756w\" sizes=\"auto, (max-width: 100px) 100vw, 100px\" \/><\/a><a href=\"https:\/\/www.mojabochnia.pl\/?attachment_id=113689\" class=\"\"><img loading=\"lazy\" decoding=\"async\" width=\"66\" height=\"100\" src=\"https:\/\/www.mojabochnia.pl\/wp-content\/uploads\/2014\/09\/image013_16-120x181.jpg\" class=\"attachment-100x100 size-100x100\" alt=\"\" srcset=\"https:\/\/www.mojabochnia.pl\/wp-content\/uploads\/2014\/09\/image013_16-120x181.jpg 120w, https:\/\/www.mojabochnia.pl\/wp-content\/uploads\/2014\/09\/image013_16.jpg 330w\" sizes=\"auto, (max-width: 66px) 100vw, 66px\" \/><\/a><a href=\"https:\/\/www.mojabochnia.pl\/?attachment_id=113690\" class=\"\"><img loading=\"lazy\" decoding=\"async\" width=\"100\" height=\"66\" src=\"https:\/\/www.mojabochnia.pl\/wp-content\/uploads\/2014\/09\/image014_21-120x79.jpg\" class=\"attachment-100x100 size-100x100\" alt=\"\" srcset=\"https:\/\/www.mojabochnia.pl\/wp-content\/uploads\/2014\/09\/image014_21-120x79.jpg 120w, https:\/\/www.mojabochnia.pl\/wp-content\/uploads\/2014\/09\/image014_21-468x309.jpg 468w, https:\/\/www.mojabochnia.pl\/wp-content\/uploads\/2014\/09\/image014_21-660x436.jpg 660w, https:\/\/www.mojabochnia.pl\/wp-content\/uploads\/2014\/09\/image014_21.jpg 756w\" sizes=\"auto, (max-width: 100px) 100vw, 100px\" \/><\/a><a href=\"https:\/\/www.mojabochnia.pl\/?attachment_id=113691\" class=\"\"><img loading=\"lazy\" decoding=\"async\" width=\"100\" height=\"66\" src=\"https:\/\/www.mojabochnia.pl\/wp-content\/uploads\/2014\/09\/image015_15-120x79.jpg\" class=\"attachment-100x100 size-100x100\" alt=\"\" srcset=\"https:\/\/www.mojabochnia.pl\/wp-content\/uploads\/2014\/09\/image015_15-120x79.jpg 120w, https:\/\/www.mojabochnia.pl\/wp-content\/uploads\/2014\/09\/image015_15-468x309.jpg 468w, https:\/\/www.mojabochnia.pl\/wp-content\/uploads\/2014\/09\/image015_15-660x436.jpg 660w, https:\/\/www.mojabochnia.pl\/wp-content\/uploads\/2014\/09\/image015_15.jpg 756w\" sizes=\"auto, (max-width: 100px) 100vw, 100px\" \/><\/a><a href=\"https:\/\/www.mojabochnia.pl\/?attachment_id=113692\" class=\"\"><img loading=\"lazy\" decoding=\"async\" width=\"66\" height=\"100\" src=\"https:\/\/www.mojabochnia.pl\/wp-content\/uploads\/2014\/09\/image016_13-120x181.jpg\" class=\"attachment-100x100 size-100x100\" alt=\"\" srcset=\"https:\/\/www.mojabochnia.pl\/wp-content\/uploads\/2014\/09\/image016_13-120x181.jpg 120w, https:\/\/www.mojabochnia.pl\/wp-content\/uploads\/2014\/09\/image016_13.jpg 330w\" sizes=\"auto, (max-width: 66px) 100vw, 66px\" \/><\/a><a href=\"https:\/\/www.mojabochnia.pl\/?attachment_id=113693\" class=\"\"><img loading=\"lazy\" decoding=\"async\" width=\"100\" height=\"66\" src=\"https:\/\/www.mojabochnia.pl\/wp-content\/uploads\/2014\/09\/image017_14-120x79.jpg\" class=\"attachment-100x100 size-100x100\" alt=\"\" srcset=\"https:\/\/www.mojabochnia.pl\/wp-content\/uploads\/2014\/09\/image017_14-120x79.jpg 120w, https:\/\/www.mojabochnia.pl\/wp-content\/uploads\/2014\/09\/image017_14-468x309.jpg 468w, https:\/\/www.mojabochnia.pl\/wp-content\/uploads\/2014\/09\/image017_14-660x436.jpg 660w, https:\/\/www.mojabochnia.pl\/wp-content\/uploads\/2014\/09\/image017_14.jpg 756w\" sizes=\"auto, (max-width: 100px) 100vw, 100px\" \/><\/a><a href=\"https:\/\/www.mojabochnia.pl\/?attachment_id=113694\" class=\"\"><img loading=\"lazy\" decoding=\"async\" width=\"100\" height=\"66\" src=\"https:\/\/www.mojabochnia.pl\/wp-content\/uploads\/2014\/09\/image018_15-120x79.jpg\" class=\"attachment-100x100 size-100x100\" alt=\"\" srcset=\"https:\/\/www.mojabochnia.pl\/wp-content\/uploads\/2014\/09\/image018_15-120x79.jpg 120w, https:\/\/www.mojabochnia.pl\/wp-content\/uploads\/2014\/09\/image018_15-468x309.jpg 468w, https:\/\/www.mojabochnia.pl\/wp-content\/uploads\/2014\/09\/image018_15-660x436.jpg 660w, https:\/\/www.mojabochnia.pl\/wp-content\/uploads\/2014\/09\/image018_15.jpg 756w\" sizes=\"auto, (max-width: 100px) 100vw, 100px\" \/><\/a><a href=\"https:\/\/www.mojabochnia.pl\/?attachment_id=113695\" class=\"\"><img loading=\"lazy\" decoding=\"async\" width=\"100\" height=\"66\" src=\"https:\/\/www.mojabochnia.pl\/wp-content\/uploads\/2014\/09\/image019_13-120x79.jpg\" class=\"attachment-100x100 size-100x100\" alt=\"\" srcset=\"https:\/\/www.mojabochnia.pl\/wp-content\/uploads\/2014\/09\/image019_13-120x79.jpg 120w, https:\/\/www.mojabochnia.pl\/wp-content\/uploads\/2014\/09\/image019_13-468x309.jpg 468w, https:\/\/www.mojabochnia.pl\/wp-content\/uploads\/2014\/09\/image019_13-660x436.jpg 660w, https:\/\/www.mojabochnia.pl\/wp-content\/uploads\/2014\/09\/image019_13.jpg 756w\" sizes=\"auto, (max-width: 100px) 100vw, 100px\" \/><\/a><a href=\"https:\/\/www.mojabochnia.pl\/?attachment_id=113696\" class=\"\"><img loading=\"lazy\" decoding=\"async\" width=\"66\" height=\"100\" src=\"https:\/\/www.mojabochnia.pl\/wp-content\/uploads\/2014\/09\/image020_12-120x181.jpg\" class=\"attachment-100x100 size-100x100\" alt=\"\" srcset=\"https:\/\/www.mojabochnia.pl\/wp-content\/uploads\/2014\/09\/image020_12-120x181.jpg 120w, https:\/\/www.mojabochnia.pl\/wp-content\/uploads\/2014\/09\/image020_12.jpg 330w\" sizes=\"auto, (max-width: 66px) 100vw, 66px\" \/><\/a><a href=\"https:\/\/www.mojabochnia.pl\/?attachment_id=113697\" class=\"\"><img loading=\"lazy\" decoding=\"async\" width=\"66\" height=\"100\" src=\"https:\/\/www.mojabochnia.pl\/wp-content\/uploads\/2014\/09\/image021_16-120x181.jpg\" class=\"attachment-100x100 size-100x100\" alt=\"\" srcset=\"https:\/\/www.mojabochnia.pl\/wp-content\/uploads\/2014\/09\/image021_16-120x181.jpg 120w, https:\/\/www.mojabochnia.pl\/wp-content\/uploads\/2014\/09\/image021_16.jpg 330w\" sizes=\"auto, (max-width: 66px) 100vw, 66px\" \/><\/a><a href=\"https:\/\/www.mojabochnia.pl\/?attachment_id=113698\" class=\"\"><img loading=\"lazy\" decoding=\"async\" width=\"100\" height=\"66\" src=\"https:\/\/www.mojabochnia.pl\/wp-content\/uploads\/2014\/09\/image022_12-120x79.jpg\" class=\"attachment-100x100 size-100x100\" alt=\"\" srcset=\"https:\/\/www.mojabochnia.pl\/wp-content\/uploads\/2014\/09\/image022_12-120x79.jpg 120w, https:\/\/www.mojabochnia.pl\/wp-content\/uploads\/2014\/09\/image022_12-468x309.jpg 468w, https:\/\/www.mojabochnia.pl\/wp-content\/uploads\/2014\/09\/image022_12-660x436.jpg 660w, https:\/\/www.mojabochnia.pl\/wp-content\/uploads\/2014\/09\/image022_12.jpg 756w\" sizes=\"auto, (max-width: 100px) 100vw, 100px\" \/><\/a><a href=\"https:\/\/www.mojabochnia.pl\/?attachment_id=113699\" class=\"\"><img loading=\"lazy\" decoding=\"async\" width=\"100\" height=\"66\" src=\"https:\/\/www.mojabochnia.pl\/wp-content\/uploads\/2014\/09\/image023_9-120x79.jpg\" class=\"attachment-100x100 size-100x100\" alt=\"\" srcset=\"https:\/\/www.mojabochnia.pl\/wp-content\/uploads\/2014\/09\/image023_9-120x79.jpg 120w, https:\/\/www.mojabochnia.pl\/wp-content\/uploads\/2014\/09\/image023_9-468x309.jpg 468w, https:\/\/www.mojabochnia.pl\/wp-content\/uploads\/2014\/09\/image023_9-660x436.jpg 660w, https:\/\/www.mojabochnia.pl\/wp-content\/uploads\/2014\/09\/image023_9.jpg 756w\" sizes=\"auto, (max-width: 100px) 100vw, 100px\" \/><\/a><a href=\"https:\/\/www.mojabochnia.pl\/?attachment_id=113700\" class=\"\"><img loading=\"lazy\" decoding=\"async\" width=\"100\" height=\"66\" src=\"https:\/\/www.mojabochnia.pl\/wp-content\/uploads\/2014\/09\/image024_16-120x79.jpg\" class=\"attachment-100x100 size-100x100\" alt=\"\" srcset=\"https:\/\/www.mojabochnia.pl\/wp-content\/uploads\/2014\/09\/image024_16-120x79.jpg 120w, https:\/\/www.mojabochnia.pl\/wp-content\/uploads\/2014\/09\/image024_16-468x309.jpg 468w, https:\/\/www.mojabochnia.pl\/wp-content\/uploads\/2014\/09\/image024_16-660x436.jpg 660w, https:\/\/www.mojabochnia.pl\/wp-content\/uploads\/2014\/09\/image024_16.jpg 756w\" sizes=\"auto, (max-width: 100px) 100vw, 100px\" \/><\/a><a href=\"https:\/\/www.mojabochnia.pl\/?attachment_id=113701\" class=\"\"><img loading=\"lazy\" decoding=\"async\" width=\"100\" height=\"67\" src=\"https:\/\/www.mojabochnia.pl\/wp-content\/uploads\/2014\/09\/image025_12-120x80.jpg\" class=\"attachment-100x100 size-100x100\" alt=\"\" srcset=\"https:\/\/www.mojabochnia.pl\/wp-content\/uploads\/2014\/09\/image025_12-120x80.jpg 120w, https:\/\/www.mojabochnia.pl\/wp-content\/uploads\/2014\/09\/image025_12-468x312.jpg 468w, https:\/\/www.mojabochnia.pl\/wp-content\/uploads\/2014\/09\/image025_12-660x440.jpg 660w, https:\/\/www.mojabochnia.pl\/wp-content\/uploads\/2014\/09\/image025_12.jpg 750w\" sizes=\"auto, (max-width: 100px) 100vw, 100px\" \/><\/a><a href=\"https:\/\/www.mojabochnia.pl\/?attachment_id=113702\" class=\"\"><img loading=\"lazy\" decoding=\"async\" width=\"100\" height=\"67\" src=\"https:\/\/www.mojabochnia.pl\/wp-content\/uploads\/2014\/09\/image026_10-120x80.jpg\" class=\"attachment-100x100 size-100x100\" alt=\"\" srcset=\"https:\/\/www.mojabochnia.pl\/wp-content\/uploads\/2014\/09\/image026_10-120x80.jpg 120w, https:\/\/www.mojabochnia.pl\/wp-content\/uploads\/2014\/09\/image026_10-468x312.jpg 468w, https:\/\/www.mojabochnia.pl\/wp-content\/uploads\/2014\/09\/image026_10-660x440.jpg 660w, https:\/\/www.mojabochnia.pl\/wp-content\/uploads\/2014\/09\/image026_10.jpg 750w\" sizes=\"auto, (max-width: 100px) 100vw, 100px\" \/><\/a><a href=\"https:\/\/www.mojabochnia.pl\/?attachment_id=113704\" class=\"\"><img loading=\"lazy\" decoding=\"async\" width=\"100\" height=\"66\" src=\"https:\/\/www.mojabochnia.pl\/wp-content\/uploads\/2014\/09\/image027_8-120x79.jpg\" class=\"attachment-100x100 size-100x100\" alt=\"\" srcset=\"https:\/\/www.mojabochnia.pl\/wp-content\/uploads\/2014\/09\/image027_8-120x79.jpg 120w, https:\/\/www.mojabochnia.pl\/wp-content\/uploads\/2014\/09\/image027_8-468x309.jpg 468w, https:\/\/www.mojabochnia.pl\/wp-content\/uploads\/2014\/09\/image027_8-660x436.jpg 660w, https:\/\/www.mojabochnia.pl\/wp-content\/uploads\/2014\/09\/image027_8.jpg 756w\" sizes=\"auto, (max-width: 100px) 100vw, 100px\" \/><\/a><a href=\"https:\/\/www.mojabochnia.pl\/?attachment_id=113705\" class=\"\"><img loading=\"lazy\" decoding=\"async\" width=\"100\" height=\"67\" src=\"https:\/\/www.mojabochnia.pl\/wp-content\/uploads\/2014\/09\/image028_10-120x80.jpg\" class=\"attachment-100x100 size-100x100\" alt=\"\" srcset=\"https:\/\/www.mojabochnia.pl\/wp-content\/uploads\/2014\/09\/image028_10-120x80.jpg 120w, https:\/\/www.mojabochnia.pl\/wp-content\/uploads\/2014\/09\/image028_10-468x312.jpg 468w, https:\/\/www.mojabochnia.pl\/wp-content\/uploads\/2014\/09\/image028_10-660x440.jpg 660w, https:\/\/www.mojabochnia.pl\/wp-content\/uploads\/2014\/09\/image028_10.jpg 750w\" sizes=\"auto, (max-width: 100px) 100vw, 100px\" \/><\/a><a href=\"https:\/\/www.mojabochnia.pl\/?attachment_id=113706\" class=\"\"><img loading=\"lazy\" decoding=\"async\" width=\"100\" height=\"67\" src=\"https:\/\/www.mojabochnia.pl\/wp-content\/uploads\/2014\/09\/image029_10-120x80.jpg\" class=\"attachment-100x100 size-100x100\" alt=\"\" srcset=\"https:\/\/www.mojabochnia.pl\/wp-content\/uploads\/2014\/09\/image029_10-120x80.jpg 120w, https:\/\/www.mojabochnia.pl\/wp-content\/uploads\/2014\/09\/image029_10-468x312.jpg 468w, https:\/\/www.mojabochnia.pl\/wp-content\/uploads\/2014\/09\/image029_10-660x440.jpg 660w, https:\/\/www.mojabochnia.pl\/wp-content\/uploads\/2014\/09\/image029_10.jpg 750w\" sizes=\"auto, (max-width: 100px) 100vw, 100px\" \/><\/a>\t    <\/div>\r\n\t    ","protected":false},"excerpt":{"rendered":"<p>Pi\u0119kna pogoda towarzysz\u0105ca tegorocznej edycji \u201eWeekendu z zabytkami Powiatu Boche\u0144skiego\u201d, przyci\u0105gn\u0119\u0142a \u0142\u0105cznie ponad trzy tysi\u0105ce zwiedzaj\u0105cych zabytki i instytucje kultury.<\/p>\n","protected":false},"author":13,"featured_media":113695,"comment_status":"open","ping_status":"closed","sticky":false,"template":"","format":"standard","meta":{"_acf_changed":false,"footnotes":""},"categories":[5,6247,6246,6251,6250],"tags":[17205,17835,17369],"class_list":["post-113676","post","type-post","status-publish","format-standard","has-post-thumbnail","hentry","category-biezace-wydarzenia","category-fotogaleria","category-medium","category-polityka-i-wydarzenia","category-tematyka","tag-turystyka","tag-weekend-z-zabytkami","tag-zabytek","main_tag-turystyka"],"acf":[],"yoast_head":"<!-- This site is optimized with the Yoast SEO plugin v26.9 - https:\/\/yoast.com\/product\/yoast-seo-wordpress\/ -->\n<title>Ponad 3 tys. os\u00f3b na &quot;Weekendzie z zabytkami&quot; - mojabochnia.pl - portal informacyjny<\/title>\n<meta name=\"robots\" content=\"index, follow, max-snippet:-1, max-image-preview:large, max-video-preview:-1\" \/>\n<link rel=\"canonical\" href=\"https:\/\/www.mojabochnia.pl\/?p=113676\" \/>\n<meta property=\"og:locale\" content=\"pl_PL\" \/>\n<meta property=\"og:type\" content=\"article\" \/>\n<meta property=\"og:title\" content=\"Ponad 3 tys. os\u00f3b na &quot;Weekendzie z zabytkami&quot; - mojabochnia.pl - portal informacyjny\" \/>\n<meta property=\"og:description\" content=\"Pi\u0119kna pogoda towarzysz\u0105ca tegorocznej edycji \u201eWeekendu z zabytkami Powiatu Boche\u0144skiego\u201d, przyci\u0105gn\u0119\u0142a \u0142\u0105cznie ponad trzy tysi\u0105ce zwiedzaj\u0105cych zabytki i instytucje kultury.\" \/>\n<meta property=\"og:url\" content=\"https:\/\/www.mojabochnia.pl\/?p=113676\" \/>\n<meta property=\"og:site_name\" content=\"mojabochnia.pl - portal informacyjny\" \/>\n<meta property=\"article:publisher\" content=\"https:\/\/www.facebook.com\/mojabochnia\" \/>\n<meta property=\"article:published_time\" content=\"2014-09-09T07:05:43+00:00\" \/>\n<meta property=\"og:image\" content=\"https:\/\/www.mojabochnia.pl\/wp-content\/uploads\/2014\/09\/image019_13.jpg\" \/>\n\t<meta property=\"og:image:width\" content=\"756\" \/>\n\t<meta property=\"og:image:height\" content=\"500\" \/>\n\t<meta property=\"og:image:type\" content=\"image\/jpeg\" \/>\n<meta name=\"author\" content=\"redakcja\" \/>\n<meta name=\"twitter:card\" content=\"summary_large_image\" \/>\n<meta name=\"twitter:label1\" content=\"Written by\" \/>\n\t<meta name=\"twitter:data1\" content=\"redakcja\" \/>\n\t<meta name=\"twitter:label2\" content=\"Est. reading time\" \/>\n\t<meta name=\"twitter:data2\" content=\"1 minuta\" \/>\n<script type=\"application\/ld+json\" class=\"yoast-schema-graph\">{\"@context\":\"https:\/\/schema.org\",\"@graph\":[{\"@type\":\"Article\",\"@id\":\"https:\/\/www.mojabochnia.pl\/?p=113676#article\",\"isPartOf\":{\"@id\":\"https:\/\/www.mojabochnia.pl\/?p=113676\"},\"author\":{\"name\":\"redakcja\",\"@id\":\"https:\/\/www.mojabochnia.pl\/#\/schema\/person\/7e2f20ead9902216a3384f13606c0ab7\"},\"headline\":\"Ponad 3 tys. os\u00f3b na &#8222;Weekendzie z zabytkami&#8221;\",\"datePublished\":\"2014-09-09T07:05:43+00:00\",\"mainEntityOfPage\":{\"@id\":\"https:\/\/www.mojabochnia.pl\/?p=113676\"},\"wordCount\":244,\"commentCount\":0,\"publisher\":{\"@id\":\"https:\/\/www.mojabochnia.pl\/#organization\"},\"image\":{\"@id\":\"https:\/\/www.mojabochnia.pl\/?p=113676#primaryimage\"},\"thumbnailUrl\":\"https:\/\/www.mojabochnia.pl\/wp-content\/uploads\/2014\/09\/image019_13.jpg\",\"keywords\":[\"turystyka\",\"weekend z zabytkami\",\"zabytek\"],\"articleSection\":[\"2_ostatnie\",\"fotogaleria\",\"Medium\",\"polityka i wydarzenia\",\"tematyka\"],\"inLanguage\":\"pl-PL\",\"potentialAction\":[{\"@type\":\"CommentAction\",\"name\":\"Comment\",\"target\":[\"https:\/\/www.mojabochnia.pl\/?p=113676#respond\"]}]},{\"@type\":\"WebPage\",\"@id\":\"https:\/\/www.mojabochnia.pl\/?p=113676\",\"url\":\"https:\/\/www.mojabochnia.pl\/?p=113676\",\"name\":\"Ponad 3 tys. os\u00f3b na \\\"Weekendzie z zabytkami\\\" - mojabochnia.pl - portal informacyjny\",\"isPartOf\":{\"@id\":\"https:\/\/www.mojabochnia.pl\/#website\"},\"primaryImageOfPage\":{\"@id\":\"https:\/\/www.mojabochnia.pl\/?p=113676#primaryimage\"},\"image\":{\"@id\":\"https:\/\/www.mojabochnia.pl\/?p=113676#primaryimage\"},\"thumbnailUrl\":\"https:\/\/www.mojabochnia.pl\/wp-content\/uploads\/2014\/09\/image019_13.jpg\",\"datePublished\":\"2014-09-09T07:05:43+00:00\",\"breadcrumb\":{\"@id\":\"https:\/\/www.mojabochnia.pl\/?p=113676#breadcrumb\"},\"inLanguage\":\"pl-PL\",\"potentialAction\":[{\"@type\":\"ReadAction\",\"target\":[\"https:\/\/www.mojabochnia.pl\/?p=113676\"]}]},{\"@type\":\"ImageObject\",\"inLanguage\":\"pl-PL\",\"@id\":\"https:\/\/www.mojabochnia.pl\/?p=113676#primaryimage\",\"url\":\"https:\/\/www.mojabochnia.pl\/wp-content\/uploads\/2014\/09\/image019_13.jpg\",\"contentUrl\":\"https:\/\/www.mojabochnia.pl\/wp-content\/uploads\/2014\/09\/image019_13.jpg\",\"width\":756,\"height\":500,\"caption\":\"z arch. Starostwa Powiatowego w Bochni\"},{\"@type\":\"BreadcrumbList\",\"@id\":\"https:\/\/www.mojabochnia.pl\/?p=113676#breadcrumb\",\"itemListElement\":[{\"@type\":\"ListItem\",\"position\":1,\"name\":\"Home\",\"item\":\"https:\/\/www.mojabochnia.pl\/\"},{\"@type\":\"ListItem\",\"position\":2,\"name\":\"Ponad 3 tys. os\u00f3b na &#8222;Weekendzie z zabytkami&#8221;\"}]},{\"@type\":\"WebSite\",\"@id\":\"https:\/\/www.mojabochnia.pl\/#website\",\"url\":\"https:\/\/www.mojabochnia.pl\/\",\"name\":\"mojabochnia.pl - portal informacyjny\",\"description\":\"mojaBochnia to portal informacyjny o Bochni. Codziennie o Bochni piszemy i pokazujemy najwa\u017cniejsze wydarzenia\",\"publisher\":{\"@id\":\"https:\/\/www.mojabochnia.pl\/#organization\"},\"potentialAction\":[{\"@type\":\"SearchAction\",\"target\":{\"@type\":\"EntryPoint\",\"urlTemplate\":\"https:\/\/www.mojabochnia.pl\/?s={search_term_string}\"},\"query-input\":{\"@type\":\"PropertyValueSpecification\",\"valueRequired\":true,\"valueName\":\"search_term_string\"}}],\"inLanguage\":\"pl-PL\"},{\"@type\":\"Organization\",\"@id\":\"https:\/\/www.mojabochnia.pl\/#organization\",\"name\":\"mojabochnia.pl - portal informacyjny\",\"url\":\"https:\/\/www.mojabochnia.pl\/\",\"logo\":{\"@type\":\"ImageObject\",\"inLanguage\":\"pl-PL\",\"@id\":\"https:\/\/www.mojabochnia.pl\/#\/schema\/logo\/image\/\",\"url\":\"https:\/\/www.mojabochnia.pl\/wp-content\/uploads\/2017\/08\/logo-mb-opt.png\",\"contentUrl\":\"https:\/\/www.mojabochnia.pl\/wp-content\/uploads\/2017\/08\/logo-mb-opt.png\",\"width\":250,\"height\":48,\"caption\":\"mojabochnia.pl - portal informacyjny\"},\"image\":{\"@id\":\"https:\/\/www.mojabochnia.pl\/#\/schema\/logo\/image\/\"},\"sameAs\":[\"https:\/\/www.facebook.com\/mojabochnia\"]},{\"@type\":\"Person\",\"@id\":\"https:\/\/www.mojabochnia.pl\/#\/schema\/person\/7e2f20ead9902216a3384f13606c0ab7\",\"name\":\"redakcja\",\"sameAs\":[\"http:\/\/\"],\"url\":\"https:\/\/www.mojabochnia.pl\/?author=13\"}]}<\/script>\n<!-- \/ Yoast SEO plugin. -->","yoast_head_json":{"title":"Ponad 3 tys. os\u00f3b na \"Weekendzie z zabytkami\" - mojabochnia.pl - portal informacyjny","robots":{"index":"index","follow":"follow","max-snippet":"max-snippet:-1","max-image-preview":"max-image-preview:large","max-video-preview":"max-video-preview:-1"},"canonical":"https:\/\/www.mojabochnia.pl\/?p=113676","og_locale":"pl_PL","og_type":"article","og_title":"Ponad 3 tys. os\u00f3b na \"Weekendzie z zabytkami\" - mojabochnia.pl - portal informacyjny","og_description":"Pi\u0119kna pogoda towarzysz\u0105ca tegorocznej edycji \u201eWeekendu z zabytkami Powiatu Boche\u0144skiego\u201d, przyci\u0105gn\u0119\u0142a \u0142\u0105cznie ponad trzy tysi\u0105ce zwiedzaj\u0105cych zabytki i instytucje kultury.","og_url":"https:\/\/www.mojabochnia.pl\/?p=113676","og_site_name":"mojabochnia.pl - portal informacyjny","article_publisher":"https:\/\/www.facebook.com\/mojabochnia","article_published_time":"2014-09-09T07:05:43+00:00","og_image":[{"width":756,"height":500,"url":"https:\/\/www.mojabochnia.pl\/wp-content\/uploads\/2014\/09\/image019_13.jpg","type":"image\/jpeg"}],"author":"redakcja","twitter_card":"summary_large_image","twitter_misc":{"Written by":"redakcja","Est. reading time":"1 minuta"},"schema":{"@context":"https:\/\/schema.org","@graph":[{"@type":"Article","@id":"https:\/\/www.mojabochnia.pl\/?p=113676#article","isPartOf":{"@id":"https:\/\/www.mojabochnia.pl\/?p=113676"},"author":{"name":"redakcja","@id":"https:\/\/www.mojabochnia.pl\/#\/schema\/person\/7e2f20ead9902216a3384f13606c0ab7"},"headline":"Ponad 3 tys. os\u00f3b na &#8222;Weekendzie z zabytkami&#8221;","datePublished":"2014-09-09T07:05:43+00:00","mainEntityOfPage":{"@id":"https:\/\/www.mojabochnia.pl\/?p=113676"},"wordCount":244,"commentCount":0,"publisher":{"@id":"https:\/\/www.mojabochnia.pl\/#organization"},"image":{"@id":"https:\/\/www.mojabochnia.pl\/?p=113676#primaryimage"},"thumbnailUrl":"https:\/\/www.mojabochnia.pl\/wp-content\/uploads\/2014\/09\/image019_13.jpg","keywords":["turystyka","weekend z zabytkami","zabytek"],"articleSection":["2_ostatnie","fotogaleria","Medium","polityka i wydarzenia","tematyka"],"inLanguage":"pl-PL","potentialAction":[{"@type":"CommentAction","name":"Comment","target":["https:\/\/www.mojabochnia.pl\/?p=113676#respond"]}]},{"@type":"WebPage","@id":"https:\/\/www.mojabochnia.pl\/?p=113676","url":"https:\/\/www.mojabochnia.pl\/?p=113676","name":"Ponad 3 tys. os\u00f3b na \"Weekendzie z zabytkami\" - mojabochnia.pl - portal informacyjny","isPartOf":{"@id":"https:\/\/www.mojabochnia.pl\/#website"},"primaryImageOfPage":{"@id":"https:\/\/www.mojabochnia.pl\/?p=113676#primaryimage"},"image":{"@id":"https:\/\/www.mojabochnia.pl\/?p=113676#primaryimage"},"thumbnailUrl":"https:\/\/www.mojabochnia.pl\/wp-content\/uploads\/2014\/09\/image019_13.jpg","datePublished":"2014-09-09T07:05:43+00:00","breadcrumb":{"@id":"https:\/\/www.mojabochnia.pl\/?p=113676#breadcrumb"},"inLanguage":"pl-PL","potentialAction":[{"@type":"ReadAction","target":["https:\/\/www.mojabochnia.pl\/?p=113676"]}]},{"@type":"ImageObject","inLanguage":"pl-PL","@id":"https:\/\/www.mojabochnia.pl\/?p=113676#primaryimage","url":"https:\/\/www.mojabochnia.pl\/wp-content\/uploads\/2014\/09\/image019_13.jpg","contentUrl":"https:\/\/www.mojabochnia.pl\/wp-content\/uploads\/2014\/09\/image019_13.jpg","width":756,"height":500,"caption":"z arch. Starostwa Powiatowego w Bochni"},{"@type":"BreadcrumbList","@id":"https:\/\/www.mojabochnia.pl\/?p=113676#breadcrumb","itemListElement":[{"@type":"ListItem","position":1,"name":"Home","item":"https:\/\/www.mojabochnia.pl\/"},{"@type":"ListItem","position":2,"name":"Ponad 3 tys. os\u00f3b na &#8222;Weekendzie z zabytkami&#8221;"}]},{"@type":"WebSite","@id":"https:\/\/www.mojabochnia.pl\/#website","url":"https:\/\/www.mojabochnia.pl\/","name":"mojabochnia.pl - portal informacyjny","description":"mojaBochnia to portal informacyjny o Bochni. Codziennie o Bochni piszemy i pokazujemy najwa\u017cniejsze wydarzenia","publisher":{"@id":"https:\/\/www.mojabochnia.pl\/#organization"},"potentialAction":[{"@type":"SearchAction","target":{"@type":"EntryPoint","urlTemplate":"https:\/\/www.mojabochnia.pl\/?s={search_term_string}"},"query-input":{"@type":"PropertyValueSpecification","valueRequired":true,"valueName":"search_term_string"}}],"inLanguage":"pl-PL"},{"@type":"Organization","@id":"https:\/\/www.mojabochnia.pl\/#organization","name":"mojabochnia.pl - portal informacyjny","url":"https:\/\/www.mojabochnia.pl\/","logo":{"@type":"ImageObject","inLanguage":"pl-PL","@id":"https:\/\/www.mojabochnia.pl\/#\/schema\/logo\/image\/","url":"https:\/\/www.mojabochnia.pl\/wp-content\/uploads\/2017\/08\/logo-mb-opt.png","contentUrl":"https:\/\/www.mojabochnia.pl\/wp-content\/uploads\/2017\/08\/logo-mb-opt.png","width":250,"height":48,"caption":"mojabochnia.pl - portal informacyjny"},"image":{"@id":"https:\/\/www.mojabochnia.pl\/#\/schema\/logo\/image\/"},"sameAs":["https:\/\/www.facebook.com\/mojabochnia"]},{"@type":"Person","@id":"https:\/\/www.mojabochnia.pl\/#\/schema\/person\/7e2f20ead9902216a3384f13606c0ab7","name":"redakcja","sameAs":["http:\/\/"],"url":"https:\/\/www.mojabochnia.pl\/?author=13"}]}},"_links":{"self":[{"href":"https:\/\/www.mojabochnia.pl\/index.php?rest_route=\/wp\/v2\/posts\/113676","targetHints":{"allow":["GET"]}}],"collection":[{"href":"https:\/\/www.mojabochnia.pl\/index.php?rest_route=\/wp\/v2\/posts"}],"about":[{"href":"https:\/\/www.mojabochnia.pl\/index.php?rest_route=\/wp\/v2\/types\/post"}],"author":[{"embeddable":true,"href":"https:\/\/www.mojabochnia.pl\/index.php?rest_route=\/wp\/v2\/users\/13"}],"replies":[{"embeddable":true,"href":"https:\/\/www.mojabochnia.pl\/index.php?rest_route=%2Fwp%2Fv2%2Fcomments&post=113676"}],"version-history":[{"count":3,"href":"https:\/\/www.mojabochnia.pl\/index.php?rest_route=\/wp\/v2\/posts\/113676\/revisions"}],"predecessor-version":[{"id":113707,"href":"https:\/\/www.mojabochnia.pl\/index.php?rest_route=\/wp\/v2\/posts\/113676\/revisions\/113707"}],"wp:featuredmedia":[{"embeddable":true,"href":"https:\/\/www.mojabochnia.pl\/index.php?rest_route=\/wp\/v2\/media\/113695"}],"wp:attachment":[{"href":"https:\/\/www.mojabochnia.pl\/index.php?rest_route=%2Fwp%2Fv2%2Fmedia&parent=113676"}],"wp:term":[{"taxonomy":"category","embeddable":true,"href":"https:\/\/www.mojabochnia.pl\/index.php?rest_route=%2Fwp%2Fv2%2Fcategories&post=113676"},{"taxonomy":"post_tag","embeddable":true,"href":"https:\/\/www.mojabochnia.pl\/index.php?rest_route=%2Fwp%2Fv2%2Ftags&post=113676"}],"curies":[{"name":"wp","href":"https:\/\/api.w.org\/{rel}","templated":true}]}}