{"id":112752,"date":"2014-08-22T11:58:32","date_gmt":"2014-08-22T09:58:32","guid":{"rendered":"http:\/\/www.mojabochnia.pl\/?p=112752"},"modified":"2014-08-22T14:10:16","modified_gmt":"2014-08-22T12:10:16","slug":"obraz-jezu-ufam-tobie-na-bochenszczyznie","status":"publish","type":"post","link":"https:\/\/www.mojabochnia.pl\/?p=112752","title":{"rendered":"Obraz &#8222;Jezu Ufam Tobie&#8221; na Boche\u0144szczy\u017anie"},"content":{"rendered":"<p>Obecnie obraz &#8222;Jezu Ufam Tobie&#8221; oraz relikwie \u015bw. Jana Paw\u0142a II i \u015bw. Faustyny znajduj\u0105 si\u0119 w ko\u015bciele parafialnym w Che\u0142mie, sk\u0105d na godz. 17.00 trafia do \u0141\u0119\u017ckowic, nast\u0119pnego dnia do Cikowic, a w niedziel\u0119 do parafii \u015bw. Paw\u0142a Aposto\u0142a. <\/p>\n<p>W poniedzia\u0142ek 25 sierpnia peregrynacja rozpocznie si\u0119 w dekanacie Bochnia-Wsch\u00f3d, zaczynaj\u0105c od parafii \u015bw. Jana Nepomucena. <\/p>\n<p><strong>Program peregrynacji w okolicach Bochni:<\/strong><\/p>\n<p>22.VIII (pi\u0105tek) \u0141\u0119\u017ckowice<\/p>\n<p>23.VIII (sobota) Cikowice<\/p>\n<p>24.VIII (niedziela) Bochnia \u2013 par. \u015bw. Paw\u0142a Aposto\u0142a<\/p>\n<p>25.VIII.2014 (poniedzia\u0142ek) Bochnia \u2013 par. \u015bw. Jana Nepomucena<\/p>\n<p>26.VIII (wtorek) Brze\u017anica<\/p>\n<p>27.VIII (\u015broda) Rzezawa<\/p>\n<p>28.VIII (czwartek) Borek<\/p>\n<p>29.VIII (pi\u0105tek) Krzecz\u00f3w<\/p>\n<p>30.VIII (sobota) Krzy\u017canowice<\/p>\n<p>31.VIII (niedziela) Gaw\u0142\u00f3w<\/p>\n<p>1.IX (poniedzia\u0142ek) Mikluszowice<\/p>\n<p>2.IX (wtorek) Bochnia \u2013 Bazylika<\/p>\n<p>3.IX.2014 (\u015broda) Drwinia<\/p>\n<p>4.IX (czwartek) Grobla<\/p>\n<p>5.IX (pi\u0105tek) U\u015bcie Solne<\/p>\n<p>6.IX (sobota) Szczurowa<\/p>\n<p>7.IX (niedziela) Strzelce Wielkie<\/p>\n<p>8.IX (poniedzia\u0142ek) Niedzieliska<\/p>\n<p>9.IX (wtorek) Cerekiew<\/p>\n<p>10.IX (\u015broda) Okulice.<\/p>\n","protected":false},"excerpt":{"rendered":"<p>W niedziel\u0119 do Bochni przyb\u0119dzie obraz Jezusa Mi\u0142osiernego oraz relikwie \u015bwi\u0119tych Faustyny i Jana Paw\u0142a II. Jako pierwsza podejmie je parafia \u015bw. Paw\u0142a Aposto\u0142a. Peregrynacja obejmuje wszystkie parafie regionu. <\/p>\n","protected":false},"author":4,"featured_media":112755,"comment_status":"open","ping_status":"closed","sticky":true,"template":"","format":"standard","meta":{"_acf_changed":false,"footnotes":""},"categories":[5,6250,1342],"tags":[281,17844,6797,361,1388,12369],"class_list":["post-112752","post","type-post","status-publish","format-standard","has-post-thumbnail","hentry","category-biezace-wydarzenia","category-tematyka","category-zycie-religijne","tag-jan-pawel-ii","tag-jezus","tag-milosierdzie","tag-parafia-sw-pawla-apostola","tag-peregrynacja","tag-sw-faustyna","main_tag-jezus"],"acf":[],"yoast_head":"<!-- This site is optimized with the Yoast SEO plugin v26.9 - https:\/\/yoast.com\/product\/yoast-seo-wordpress\/ -->\n<title>Obraz &quot;Jezu Ufam Tobie&quot; na Boche\u0144szczy\u017anie - mojabochnia.pl - portal informacyjny<\/title>\n<meta name=\"robots\" content=\"index, follow, max-snippet:-1, max-image-preview:large, max-video-preview:-1\" \/>\n<link rel=\"canonical\" href=\"https:\/\/www.mojabochnia.pl\/?p=112752\" \/>\n<meta property=\"og:locale\" content=\"pl_PL\" \/>\n<meta property=\"og:type\" content=\"article\" \/>\n<meta property=\"og:title\" content=\"Obraz &quot;Jezu Ufam Tobie&quot; na Boche\u0144szczy\u017anie - mojabochnia.pl - portal informacyjny\" \/>\n<meta property=\"og:description\" content=\"W niedziel\u0119 do Bochni przyb\u0119dzie obraz Jezusa Mi\u0142osiernego oraz relikwie \u015bwi\u0119tych Faustyny i Jana Paw\u0142a II. Jako pierwsza podejmie je parafia \u015bw. Paw\u0142a Aposto\u0142a. Peregrynacja obejmuje wszystkie parafie regionu.\" \/>\n<meta property=\"og:url\" content=\"https:\/\/www.mojabochnia.pl\/?p=112752\" \/>\n<meta property=\"og:site_name\" content=\"mojabochnia.pl - portal informacyjny\" \/>\n<meta property=\"article:publisher\" content=\"https:\/\/www.facebook.com\/mojabochnia\" \/>\n<meta property=\"article:published_time\" content=\"2014-08-22T09:58:32+00:00\" \/>\n<meta property=\"article:modified_time\" content=\"2014-08-22T12:10:16+00:00\" \/>\n<meta property=\"og:image\" content=\"https:\/\/www.mojabochnia.pl\/wp-content\/uploads\/2014\/08\/IMG_4578.jpg\" \/>\n\t<meta property=\"og:image:width\" content=\"660\" \/>\n\t<meta property=\"og:image:height\" content=\"440\" \/>\n\t<meta property=\"og:image:type\" content=\"image\/jpeg\" \/>\n<meta name=\"author\" content=\"Pawe\u0142 Michalczyk\" \/>\n<meta name=\"twitter:card\" content=\"summary_large_image\" \/>\n<meta name=\"twitter:label1\" content=\"Written by\" \/>\n\t<meta name=\"twitter:data1\" content=\"Pawe\u0142 Michalczyk\" \/>\n\t<meta name=\"twitter:label2\" content=\"Est. reading time\" \/>\n\t<meta name=\"twitter:data2\" content=\"1 minuta\" \/>\n<script type=\"application\/ld+json\" class=\"yoast-schema-graph\">{\"@context\":\"https:\/\/schema.org\",\"@graph\":[{\"@type\":\"Article\",\"@id\":\"https:\/\/www.mojabochnia.pl\/?p=112752#article\",\"isPartOf\":{\"@id\":\"https:\/\/www.mojabochnia.pl\/?p=112752\"},\"author\":{\"name\":\"Pawe\u0142 Michalczyk\",\"@id\":\"https:\/\/www.mojabochnia.pl\/#\/schema\/person\/ea042e4724a77627963f02166828ead4\"},\"headline\":\"Obraz &#8222;Jezu Ufam Tobie&#8221; na Boche\u0144szczy\u017anie\",\"datePublished\":\"2014-08-22T09:58:32+00:00\",\"dateModified\":\"2014-08-22T12:10:16+00:00\",\"mainEntityOfPage\":{\"@id\":\"https:\/\/www.mojabochnia.pl\/?p=112752\"},\"wordCount\":161,\"commentCount\":0,\"publisher\":{\"@id\":\"https:\/\/www.mojabochnia.pl\/#organization\"},\"image\":{\"@id\":\"https:\/\/www.mojabochnia.pl\/?p=112752#primaryimage\"},\"thumbnailUrl\":\"https:\/\/www.mojabochnia.pl\/wp-content\/uploads\/2014\/08\/IMG_4578.jpg\",\"keywords\":[\"jan pawe\u0142 II\",\"jezus\",\"mi\u0142osierdzie\",\"parafia \u015bw. paw\u0142a aposto\u0142a\",\"peregrynacja\",\"\u015bw. faustyna\"],\"articleSection\":[\"2_ostatnie\",\"tematyka\",\"\u017bycie religijne\"],\"inLanguage\":\"pl-PL\",\"potentialAction\":[{\"@type\":\"CommentAction\",\"name\":\"Comment\",\"target\":[\"https:\/\/www.mojabochnia.pl\/?p=112752#respond\"]}]},{\"@type\":\"WebPage\",\"@id\":\"https:\/\/www.mojabochnia.pl\/?p=112752\",\"url\":\"https:\/\/www.mojabochnia.pl\/?p=112752\",\"name\":\"Obraz \\\"Jezu Ufam Tobie\\\" na Boche\u0144szczy\u017anie - mojabochnia.pl - portal informacyjny\",\"isPartOf\":{\"@id\":\"https:\/\/www.mojabochnia.pl\/#website\"},\"primaryImageOfPage\":{\"@id\":\"https:\/\/www.mojabochnia.pl\/?p=112752#primaryimage\"},\"image\":{\"@id\":\"https:\/\/www.mojabochnia.pl\/?p=112752#primaryimage\"},\"thumbnailUrl\":\"https:\/\/www.mojabochnia.pl\/wp-content\/uploads\/2014\/08\/IMG_4578.jpg\",\"datePublished\":\"2014-08-22T09:58:32+00:00\",\"dateModified\":\"2014-08-22T12:10:16+00:00\",\"breadcrumb\":{\"@id\":\"https:\/\/www.mojabochnia.pl\/?p=112752#breadcrumb\"},\"inLanguage\":\"pl-PL\",\"potentialAction\":[{\"@type\":\"ReadAction\",\"target\":[\"https:\/\/www.mojabochnia.pl\/?p=112752\"]}]},{\"@type\":\"ImageObject\",\"inLanguage\":\"pl-PL\",\"@id\":\"https:\/\/www.mojabochnia.pl\/?p=112752#primaryimage\",\"url\":\"https:\/\/www.mojabochnia.pl\/wp-content\/uploads\/2014\/08\/IMG_4578.jpg\",\"contentUrl\":\"https:\/\/www.mojabochnia.pl\/wp-content\/uploads\/2014\/08\/IMG_4578.jpg\",\"width\":660,\"height\":440,\"caption\":\"P. Michalczyk\"},{\"@type\":\"BreadcrumbList\",\"@id\":\"https:\/\/www.mojabochnia.pl\/?p=112752#breadcrumb\",\"itemListElement\":[{\"@type\":\"ListItem\",\"position\":1,\"name\":\"Home\",\"item\":\"https:\/\/www.mojabochnia.pl\/\"},{\"@type\":\"ListItem\",\"position\":2,\"name\":\"Obraz &#8222;Jezu Ufam Tobie&#8221; na Boche\u0144szczy\u017anie\"}]},{\"@type\":\"WebSite\",\"@id\":\"https:\/\/www.mojabochnia.pl\/#website\",\"url\":\"https:\/\/www.mojabochnia.pl\/\",\"name\":\"mojabochnia.pl - portal informacyjny\",\"description\":\"mojaBochnia to portal informacyjny o Bochni. Codziennie o Bochni piszemy i pokazujemy najwa\u017cniejsze wydarzenia\",\"publisher\":{\"@id\":\"https:\/\/www.mojabochnia.pl\/#organization\"},\"potentialAction\":[{\"@type\":\"SearchAction\",\"target\":{\"@type\":\"EntryPoint\",\"urlTemplate\":\"https:\/\/www.mojabochnia.pl\/?s={search_term_string}\"},\"query-input\":{\"@type\":\"PropertyValueSpecification\",\"valueRequired\":true,\"valueName\":\"search_term_string\"}}],\"inLanguage\":\"pl-PL\"},{\"@type\":\"Organization\",\"@id\":\"https:\/\/www.mojabochnia.pl\/#organization\",\"name\":\"mojabochnia.pl - portal informacyjny\",\"url\":\"https:\/\/www.mojabochnia.pl\/\",\"logo\":{\"@type\":\"ImageObject\",\"inLanguage\":\"pl-PL\",\"@id\":\"https:\/\/www.mojabochnia.pl\/#\/schema\/logo\/image\/\",\"url\":\"https:\/\/www.mojabochnia.pl\/wp-content\/uploads\/2017\/08\/logo-mb-opt.png\",\"contentUrl\":\"https:\/\/www.mojabochnia.pl\/wp-content\/uploads\/2017\/08\/logo-mb-opt.png\",\"width\":250,\"height\":48,\"caption\":\"mojabochnia.pl - portal informacyjny\"},\"image\":{\"@id\":\"https:\/\/www.mojabochnia.pl\/#\/schema\/logo\/image\/\"},\"sameAs\":[\"https:\/\/www.facebook.com\/mojabochnia\"]},{\"@type\":\"Person\",\"@id\":\"https:\/\/www.mojabochnia.pl\/#\/schema\/person\/ea042e4724a77627963f02166828ead4\",\"name\":\"Pawe\u0142 Michalczyk\",\"url\":\"https:\/\/www.mojabochnia.pl\/?author=4\"}]}<\/script>\n<!-- \/ Yoast SEO plugin. -->","yoast_head_json":{"title":"Obraz \"Jezu Ufam Tobie\" na Boche\u0144szczy\u017anie - mojabochnia.pl - portal informacyjny","robots":{"index":"index","follow":"follow","max-snippet":"max-snippet:-1","max-image-preview":"max-image-preview:large","max-video-preview":"max-video-preview:-1"},"canonical":"https:\/\/www.mojabochnia.pl\/?p=112752","og_locale":"pl_PL","og_type":"article","og_title":"Obraz \"Jezu Ufam Tobie\" na Boche\u0144szczy\u017anie - mojabochnia.pl - portal informacyjny","og_description":"W niedziel\u0119 do Bochni przyb\u0119dzie obraz Jezusa Mi\u0142osiernego oraz relikwie \u015bwi\u0119tych Faustyny i Jana Paw\u0142a II. Jako pierwsza podejmie je parafia \u015bw. Paw\u0142a Aposto\u0142a. Peregrynacja obejmuje wszystkie parafie regionu.","og_url":"https:\/\/www.mojabochnia.pl\/?p=112752","og_site_name":"mojabochnia.pl - portal informacyjny","article_publisher":"https:\/\/www.facebook.com\/mojabochnia","article_published_time":"2014-08-22T09:58:32+00:00","article_modified_time":"2014-08-22T12:10:16+00:00","og_image":[{"width":660,"height":440,"url":"https:\/\/www.mojabochnia.pl\/wp-content\/uploads\/2014\/08\/IMG_4578.jpg","type":"image\/jpeg"}],"author":"Pawe\u0142 Michalczyk","twitter_card":"summary_large_image","twitter_misc":{"Written by":"Pawe\u0142 Michalczyk","Est. reading time":"1 minuta"},"schema":{"@context":"https:\/\/schema.org","@graph":[{"@type":"Article","@id":"https:\/\/www.mojabochnia.pl\/?p=112752#article","isPartOf":{"@id":"https:\/\/www.mojabochnia.pl\/?p=112752"},"author":{"name":"Pawe\u0142 Michalczyk","@id":"https:\/\/www.mojabochnia.pl\/#\/schema\/person\/ea042e4724a77627963f02166828ead4"},"headline":"Obraz &#8222;Jezu Ufam Tobie&#8221; na Boche\u0144szczy\u017anie","datePublished":"2014-08-22T09:58:32+00:00","dateModified":"2014-08-22T12:10:16+00:00","mainEntityOfPage":{"@id":"https:\/\/www.mojabochnia.pl\/?p=112752"},"wordCount":161,"commentCount":0,"publisher":{"@id":"https:\/\/www.mojabochnia.pl\/#organization"},"image":{"@id":"https:\/\/www.mojabochnia.pl\/?p=112752#primaryimage"},"thumbnailUrl":"https:\/\/www.mojabochnia.pl\/wp-content\/uploads\/2014\/08\/IMG_4578.jpg","keywords":["jan pawe\u0142 II","jezus","mi\u0142osierdzie","parafia \u015bw. paw\u0142a aposto\u0142a","peregrynacja","\u015bw. faustyna"],"articleSection":["2_ostatnie","tematyka","\u017bycie religijne"],"inLanguage":"pl-PL","potentialAction":[{"@type":"CommentAction","name":"Comment","target":["https:\/\/www.mojabochnia.pl\/?p=112752#respond"]}]},{"@type":"WebPage","@id":"https:\/\/www.mojabochnia.pl\/?p=112752","url":"https:\/\/www.mojabochnia.pl\/?p=112752","name":"Obraz \"Jezu Ufam Tobie\" na Boche\u0144szczy\u017anie - mojabochnia.pl - portal informacyjny","isPartOf":{"@id":"https:\/\/www.mojabochnia.pl\/#website"},"primaryImageOfPage":{"@id":"https:\/\/www.mojabochnia.pl\/?p=112752#primaryimage"},"image":{"@id":"https:\/\/www.mojabochnia.pl\/?p=112752#primaryimage"},"thumbnailUrl":"https:\/\/www.mojabochnia.pl\/wp-content\/uploads\/2014\/08\/IMG_4578.jpg","datePublished":"2014-08-22T09:58:32+00:00","dateModified":"2014-08-22T12:10:16+00:00","breadcrumb":{"@id":"https:\/\/www.mojabochnia.pl\/?p=112752#breadcrumb"},"inLanguage":"pl-PL","potentialAction":[{"@type":"ReadAction","target":["https:\/\/www.mojabochnia.pl\/?p=112752"]}]},{"@type":"ImageObject","inLanguage":"pl-PL","@id":"https:\/\/www.mojabochnia.pl\/?p=112752#primaryimage","url":"https:\/\/www.mojabochnia.pl\/wp-content\/uploads\/2014\/08\/IMG_4578.jpg","contentUrl":"https:\/\/www.mojabochnia.pl\/wp-content\/uploads\/2014\/08\/IMG_4578.jpg","width":660,"height":440,"caption":"P. Michalczyk"},{"@type":"BreadcrumbList","@id":"https:\/\/www.mojabochnia.pl\/?p=112752#breadcrumb","itemListElement":[{"@type":"ListItem","position":1,"name":"Home","item":"https:\/\/www.mojabochnia.pl\/"},{"@type":"ListItem","position":2,"name":"Obraz &#8222;Jezu Ufam Tobie&#8221; na Boche\u0144szczy\u017anie"}]},{"@type":"WebSite","@id":"https:\/\/www.mojabochnia.pl\/#website","url":"https:\/\/www.mojabochnia.pl\/","name":"mojabochnia.pl - portal informacyjny","description":"mojaBochnia to portal informacyjny o Bochni. Codziennie o Bochni piszemy i pokazujemy najwa\u017cniejsze wydarzenia","publisher":{"@id":"https:\/\/www.mojabochnia.pl\/#organization"},"potentialAction":[{"@type":"SearchAction","target":{"@type":"EntryPoint","urlTemplate":"https:\/\/www.mojabochnia.pl\/?s={search_term_string}"},"query-input":{"@type":"PropertyValueSpecification","valueRequired":true,"valueName":"search_term_string"}}],"inLanguage":"pl-PL"},{"@type":"Organization","@id":"https:\/\/www.mojabochnia.pl\/#organization","name":"mojabochnia.pl - portal informacyjny","url":"https:\/\/www.mojabochnia.pl\/","logo":{"@type":"ImageObject","inLanguage":"pl-PL","@id":"https:\/\/www.mojabochnia.pl\/#\/schema\/logo\/image\/","url":"https:\/\/www.mojabochnia.pl\/wp-content\/uploads\/2017\/08\/logo-mb-opt.png","contentUrl":"https:\/\/www.mojabochnia.pl\/wp-content\/uploads\/2017\/08\/logo-mb-opt.png","width":250,"height":48,"caption":"mojabochnia.pl - portal informacyjny"},"image":{"@id":"https:\/\/www.mojabochnia.pl\/#\/schema\/logo\/image\/"},"sameAs":["https:\/\/www.facebook.com\/mojabochnia"]},{"@type":"Person","@id":"https:\/\/www.mojabochnia.pl\/#\/schema\/person\/ea042e4724a77627963f02166828ead4","name":"Pawe\u0142 Michalczyk","url":"https:\/\/www.mojabochnia.pl\/?author=4"}]}},"_links":{"self":[{"href":"https:\/\/www.mojabochnia.pl\/index.php?rest_route=\/wp\/v2\/posts\/112752","targetHints":{"allow":["GET"]}}],"collection":[{"href":"https:\/\/www.mojabochnia.pl\/index.php?rest_route=\/wp\/v2\/posts"}],"about":[{"href":"https:\/\/www.mojabochnia.pl\/index.php?rest_route=\/wp\/v2\/types\/post"}],"author":[{"embeddable":true,"href":"https:\/\/www.mojabochnia.pl\/index.php?rest_route=\/wp\/v2\/users\/4"}],"replies":[{"embeddable":true,"href":"https:\/\/www.mojabochnia.pl\/index.php?rest_route=%2Fwp%2Fv2%2Fcomments&post=112752"}],"version-history":[{"count":4,"href":"https:\/\/www.mojabochnia.pl\/index.php?rest_route=\/wp\/v2\/posts\/112752\/revisions"}],"predecessor-version":[{"id":112759,"href":"https:\/\/www.mojabochnia.pl\/index.php?rest_route=\/wp\/v2\/posts\/112752\/revisions\/112759"}],"wp:featuredmedia":[{"embeddable":true,"href":"https:\/\/www.mojabochnia.pl\/index.php?rest_route=\/wp\/v2\/media\/112755"}],"wp:attachment":[{"href":"https:\/\/www.mojabochnia.pl\/index.php?rest_route=%2Fwp%2Fv2%2Fmedia&parent=112752"}],"wp:term":[{"taxonomy":"category","embeddable":true,"href":"https:\/\/www.mojabochnia.pl\/index.php?rest_route=%2Fwp%2Fv2%2Fcategories&post=112752"},{"taxonomy":"post_tag","embeddable":true,"href":"https:\/\/www.mojabochnia.pl\/index.php?rest_route=%2Fwp%2Fv2%2Ftags&post=112752"}],"curies":[{"name":"wp","href":"https:\/\/api.w.org\/{rel}","templated":true}]}}