{"id":111755,"date":"2014-07-24T10:25:36","date_gmt":"2014-07-24T08:25:36","guid":{"rendered":"http:\/\/www.mojabochnia.pl\/?p=111755"},"modified":"2014-07-26T09:04:04","modified_gmt":"2014-07-26T07:04:04","slug":"bochenska-scena-letnia-warsztat-dot-prawa-autorskiego-w-dzialalnosci-artystycznej","status":"publish","type":"post","link":"https:\/\/www.mojabochnia.pl\/?p=111755","title":{"rendered":"Boche\u0144ska Scena Letnia &#8211; warsztat dot. prawa autorskiego w dzia\u0142alno\u015bci artystycznej"},"content":{"rendered":"<p>Warsztat \u201ePraktyczne aspekty wykorzystania prawa autorskiego w dzia\u0142alno\u015bci bran\u017cy artystycznej\u201d rozpocznie si\u0119 od prezentacji Izabeli Fory\u015b z Fundacji Legalna Kultura. Opowie ona o idei Legalnej Kultury, om\u00f3wi czym s\u0105 legalne \u017ar\u00f3d\u0142a kultury, a tak\u017ce zaprezentuje Baz\u0119 Legalnych \u0179r\u00f3de\u0142 oraz materia\u0142y dost\u0119pne na stronie internetowej.<\/p>\n<p>Nast\u0119pnie g\u0142os zabierze radca prawny Albert Stawiszy\u0144ski. \u2013 <em>Podczas warsztat\u00f3w przybli\u017cymy i wyja\u015bnimy uczestnikom wiele nie do ko\u0144ca powszechnie zrozumia\u0142ych poj\u0119\u0107, takich jak dozwolony u\u017cytek osobisty, prawo cytatu czy domena publiczna<\/em> \u2013 m\u00f3wi Albert Stawiszy\u0144ski. <em>Poza tym, b\u0119dziemy chcieli om\u00f3wi\u0107 z artystami i animatorami kultury, w jaki spos\u00f3b powinni przestrzega\u0107 przepis\u00f3w prawa autorskiego w swojej codziennej pracy. Mi\u0119dzy innymi zwr\u00f3cimy uwag\u0119 na prawo cytatu w komponowanych utworach muzycznych<\/em> \u2013 dodaje.<\/p>\n<p>Spotkanie odb\u0119dzie si\u0119 31 lipca o godz. 17.00 w boche\u0144skiej bibliotece (ul. Mickiewicza 5) &#8211; i jak informuje Dorota Halberda &#8211; wsp\u00f3\u0142organizatorka Boche\u0144skiej Sceny letniej &#8211; b\u0119dzie mia\u0142o ono charakter otwarty.<\/p>\n<p>Mog\u0105 w nim wzi\u0105\u0107 udzia\u0142 lokalni muzycy i arty\u015bci &#8211; zar\u00f3wno ci do\u015bwiadczeni, jak i rozpoczynaj\u0105cy swoj\u0105 przygod\u0119 &#8211; a tak\u017ce przedstawiciele lokalnego samorz\u0105du, instytucji kultury oraz stowarzysze\u0144. Uczestnicy w trakcie spotkania b\u0119d\u0105 mogli pozna\u0107 najwa\u017cniejsze zagadnienia dotycz\u0105ce praw autorskich i w\u0142asno\u015bci intelektualnej.<\/p>\n<p>Warsztaty edukacyjne, obok budowania obszernej Bazy Legalnych \u0179r\u00f3de\u0142 oraz uwra\u017cliwiania spo\u0142ecze\u0144stwa na kwestie prawa autorskiego i ochrony w\u0142asno\u015bci intelektualnej, s\u0105 jednym<br \/>\nz podstawowych obszar\u00f3w aktywno\u015bci Fundacji Legalna Kultura. Wi\u0119cej informacji na temat jej dzia\u0142alno\u015bci oraz Baz\u0119 Legalnych \u0179r\u00f3de\u0142, mo\u017cna znale\u017a\u0107 na stronie internetowej www.legalnakultura.pl oraz na portalu Facebook (www.facebook.com\/legalnakultura).<\/p>\n<p>Fundacja Legalna Kultura realizuje kampani\u0119 spo\u0142eczn\u0105 promuj\u0105c\u0105 korzystanie z legalnych \u017ar\u00f3de\u0142 kultury. Maj\u0105c\u0105 na celu budowanie \u015bwiadomo\u015bci odbiorc\u00f3w kultury w dobie cyfrowej rzeczywisto\u015bci, edukacje w zakresie prawa autorskiego i ochrony w\u0142asno\u015bci intelektualnej. Legalna Kultura zajmuje si\u0119 tworzeniem i udost\u0119pnianiem Bazy Legalnych \u0179r\u00f3de\u0142 kultury.<\/p>\n<p>Partnerami strategicznymi kampanii Legalna Kultura s\u0105 Ministerstwo Kultury i Dziedzictwa Narodowego oraz Polski Instytut Sztuki Filmowej.<\/p>\n\t  \r\n\t\r\n\t    <div class=\"mb-gallery\">\r\n\t    <a href=\"https:\/\/www.mojabochnia.pl\/?attachment_id=111787\" class=\"\"><img loading=\"lazy\" decoding=\"async\" width=\"100\" height=\"73\" src=\"https:\/\/www.mojabochnia.pl\/wp-content\/uploads\/2014\/07\/ok-legalna-kultura-120x88.jpg\" class=\"attachment-100x100 size-100x100\" alt=\"\" srcset=\"https:\/\/www.mojabochnia.pl\/wp-content\/uploads\/2014\/07\/ok-legalna-kultura-120x88.jpg 120w, https:\/\/www.mojabochnia.pl\/wp-content\/uploads\/2014\/07\/ok-legalna-kultura-468x345.jpg 468w, https:\/\/www.mojabochnia.pl\/wp-content\/uploads\/2014\/07\/ok-legalna-kultura.jpg 660w\" sizes=\"auto, (max-width: 100px) 100vw, 100px\" \/><\/a><a href=\"https:\/\/www.mojabochnia.pl\/?attachment_id=111793\" class=\"\"><img loading=\"lazy\" decoding=\"async\" width=\"70\" height=\"100\" src=\"https:\/\/www.mojabochnia.pl\/wp-content\/uploads\/2014\/07\/ok-legalna_kultura_plakat-120x171.jpg\" class=\"attachment-100x100 size-100x100\" alt=\"\" srcset=\"https:\/\/www.mojabochnia.pl\/wp-content\/uploads\/2014\/07\/ok-legalna_kultura_plakat-120x171.jpg 120w, https:\/\/www.mojabochnia.pl\/wp-content\/uploads\/2014\/07\/ok-legalna_kultura_plakat-468x670.jpg 468w, https:\/\/www.mojabochnia.pl\/wp-content\/uploads\/2014\/07\/ok-legalna_kultura_plakat.jpg 660w\" sizes=\"auto, (max-width: 70px) 100vw, 70px\" \/><\/a>\t    <\/div>\r\n\t    ","protected":false},"excerpt":{"rendered":"<p>Warsztat edukacyjny, kt\u00f3ry odb\u0119dzie si\u0119 pod koniec lipca br. w boche\u0144skiej bibliotece, skierowany jest do miejscowych muzyk\u00f3w, artyst\u00f3w, a tak\u017ce przedstawicieli lokalnego samorz\u0105du, instytucji kultury oraz stowarzysze\u0144. Uczestnicy poznaj\u0105 najwa\u017cniejsze zagadnienia dotycz\u0105ce praw autorskich i w\u0142asno\u015bci intelektualnej.<\/p>\n","protected":false},"author":8,"featured_media":111793,"comment_status":"open","ping_status":"closed","sticky":false,"template":"","format":"standard","meta":{"_acf_changed":false,"footnotes":""},"categories":[5,92,6250],"tags":[14304,17162,18135,14302,14303,14300,654,5573,14301,8915,17165],"class_list":["post-111755","post","type-post","status-publish","format-standard","has-post-thumbnail","hentry","category-biezace-wydarzenia","category-kultura","category-tematyka","tag-albert-stawiszynski","tag-biblioteka","tag-bochenska-scena-letnia","tag-fundacja-legalna-kultura","tag-izabela-forys","tag-legalna-kultura","tag-ministerstwo-kultury-i-dziedzictwa-narodowego","tag-polski-instytut-sztuki-filmowej","tag-praktyczne-aspekty-wykorzystania-prawa-autorskiego-w-dzialalnosci-branzy-artystycznej","tag-warsztat","tag-warsztaty","main_tag-bochenska-scena-letnia"],"acf":[],"yoast_head":"<!-- This site is optimized with the Yoast SEO plugin v26.9 - https:\/\/yoast.com\/product\/yoast-seo-wordpress\/ -->\n<title>Boche\u0144ska Scena Letnia - warsztat dot. prawa autorskiego w dzia\u0142alno\u015bci artystycznej - mojabochnia.pl - portal informacyjny<\/title>\n<meta name=\"robots\" content=\"index, follow, max-snippet:-1, max-image-preview:large, max-video-preview:-1\" \/>\n<link rel=\"canonical\" href=\"https:\/\/www.mojabochnia.pl\/?p=111755\" \/>\n<meta property=\"og:locale\" content=\"pl_PL\" \/>\n<meta property=\"og:type\" content=\"article\" \/>\n<meta property=\"og:title\" content=\"Boche\u0144ska Scena Letnia - warsztat dot. prawa autorskiego w dzia\u0142alno\u015bci artystycznej - mojabochnia.pl - portal informacyjny\" \/>\n<meta property=\"og:description\" content=\"Warsztat edukacyjny, kt\u00f3ry odb\u0119dzie si\u0119 pod koniec lipca br. w boche\u0144skiej bibliotece, skierowany jest do miejscowych muzyk\u00f3w, artyst\u00f3w, a tak\u017ce przedstawicieli lokalnego samorz\u0105du, instytucji kultury oraz stowarzysze\u0144. Uczestnicy poznaj\u0105 najwa\u017cniejsze zagadnienia dotycz\u0105ce praw autorskich i w\u0142asno\u015bci intelektualnej.\" \/>\n<meta property=\"og:url\" content=\"https:\/\/www.mojabochnia.pl\/?p=111755\" \/>\n<meta property=\"og:site_name\" content=\"mojabochnia.pl - portal informacyjny\" \/>\n<meta property=\"article:publisher\" content=\"https:\/\/www.facebook.com\/mojabochnia\" \/>\n<meta property=\"article:published_time\" content=\"2014-07-24T08:25:36+00:00\" \/>\n<meta property=\"article:modified_time\" content=\"2014-07-26T07:04:04+00:00\" \/>\n<meta property=\"og:image\" content=\"https:\/\/www.mojabochnia.pl\/wp-content\/uploads\/2014\/07\/ok-legalna_kultura_plakat.jpg\" \/>\n\t<meta property=\"og:image:width\" content=\"660\" \/>\n\t<meta property=\"og:image:height\" content=\"945\" \/>\n\t<meta property=\"og:image:type\" content=\"image\/jpeg\" \/>\n<meta name=\"author\" content=\"informacja prasowa\" \/>\n<meta name=\"twitter:card\" content=\"summary_large_image\" \/>\n<meta name=\"twitter:label1\" content=\"Written by\" \/>\n\t<meta name=\"twitter:data1\" content=\"informacja prasowa\" \/>\n\t<meta name=\"twitter:label2\" content=\"Est. reading time\" \/>\n\t<meta name=\"twitter:data2\" content=\"2 minuty\" \/>\n<script type=\"application\/ld+json\" class=\"yoast-schema-graph\">{\"@context\":\"https:\/\/schema.org\",\"@graph\":[{\"@type\":\"Article\",\"@id\":\"https:\/\/www.mojabochnia.pl\/?p=111755#article\",\"isPartOf\":{\"@id\":\"https:\/\/www.mojabochnia.pl\/?p=111755\"},\"author\":{\"name\":\"informacja prasowa\",\"@id\":\"https:\/\/www.mojabochnia.pl\/#\/schema\/person\/9e15cf1bcb74043790f124a3130fe41e\"},\"headline\":\"Boche\u0144ska Scena Letnia &#8211; warsztat dot. prawa autorskiego w dzia\u0142alno\u015bci artystycznej\",\"datePublished\":\"2014-07-24T08:25:36+00:00\",\"dateModified\":\"2014-07-26T07:04:04+00:00\",\"mainEntityOfPage\":{\"@id\":\"https:\/\/www.mojabochnia.pl\/?p=111755\"},\"wordCount\":377,\"commentCount\":0,\"publisher\":{\"@id\":\"https:\/\/www.mojabochnia.pl\/#organization\"},\"image\":{\"@id\":\"https:\/\/www.mojabochnia.pl\/?p=111755#primaryimage\"},\"thumbnailUrl\":\"https:\/\/www.mojabochnia.pl\/wp-content\/uploads\/2014\/07\/ok-legalna_kultura_plakat.jpg\",\"keywords\":[\"Albert Stawiszy\u0144ski\",\"biblioteka\",\"boche\u0144ska scena letnia\",\"Fundacja Legalna Kultura\",\"Izabela Fory\u015b\",\"legalna kultura\",\"ministerstwo kultury i dziedzictwa narodowego\",\"polski instytut sztuki filmowej\",\"Praktyczne aspekty wykorzystania prawa autorskiego w dzia\u0142alno\u015bci bran\u017cy artystycznej\",\"warsztat\",\"warsztaty\"],\"articleSection\":[\"2_ostatnie\",\"kultura\",\"tematyka\"],\"inLanguage\":\"pl-PL\",\"potentialAction\":[{\"@type\":\"CommentAction\",\"name\":\"Comment\",\"target\":[\"https:\/\/www.mojabochnia.pl\/?p=111755#respond\"]}]},{\"@type\":\"WebPage\",\"@id\":\"https:\/\/www.mojabochnia.pl\/?p=111755\",\"url\":\"https:\/\/www.mojabochnia.pl\/?p=111755\",\"name\":\"Boche\u0144ska Scena Letnia - warsztat dot. prawa autorskiego w dzia\u0142alno\u015bci artystycznej - mojabochnia.pl - portal informacyjny\",\"isPartOf\":{\"@id\":\"https:\/\/www.mojabochnia.pl\/#website\"},\"primaryImageOfPage\":{\"@id\":\"https:\/\/www.mojabochnia.pl\/?p=111755#primaryimage\"},\"image\":{\"@id\":\"https:\/\/www.mojabochnia.pl\/?p=111755#primaryimage\"},\"thumbnailUrl\":\"https:\/\/www.mojabochnia.pl\/wp-content\/uploads\/2014\/07\/ok-legalna_kultura_plakat.jpg\",\"datePublished\":\"2014-07-24T08:25:36+00:00\",\"dateModified\":\"2014-07-26T07:04:04+00:00\",\"breadcrumb\":{\"@id\":\"https:\/\/www.mojabochnia.pl\/?p=111755#breadcrumb\"},\"inLanguage\":\"pl-PL\",\"potentialAction\":[{\"@type\":\"ReadAction\",\"target\":[\"https:\/\/www.mojabochnia.pl\/?p=111755\"]}]},{\"@type\":\"ImageObject\",\"inLanguage\":\"pl-PL\",\"@id\":\"https:\/\/www.mojabochnia.pl\/?p=111755#primaryimage\",\"url\":\"https:\/\/www.mojabochnia.pl\/wp-content\/uploads\/2014\/07\/ok-legalna_kultura_plakat.jpg\",\"contentUrl\":\"https:\/\/www.mojabochnia.pl\/wp-content\/uploads\/2014\/07\/ok-legalna_kultura_plakat.jpg\",\"width\":660,\"height\":945,\"caption\":\"plakat\"},{\"@type\":\"BreadcrumbList\",\"@id\":\"https:\/\/www.mojabochnia.pl\/?p=111755#breadcrumb\",\"itemListElement\":[{\"@type\":\"ListItem\",\"position\":1,\"name\":\"Home\",\"item\":\"https:\/\/www.mojabochnia.pl\/\"},{\"@type\":\"ListItem\",\"position\":2,\"name\":\"Boche\u0144ska Scena Letnia &#8211; warsztat dot. prawa autorskiego w dzia\u0142alno\u015bci artystycznej\"}]},{\"@type\":\"WebSite\",\"@id\":\"https:\/\/www.mojabochnia.pl\/#website\",\"url\":\"https:\/\/www.mojabochnia.pl\/\",\"name\":\"mojabochnia.pl - portal informacyjny\",\"description\":\"mojaBochnia to portal informacyjny o Bochni. Codziennie o Bochni piszemy i pokazujemy najwa\u017cniejsze wydarzenia\",\"publisher\":{\"@id\":\"https:\/\/www.mojabochnia.pl\/#organization\"},\"potentialAction\":[{\"@type\":\"SearchAction\",\"target\":{\"@type\":\"EntryPoint\",\"urlTemplate\":\"https:\/\/www.mojabochnia.pl\/?s={search_term_string}\"},\"query-input\":{\"@type\":\"PropertyValueSpecification\",\"valueRequired\":true,\"valueName\":\"search_term_string\"}}],\"inLanguage\":\"pl-PL\"},{\"@type\":\"Organization\",\"@id\":\"https:\/\/www.mojabochnia.pl\/#organization\",\"name\":\"mojabochnia.pl - portal informacyjny\",\"url\":\"https:\/\/www.mojabochnia.pl\/\",\"logo\":{\"@type\":\"ImageObject\",\"inLanguage\":\"pl-PL\",\"@id\":\"https:\/\/www.mojabochnia.pl\/#\/schema\/logo\/image\/\",\"url\":\"https:\/\/www.mojabochnia.pl\/wp-content\/uploads\/2017\/08\/logo-mb-opt.png\",\"contentUrl\":\"https:\/\/www.mojabochnia.pl\/wp-content\/uploads\/2017\/08\/logo-mb-opt.png\",\"width\":250,\"height\":48,\"caption\":\"mojabochnia.pl - portal informacyjny\"},\"image\":{\"@id\":\"https:\/\/www.mojabochnia.pl\/#\/schema\/logo\/image\/\"},\"sameAs\":[\"https:\/\/www.facebook.com\/mojabochnia\"]},{\"@type\":\"Person\",\"@id\":\"https:\/\/www.mojabochnia.pl\/#\/schema\/person\/9e15cf1bcb74043790f124a3130fe41e\",\"name\":\"informacja prasowa\",\"sameAs\":[\"http:\/\/\"],\"url\":\"https:\/\/www.mojabochnia.pl\/?author=8\"}]}<\/script>\n<!-- \/ Yoast SEO plugin. -->","yoast_head_json":{"title":"Boche\u0144ska Scena Letnia - warsztat dot. prawa autorskiego w dzia\u0142alno\u015bci artystycznej - mojabochnia.pl - portal informacyjny","robots":{"index":"index","follow":"follow","max-snippet":"max-snippet:-1","max-image-preview":"max-image-preview:large","max-video-preview":"max-video-preview:-1"},"canonical":"https:\/\/www.mojabochnia.pl\/?p=111755","og_locale":"pl_PL","og_type":"article","og_title":"Boche\u0144ska Scena Letnia - warsztat dot. prawa autorskiego w dzia\u0142alno\u015bci artystycznej - mojabochnia.pl - portal informacyjny","og_description":"Warsztat edukacyjny, kt\u00f3ry odb\u0119dzie si\u0119 pod koniec lipca br. w boche\u0144skiej bibliotece, skierowany jest do miejscowych muzyk\u00f3w, artyst\u00f3w, a tak\u017ce przedstawicieli lokalnego samorz\u0105du, instytucji kultury oraz stowarzysze\u0144. Uczestnicy poznaj\u0105 najwa\u017cniejsze zagadnienia dotycz\u0105ce praw autorskich i w\u0142asno\u015bci intelektualnej.","og_url":"https:\/\/www.mojabochnia.pl\/?p=111755","og_site_name":"mojabochnia.pl - portal informacyjny","article_publisher":"https:\/\/www.facebook.com\/mojabochnia","article_published_time":"2014-07-24T08:25:36+00:00","article_modified_time":"2014-07-26T07:04:04+00:00","og_image":[{"width":660,"height":945,"url":"https:\/\/www.mojabochnia.pl\/wp-content\/uploads\/2014\/07\/ok-legalna_kultura_plakat.jpg","type":"image\/jpeg"}],"author":"informacja prasowa","twitter_card":"summary_large_image","twitter_misc":{"Written by":"informacja prasowa","Est. reading time":"2 minuty"},"schema":{"@context":"https:\/\/schema.org","@graph":[{"@type":"Article","@id":"https:\/\/www.mojabochnia.pl\/?p=111755#article","isPartOf":{"@id":"https:\/\/www.mojabochnia.pl\/?p=111755"},"author":{"name":"informacja prasowa","@id":"https:\/\/www.mojabochnia.pl\/#\/schema\/person\/9e15cf1bcb74043790f124a3130fe41e"},"headline":"Boche\u0144ska Scena Letnia &#8211; warsztat dot. prawa autorskiego w dzia\u0142alno\u015bci artystycznej","datePublished":"2014-07-24T08:25:36+00:00","dateModified":"2014-07-26T07:04:04+00:00","mainEntityOfPage":{"@id":"https:\/\/www.mojabochnia.pl\/?p=111755"},"wordCount":377,"commentCount":0,"publisher":{"@id":"https:\/\/www.mojabochnia.pl\/#organization"},"image":{"@id":"https:\/\/www.mojabochnia.pl\/?p=111755#primaryimage"},"thumbnailUrl":"https:\/\/www.mojabochnia.pl\/wp-content\/uploads\/2014\/07\/ok-legalna_kultura_plakat.jpg","keywords":["Albert Stawiszy\u0144ski","biblioteka","boche\u0144ska scena letnia","Fundacja Legalna Kultura","Izabela Fory\u015b","legalna kultura","ministerstwo kultury i dziedzictwa narodowego","polski instytut sztuki filmowej","Praktyczne aspekty wykorzystania prawa autorskiego w dzia\u0142alno\u015bci bran\u017cy artystycznej","warsztat","warsztaty"],"articleSection":["2_ostatnie","kultura","tematyka"],"inLanguage":"pl-PL","potentialAction":[{"@type":"CommentAction","name":"Comment","target":["https:\/\/www.mojabochnia.pl\/?p=111755#respond"]}]},{"@type":"WebPage","@id":"https:\/\/www.mojabochnia.pl\/?p=111755","url":"https:\/\/www.mojabochnia.pl\/?p=111755","name":"Boche\u0144ska Scena Letnia - warsztat dot. prawa autorskiego w dzia\u0142alno\u015bci artystycznej - mojabochnia.pl - portal informacyjny","isPartOf":{"@id":"https:\/\/www.mojabochnia.pl\/#website"},"primaryImageOfPage":{"@id":"https:\/\/www.mojabochnia.pl\/?p=111755#primaryimage"},"image":{"@id":"https:\/\/www.mojabochnia.pl\/?p=111755#primaryimage"},"thumbnailUrl":"https:\/\/www.mojabochnia.pl\/wp-content\/uploads\/2014\/07\/ok-legalna_kultura_plakat.jpg","datePublished":"2014-07-24T08:25:36+00:00","dateModified":"2014-07-26T07:04:04+00:00","breadcrumb":{"@id":"https:\/\/www.mojabochnia.pl\/?p=111755#breadcrumb"},"inLanguage":"pl-PL","potentialAction":[{"@type":"ReadAction","target":["https:\/\/www.mojabochnia.pl\/?p=111755"]}]},{"@type":"ImageObject","inLanguage":"pl-PL","@id":"https:\/\/www.mojabochnia.pl\/?p=111755#primaryimage","url":"https:\/\/www.mojabochnia.pl\/wp-content\/uploads\/2014\/07\/ok-legalna_kultura_plakat.jpg","contentUrl":"https:\/\/www.mojabochnia.pl\/wp-content\/uploads\/2014\/07\/ok-legalna_kultura_plakat.jpg","width":660,"height":945,"caption":"plakat"},{"@type":"BreadcrumbList","@id":"https:\/\/www.mojabochnia.pl\/?p=111755#breadcrumb","itemListElement":[{"@type":"ListItem","position":1,"name":"Home","item":"https:\/\/www.mojabochnia.pl\/"},{"@type":"ListItem","position":2,"name":"Boche\u0144ska Scena Letnia &#8211; warsztat dot. prawa autorskiego w dzia\u0142alno\u015bci artystycznej"}]},{"@type":"WebSite","@id":"https:\/\/www.mojabochnia.pl\/#website","url":"https:\/\/www.mojabochnia.pl\/","name":"mojabochnia.pl - portal informacyjny","description":"mojaBochnia to portal informacyjny o Bochni. Codziennie o Bochni piszemy i pokazujemy najwa\u017cniejsze wydarzenia","publisher":{"@id":"https:\/\/www.mojabochnia.pl\/#organization"},"potentialAction":[{"@type":"SearchAction","target":{"@type":"EntryPoint","urlTemplate":"https:\/\/www.mojabochnia.pl\/?s={search_term_string}"},"query-input":{"@type":"PropertyValueSpecification","valueRequired":true,"valueName":"search_term_string"}}],"inLanguage":"pl-PL"},{"@type":"Organization","@id":"https:\/\/www.mojabochnia.pl\/#organization","name":"mojabochnia.pl - portal informacyjny","url":"https:\/\/www.mojabochnia.pl\/","logo":{"@type":"ImageObject","inLanguage":"pl-PL","@id":"https:\/\/www.mojabochnia.pl\/#\/schema\/logo\/image\/","url":"https:\/\/www.mojabochnia.pl\/wp-content\/uploads\/2017\/08\/logo-mb-opt.png","contentUrl":"https:\/\/www.mojabochnia.pl\/wp-content\/uploads\/2017\/08\/logo-mb-opt.png","width":250,"height":48,"caption":"mojabochnia.pl - portal informacyjny"},"image":{"@id":"https:\/\/www.mojabochnia.pl\/#\/schema\/logo\/image\/"},"sameAs":["https:\/\/www.facebook.com\/mojabochnia"]},{"@type":"Person","@id":"https:\/\/www.mojabochnia.pl\/#\/schema\/person\/9e15cf1bcb74043790f124a3130fe41e","name":"informacja prasowa","sameAs":["http:\/\/"],"url":"https:\/\/www.mojabochnia.pl\/?author=8"}]}},"_links":{"self":[{"href":"https:\/\/www.mojabochnia.pl\/index.php?rest_route=\/wp\/v2\/posts\/111755","targetHints":{"allow":["GET"]}}],"collection":[{"href":"https:\/\/www.mojabochnia.pl\/index.php?rest_route=\/wp\/v2\/posts"}],"about":[{"href":"https:\/\/www.mojabochnia.pl\/index.php?rest_route=\/wp\/v2\/types\/post"}],"author":[{"embeddable":true,"href":"https:\/\/www.mojabochnia.pl\/index.php?rest_route=\/wp\/v2\/users\/8"}],"replies":[{"embeddable":true,"href":"https:\/\/www.mojabochnia.pl\/index.php?rest_route=%2Fwp%2Fv2%2Fcomments&post=111755"}],"version-history":[{"count":4,"href":"https:\/\/www.mojabochnia.pl\/index.php?rest_route=\/wp\/v2\/posts\/111755\/revisions"}],"predecessor-version":[{"id":111767,"href":"https:\/\/www.mojabochnia.pl\/index.php?rest_route=\/wp\/v2\/posts\/111755\/revisions\/111767"}],"wp:featuredmedia":[{"embeddable":true,"href":"https:\/\/www.mojabochnia.pl\/index.php?rest_route=\/wp\/v2\/media\/111793"}],"wp:attachment":[{"href":"https:\/\/www.mojabochnia.pl\/index.php?rest_route=%2Fwp%2Fv2%2Fmedia&parent=111755"}],"wp:term":[{"taxonomy":"category","embeddable":true,"href":"https:\/\/www.mojabochnia.pl\/index.php?rest_route=%2Fwp%2Fv2%2Fcategories&post=111755"},{"taxonomy":"post_tag","embeddable":true,"href":"https:\/\/www.mojabochnia.pl\/index.php?rest_route=%2Fwp%2Fv2%2Ftags&post=111755"}],"curies":[{"name":"wp","href":"https:\/\/api.w.org\/{rel}","templated":true}]}}