{"id":111711,"date":"2014-07-23T11:38:28","date_gmt":"2014-07-23T09:38:28","guid":{"rendered":"http:\/\/www.mojabochnia.pl\/?p=111711"},"modified":"2014-07-26T10:47:38","modified_gmt":"2014-07-26T08:47:38","slug":"je-arcybiskup-henryk-nowacki-bedzie-przewodniczyl-mszy-sw-z-okazji-160-lecia-istnienia-kaplicy-na-murowiance","status":"publish","type":"post","link":"https:\/\/www.mojabochnia.pl\/?p=111711","title":{"rendered":"JE Arcybiskup Henryk Nowacki b\u0119dzie przewodniczy\u0142 Mszy \u015bw. z okazji 160-lecia istnienia Kaplicy na Murowiance"},"content":{"rendered":"<p>Gospodarz Kaplicy ks. proboszcz parafii pw. \u015bw. Jana Nepomucena Kazimierz Kapcia, zaprasza wszystkich, a w szczeg\u00f3lno\u015bci czcicieli Matki Bo\u017cej Anielskiej, p\u00f3\u0142 godziny wcze\u015bniej &#8211; na modlitw\u0119 r\u00f3\u017ca\u0144cow\u0105, kt\u00f3ra rozpocznie uroczysto\u015bci zwi\u0105zane z rocznic\u0105.<\/p>\n<p>Kaplic\u0119, usytuowan\u0105 w okolicach \u017ar\u00f3de\u0142ka, ufundowali w latach 1854-56 g\u00f3rnicy &#8211; bracia Micha\u0142, Wincenty i Tomasz \u0141osikowie. <em>Z pokolenia na pokolenie, bowiem w tej rodzinie przekazywano istniej\u0105c\u0105 od dawna przepowiedni\u0119, \u017ce z ruin dawnego ko\u015bcio\u0142a powstanie najpierw kapliczka, a p\u00f3\u017aniej \u015bwi\u0105tynia na Bo\u017c\u0105 chwa\u0142\u0119. Dodatkowo przodkowie braci \u0141osik\u00f3w miewali cz\u0119ste sny, w kt\u00f3rych widzieli staruszka &#8211; ksi\u0119dza rozwieszaj\u0105cego mi\u0119dzy drzewami szaty liturgiczne i uk\u0142adaj\u0105cego jakby do mszy naczynia mszalne.<\/em> &#8211; opowiada na <a onclick=\"javascript:pageTracker._trackPageview('\/outgoing\/www.bochenskiedzieje.pl\/index.php\/zabytki\/kapliczki-i-figury-swiete\/87-kaplica-na-murowiance2');\"  href=\"http:\/\/www.bochenskiedzieje.pl\/index.php\/zabytki\/kapliczki-i-figury-swiete\/87-kaplica-na-murowiance2\" target=\"_blank\">swojej stronie o historii Bochni<\/a> Janusz Paprota.<\/p>\n<p>Jak zaznacza &#8211; <em>mo\u017cliwe, \u017ce pierwotnie w tym miejscu po\u0142o\u017cony by\u0142 ko\u015bci\u00f3\u0142 \u015bw. Urbana, fundowany przez mieszczan boche\u0144skich przed 1680 rokiem. By\u0107 mo\u017ce jednak, sama nazwa &#8222;Murowianka&#8221; to zniekszta\u0142cone s\u0142owo &#8222;Morowianka&#8221;, czyli miejsce gdzie znajdowa\u0142 si\u0119 cmentarz epidemiczny, na kt\u00f3rym chowano ofiary epidemii, czyli &#8222;morowego powietrza&#8221;<\/em><\/p>\n","protected":false},"excerpt":{"rendered":"<p>W niedziel\u0119, 3 sierpnia br. o godz. 16:30 rozpoczn\u0105 si\u0119 uroczysto\u015bci z okazji 160-lecia istnienia Kaplicy na Murowiance. Mszy \u015bw. Pontyfikalnej przewodniczy\u0142 b\u0119dzie JE Arcybiskup Henryk Nowacki &#8211; Nuncjusz Apostolski w krajach Skandynawskich.<\/p>\n","protected":false},"author":2,"featured_media":111716,"comment_status":"open","ping_status":"closed","sticky":false,"template":"","format":"standard","meta":{"_acf_changed":false,"footnotes":""},"categories":[5,6250,1342],"tags":[806,6689,7088,5155,17616,17802,17293],"class_list":["post-111711","post","type-post","status-publish","format-standard","has-post-thumbnail","hentry","category-biezace-wydarzenia","category-tematyka","category-zycie-religijne","tag-abp-henryk-nowacki","tag-janusz-paprota","tag-kaplica-na-murowiance","tag-kapliczka","tag-ks-kazimierz-kapcia","tag-murowianka","tag-rocznica","main_tag-murowianka"],"acf":[],"yoast_head":"<!-- This site is optimized with the Yoast SEO plugin v26.9 - https:\/\/yoast.com\/product\/yoast-seo-wordpress\/ -->\n<title>JE Arcybiskup Henryk Nowacki b\u0119dzie przewodniczy\u0142 Mszy \u015bw. z okazji 160-lecia istnienia Kaplicy na Murowiance - mojabochnia.pl - portal informacyjny<\/title>\n<meta name=\"robots\" content=\"index, follow, max-snippet:-1, max-image-preview:large, max-video-preview:-1\" \/>\n<link rel=\"canonical\" href=\"https:\/\/www.mojabochnia.pl\/?p=111711\" \/>\n<meta property=\"og:locale\" content=\"pl_PL\" \/>\n<meta property=\"og:type\" content=\"article\" \/>\n<meta property=\"og:title\" content=\"JE Arcybiskup Henryk Nowacki b\u0119dzie przewodniczy\u0142 Mszy \u015bw. z okazji 160-lecia istnienia Kaplicy na Murowiance - mojabochnia.pl - portal informacyjny\" \/>\n<meta property=\"og:description\" content=\"W niedziel\u0119, 3 sierpnia br. o godz. 16:30 rozpoczn\u0105 si\u0119 uroczysto\u015bci z okazji 160-lecia istnienia Kaplicy na Murowiance. Mszy \u015bw. Pontyfikalnej przewodniczy\u0142 b\u0119dzie JE Arcybiskup Henryk Nowacki - Nuncjusz Apostolski w krajach Skandynawskich.\" \/>\n<meta property=\"og:url\" content=\"https:\/\/www.mojabochnia.pl\/?p=111711\" \/>\n<meta property=\"og:site_name\" content=\"mojabochnia.pl - portal informacyjny\" \/>\n<meta property=\"article:publisher\" content=\"https:\/\/www.facebook.com\/mojabochnia\" \/>\n<meta property=\"article:published_time\" content=\"2014-07-23T09:38:28+00:00\" \/>\n<meta property=\"article:modified_time\" content=\"2014-07-26T08:47:38+00:00\" \/>\n<meta property=\"og:image\" content=\"https:\/\/www.mojabochnia.pl\/wp-content\/uploads\/2014\/07\/kapliczka-na-murowiance.jpg\" \/>\n\t<meta property=\"og:image:width\" content=\"660\" \/>\n\t<meta property=\"og:image:height\" content=\"474\" \/>\n\t<meta property=\"og:image:type\" content=\"image\/jpeg\" \/>\n<meta name=\"author\" content=\"Jacek Kucharski\" \/>\n<meta name=\"twitter:card\" content=\"summary_large_image\" \/>\n<meta name=\"twitter:label1\" content=\"Written by\" \/>\n\t<meta name=\"twitter:data1\" content=\"Jacek Kucharski\" \/>\n\t<meta name=\"twitter:label2\" content=\"Est. reading time\" \/>\n\t<meta name=\"twitter:data2\" content=\"1 minuta\" \/>\n<script type=\"application\/ld+json\" class=\"yoast-schema-graph\">{\"@context\":\"https:\/\/schema.org\",\"@graph\":[{\"@type\":\"Article\",\"@id\":\"https:\/\/www.mojabochnia.pl\/?p=111711#article\",\"isPartOf\":{\"@id\":\"https:\/\/www.mojabochnia.pl\/?p=111711\"},\"author\":{\"name\":\"Jacek Kucharski\",\"@id\":\"https:\/\/www.mojabochnia.pl\/#\/schema\/person\/cbf2046fc62995d3796f0c0160613698\"},\"headline\":\"JE Arcybiskup Henryk Nowacki b\u0119dzie przewodniczy\u0142 Mszy \u015bw. z okazji 160-lecia istnienia Kaplicy na Murowiance\",\"datePublished\":\"2014-07-23T09:38:28+00:00\",\"dateModified\":\"2014-07-26T08:47:38+00:00\",\"mainEntityOfPage\":{\"@id\":\"https:\/\/www.mojabochnia.pl\/?p=111711\"},\"wordCount\":207,\"commentCount\":0,\"publisher\":{\"@id\":\"https:\/\/www.mojabochnia.pl\/#organization\"},\"image\":{\"@id\":\"https:\/\/www.mojabochnia.pl\/?p=111711#primaryimage\"},\"thumbnailUrl\":\"https:\/\/www.mojabochnia.pl\/wp-content\/uploads\/2014\/07\/kapliczka-na-murowiance.jpg\",\"keywords\":[\"abp henryk nowacki\",\"janusz paprota\",\"kaplica na murowiance\",\"kapliczka\",\"ks. kazimierz kapcia\",\"murowianka\",\"rocznica\"],\"articleSection\":[\"2_ostatnie\",\"tematyka\",\"\u017bycie religijne\"],\"inLanguage\":\"pl-PL\",\"potentialAction\":[{\"@type\":\"CommentAction\",\"name\":\"Comment\",\"target\":[\"https:\/\/www.mojabochnia.pl\/?p=111711#respond\"]}]},{\"@type\":\"WebPage\",\"@id\":\"https:\/\/www.mojabochnia.pl\/?p=111711\",\"url\":\"https:\/\/www.mojabochnia.pl\/?p=111711\",\"name\":\"JE Arcybiskup Henryk Nowacki b\u0119dzie przewodniczy\u0142 Mszy \u015bw. z okazji 160-lecia istnienia Kaplicy na Murowiance - mojabochnia.pl - portal informacyjny\",\"isPartOf\":{\"@id\":\"https:\/\/www.mojabochnia.pl\/#website\"},\"primaryImageOfPage\":{\"@id\":\"https:\/\/www.mojabochnia.pl\/?p=111711#primaryimage\"},\"image\":{\"@id\":\"https:\/\/www.mojabochnia.pl\/?p=111711#primaryimage\"},\"thumbnailUrl\":\"https:\/\/www.mojabochnia.pl\/wp-content\/uploads\/2014\/07\/kapliczka-na-murowiance.jpg\",\"datePublished\":\"2014-07-23T09:38:28+00:00\",\"dateModified\":\"2014-07-26T08:47:38+00:00\",\"breadcrumb\":{\"@id\":\"https:\/\/www.mojabochnia.pl\/?p=111711#breadcrumb\"},\"inLanguage\":\"pl-PL\",\"potentialAction\":[{\"@type\":\"ReadAction\",\"target\":[\"https:\/\/www.mojabochnia.pl\/?p=111711\"]}]},{\"@type\":\"ImageObject\",\"inLanguage\":\"pl-PL\",\"@id\":\"https:\/\/www.mojabochnia.pl\/?p=111711#primaryimage\",\"url\":\"https:\/\/www.mojabochnia.pl\/wp-content\/uploads\/2014\/07\/kapliczka-na-murowiance.jpg\",\"contentUrl\":\"https:\/\/www.mojabochnia.pl\/wp-content\/uploads\/2014\/07\/kapliczka-na-murowiance.jpg\",\"width\":660,\"height\":474,\"caption\":\"Janusz Paprota\"},{\"@type\":\"BreadcrumbList\",\"@id\":\"https:\/\/www.mojabochnia.pl\/?p=111711#breadcrumb\",\"itemListElement\":[{\"@type\":\"ListItem\",\"position\":1,\"name\":\"Home\",\"item\":\"https:\/\/www.mojabochnia.pl\/\"},{\"@type\":\"ListItem\",\"position\":2,\"name\":\"JE Arcybiskup Henryk Nowacki b\u0119dzie przewodniczy\u0142 Mszy \u015bw. z okazji 160-lecia istnienia Kaplicy na Murowiance\"}]},{\"@type\":\"WebSite\",\"@id\":\"https:\/\/www.mojabochnia.pl\/#website\",\"url\":\"https:\/\/www.mojabochnia.pl\/\",\"name\":\"mojabochnia.pl - portal informacyjny\",\"description\":\"mojaBochnia to portal informacyjny o Bochni. Codziennie o Bochni piszemy i pokazujemy najwa\u017cniejsze wydarzenia\",\"publisher\":{\"@id\":\"https:\/\/www.mojabochnia.pl\/#organization\"},\"potentialAction\":[{\"@type\":\"SearchAction\",\"target\":{\"@type\":\"EntryPoint\",\"urlTemplate\":\"https:\/\/www.mojabochnia.pl\/?s={search_term_string}\"},\"query-input\":{\"@type\":\"PropertyValueSpecification\",\"valueRequired\":true,\"valueName\":\"search_term_string\"}}],\"inLanguage\":\"pl-PL\"},{\"@type\":\"Organization\",\"@id\":\"https:\/\/www.mojabochnia.pl\/#organization\",\"name\":\"mojabochnia.pl - portal informacyjny\",\"url\":\"https:\/\/www.mojabochnia.pl\/\",\"logo\":{\"@type\":\"ImageObject\",\"inLanguage\":\"pl-PL\",\"@id\":\"https:\/\/www.mojabochnia.pl\/#\/schema\/logo\/image\/\",\"url\":\"https:\/\/www.mojabochnia.pl\/wp-content\/uploads\/2017\/08\/logo-mb-opt.png\",\"contentUrl\":\"https:\/\/www.mojabochnia.pl\/wp-content\/uploads\/2017\/08\/logo-mb-opt.png\",\"width\":250,\"height\":48,\"caption\":\"mojabochnia.pl - portal informacyjny\"},\"image\":{\"@id\":\"https:\/\/www.mojabochnia.pl\/#\/schema\/logo\/image\/\"},\"sameAs\":[\"https:\/\/www.facebook.com\/mojabochnia\"]},{\"@type\":\"Person\",\"@id\":\"https:\/\/www.mojabochnia.pl\/#\/schema\/person\/cbf2046fc62995d3796f0c0160613698\",\"name\":\"Jacek Kucharski\",\"url\":\"https:\/\/www.mojabochnia.pl\/?author=2\"}]}<\/script>\n<!-- \/ Yoast SEO plugin. -->","yoast_head_json":{"title":"JE Arcybiskup Henryk Nowacki b\u0119dzie przewodniczy\u0142 Mszy \u015bw. z okazji 160-lecia istnienia Kaplicy na Murowiance - mojabochnia.pl - portal informacyjny","robots":{"index":"index","follow":"follow","max-snippet":"max-snippet:-1","max-image-preview":"max-image-preview:large","max-video-preview":"max-video-preview:-1"},"canonical":"https:\/\/www.mojabochnia.pl\/?p=111711","og_locale":"pl_PL","og_type":"article","og_title":"JE Arcybiskup Henryk Nowacki b\u0119dzie przewodniczy\u0142 Mszy \u015bw. z okazji 160-lecia istnienia Kaplicy na Murowiance - mojabochnia.pl - portal informacyjny","og_description":"W niedziel\u0119, 3 sierpnia br. o godz. 16:30 rozpoczn\u0105 si\u0119 uroczysto\u015bci z okazji 160-lecia istnienia Kaplicy na Murowiance. Mszy \u015bw. Pontyfikalnej przewodniczy\u0142 b\u0119dzie JE Arcybiskup Henryk Nowacki - Nuncjusz Apostolski w krajach Skandynawskich.","og_url":"https:\/\/www.mojabochnia.pl\/?p=111711","og_site_name":"mojabochnia.pl - portal informacyjny","article_publisher":"https:\/\/www.facebook.com\/mojabochnia","article_published_time":"2014-07-23T09:38:28+00:00","article_modified_time":"2014-07-26T08:47:38+00:00","og_image":[{"width":660,"height":474,"url":"https:\/\/www.mojabochnia.pl\/wp-content\/uploads\/2014\/07\/kapliczka-na-murowiance.jpg","type":"image\/jpeg"}],"author":"Jacek Kucharski","twitter_card":"summary_large_image","twitter_misc":{"Written by":"Jacek Kucharski","Est. reading time":"1 minuta"},"schema":{"@context":"https:\/\/schema.org","@graph":[{"@type":"Article","@id":"https:\/\/www.mojabochnia.pl\/?p=111711#article","isPartOf":{"@id":"https:\/\/www.mojabochnia.pl\/?p=111711"},"author":{"name":"Jacek Kucharski","@id":"https:\/\/www.mojabochnia.pl\/#\/schema\/person\/cbf2046fc62995d3796f0c0160613698"},"headline":"JE Arcybiskup Henryk Nowacki b\u0119dzie przewodniczy\u0142 Mszy \u015bw. z okazji 160-lecia istnienia Kaplicy na Murowiance","datePublished":"2014-07-23T09:38:28+00:00","dateModified":"2014-07-26T08:47:38+00:00","mainEntityOfPage":{"@id":"https:\/\/www.mojabochnia.pl\/?p=111711"},"wordCount":207,"commentCount":0,"publisher":{"@id":"https:\/\/www.mojabochnia.pl\/#organization"},"image":{"@id":"https:\/\/www.mojabochnia.pl\/?p=111711#primaryimage"},"thumbnailUrl":"https:\/\/www.mojabochnia.pl\/wp-content\/uploads\/2014\/07\/kapliczka-na-murowiance.jpg","keywords":["abp henryk nowacki","janusz paprota","kaplica na murowiance","kapliczka","ks. kazimierz kapcia","murowianka","rocznica"],"articleSection":["2_ostatnie","tematyka","\u017bycie religijne"],"inLanguage":"pl-PL","potentialAction":[{"@type":"CommentAction","name":"Comment","target":["https:\/\/www.mojabochnia.pl\/?p=111711#respond"]}]},{"@type":"WebPage","@id":"https:\/\/www.mojabochnia.pl\/?p=111711","url":"https:\/\/www.mojabochnia.pl\/?p=111711","name":"JE Arcybiskup Henryk Nowacki b\u0119dzie przewodniczy\u0142 Mszy \u015bw. z okazji 160-lecia istnienia Kaplicy na Murowiance - mojabochnia.pl - portal informacyjny","isPartOf":{"@id":"https:\/\/www.mojabochnia.pl\/#website"},"primaryImageOfPage":{"@id":"https:\/\/www.mojabochnia.pl\/?p=111711#primaryimage"},"image":{"@id":"https:\/\/www.mojabochnia.pl\/?p=111711#primaryimage"},"thumbnailUrl":"https:\/\/www.mojabochnia.pl\/wp-content\/uploads\/2014\/07\/kapliczka-na-murowiance.jpg","datePublished":"2014-07-23T09:38:28+00:00","dateModified":"2014-07-26T08:47:38+00:00","breadcrumb":{"@id":"https:\/\/www.mojabochnia.pl\/?p=111711#breadcrumb"},"inLanguage":"pl-PL","potentialAction":[{"@type":"ReadAction","target":["https:\/\/www.mojabochnia.pl\/?p=111711"]}]},{"@type":"ImageObject","inLanguage":"pl-PL","@id":"https:\/\/www.mojabochnia.pl\/?p=111711#primaryimage","url":"https:\/\/www.mojabochnia.pl\/wp-content\/uploads\/2014\/07\/kapliczka-na-murowiance.jpg","contentUrl":"https:\/\/www.mojabochnia.pl\/wp-content\/uploads\/2014\/07\/kapliczka-na-murowiance.jpg","width":660,"height":474,"caption":"Janusz Paprota"},{"@type":"BreadcrumbList","@id":"https:\/\/www.mojabochnia.pl\/?p=111711#breadcrumb","itemListElement":[{"@type":"ListItem","position":1,"name":"Home","item":"https:\/\/www.mojabochnia.pl\/"},{"@type":"ListItem","position":2,"name":"JE Arcybiskup Henryk Nowacki b\u0119dzie przewodniczy\u0142 Mszy \u015bw. z okazji 160-lecia istnienia Kaplicy na Murowiance"}]},{"@type":"WebSite","@id":"https:\/\/www.mojabochnia.pl\/#website","url":"https:\/\/www.mojabochnia.pl\/","name":"mojabochnia.pl - portal informacyjny","description":"mojaBochnia to portal informacyjny o Bochni. Codziennie o Bochni piszemy i pokazujemy najwa\u017cniejsze wydarzenia","publisher":{"@id":"https:\/\/www.mojabochnia.pl\/#organization"},"potentialAction":[{"@type":"SearchAction","target":{"@type":"EntryPoint","urlTemplate":"https:\/\/www.mojabochnia.pl\/?s={search_term_string}"},"query-input":{"@type":"PropertyValueSpecification","valueRequired":true,"valueName":"search_term_string"}}],"inLanguage":"pl-PL"},{"@type":"Organization","@id":"https:\/\/www.mojabochnia.pl\/#organization","name":"mojabochnia.pl - portal informacyjny","url":"https:\/\/www.mojabochnia.pl\/","logo":{"@type":"ImageObject","inLanguage":"pl-PL","@id":"https:\/\/www.mojabochnia.pl\/#\/schema\/logo\/image\/","url":"https:\/\/www.mojabochnia.pl\/wp-content\/uploads\/2017\/08\/logo-mb-opt.png","contentUrl":"https:\/\/www.mojabochnia.pl\/wp-content\/uploads\/2017\/08\/logo-mb-opt.png","width":250,"height":48,"caption":"mojabochnia.pl - portal informacyjny"},"image":{"@id":"https:\/\/www.mojabochnia.pl\/#\/schema\/logo\/image\/"},"sameAs":["https:\/\/www.facebook.com\/mojabochnia"]},{"@type":"Person","@id":"https:\/\/www.mojabochnia.pl\/#\/schema\/person\/cbf2046fc62995d3796f0c0160613698","name":"Jacek Kucharski","url":"https:\/\/www.mojabochnia.pl\/?author=2"}]}},"_links":{"self":[{"href":"https:\/\/www.mojabochnia.pl\/index.php?rest_route=\/wp\/v2\/posts\/111711","targetHints":{"allow":["GET"]}}],"collection":[{"href":"https:\/\/www.mojabochnia.pl\/index.php?rest_route=\/wp\/v2\/posts"}],"about":[{"href":"https:\/\/www.mojabochnia.pl\/index.php?rest_route=\/wp\/v2\/types\/post"}],"author":[{"embeddable":true,"href":"https:\/\/www.mojabochnia.pl\/index.php?rest_route=\/wp\/v2\/users\/2"}],"replies":[{"embeddable":true,"href":"https:\/\/www.mojabochnia.pl\/index.php?rest_route=%2Fwp%2Fv2%2Fcomments&post=111711"}],"version-history":[{"count":4,"href":"https:\/\/www.mojabochnia.pl\/index.php?rest_route=\/wp\/v2\/posts\/111711\/revisions"}],"predecessor-version":[{"id":111715,"href":"https:\/\/www.mojabochnia.pl\/index.php?rest_route=\/wp\/v2\/posts\/111711\/revisions\/111715"}],"wp:featuredmedia":[{"embeddable":true,"href":"https:\/\/www.mojabochnia.pl\/index.php?rest_route=\/wp\/v2\/media\/111716"}],"wp:attachment":[{"href":"https:\/\/www.mojabochnia.pl\/index.php?rest_route=%2Fwp%2Fv2%2Fmedia&parent=111711"}],"wp:term":[{"taxonomy":"category","embeddable":true,"href":"https:\/\/www.mojabochnia.pl\/index.php?rest_route=%2Fwp%2Fv2%2Fcategories&post=111711"},{"taxonomy":"post_tag","embeddable":true,"href":"https:\/\/www.mojabochnia.pl\/index.php?rest_route=%2Fwp%2Fv2%2Ftags&post=111711"}],"curies":[{"name":"wp","href":"https:\/\/api.w.org\/{rel}","templated":true}]}}