{"id":109535,"date":"2014-05-30T08:27:52","date_gmt":"2014-05-30T06:27:52","guid":{"rendered":"http:\/\/www.mojabochnia.pl\/?p=109535"},"modified":"2014-05-30T08:27:52","modified_gmt":"2014-05-30T06:27:52","slug":"dzis-dzien-rodzicielstwa-zastepczego","status":"publish","type":"post","link":"https:\/\/www.mojabochnia.pl\/?p=109535","title":{"rendered":"Dzi\u015b Dzie\u0144 Rodzicielstwa Zast\u0119pczego"},"content":{"rendered":"<p><em>Rodzice zast\u0119pczy troszcz\u0105 si\u0119 o dzieci dzie\u0144 po dniu, prze\u017cywaj\u0105 z nimi rado\u015bci i smutki dnia codziennego, przygotowuj\u0105 do doros\u0142ego \u017cycia. To pi\u0119kna postawa zas\u0142uguj\u0105ca na szacunek i podziw <\/em>&#8211; m\u00f3wi Sabina Kierepka z biura prasowego starostwa.<br \/>\n<em><br \/>\nZ tej okazji starosta Jacek Paj\u0105k oraz dyrektor Powiatowego Centrum Pomocy Rodzinie \u2013 El\u017cbieta Paczy\u0144ska  sk\u0142adaj\u0105 wszystkim 94 rodzinom zast\u0119pczym funkcjonuj\u0105cym na terenie powiatu boche\u0144skiego \u017cyczenia wszelkiej pomy\u015blno\u015bci w \u017cyciu osobistym, du\u017co zdrowia, wielu si\u0142, cierpliwo\u015bci  i wytrwa\u0142o\u015bci w pe\u0142nieniu tej jak\u017ce potrzebnej spo\u0142ecznie funkcji Rodziny Zast\u0119pczej, a Waszym dzieciom \u2013 z okazji zbli\u017caj\u0105cego si\u0119 Dnia Dziecka \u2013 \u017cyczymy samych radosnych chwil i beztroskiego dzieci\u0144stwa<\/em> &#8211; dodaje Sabina Kierepka.<\/p>\n","protected":false},"excerpt":{"rendered":"<p>30 maja przypada w Polsce Dzie\u0144 Rodzicielstwa Zast\u0119pczego. W powiecie boche\u0144skim s\u0105 94 rodziny, kt\u00f3re podj\u0119\u0142y si\u0119 przyj\u0105\u0107 cudze dzieci i zapewni\u0107 im mi\u0142o\u015b\u0107, opiek\u0119 i wychowanie. <\/p>\n","protected":false},"author":13,"featured_media":0,"comment_status":"open","ping_status":"closed","sticky":false,"template":"","format":"standard","meta":{"_acf_changed":false,"footnotes":""},"categories":[5,6251,6250],"tags":[17576,17436,17571,6808],"class_list":["post-109535","post","type-post","status-publish","format-standard","hentry","category-biezace-wydarzenia","category-polityka-i-wydarzenia","category-tematyka","tag-pcpr","tag-pomoc","tag-rodzina","tag-rodzina-zastepcza","main_tag-rodzina"],"acf":[],"yoast_head":"<!-- This site is optimized with the Yoast SEO plugin v26.9 - https:\/\/yoast.com\/product\/yoast-seo-wordpress\/ -->\n<title>Dzi\u015b Dzie\u0144 Rodzicielstwa Zast\u0119pczego - mojabochnia.pl - portal informacyjny<\/title>\n<meta name=\"robots\" content=\"index, follow, max-snippet:-1, max-image-preview:large, max-video-preview:-1\" \/>\n<link rel=\"canonical\" href=\"https:\/\/www.mojabochnia.pl\/?p=109535\" \/>\n<meta property=\"og:locale\" content=\"pl_PL\" \/>\n<meta property=\"og:type\" content=\"article\" \/>\n<meta property=\"og:title\" content=\"Dzi\u015b Dzie\u0144 Rodzicielstwa Zast\u0119pczego - mojabochnia.pl - portal informacyjny\" \/>\n<meta property=\"og:description\" content=\"30 maja przypada w Polsce Dzie\u0144 Rodzicielstwa Zast\u0119pczego. W powiecie boche\u0144skim s\u0105 94 rodziny, kt\u00f3re podj\u0119\u0142y si\u0119 przyj\u0105\u0107 cudze dzieci i zapewni\u0107 im mi\u0142o\u015b\u0107, opiek\u0119 i wychowanie.\" \/>\n<meta property=\"og:url\" content=\"https:\/\/www.mojabochnia.pl\/?p=109535\" \/>\n<meta property=\"og:site_name\" content=\"mojabochnia.pl - portal informacyjny\" \/>\n<meta property=\"article:publisher\" content=\"https:\/\/www.facebook.com\/mojabochnia\" \/>\n<meta property=\"article:published_time\" content=\"2014-05-30T06:27:52+00:00\" \/>\n<meta name=\"author\" content=\"redakcja\" \/>\n<meta name=\"twitter:card\" content=\"summary_large_image\" \/>\n<meta name=\"twitter:label1\" content=\"Written by\" \/>\n\t<meta name=\"twitter:data1\" content=\"redakcja\" \/>\n\t<meta name=\"twitter:label2\" content=\"Est. reading time\" \/>\n\t<meta name=\"twitter:data2\" content=\"1 minuta\" \/>\n<script type=\"application\/ld+json\" class=\"yoast-schema-graph\">{\"@context\":\"https:\/\/schema.org\",\"@graph\":[{\"@type\":\"Article\",\"@id\":\"https:\/\/www.mojabochnia.pl\/?p=109535#article\",\"isPartOf\":{\"@id\":\"https:\/\/www.mojabochnia.pl\/?p=109535\"},\"author\":{\"name\":\"redakcja\",\"@id\":\"https:\/\/www.mojabochnia.pl\/#\/schema\/person\/7e2f20ead9902216a3384f13606c0ab7\"},\"headline\":\"Dzi\u015b Dzie\u0144 Rodzicielstwa Zast\u0119pczego\",\"datePublished\":\"2014-05-30T06:27:52+00:00\",\"mainEntityOfPage\":{\"@id\":\"https:\/\/www.mojabochnia.pl\/?p=109535\"},\"wordCount\":135,\"commentCount\":0,\"publisher\":{\"@id\":\"https:\/\/www.mojabochnia.pl\/#organization\"},\"keywords\":[\"pcpr\",\"pomoc\",\"rodzina\",\"rodzina zast\u0119pcza\"],\"articleSection\":[\"2_ostatnie\",\"polityka i wydarzenia\",\"tematyka\"],\"inLanguage\":\"pl-PL\",\"potentialAction\":[{\"@type\":\"CommentAction\",\"name\":\"Comment\",\"target\":[\"https:\/\/www.mojabochnia.pl\/?p=109535#respond\"]}]},{\"@type\":\"WebPage\",\"@id\":\"https:\/\/www.mojabochnia.pl\/?p=109535\",\"url\":\"https:\/\/www.mojabochnia.pl\/?p=109535\",\"name\":\"Dzi\u015b Dzie\u0144 Rodzicielstwa Zast\u0119pczego - mojabochnia.pl - portal informacyjny\",\"isPartOf\":{\"@id\":\"https:\/\/www.mojabochnia.pl\/#website\"},\"datePublished\":\"2014-05-30T06:27:52+00:00\",\"breadcrumb\":{\"@id\":\"https:\/\/www.mojabochnia.pl\/?p=109535#breadcrumb\"},\"inLanguage\":\"pl-PL\",\"potentialAction\":[{\"@type\":\"ReadAction\",\"target\":[\"https:\/\/www.mojabochnia.pl\/?p=109535\"]}]},{\"@type\":\"BreadcrumbList\",\"@id\":\"https:\/\/www.mojabochnia.pl\/?p=109535#breadcrumb\",\"itemListElement\":[{\"@type\":\"ListItem\",\"position\":1,\"name\":\"Home\",\"item\":\"https:\/\/www.mojabochnia.pl\/\"},{\"@type\":\"ListItem\",\"position\":2,\"name\":\"Dzi\u015b Dzie\u0144 Rodzicielstwa Zast\u0119pczego\"}]},{\"@type\":\"WebSite\",\"@id\":\"https:\/\/www.mojabochnia.pl\/#website\",\"url\":\"https:\/\/www.mojabochnia.pl\/\",\"name\":\"mojabochnia.pl - portal informacyjny\",\"description\":\"mojaBochnia to portal informacyjny o Bochni. Codziennie o Bochni piszemy i pokazujemy najwa\u017cniejsze wydarzenia\",\"publisher\":{\"@id\":\"https:\/\/www.mojabochnia.pl\/#organization\"},\"potentialAction\":[{\"@type\":\"SearchAction\",\"target\":{\"@type\":\"EntryPoint\",\"urlTemplate\":\"https:\/\/www.mojabochnia.pl\/?s={search_term_string}\"},\"query-input\":{\"@type\":\"PropertyValueSpecification\",\"valueRequired\":true,\"valueName\":\"search_term_string\"}}],\"inLanguage\":\"pl-PL\"},{\"@type\":\"Organization\",\"@id\":\"https:\/\/www.mojabochnia.pl\/#organization\",\"name\":\"mojabochnia.pl - portal informacyjny\",\"url\":\"https:\/\/www.mojabochnia.pl\/\",\"logo\":{\"@type\":\"ImageObject\",\"inLanguage\":\"pl-PL\",\"@id\":\"https:\/\/www.mojabochnia.pl\/#\/schema\/logo\/image\/\",\"url\":\"https:\/\/www.mojabochnia.pl\/wp-content\/uploads\/2017\/08\/logo-mb-opt.png\",\"contentUrl\":\"https:\/\/www.mojabochnia.pl\/wp-content\/uploads\/2017\/08\/logo-mb-opt.png\",\"width\":250,\"height\":48,\"caption\":\"mojabochnia.pl - portal informacyjny\"},\"image\":{\"@id\":\"https:\/\/www.mojabochnia.pl\/#\/schema\/logo\/image\/\"},\"sameAs\":[\"https:\/\/www.facebook.com\/mojabochnia\"]},{\"@type\":\"Person\",\"@id\":\"https:\/\/www.mojabochnia.pl\/#\/schema\/person\/7e2f20ead9902216a3384f13606c0ab7\",\"name\":\"redakcja\",\"sameAs\":[\"http:\/\/\"],\"url\":\"https:\/\/www.mojabochnia.pl\/?author=13\"}]}<\/script>\n<!-- \/ Yoast SEO plugin. -->","yoast_head_json":{"title":"Dzi\u015b Dzie\u0144 Rodzicielstwa Zast\u0119pczego - mojabochnia.pl - portal informacyjny","robots":{"index":"index","follow":"follow","max-snippet":"max-snippet:-1","max-image-preview":"max-image-preview:large","max-video-preview":"max-video-preview:-1"},"canonical":"https:\/\/www.mojabochnia.pl\/?p=109535","og_locale":"pl_PL","og_type":"article","og_title":"Dzi\u015b Dzie\u0144 Rodzicielstwa Zast\u0119pczego - mojabochnia.pl - portal informacyjny","og_description":"30 maja przypada w Polsce Dzie\u0144 Rodzicielstwa Zast\u0119pczego. W powiecie boche\u0144skim s\u0105 94 rodziny, kt\u00f3re podj\u0119\u0142y si\u0119 przyj\u0105\u0107 cudze dzieci i zapewni\u0107 im mi\u0142o\u015b\u0107, opiek\u0119 i wychowanie.","og_url":"https:\/\/www.mojabochnia.pl\/?p=109535","og_site_name":"mojabochnia.pl - portal informacyjny","article_publisher":"https:\/\/www.facebook.com\/mojabochnia","article_published_time":"2014-05-30T06:27:52+00:00","author":"redakcja","twitter_card":"summary_large_image","twitter_misc":{"Written by":"redakcja","Est. reading time":"1 minuta"},"schema":{"@context":"https:\/\/schema.org","@graph":[{"@type":"Article","@id":"https:\/\/www.mojabochnia.pl\/?p=109535#article","isPartOf":{"@id":"https:\/\/www.mojabochnia.pl\/?p=109535"},"author":{"name":"redakcja","@id":"https:\/\/www.mojabochnia.pl\/#\/schema\/person\/7e2f20ead9902216a3384f13606c0ab7"},"headline":"Dzi\u015b Dzie\u0144 Rodzicielstwa Zast\u0119pczego","datePublished":"2014-05-30T06:27:52+00:00","mainEntityOfPage":{"@id":"https:\/\/www.mojabochnia.pl\/?p=109535"},"wordCount":135,"commentCount":0,"publisher":{"@id":"https:\/\/www.mojabochnia.pl\/#organization"},"keywords":["pcpr","pomoc","rodzina","rodzina zast\u0119pcza"],"articleSection":["2_ostatnie","polityka i wydarzenia","tematyka"],"inLanguage":"pl-PL","potentialAction":[{"@type":"CommentAction","name":"Comment","target":["https:\/\/www.mojabochnia.pl\/?p=109535#respond"]}]},{"@type":"WebPage","@id":"https:\/\/www.mojabochnia.pl\/?p=109535","url":"https:\/\/www.mojabochnia.pl\/?p=109535","name":"Dzi\u015b Dzie\u0144 Rodzicielstwa Zast\u0119pczego - mojabochnia.pl - portal informacyjny","isPartOf":{"@id":"https:\/\/www.mojabochnia.pl\/#website"},"datePublished":"2014-05-30T06:27:52+00:00","breadcrumb":{"@id":"https:\/\/www.mojabochnia.pl\/?p=109535#breadcrumb"},"inLanguage":"pl-PL","potentialAction":[{"@type":"ReadAction","target":["https:\/\/www.mojabochnia.pl\/?p=109535"]}]},{"@type":"BreadcrumbList","@id":"https:\/\/www.mojabochnia.pl\/?p=109535#breadcrumb","itemListElement":[{"@type":"ListItem","position":1,"name":"Home","item":"https:\/\/www.mojabochnia.pl\/"},{"@type":"ListItem","position":2,"name":"Dzi\u015b Dzie\u0144 Rodzicielstwa Zast\u0119pczego"}]},{"@type":"WebSite","@id":"https:\/\/www.mojabochnia.pl\/#website","url":"https:\/\/www.mojabochnia.pl\/","name":"mojabochnia.pl - portal informacyjny","description":"mojaBochnia to portal informacyjny o Bochni. Codziennie o Bochni piszemy i pokazujemy najwa\u017cniejsze wydarzenia","publisher":{"@id":"https:\/\/www.mojabochnia.pl\/#organization"},"potentialAction":[{"@type":"SearchAction","target":{"@type":"EntryPoint","urlTemplate":"https:\/\/www.mojabochnia.pl\/?s={search_term_string}"},"query-input":{"@type":"PropertyValueSpecification","valueRequired":true,"valueName":"search_term_string"}}],"inLanguage":"pl-PL"},{"@type":"Organization","@id":"https:\/\/www.mojabochnia.pl\/#organization","name":"mojabochnia.pl - portal informacyjny","url":"https:\/\/www.mojabochnia.pl\/","logo":{"@type":"ImageObject","inLanguage":"pl-PL","@id":"https:\/\/www.mojabochnia.pl\/#\/schema\/logo\/image\/","url":"https:\/\/www.mojabochnia.pl\/wp-content\/uploads\/2017\/08\/logo-mb-opt.png","contentUrl":"https:\/\/www.mojabochnia.pl\/wp-content\/uploads\/2017\/08\/logo-mb-opt.png","width":250,"height":48,"caption":"mojabochnia.pl - portal informacyjny"},"image":{"@id":"https:\/\/www.mojabochnia.pl\/#\/schema\/logo\/image\/"},"sameAs":["https:\/\/www.facebook.com\/mojabochnia"]},{"@type":"Person","@id":"https:\/\/www.mojabochnia.pl\/#\/schema\/person\/7e2f20ead9902216a3384f13606c0ab7","name":"redakcja","sameAs":["http:\/\/"],"url":"https:\/\/www.mojabochnia.pl\/?author=13"}]}},"_links":{"self":[{"href":"https:\/\/www.mojabochnia.pl\/index.php?rest_route=\/wp\/v2\/posts\/109535","targetHints":{"allow":["GET"]}}],"collection":[{"href":"https:\/\/www.mojabochnia.pl\/index.php?rest_route=\/wp\/v2\/posts"}],"about":[{"href":"https:\/\/www.mojabochnia.pl\/index.php?rest_route=\/wp\/v2\/types\/post"}],"author":[{"embeddable":true,"href":"https:\/\/www.mojabochnia.pl\/index.php?rest_route=\/wp\/v2\/users\/13"}],"replies":[{"embeddable":true,"href":"https:\/\/www.mojabochnia.pl\/index.php?rest_route=%2Fwp%2Fv2%2Fcomments&post=109535"}],"version-history":[{"count":1,"href":"https:\/\/www.mojabochnia.pl\/index.php?rest_route=\/wp\/v2\/posts\/109535\/revisions"}],"predecessor-version":[{"id":109537,"href":"https:\/\/www.mojabochnia.pl\/index.php?rest_route=\/wp\/v2\/posts\/109535\/revisions\/109537"}],"wp:attachment":[{"href":"https:\/\/www.mojabochnia.pl\/index.php?rest_route=%2Fwp%2Fv2%2Fmedia&parent=109535"}],"wp:term":[{"taxonomy":"category","embeddable":true,"href":"https:\/\/www.mojabochnia.pl\/index.php?rest_route=%2Fwp%2Fv2%2Fcategories&post=109535"},{"taxonomy":"post_tag","embeddable":true,"href":"https:\/\/www.mojabochnia.pl\/index.php?rest_route=%2Fwp%2Fv2%2Ftags&post=109535"}],"curies":[{"name":"wp","href":"https:\/\/api.w.org\/{rel}","templated":true}]}}