{"id":109,"date":"2008-07-15T09:05:50","date_gmt":"2008-07-15T07:05:50","guid":{"rendered":"http:\/\/beta.mojabochnia.pl\/?p=109"},"modified":"2009-04-16T13:04:10","modified_gmt":"2009-04-16T11:04:10","slug":"najpierw-rondo-w-bochni-czy-w-muchowce","status":"publish","type":"post","link":"https:\/\/www.mojabochnia.pl\/?p=109","title":{"rendered":"Najpierw rondo w Bochni czy w Much\u00f3wce?"},"content":{"rendered":"<p>Wczoraj na zebraniu konsultacyjnym z mieszka\u0144cami Much\u00f3wki spotka\u0142 si\u0119 Stanis\u0142aw Gaworczyk, burmistrz gminy Nowy Wi\u015bnicz. Wraz z zespo\u0142em projektant\u00f3w: Mari\u0105 Rapacz oraz Marcinem Kisielem przedstawi\u0142 projekty plan\u00f3w dw\u00f3ch rond.  Mia\u0142yby one powsta\u0107 na skrzy\u017cowaniu dr\u00f3g wojew\u00f3dzkich numer 965 i 966, jedno obok ko\u015bcio\u0142a a drugie obok szko\u0142y.<\/p>\n<p>Na skrzy\u017cowaniu obok ko\u015bcio\u0142a parafialnego w Much\u00f3wce dochodzi do coraz wi\u0119kszej liczby wypadk\u00f3w i kolizji.  \u2013 Prawie co tydzie\u0144 jest tutaj jaka\u015b st\u0142uczka. W ostatnim tygodniu by\u0142y tutaj dwie, w czwartek a potem w sobot\u0119 \u2013 m\u00f3wi\u0142 Miros\u0142aw W\u00f3jcik, kt\u00f3ry mieszka nieopodal rozjazdu. Drugie skrzy\u017cowanie w centrum Much\u00f3wki (obok szko\u0142y) r\u00f3wnie\u017c uznawane jest za niebezpieczne. Znajduje si\u0119 ono na g\u00f3rce, gdzie spad jest wi\u0119kszy ni\u017c 7 % co skutkuje z\u0142\u0105 widoczno\u015bci\u0105.<\/p>\n<p>Obie \u201ekrzy\u017c\u00f3wki\u201d znajduj\u0105 si\u0119 w odleg\u0142o\u015bci ok. 400 m od siebie. Na tym odcinku planowane jest zbudowanie dw\u00f3ch skrzy\u017cowa\u0144 o ruchu okr\u0119\u017cnym. Oba ronda b\u0119d\u0105 mie\u0107 \u015brednic\u0119 30 metr\u00f3w. Ich budowa wi\u0105\u017ce si\u0119 z wykupieniem niewielkich teren\u00f3w wok\u00f3\u0142 planowanej inwestycji m.in. cz\u0119\u015bci dzia\u0142ki nr 897 przy szkole oraz fragmentu ziemi nale\u017c\u0105cej do plebanii, zak\u0142ada tak\u017ce  likwidacj\u0119 cz\u0119\u015bci parkingu przy ko\u015bciele. Ponadto wzniesienie przy szkole trzeba nieco \u201ewyp\u0142aszczy\u0107\u201d, aby poprawi\u0107 widoczno\u015b\u0107. Jedna z koncepcji remontu przewiduje wyburzenie jednego z dom\u00f3w obok ko\u015bcio\u0142a.<\/p>\n<p>Projekt przebudowy opracowany jest tak, aby zwi\u0119kszy\u0107 bezpiecze\u0144stwo na drodze.  \u2013 Z punktu widzenia projektanta, staram si\u0119 tak rozwi\u0105za\u0107 t\u0105 sytuacj\u0119 komunikacyjn\u0105, \u017ceby zlikwidowa\u0107 wszystkie mo\u017cliwo\u015bci kolizji. Skrzy\u017cowanie o ruchu okr\u0119\u017cnym jest najlepszym sposobem, aby uzyska\u0107 ten cel, gdy\u017c  specyfika ronda nie pozwala kierowcom jecha\u0107 szybciej ni\u017c 30k\/h  \u2013 m\u00f3wi\u0142 Marcin Kisiel przedstawiaj\u0105c sw\u00f3j projekt. <\/p>\n<p>Koncepcja przebudowy skrzy\u017cowa\u0144 naprawd\u0119 robi wra\u017cenie(plany przebudowy przedstawiamy obok). Wyspa o \u015brednicy 15 m, b\u0119dzie otoczona pier\u015bcieniem przejazdowym o szeroko\u015bci 2m, szeroko\u015b\u0107 jezdni zaplanowano na 5,5m. Na drogach dojazdowych wykonane zostan\u0105 wysepki oraz \u201ezebry\u201d, tak aby piesi z \u0142atwo\u015bci\u0105 mogli przej\u015b\u0107 przez drog\u0119. Wok\u00f3\u0142 inwestycji przewidziano budow\u0119 chodnik\u00f3w a tak\u017ce zatok autobusowych.<\/p>\n<p>Taka wizja przebudowy drogi w Much\u00f3wce budzi wiele kontrowersji m.in. problemem jest brak miejsc parkingowych obok ko\u015bcio\u0142a. Niepok\u00f3j mieszka\u0144c\u00f3w budzi tak\u017ce strona finansowa projektu. \u2013 Znajdziemy pieni\u0105dze na t\u0105 inwestycj\u0119. Na razie potrzebna jest zgoda mieszka\u0144c\u00f3w na realizacj\u0119 koncepcji.  B\u0119dziemy d\u0105\u017cy\u0107 do tego, \u017ceby wybudowa\u0107 ronda w Much\u00f3wce. Zrobimy wszystko, \u017ceby poprawi\u0107 bezpiecze\u0144stwo zar\u00f3wno mieszka\u0144c\u00f3w, jak i wszystkich u\u017cytkownik\u00f3w tej drogi \u2013 m\u00f3wi\u0142 Stanis\u0142aw Gaworczyk.<\/p>\n<p>N a razie opracowanie projektu  przebudowy skrzy\u017cowa\u0144 kosztowa\u0142o 127 ty\u015b. Po\u0142ow\u0119 tej sumy pokry\u0142 Zarz\u0105d Dr\u00f3g Wojew\u00f3dzkich w Krakowie, kt\u00f3ry jest zarz\u0105dca tej drogi, reszt\u0119 sfinansowa\u0142a gmina Nowy Wi\u015bnicz. Dok\u0142adny koszt ca\u0142ej inwestycji nie jest jeszcze okre\u015blony.  Szacuje si\u0119, \u017ce budowa jednego ronda kosztuje ok. 1,5 miliona z\u0142otych. Niewykluczone jest jednak, \u017ce wi\u0119kszo\u015b\u0107 tej kwoty uda si\u0119 pozyska\u0107 z funduszy Unii Europejskiej.<\/p>\n<p>Je\u015bli podczas wdra\u017cania koncepcji projektowych nie wyst\u0105pi\u0105 \u017cadne problemy przebudowa skrzy\u017cowa\u0144 dr\u00f3g 965 i 966 w Much\u00f3wce mo\u017ce rozpocz\u0105\u0107 si\u0119 ju\u017c w przysz\u0142ym roku.<\/p>\n","protected":false},"excerpt":{"rendered":"<p>Jeszcze do niedawna by\u0142o g\u0142o\u015bno, \u017ce w Bochni w rejonie ul. Partyzant\u00f3w ma powsta\u0107 pierwsze rondo w powiecie. Okazuje si\u0119 jednak, \u017ce prawdopodobnie wcze\u015bniej takim rozwi\u0105zaniem komunikacyjnym b\u0119d\u0105 si\u0119 cieszy\u0107 mieszka\u0144cy Much\u00f3wki, ma\u0142ej miejscowo\u015bci na po\u0142udniu powiatu boche\u0144skiego.<\/p>\n","protected":false},"author":1,"featured_media":0,"comment_status":"open","ping_status":"open","sticky":false,"template":"","format":"standard","meta":{"_acf_changed":false,"footnotes":""},"categories":[5,11],"tags":[128,17148,17118,17152,17149,17138,17150],"class_list":["post-109","post","type-post","status-publish","format-standard","hentry","category-biezace-wydarzenia","category-top-temat","tag-inwestycje","tag-muchowka","tag-wisnicz","tag-remont-drogi","tag-rondo","tag-stanislaw-gaworczyk","tag-wypadek"],"acf":[],"yoast_head":"<!-- This site is optimized with the Yoast SEO plugin v26.9 - https:\/\/yoast.com\/product\/yoast-seo-wordpress\/ -->\n<title>Najpierw rondo w Bochni czy w Much\u00f3wce? - mojabochnia.pl - portal informacyjny<\/title>\n<meta name=\"robots\" content=\"index, follow, max-snippet:-1, max-image-preview:large, max-video-preview:-1\" \/>\n<link rel=\"canonical\" href=\"https:\/\/www.mojabochnia.pl\/?p=109\" \/>\n<meta property=\"og:locale\" content=\"pl_PL\" \/>\n<meta property=\"og:type\" content=\"article\" \/>\n<meta property=\"og:title\" content=\"Najpierw rondo w Bochni czy w Much\u00f3wce? - mojabochnia.pl - portal informacyjny\" \/>\n<meta property=\"og:description\" content=\"Jeszcze do niedawna by\u0142o g\u0142o\u015bno, \u017ce w Bochni w rejonie ul. Partyzant\u00f3w ma powsta\u0107 pierwsze rondo w powiecie. Okazuje si\u0119 jednak, \u017ce prawdopodobnie wcze\u015bniej takim rozwi\u0105zaniem komunikacyjnym b\u0119d\u0105 si\u0119 cieszy\u0107 mieszka\u0144cy Much\u00f3wki, ma\u0142ej miejscowo\u015bci na po\u0142udniu powiatu boche\u0144skiego.\" \/>\n<meta property=\"og:url\" content=\"https:\/\/www.mojabochnia.pl\/?p=109\" \/>\n<meta property=\"og:site_name\" content=\"mojabochnia.pl - portal informacyjny\" \/>\n<meta property=\"article:publisher\" content=\"https:\/\/www.facebook.com\/mojabochnia\" \/>\n<meta property=\"article:published_time\" content=\"2008-07-15T07:05:50+00:00\" \/>\n<meta property=\"article:modified_time\" content=\"2009-04-16T11:04:10+00:00\" \/>\n<meta name=\"author\" content=\"administrator\" \/>\n<meta name=\"twitter:card\" content=\"summary_large_image\" \/>\n<meta name=\"twitter:label1\" content=\"Written by\" \/>\n\t<meta name=\"twitter:data1\" content=\"administrator\" \/>\n\t<meta name=\"twitter:label2\" content=\"Est. reading time\" \/>\n\t<meta name=\"twitter:data2\" content=\"3 minuty\" \/>\n<script type=\"application\/ld+json\" class=\"yoast-schema-graph\">{\"@context\":\"https:\/\/schema.org\",\"@graph\":[{\"@type\":\"Article\",\"@id\":\"https:\/\/www.mojabochnia.pl\/?p=109#article\",\"isPartOf\":{\"@id\":\"https:\/\/www.mojabochnia.pl\/?p=109\"},\"author\":{\"name\":\"administrator\",\"@id\":\"https:\/\/www.mojabochnia.pl\/#\/schema\/person\/c00e1f64e6fa0e6de6d410f2c340017f\"},\"headline\":\"Najpierw rondo w Bochni czy w Much\u00f3wce?\",\"datePublished\":\"2008-07-15T07:05:50+00:00\",\"dateModified\":\"2009-04-16T11:04:10+00:00\",\"mainEntityOfPage\":{\"@id\":\"https:\/\/www.mojabochnia.pl\/?p=109\"},\"wordCount\":568,\"commentCount\":1,\"publisher\":{\"@id\":\"https:\/\/www.mojabochnia.pl\/#organization\"},\"keywords\":[\"inwestycje\",\"much\u00f3wka\",\"Nowy Wi\u015bnicz\",\"remont drogi\",\"rondo\",\"stanis\u0142aw gaworczyk\",\"wypadek\"],\"articleSection\":[\"2_ostatnie\",\"3_w centrum uwagi\"],\"inLanguage\":\"pl-PL\",\"potentialAction\":[{\"@type\":\"CommentAction\",\"name\":\"Comment\",\"target\":[\"https:\/\/www.mojabochnia.pl\/?p=109#respond\"]}]},{\"@type\":\"WebPage\",\"@id\":\"https:\/\/www.mojabochnia.pl\/?p=109\",\"url\":\"https:\/\/www.mojabochnia.pl\/?p=109\",\"name\":\"Najpierw rondo w Bochni czy w Much\u00f3wce? - mojabochnia.pl - portal informacyjny\",\"isPartOf\":{\"@id\":\"https:\/\/www.mojabochnia.pl\/#website\"},\"datePublished\":\"2008-07-15T07:05:50+00:00\",\"dateModified\":\"2009-04-16T11:04:10+00:00\",\"breadcrumb\":{\"@id\":\"https:\/\/www.mojabochnia.pl\/?p=109#breadcrumb\"},\"inLanguage\":\"pl-PL\",\"potentialAction\":[{\"@type\":\"ReadAction\",\"target\":[\"https:\/\/www.mojabochnia.pl\/?p=109\"]}]},{\"@type\":\"BreadcrumbList\",\"@id\":\"https:\/\/www.mojabochnia.pl\/?p=109#breadcrumb\",\"itemListElement\":[{\"@type\":\"ListItem\",\"position\":1,\"name\":\"Home\",\"item\":\"https:\/\/www.mojabochnia.pl\/\"},{\"@type\":\"ListItem\",\"position\":2,\"name\":\"Najpierw rondo w Bochni czy w Much\u00f3wce?\"}]},{\"@type\":\"WebSite\",\"@id\":\"https:\/\/www.mojabochnia.pl\/#website\",\"url\":\"https:\/\/www.mojabochnia.pl\/\",\"name\":\"mojabochnia.pl - portal informacyjny\",\"description\":\"mojaBochnia to portal informacyjny o Bochni. Codziennie o Bochni piszemy i pokazujemy najwa\u017cniejsze wydarzenia\",\"publisher\":{\"@id\":\"https:\/\/www.mojabochnia.pl\/#organization\"},\"potentialAction\":[{\"@type\":\"SearchAction\",\"target\":{\"@type\":\"EntryPoint\",\"urlTemplate\":\"https:\/\/www.mojabochnia.pl\/?s={search_term_string}\"},\"query-input\":{\"@type\":\"PropertyValueSpecification\",\"valueRequired\":true,\"valueName\":\"search_term_string\"}}],\"inLanguage\":\"pl-PL\"},{\"@type\":\"Organization\",\"@id\":\"https:\/\/www.mojabochnia.pl\/#organization\",\"name\":\"mojabochnia.pl - portal informacyjny\",\"url\":\"https:\/\/www.mojabochnia.pl\/\",\"logo\":{\"@type\":\"ImageObject\",\"inLanguage\":\"pl-PL\",\"@id\":\"https:\/\/www.mojabochnia.pl\/#\/schema\/logo\/image\/\",\"url\":\"https:\/\/www.mojabochnia.pl\/wp-content\/uploads\/2017\/08\/logo-mb-opt.png\",\"contentUrl\":\"https:\/\/www.mojabochnia.pl\/wp-content\/uploads\/2017\/08\/logo-mb-opt.png\",\"width\":250,\"height\":48,\"caption\":\"mojabochnia.pl - portal informacyjny\"},\"image\":{\"@id\":\"https:\/\/www.mojabochnia.pl\/#\/schema\/logo\/image\/\"},\"sameAs\":[\"https:\/\/www.facebook.com\/mojabochnia\"]},{\"@type\":\"Person\",\"@id\":\"https:\/\/www.mojabochnia.pl\/#\/schema\/person\/c00e1f64e6fa0e6de6d410f2c340017f\",\"name\":\"administrator\",\"url\":\"https:\/\/www.mojabochnia.pl\/?author=1\"}]}<\/script>\n<!-- \/ Yoast SEO plugin. -->","yoast_head_json":{"title":"Najpierw rondo w Bochni czy w Much\u00f3wce? - mojabochnia.pl - portal informacyjny","robots":{"index":"index","follow":"follow","max-snippet":"max-snippet:-1","max-image-preview":"max-image-preview:large","max-video-preview":"max-video-preview:-1"},"canonical":"https:\/\/www.mojabochnia.pl\/?p=109","og_locale":"pl_PL","og_type":"article","og_title":"Najpierw rondo w Bochni czy w Much\u00f3wce? - mojabochnia.pl - portal informacyjny","og_description":"Jeszcze do niedawna by\u0142o g\u0142o\u015bno, \u017ce w Bochni w rejonie ul. Partyzant\u00f3w ma powsta\u0107 pierwsze rondo w powiecie. Okazuje si\u0119 jednak, \u017ce prawdopodobnie wcze\u015bniej takim rozwi\u0105zaniem komunikacyjnym b\u0119d\u0105 si\u0119 cieszy\u0107 mieszka\u0144cy Much\u00f3wki, ma\u0142ej miejscowo\u015bci na po\u0142udniu powiatu boche\u0144skiego.","og_url":"https:\/\/www.mojabochnia.pl\/?p=109","og_site_name":"mojabochnia.pl - portal informacyjny","article_publisher":"https:\/\/www.facebook.com\/mojabochnia","article_published_time":"2008-07-15T07:05:50+00:00","article_modified_time":"2009-04-16T11:04:10+00:00","author":"administrator","twitter_card":"summary_large_image","twitter_misc":{"Written by":"administrator","Est. reading time":"3 minuty"},"schema":{"@context":"https:\/\/schema.org","@graph":[{"@type":"Article","@id":"https:\/\/www.mojabochnia.pl\/?p=109#article","isPartOf":{"@id":"https:\/\/www.mojabochnia.pl\/?p=109"},"author":{"name":"administrator","@id":"https:\/\/www.mojabochnia.pl\/#\/schema\/person\/c00e1f64e6fa0e6de6d410f2c340017f"},"headline":"Najpierw rondo w Bochni czy w Much\u00f3wce?","datePublished":"2008-07-15T07:05:50+00:00","dateModified":"2009-04-16T11:04:10+00:00","mainEntityOfPage":{"@id":"https:\/\/www.mojabochnia.pl\/?p=109"},"wordCount":568,"commentCount":1,"publisher":{"@id":"https:\/\/www.mojabochnia.pl\/#organization"},"keywords":["inwestycje","much\u00f3wka","Nowy Wi\u015bnicz","remont drogi","rondo","stanis\u0142aw gaworczyk","wypadek"],"articleSection":["2_ostatnie","3_w centrum uwagi"],"inLanguage":"pl-PL","potentialAction":[{"@type":"CommentAction","name":"Comment","target":["https:\/\/www.mojabochnia.pl\/?p=109#respond"]}]},{"@type":"WebPage","@id":"https:\/\/www.mojabochnia.pl\/?p=109","url":"https:\/\/www.mojabochnia.pl\/?p=109","name":"Najpierw rondo w Bochni czy w Much\u00f3wce? - mojabochnia.pl - portal informacyjny","isPartOf":{"@id":"https:\/\/www.mojabochnia.pl\/#website"},"datePublished":"2008-07-15T07:05:50+00:00","dateModified":"2009-04-16T11:04:10+00:00","breadcrumb":{"@id":"https:\/\/www.mojabochnia.pl\/?p=109#breadcrumb"},"inLanguage":"pl-PL","potentialAction":[{"@type":"ReadAction","target":["https:\/\/www.mojabochnia.pl\/?p=109"]}]},{"@type":"BreadcrumbList","@id":"https:\/\/www.mojabochnia.pl\/?p=109#breadcrumb","itemListElement":[{"@type":"ListItem","position":1,"name":"Home","item":"https:\/\/www.mojabochnia.pl\/"},{"@type":"ListItem","position":2,"name":"Najpierw rondo w Bochni czy w Much\u00f3wce?"}]},{"@type":"WebSite","@id":"https:\/\/www.mojabochnia.pl\/#website","url":"https:\/\/www.mojabochnia.pl\/","name":"mojabochnia.pl - portal informacyjny","description":"mojaBochnia to portal informacyjny o Bochni. Codziennie o Bochni piszemy i pokazujemy najwa\u017cniejsze wydarzenia","publisher":{"@id":"https:\/\/www.mojabochnia.pl\/#organization"},"potentialAction":[{"@type":"SearchAction","target":{"@type":"EntryPoint","urlTemplate":"https:\/\/www.mojabochnia.pl\/?s={search_term_string}"},"query-input":{"@type":"PropertyValueSpecification","valueRequired":true,"valueName":"search_term_string"}}],"inLanguage":"pl-PL"},{"@type":"Organization","@id":"https:\/\/www.mojabochnia.pl\/#organization","name":"mojabochnia.pl - portal informacyjny","url":"https:\/\/www.mojabochnia.pl\/","logo":{"@type":"ImageObject","inLanguage":"pl-PL","@id":"https:\/\/www.mojabochnia.pl\/#\/schema\/logo\/image\/","url":"https:\/\/www.mojabochnia.pl\/wp-content\/uploads\/2017\/08\/logo-mb-opt.png","contentUrl":"https:\/\/www.mojabochnia.pl\/wp-content\/uploads\/2017\/08\/logo-mb-opt.png","width":250,"height":48,"caption":"mojabochnia.pl - portal informacyjny"},"image":{"@id":"https:\/\/www.mojabochnia.pl\/#\/schema\/logo\/image\/"},"sameAs":["https:\/\/www.facebook.com\/mojabochnia"]},{"@type":"Person","@id":"https:\/\/www.mojabochnia.pl\/#\/schema\/person\/c00e1f64e6fa0e6de6d410f2c340017f","name":"administrator","url":"https:\/\/www.mojabochnia.pl\/?author=1"}]}},"_links":{"self":[{"href":"https:\/\/www.mojabochnia.pl\/index.php?rest_route=\/wp\/v2\/posts\/109","targetHints":{"allow":["GET"]}}],"collection":[{"href":"https:\/\/www.mojabochnia.pl\/index.php?rest_route=\/wp\/v2\/posts"}],"about":[{"href":"https:\/\/www.mojabochnia.pl\/index.php?rest_route=\/wp\/v2\/types\/post"}],"author":[{"embeddable":true,"href":"https:\/\/www.mojabochnia.pl\/index.php?rest_route=\/wp\/v2\/users\/1"}],"replies":[{"embeddable":true,"href":"https:\/\/www.mojabochnia.pl\/index.php?rest_route=%2Fwp%2Fv2%2Fcomments&post=109"}],"version-history":[{"count":0,"href":"https:\/\/www.mojabochnia.pl\/index.php?rest_route=\/wp\/v2\/posts\/109\/revisions"}],"wp:attachment":[{"href":"https:\/\/www.mojabochnia.pl\/index.php?rest_route=%2Fwp%2Fv2%2Fmedia&parent=109"}],"wp:term":[{"taxonomy":"category","embeddable":true,"href":"https:\/\/www.mojabochnia.pl\/index.php?rest_route=%2Fwp%2Fv2%2Fcategories&post=109"},{"taxonomy":"post_tag","embeddable":true,"href":"https:\/\/www.mojabochnia.pl\/index.php?rest_route=%2Fwp%2Fv2%2Ftags&post=109"}],"curies":[{"name":"wp","href":"https:\/\/api.w.org\/{rel}","templated":true}]}}