{"id":1089,"date":"2008-01-21T14:01:53","date_gmt":"2008-01-21T12:01:53","guid":{"rendered":"http:\/\/beta.mojabochnia.pl\/?p=1089"},"modified":"2008-09-09T14:10:52","modified_gmt":"2008-09-09T12:10:52","slug":"moj-tys-kaziu-moj","status":"publish","type":"post","link":"https:\/\/www.mojabochnia.pl\/?p=1089","title":{"rendered":"M\u00f3j Ty\u015b Kaziu, m\u00f3j"},"content":{"rendered":"<p>Jako\u015b mam s\u0142abo\u015b\u0107 do \u017culi, wi\u0119c lubi\u0119 obserwowa\u0107 ich zachowanie. Po prostu wychowa\u0142em si\u0119 przed blokiem. I w kontek\u015bcie sporu o \u201eprawa autorskie\u201d do Kazimierza Wielkiego, przypomnia\u0142 mi si\u0119 taki jeden, kt\u00f3ry sta\u0142 przed pomnikiem i wola\u0142: \u201eM\u00f3j Ty\u015b Kaziu, m\u00f3j.\u201d Dlatego jestem przekonany, \u017ce tak uczuciowy zwi\u0105zek z Kazimierzem i ekspresja w wyra\u017caniu uczu\u0107, mo\u017ce \u015bwiadczy\u0107 tylko o jednym, mianowicie o wy\u0142\u0105czno\u015bci wszelkich praw do niego. Wobec powy\u017cszego postanowi\u0142em odszuka\u0107 wspomnianego Szacownego Pana \u017bula i poinformowa\u0107 go, \u017ce niejaki Bogdan Kosturkiewicz i Piotr Skoczek chc\u0105 \u201eskorzysta\u0107\u201d z jego nieod\u0142\u0105cznych praw.<\/p>\n<p>Wszystkich jednocze\u015bnie wzywam do podobnego poszukiwania. Mo\u017ce to by\u0107 bowiem dla Szacownego Pana jedyna okazja do zarobienia wi\u0119kszych pieni\u0119dzy na w\u00f3dk\u0119. Przyznacie, \u017ce takiej szansy nie mo\u017ce przegapi\u0107. Ponadto mo\u017ce mu to da\u0107 jak\u0105\u015b wi\u0119ksz\u0105 \u017cyciow\u0105 stabilno\u015b\u0107, a ona w \u017cyciu Szacownego Pana jest szczeg\u00f3lnie wa\u017cna.<\/p>\n<p>Aha i jeszcze mi si\u0119 przypomnia\u0142o, \u017ce wspomniany \u017cul przed pomnikiem wo\u0142a\u0142a tak\u017ce \u201eMordo Ty moja\u201d, ale o tym wol\u0119 wi\u0119cej nie pisa\u0107, bo nie wiem, czy mia\u0142 do tego zwrotu prawa autorskie, a mo\u017ce mie\u0107 je jeden z w\u0142odarzy naszego miasta &#8230;<\/p>\n","protected":false},"excerpt":{"rendered":"<p>Jako\u015b mam s\u0142abo\u015b\u0107 do \u017culi, wi\u0119c lubi\u0119 obserwowa\u0107 ich zachowanie. Po prostu wychowa\u0142em si\u0119 przed blokiem. I w kontek\u015bcie sporu o \u201eprawa autorskie\u201d do Kazimierza Wielkiego, przypomnia\u0142 mi si\u0119 taki jeden, kt\u00f3ry sta\u0142 przed pomnikiem i wola\u0142: \u201eM\u00f3j Ty\u015b Kaziu, m\u00f3j.\u201d Dlatego jestem przekonany, \u017ce tak uczuciowy zwi\u0105zek z Kazimierzem i ekspresja w wyra\u017caniu uczu\u0107,<\/p>\n","protected":false},"author":9,"featured_media":0,"comment_status":"open","ping_status":"open","sticky":false,"template":"","format":"standard","meta":{"_acf_changed":false,"footnotes":""},"categories":[603],"tags":[605],"class_list":["post-1089","post","type-post","status-publish","format-standard","hentry","category-felietony","tag-aleksander-rzepecki"],"acf":[],"yoast_head":"<!-- This site is optimized with the Yoast SEO plugin v26.9 - https:\/\/yoast.com\/product\/yoast-seo-wordpress\/ -->\n<title>M\u00f3j Ty\u015b Kaziu, m\u00f3j - mojabochnia.pl - portal informacyjny<\/title>\n<meta name=\"robots\" content=\"index, follow, max-snippet:-1, max-image-preview:large, max-video-preview:-1\" \/>\n<link rel=\"canonical\" href=\"https:\/\/www.mojabochnia.pl\/?p=1089\" \/>\n<meta property=\"og:locale\" content=\"pl_PL\" \/>\n<meta property=\"og:type\" content=\"article\" \/>\n<meta property=\"og:title\" content=\"M\u00f3j Ty\u015b Kaziu, m\u00f3j - mojabochnia.pl - portal informacyjny\" \/>\n<meta property=\"og:description\" content=\"Jako\u015b mam s\u0142abo\u015b\u0107 do \u017culi, wi\u0119c lubi\u0119 obserwowa\u0107 ich zachowanie. Po prostu wychowa\u0142em si\u0119 przed blokiem. I w kontek\u015bcie sporu o \u201eprawa autorskie\u201d do Kazimierza Wielkiego, przypomnia\u0142 mi si\u0119 taki jeden, kt\u00f3ry sta\u0142 przed pomnikiem i wola\u0142: \u201eM\u00f3j Ty\u015b Kaziu, m\u00f3j.\u201d Dlatego jestem przekonany, \u017ce tak uczuciowy zwi\u0105zek z Kazimierzem i ekspresja w wyra\u017caniu uczu\u0107,\" \/>\n<meta property=\"og:url\" content=\"https:\/\/www.mojabochnia.pl\/?p=1089\" \/>\n<meta property=\"og:site_name\" content=\"mojabochnia.pl - portal informacyjny\" \/>\n<meta property=\"article:publisher\" content=\"https:\/\/www.facebook.com\/mojabochnia\" \/>\n<meta property=\"article:published_time\" content=\"2008-01-21T12:01:53+00:00\" \/>\n<meta property=\"article:modified_time\" content=\"2008-09-09T12:10:52+00:00\" \/>\n<meta name=\"author\" content=\"Aleksander Rzepecki\" \/>\n<meta name=\"twitter:card\" content=\"summary_large_image\" \/>\n<meta name=\"twitter:label1\" content=\"Written by\" \/>\n\t<meta name=\"twitter:data1\" content=\"Aleksander Rzepecki\" \/>\n\t<meta name=\"twitter:label2\" content=\"Est. reading time\" \/>\n\t<meta name=\"twitter:data2\" content=\"1 minuta\" \/>\n<script type=\"application\/ld+json\" class=\"yoast-schema-graph\">{\"@context\":\"https:\/\/schema.org\",\"@graph\":[{\"@type\":\"Article\",\"@id\":\"https:\/\/www.mojabochnia.pl\/?p=1089#article\",\"isPartOf\":{\"@id\":\"https:\/\/www.mojabochnia.pl\/?p=1089\"},\"author\":{\"name\":\"Aleksander Rzepecki\",\"@id\":\"https:\/\/www.mojabochnia.pl\/#\/schema\/person\/6cc2563b6df80713ce6940e6ed184c6c\"},\"headline\":\"M\u00f3j Ty\u015b Kaziu, m\u00f3j\",\"datePublished\":\"2008-01-21T12:01:53+00:00\",\"dateModified\":\"2008-09-09T12:10:52+00:00\",\"mainEntityOfPage\":{\"@id\":\"https:\/\/www.mojabochnia.pl\/?p=1089\"},\"wordCount\":217,\"commentCount\":0,\"publisher\":{\"@id\":\"https:\/\/www.mojabochnia.pl\/#organization\"},\"keywords\":[\"aleksander rzepecki\"],\"articleSection\":[\"Felietony\"],\"inLanguage\":\"pl-PL\",\"potentialAction\":[{\"@type\":\"CommentAction\",\"name\":\"Comment\",\"target\":[\"https:\/\/www.mojabochnia.pl\/?p=1089#respond\"]}]},{\"@type\":\"WebPage\",\"@id\":\"https:\/\/www.mojabochnia.pl\/?p=1089\",\"url\":\"https:\/\/www.mojabochnia.pl\/?p=1089\",\"name\":\"M\u00f3j Ty\u015b Kaziu, m\u00f3j - mojabochnia.pl - portal informacyjny\",\"isPartOf\":{\"@id\":\"https:\/\/www.mojabochnia.pl\/#website\"},\"datePublished\":\"2008-01-21T12:01:53+00:00\",\"dateModified\":\"2008-09-09T12:10:52+00:00\",\"breadcrumb\":{\"@id\":\"https:\/\/www.mojabochnia.pl\/?p=1089#breadcrumb\"},\"inLanguage\":\"pl-PL\",\"potentialAction\":[{\"@type\":\"ReadAction\",\"target\":[\"https:\/\/www.mojabochnia.pl\/?p=1089\"]}]},{\"@type\":\"BreadcrumbList\",\"@id\":\"https:\/\/www.mojabochnia.pl\/?p=1089#breadcrumb\",\"itemListElement\":[{\"@type\":\"ListItem\",\"position\":1,\"name\":\"Home\",\"item\":\"https:\/\/www.mojabochnia.pl\/\"},{\"@type\":\"ListItem\",\"position\":2,\"name\":\"M\u00f3j Ty\u015b Kaziu, m\u00f3j\"}]},{\"@type\":\"WebSite\",\"@id\":\"https:\/\/www.mojabochnia.pl\/#website\",\"url\":\"https:\/\/www.mojabochnia.pl\/\",\"name\":\"mojabochnia.pl - portal informacyjny\",\"description\":\"mojaBochnia to portal informacyjny o Bochni. Codziennie o Bochni piszemy i pokazujemy najwa\u017cniejsze wydarzenia\",\"publisher\":{\"@id\":\"https:\/\/www.mojabochnia.pl\/#organization\"},\"potentialAction\":[{\"@type\":\"SearchAction\",\"target\":{\"@type\":\"EntryPoint\",\"urlTemplate\":\"https:\/\/www.mojabochnia.pl\/?s={search_term_string}\"},\"query-input\":{\"@type\":\"PropertyValueSpecification\",\"valueRequired\":true,\"valueName\":\"search_term_string\"}}],\"inLanguage\":\"pl-PL\"},{\"@type\":\"Organization\",\"@id\":\"https:\/\/www.mojabochnia.pl\/#organization\",\"name\":\"mojabochnia.pl - portal informacyjny\",\"url\":\"https:\/\/www.mojabochnia.pl\/\",\"logo\":{\"@type\":\"ImageObject\",\"inLanguage\":\"pl-PL\",\"@id\":\"https:\/\/www.mojabochnia.pl\/#\/schema\/logo\/image\/\",\"url\":\"https:\/\/www.mojabochnia.pl\/wp-content\/uploads\/2017\/08\/logo-mb-opt.png\",\"contentUrl\":\"https:\/\/www.mojabochnia.pl\/wp-content\/uploads\/2017\/08\/logo-mb-opt.png\",\"width\":250,\"height\":48,\"caption\":\"mojabochnia.pl - portal informacyjny\"},\"image\":{\"@id\":\"https:\/\/www.mojabochnia.pl\/#\/schema\/logo\/image\/\"},\"sameAs\":[\"https:\/\/www.facebook.com\/mojabochnia\"]},{\"@type\":\"Person\",\"@id\":\"https:\/\/www.mojabochnia.pl\/#\/schema\/person\/6cc2563b6df80713ce6940e6ed184c6c\",\"name\":\"Aleksander Rzepecki\",\"url\":\"https:\/\/www.mojabochnia.pl\/?author=9\"}]}<\/script>\n<!-- \/ Yoast SEO plugin. -->","yoast_head_json":{"title":"M\u00f3j Ty\u015b Kaziu, m\u00f3j - mojabochnia.pl - portal informacyjny","robots":{"index":"index","follow":"follow","max-snippet":"max-snippet:-1","max-image-preview":"max-image-preview:large","max-video-preview":"max-video-preview:-1"},"canonical":"https:\/\/www.mojabochnia.pl\/?p=1089","og_locale":"pl_PL","og_type":"article","og_title":"M\u00f3j Ty\u015b Kaziu, m\u00f3j - mojabochnia.pl - portal informacyjny","og_description":"Jako\u015b mam s\u0142abo\u015b\u0107 do \u017culi, wi\u0119c lubi\u0119 obserwowa\u0107 ich zachowanie. Po prostu wychowa\u0142em si\u0119 przed blokiem. I w kontek\u015bcie sporu o \u201eprawa autorskie\u201d do Kazimierza Wielkiego, przypomnia\u0142 mi si\u0119 taki jeden, kt\u00f3ry sta\u0142 przed pomnikiem i wola\u0142: \u201eM\u00f3j Ty\u015b Kaziu, m\u00f3j.\u201d Dlatego jestem przekonany, \u017ce tak uczuciowy zwi\u0105zek z Kazimierzem i ekspresja w wyra\u017caniu uczu\u0107,","og_url":"https:\/\/www.mojabochnia.pl\/?p=1089","og_site_name":"mojabochnia.pl - portal informacyjny","article_publisher":"https:\/\/www.facebook.com\/mojabochnia","article_published_time":"2008-01-21T12:01:53+00:00","article_modified_time":"2008-09-09T12:10:52+00:00","author":"Aleksander Rzepecki","twitter_card":"summary_large_image","twitter_misc":{"Written by":"Aleksander Rzepecki","Est. reading time":"1 minuta"},"schema":{"@context":"https:\/\/schema.org","@graph":[{"@type":"Article","@id":"https:\/\/www.mojabochnia.pl\/?p=1089#article","isPartOf":{"@id":"https:\/\/www.mojabochnia.pl\/?p=1089"},"author":{"name":"Aleksander Rzepecki","@id":"https:\/\/www.mojabochnia.pl\/#\/schema\/person\/6cc2563b6df80713ce6940e6ed184c6c"},"headline":"M\u00f3j Ty\u015b Kaziu, m\u00f3j","datePublished":"2008-01-21T12:01:53+00:00","dateModified":"2008-09-09T12:10:52+00:00","mainEntityOfPage":{"@id":"https:\/\/www.mojabochnia.pl\/?p=1089"},"wordCount":217,"commentCount":0,"publisher":{"@id":"https:\/\/www.mojabochnia.pl\/#organization"},"keywords":["aleksander rzepecki"],"articleSection":["Felietony"],"inLanguage":"pl-PL","potentialAction":[{"@type":"CommentAction","name":"Comment","target":["https:\/\/www.mojabochnia.pl\/?p=1089#respond"]}]},{"@type":"WebPage","@id":"https:\/\/www.mojabochnia.pl\/?p=1089","url":"https:\/\/www.mojabochnia.pl\/?p=1089","name":"M\u00f3j Ty\u015b Kaziu, m\u00f3j - mojabochnia.pl - portal informacyjny","isPartOf":{"@id":"https:\/\/www.mojabochnia.pl\/#website"},"datePublished":"2008-01-21T12:01:53+00:00","dateModified":"2008-09-09T12:10:52+00:00","breadcrumb":{"@id":"https:\/\/www.mojabochnia.pl\/?p=1089#breadcrumb"},"inLanguage":"pl-PL","potentialAction":[{"@type":"ReadAction","target":["https:\/\/www.mojabochnia.pl\/?p=1089"]}]},{"@type":"BreadcrumbList","@id":"https:\/\/www.mojabochnia.pl\/?p=1089#breadcrumb","itemListElement":[{"@type":"ListItem","position":1,"name":"Home","item":"https:\/\/www.mojabochnia.pl\/"},{"@type":"ListItem","position":2,"name":"M\u00f3j Ty\u015b Kaziu, m\u00f3j"}]},{"@type":"WebSite","@id":"https:\/\/www.mojabochnia.pl\/#website","url":"https:\/\/www.mojabochnia.pl\/","name":"mojabochnia.pl - portal informacyjny","description":"mojaBochnia to portal informacyjny o Bochni. Codziennie o Bochni piszemy i pokazujemy najwa\u017cniejsze wydarzenia","publisher":{"@id":"https:\/\/www.mojabochnia.pl\/#organization"},"potentialAction":[{"@type":"SearchAction","target":{"@type":"EntryPoint","urlTemplate":"https:\/\/www.mojabochnia.pl\/?s={search_term_string}"},"query-input":{"@type":"PropertyValueSpecification","valueRequired":true,"valueName":"search_term_string"}}],"inLanguage":"pl-PL"},{"@type":"Organization","@id":"https:\/\/www.mojabochnia.pl\/#organization","name":"mojabochnia.pl - portal informacyjny","url":"https:\/\/www.mojabochnia.pl\/","logo":{"@type":"ImageObject","inLanguage":"pl-PL","@id":"https:\/\/www.mojabochnia.pl\/#\/schema\/logo\/image\/","url":"https:\/\/www.mojabochnia.pl\/wp-content\/uploads\/2017\/08\/logo-mb-opt.png","contentUrl":"https:\/\/www.mojabochnia.pl\/wp-content\/uploads\/2017\/08\/logo-mb-opt.png","width":250,"height":48,"caption":"mojabochnia.pl - portal informacyjny"},"image":{"@id":"https:\/\/www.mojabochnia.pl\/#\/schema\/logo\/image\/"},"sameAs":["https:\/\/www.facebook.com\/mojabochnia"]},{"@type":"Person","@id":"https:\/\/www.mojabochnia.pl\/#\/schema\/person\/6cc2563b6df80713ce6940e6ed184c6c","name":"Aleksander Rzepecki","url":"https:\/\/www.mojabochnia.pl\/?author=9"}]}},"_links":{"self":[{"href":"https:\/\/www.mojabochnia.pl\/index.php?rest_route=\/wp\/v2\/posts\/1089","targetHints":{"allow":["GET"]}}],"collection":[{"href":"https:\/\/www.mojabochnia.pl\/index.php?rest_route=\/wp\/v2\/posts"}],"about":[{"href":"https:\/\/www.mojabochnia.pl\/index.php?rest_route=\/wp\/v2\/types\/post"}],"author":[{"embeddable":true,"href":"https:\/\/www.mojabochnia.pl\/index.php?rest_route=\/wp\/v2\/users\/9"}],"replies":[{"embeddable":true,"href":"https:\/\/www.mojabochnia.pl\/index.php?rest_route=%2Fwp%2Fv2%2Fcomments&post=1089"}],"version-history":[{"count":0,"href":"https:\/\/www.mojabochnia.pl\/index.php?rest_route=\/wp\/v2\/posts\/1089\/revisions"}],"wp:attachment":[{"href":"https:\/\/www.mojabochnia.pl\/index.php?rest_route=%2Fwp%2Fv2%2Fmedia&parent=1089"}],"wp:term":[{"taxonomy":"category","embeddable":true,"href":"https:\/\/www.mojabochnia.pl\/index.php?rest_route=%2Fwp%2Fv2%2Fcategories&post=1089"},{"taxonomy":"post_tag","embeddable":true,"href":"https:\/\/www.mojabochnia.pl\/index.php?rest_route=%2Fwp%2Fv2%2Ftags&post=1089"}],"curies":[{"name":"wp","href":"https:\/\/api.w.org\/{rel}","templated":true}]}}