{"id":108861,"date":"2014-05-15T13:32:23","date_gmt":"2014-05-15T11:32:23","guid":{"rendered":"http:\/\/www.mojabochnia.pl\/?p=108861"},"modified":"2014-05-15T13:50:30","modified_gmt":"2014-05-15T11:50:30","slug":"bochnia-szykuje-sie-na-powodz","status":"publish","type":"post","link":"https:\/\/www.mojabochnia.pl\/?p=108861","title":{"rendered":"Bochnia szykuje si\u0119 na pow\u00f3d\u017a"},"content":{"rendered":"<p>Pracownicy Urz\u0119du, BZUK-u oraz wi\u0119\u017aniowie zak\u0142adu karnego w Nowym Wi\u015bniczu pracuj\u0105 nad zabezpieczeniem wielu obiekt\u00f3w na terenie miasta, g\u0142\u00f3wnie na terenie osiedla Jana, ul. \u0141any oraz ul. Na Buczk\u00f3w. <\/p>\n<p>W ci\u0105gu nadchodz\u0105cej nocy, pod nr tel. 14 6149101, dy\u017curowa\u0107 b\u0119d\u0105 pracownicy UM. R\u00f3wnie\u017c Stra\u017c Miejska przez ca\u0142\u0105 noc b\u0119dzie patrolowa\u0107 najbardziej zagro\u017cone rejony miasta (tel. 986 lub 14 611 84 05).<\/p>\n<p>Wszelkie niepokoj\u0105ce zjawiska zwi\u0105zane z opadami mo\u017cna te\u017c zg\u0142asza\u0107 do Pa\u0144stwowej Stra\u017cy Po\u017carnej (tel. 998, 112 lub 146116097).<\/p>\n\t  \r\n\t\r\n\t    <div class=\"mb-gallery\">\r\n\t    <a href=\"https:\/\/www.mojabochnia.pl\/?attachment_id=108863\" class=\"\"><img loading=\"lazy\" decoding=\"async\" width=\"100\" height=\"56\" src=\"https:\/\/www.mojabochnia.pl\/wp-content\/uploads\/2014\/05\/11-120x67.jpg\" class=\"attachment-100x100 size-100x100\" alt=\"\" srcset=\"https:\/\/www.mojabochnia.pl\/wp-content\/uploads\/2014\/05\/11-120x67.jpg 120w, https:\/\/www.mojabochnia.pl\/wp-content\/uploads\/2014\/05\/11-468x263.jpg 468w, https:\/\/www.mojabochnia.pl\/wp-content\/uploads\/2014\/05\/11.jpg 660w\" sizes=\"auto, (max-width: 100px) 100vw, 100px\" \/><\/a><a href=\"https:\/\/www.mojabochnia.pl\/?attachment_id=108864\" class=\"\"><img loading=\"lazy\" decoding=\"async\" width=\"100\" height=\"56\" src=\"https:\/\/www.mojabochnia.pl\/wp-content\/uploads\/2014\/05\/21-120x67.jpg\" class=\"attachment-100x100 size-100x100\" alt=\"\" srcset=\"https:\/\/www.mojabochnia.pl\/wp-content\/uploads\/2014\/05\/21-120x67.jpg 120w, https:\/\/www.mojabochnia.pl\/wp-content\/uploads\/2014\/05\/21-468x263.jpg 468w, https:\/\/www.mojabochnia.pl\/wp-content\/uploads\/2014\/05\/21.jpg 660w\" sizes=\"auto, (max-width: 100px) 100vw, 100px\" \/><\/a><a href=\"https:\/\/www.mojabochnia.pl\/?attachment_id=108865\" class=\"\"><img loading=\"lazy\" decoding=\"async\" width=\"100\" height=\"56\" src=\"https:\/\/www.mojabochnia.pl\/wp-content\/uploads\/2014\/05\/32-120x67.jpg\" class=\"attachment-100x100 size-100x100\" alt=\"\" srcset=\"https:\/\/www.mojabochnia.pl\/wp-content\/uploads\/2014\/05\/32-120x67.jpg 120w, https:\/\/www.mojabochnia.pl\/wp-content\/uploads\/2014\/05\/32-468x263.jpg 468w, https:\/\/www.mojabochnia.pl\/wp-content\/uploads\/2014\/05\/32.jpg 660w\" sizes=\"auto, (max-width: 100px) 100vw, 100px\" \/><\/a><a href=\"https:\/\/www.mojabochnia.pl\/?attachment_id=108866\" class=\"\"><img loading=\"lazy\" decoding=\"async\" width=\"100\" height=\"56\" src=\"https:\/\/www.mojabochnia.pl\/wp-content\/uploads\/2014\/05\/41-120x67.jpg\" class=\"attachment-100x100 size-100x100\" alt=\"\" srcset=\"https:\/\/www.mojabochnia.pl\/wp-content\/uploads\/2014\/05\/41-120x67.jpg 120w, https:\/\/www.mojabochnia.pl\/wp-content\/uploads\/2014\/05\/41-468x263.jpg 468w, https:\/\/www.mojabochnia.pl\/wp-content\/uploads\/2014\/05\/41.jpg 660w\" sizes=\"auto, (max-width: 100px) 100vw, 100px\" \/><\/a><a href=\"https:\/\/www.mojabochnia.pl\/?attachment_id=108869\" class=\"\"><img loading=\"lazy\" decoding=\"async\" width=\"100\" height=\"56\" src=\"https:\/\/www.mojabochnia.pl\/wp-content\/uploads\/2014\/05\/DSCN1207-120x67.jpg\" class=\"attachment-100x100 size-100x100\" alt=\"\" srcset=\"https:\/\/www.mojabochnia.pl\/wp-content\/uploads\/2014\/05\/DSCN1207-120x67.jpg 120w, https:\/\/www.mojabochnia.pl\/wp-content\/uploads\/2014\/05\/DSCN1207-468x264.jpg 468w, https:\/\/www.mojabochnia.pl\/wp-content\/uploads\/2014\/05\/DSCN1207.jpg 660w\" sizes=\"auto, (max-width: 100px) 100vw, 100px\" \/><\/a>\t    <\/div>\r\n\t    ","protected":false},"excerpt":{"rendered":"<p>W zwi\u0105zku z zapowiadanymi intensywnymi opadami deszczu w Urz\u0119dzie Miasta Bochnia ca\u0142y czas pracuje zesp\u00f3\u0142 zarz\u0105dzania kryzysowego. Przez dwa ostatnie dni wydano ponad 6 tys. work\u00f3w na piasek. <\/p>\n","protected":false},"author":13,"featured_media":108863,"comment_status":"open","ping_status":"closed","sticky":true,"template":"","format":"standard","meta":{"_acf_changed":false,"footnotes":""},"categories":[5,6247,6246,6251,6250],"tags":[17712,2563,7864,17774,17223,14111],"class_list":["post-108861","post","type-post","status-publish","format-standard","has-post-thumbnail","hentry","category-biezace-wydarzenia","category-fotogaleria","category-medium","category-polityka-i-wydarzenia","category-tematyka","tag-babica","tag-opady","tag-piasek","tag-powodz","tag-raba","tag-worki","main_tag-powodz"],"acf":[],"yoast_head":"<!-- This site is optimized with the Yoast SEO plugin v26.9 - https:\/\/yoast.com\/product\/yoast-seo-wordpress\/ -->\n<title>Bochnia szykuje si\u0119 na pow\u00f3d\u017a - mojabochnia.pl - portal informacyjny<\/title>\n<meta name=\"robots\" content=\"index, follow, max-snippet:-1, max-image-preview:large, max-video-preview:-1\" \/>\n<link rel=\"canonical\" href=\"https:\/\/www.mojabochnia.pl\/?p=108861\" \/>\n<meta property=\"og:locale\" content=\"pl_PL\" \/>\n<meta property=\"og:type\" content=\"article\" \/>\n<meta property=\"og:title\" content=\"Bochnia szykuje si\u0119 na pow\u00f3d\u017a - mojabochnia.pl - portal informacyjny\" \/>\n<meta property=\"og:description\" content=\"W zwi\u0105zku z zapowiadanymi intensywnymi opadami deszczu w Urz\u0119dzie Miasta Bochnia ca\u0142y czas pracuje zesp\u00f3\u0142 zarz\u0105dzania kryzysowego. Przez dwa ostatnie dni wydano ponad 6 tys. work\u00f3w na piasek.\" \/>\n<meta property=\"og:url\" content=\"https:\/\/www.mojabochnia.pl\/?p=108861\" \/>\n<meta property=\"og:site_name\" content=\"mojabochnia.pl - portal informacyjny\" \/>\n<meta property=\"article:publisher\" content=\"https:\/\/www.facebook.com\/mojabochnia\" \/>\n<meta property=\"article:published_time\" content=\"2014-05-15T11:32:23+00:00\" \/>\n<meta property=\"article:modified_time\" content=\"2014-05-15T11:50:30+00:00\" \/>\n<meta property=\"og:image\" content=\"https:\/\/www.mojabochnia.pl\/wp-content\/uploads\/2014\/05\/11.jpg\" \/>\n\t<meta property=\"og:image:width\" content=\"660\" \/>\n\t<meta property=\"og:image:height\" content=\"371\" \/>\n\t<meta property=\"og:image:type\" content=\"image\/jpeg\" \/>\n<meta name=\"author\" content=\"redakcja\" \/>\n<meta name=\"twitter:card\" content=\"summary_large_image\" \/>\n<meta name=\"twitter:label1\" content=\"Written by\" \/>\n\t<meta name=\"twitter:data1\" content=\"redakcja\" \/>\n<script type=\"application\/ld+json\" class=\"yoast-schema-graph\">{\"@context\":\"https:\/\/schema.org\",\"@graph\":[{\"@type\":\"Article\",\"@id\":\"https:\/\/www.mojabochnia.pl\/?p=108861#article\",\"isPartOf\":{\"@id\":\"https:\/\/www.mojabochnia.pl\/?p=108861\"},\"author\":{\"name\":\"redakcja\",\"@id\":\"https:\/\/www.mojabochnia.pl\/#\/schema\/person\/7e2f20ead9902216a3384f13606c0ab7\"},\"headline\":\"Bochnia szykuje si\u0119 na pow\u00f3d\u017a\",\"datePublished\":\"2014-05-15T11:32:23+00:00\",\"dateModified\":\"2014-05-15T11:50:30+00:00\",\"mainEntityOfPage\":{\"@id\":\"https:\/\/www.mojabochnia.pl\/?p=108861\"},\"wordCount\":96,\"commentCount\":0,\"publisher\":{\"@id\":\"https:\/\/www.mojabochnia.pl\/#organization\"},\"image\":{\"@id\":\"https:\/\/www.mojabochnia.pl\/?p=108861#primaryimage\"},\"thumbnailUrl\":\"https:\/\/www.mojabochnia.pl\/wp-content\/uploads\/2014\/05\/11.jpg\",\"keywords\":[\"babica\",\"opady\",\"piasek\",\"pow\u00f3d\u017a\",\"raba\",\"worki\"],\"articleSection\":[\"2_ostatnie\",\"fotogaleria\",\"Medium\",\"polityka i wydarzenia\",\"tematyka\"],\"inLanguage\":\"pl-PL\",\"potentialAction\":[{\"@type\":\"CommentAction\",\"name\":\"Comment\",\"target\":[\"https:\/\/www.mojabochnia.pl\/?p=108861#respond\"]}]},{\"@type\":\"WebPage\",\"@id\":\"https:\/\/www.mojabochnia.pl\/?p=108861\",\"url\":\"https:\/\/www.mojabochnia.pl\/?p=108861\",\"name\":\"Bochnia szykuje si\u0119 na pow\u00f3d\u017a - mojabochnia.pl - portal informacyjny\",\"isPartOf\":{\"@id\":\"https:\/\/www.mojabochnia.pl\/#website\"},\"primaryImageOfPage\":{\"@id\":\"https:\/\/www.mojabochnia.pl\/?p=108861#primaryimage\"},\"image\":{\"@id\":\"https:\/\/www.mojabochnia.pl\/?p=108861#primaryimage\"},\"thumbnailUrl\":\"https:\/\/www.mojabochnia.pl\/wp-content\/uploads\/2014\/05\/11.jpg\",\"datePublished\":\"2014-05-15T11:32:23+00:00\",\"dateModified\":\"2014-05-15T11:50:30+00:00\",\"breadcrumb\":{\"@id\":\"https:\/\/www.mojabochnia.pl\/?p=108861#breadcrumb\"},\"inLanguage\":\"pl-PL\",\"potentialAction\":[{\"@type\":\"ReadAction\",\"target\":[\"https:\/\/www.mojabochnia.pl\/?p=108861\"]}]},{\"@type\":\"ImageObject\",\"inLanguage\":\"pl-PL\",\"@id\":\"https:\/\/www.mojabochnia.pl\/?p=108861#primaryimage\",\"url\":\"https:\/\/www.mojabochnia.pl\/wp-content\/uploads\/2014\/05\/11.jpg\",\"contentUrl\":\"https:\/\/www.mojabochnia.pl\/wp-content\/uploads\/2014\/05\/11.jpg\",\"width\":660,\"height\":371,\"caption\":\"UM Bochnia\"},{\"@type\":\"BreadcrumbList\",\"@id\":\"https:\/\/www.mojabochnia.pl\/?p=108861#breadcrumb\",\"itemListElement\":[{\"@type\":\"ListItem\",\"position\":1,\"name\":\"Home\",\"item\":\"https:\/\/www.mojabochnia.pl\/\"},{\"@type\":\"ListItem\",\"position\":2,\"name\":\"Bochnia szykuje si\u0119 na pow\u00f3d\u017a\"}]},{\"@type\":\"WebSite\",\"@id\":\"https:\/\/www.mojabochnia.pl\/#website\",\"url\":\"https:\/\/www.mojabochnia.pl\/\",\"name\":\"mojabochnia.pl - portal informacyjny\",\"description\":\"mojaBochnia to portal informacyjny o Bochni. Codziennie o Bochni piszemy i pokazujemy najwa\u017cniejsze wydarzenia\",\"publisher\":{\"@id\":\"https:\/\/www.mojabochnia.pl\/#organization\"},\"potentialAction\":[{\"@type\":\"SearchAction\",\"target\":{\"@type\":\"EntryPoint\",\"urlTemplate\":\"https:\/\/www.mojabochnia.pl\/?s={search_term_string}\"},\"query-input\":{\"@type\":\"PropertyValueSpecification\",\"valueRequired\":true,\"valueName\":\"search_term_string\"}}],\"inLanguage\":\"pl-PL\"},{\"@type\":\"Organization\",\"@id\":\"https:\/\/www.mojabochnia.pl\/#organization\",\"name\":\"mojabochnia.pl - portal informacyjny\",\"url\":\"https:\/\/www.mojabochnia.pl\/\",\"logo\":{\"@type\":\"ImageObject\",\"inLanguage\":\"pl-PL\",\"@id\":\"https:\/\/www.mojabochnia.pl\/#\/schema\/logo\/image\/\",\"url\":\"https:\/\/www.mojabochnia.pl\/wp-content\/uploads\/2017\/08\/logo-mb-opt.png\",\"contentUrl\":\"https:\/\/www.mojabochnia.pl\/wp-content\/uploads\/2017\/08\/logo-mb-opt.png\",\"width\":250,\"height\":48,\"caption\":\"mojabochnia.pl - portal informacyjny\"},\"image\":{\"@id\":\"https:\/\/www.mojabochnia.pl\/#\/schema\/logo\/image\/\"},\"sameAs\":[\"https:\/\/www.facebook.com\/mojabochnia\"]},{\"@type\":\"Person\",\"@id\":\"https:\/\/www.mojabochnia.pl\/#\/schema\/person\/7e2f20ead9902216a3384f13606c0ab7\",\"name\":\"redakcja\",\"sameAs\":[\"http:\/\/\"],\"url\":\"https:\/\/www.mojabochnia.pl\/?author=13\"}]}<\/script>\n<!-- \/ Yoast SEO plugin. -->","yoast_head_json":{"title":"Bochnia szykuje si\u0119 na pow\u00f3d\u017a - mojabochnia.pl - portal informacyjny","robots":{"index":"index","follow":"follow","max-snippet":"max-snippet:-1","max-image-preview":"max-image-preview:large","max-video-preview":"max-video-preview:-1"},"canonical":"https:\/\/www.mojabochnia.pl\/?p=108861","og_locale":"pl_PL","og_type":"article","og_title":"Bochnia szykuje si\u0119 na pow\u00f3d\u017a - mojabochnia.pl - portal informacyjny","og_description":"W zwi\u0105zku z zapowiadanymi intensywnymi opadami deszczu w Urz\u0119dzie Miasta Bochnia ca\u0142y czas pracuje zesp\u00f3\u0142 zarz\u0105dzania kryzysowego. Przez dwa ostatnie dni wydano ponad 6 tys. work\u00f3w na piasek.","og_url":"https:\/\/www.mojabochnia.pl\/?p=108861","og_site_name":"mojabochnia.pl - portal informacyjny","article_publisher":"https:\/\/www.facebook.com\/mojabochnia","article_published_time":"2014-05-15T11:32:23+00:00","article_modified_time":"2014-05-15T11:50:30+00:00","og_image":[{"width":660,"height":371,"url":"https:\/\/www.mojabochnia.pl\/wp-content\/uploads\/2014\/05\/11.jpg","type":"image\/jpeg"}],"author":"redakcja","twitter_card":"summary_large_image","twitter_misc":{"Written by":"redakcja"},"schema":{"@context":"https:\/\/schema.org","@graph":[{"@type":"Article","@id":"https:\/\/www.mojabochnia.pl\/?p=108861#article","isPartOf":{"@id":"https:\/\/www.mojabochnia.pl\/?p=108861"},"author":{"name":"redakcja","@id":"https:\/\/www.mojabochnia.pl\/#\/schema\/person\/7e2f20ead9902216a3384f13606c0ab7"},"headline":"Bochnia szykuje si\u0119 na pow\u00f3d\u017a","datePublished":"2014-05-15T11:32:23+00:00","dateModified":"2014-05-15T11:50:30+00:00","mainEntityOfPage":{"@id":"https:\/\/www.mojabochnia.pl\/?p=108861"},"wordCount":96,"commentCount":0,"publisher":{"@id":"https:\/\/www.mojabochnia.pl\/#organization"},"image":{"@id":"https:\/\/www.mojabochnia.pl\/?p=108861#primaryimage"},"thumbnailUrl":"https:\/\/www.mojabochnia.pl\/wp-content\/uploads\/2014\/05\/11.jpg","keywords":["babica","opady","piasek","pow\u00f3d\u017a","raba","worki"],"articleSection":["2_ostatnie","fotogaleria","Medium","polityka i wydarzenia","tematyka"],"inLanguage":"pl-PL","potentialAction":[{"@type":"CommentAction","name":"Comment","target":["https:\/\/www.mojabochnia.pl\/?p=108861#respond"]}]},{"@type":"WebPage","@id":"https:\/\/www.mojabochnia.pl\/?p=108861","url":"https:\/\/www.mojabochnia.pl\/?p=108861","name":"Bochnia szykuje si\u0119 na pow\u00f3d\u017a - mojabochnia.pl - portal informacyjny","isPartOf":{"@id":"https:\/\/www.mojabochnia.pl\/#website"},"primaryImageOfPage":{"@id":"https:\/\/www.mojabochnia.pl\/?p=108861#primaryimage"},"image":{"@id":"https:\/\/www.mojabochnia.pl\/?p=108861#primaryimage"},"thumbnailUrl":"https:\/\/www.mojabochnia.pl\/wp-content\/uploads\/2014\/05\/11.jpg","datePublished":"2014-05-15T11:32:23+00:00","dateModified":"2014-05-15T11:50:30+00:00","breadcrumb":{"@id":"https:\/\/www.mojabochnia.pl\/?p=108861#breadcrumb"},"inLanguage":"pl-PL","potentialAction":[{"@type":"ReadAction","target":["https:\/\/www.mojabochnia.pl\/?p=108861"]}]},{"@type":"ImageObject","inLanguage":"pl-PL","@id":"https:\/\/www.mojabochnia.pl\/?p=108861#primaryimage","url":"https:\/\/www.mojabochnia.pl\/wp-content\/uploads\/2014\/05\/11.jpg","contentUrl":"https:\/\/www.mojabochnia.pl\/wp-content\/uploads\/2014\/05\/11.jpg","width":660,"height":371,"caption":"UM Bochnia"},{"@type":"BreadcrumbList","@id":"https:\/\/www.mojabochnia.pl\/?p=108861#breadcrumb","itemListElement":[{"@type":"ListItem","position":1,"name":"Home","item":"https:\/\/www.mojabochnia.pl\/"},{"@type":"ListItem","position":2,"name":"Bochnia szykuje si\u0119 na pow\u00f3d\u017a"}]},{"@type":"WebSite","@id":"https:\/\/www.mojabochnia.pl\/#website","url":"https:\/\/www.mojabochnia.pl\/","name":"mojabochnia.pl - portal informacyjny","description":"mojaBochnia to portal informacyjny o Bochni. Codziennie o Bochni piszemy i pokazujemy najwa\u017cniejsze wydarzenia","publisher":{"@id":"https:\/\/www.mojabochnia.pl\/#organization"},"potentialAction":[{"@type":"SearchAction","target":{"@type":"EntryPoint","urlTemplate":"https:\/\/www.mojabochnia.pl\/?s={search_term_string}"},"query-input":{"@type":"PropertyValueSpecification","valueRequired":true,"valueName":"search_term_string"}}],"inLanguage":"pl-PL"},{"@type":"Organization","@id":"https:\/\/www.mojabochnia.pl\/#organization","name":"mojabochnia.pl - portal informacyjny","url":"https:\/\/www.mojabochnia.pl\/","logo":{"@type":"ImageObject","inLanguage":"pl-PL","@id":"https:\/\/www.mojabochnia.pl\/#\/schema\/logo\/image\/","url":"https:\/\/www.mojabochnia.pl\/wp-content\/uploads\/2017\/08\/logo-mb-opt.png","contentUrl":"https:\/\/www.mojabochnia.pl\/wp-content\/uploads\/2017\/08\/logo-mb-opt.png","width":250,"height":48,"caption":"mojabochnia.pl - portal informacyjny"},"image":{"@id":"https:\/\/www.mojabochnia.pl\/#\/schema\/logo\/image\/"},"sameAs":["https:\/\/www.facebook.com\/mojabochnia"]},{"@type":"Person","@id":"https:\/\/www.mojabochnia.pl\/#\/schema\/person\/7e2f20ead9902216a3384f13606c0ab7","name":"redakcja","sameAs":["http:\/\/"],"url":"https:\/\/www.mojabochnia.pl\/?author=13"}]}},"_links":{"self":[{"href":"https:\/\/www.mojabochnia.pl\/index.php?rest_route=\/wp\/v2\/posts\/108861","targetHints":{"allow":["GET"]}}],"collection":[{"href":"https:\/\/www.mojabochnia.pl\/index.php?rest_route=\/wp\/v2\/posts"}],"about":[{"href":"https:\/\/www.mojabochnia.pl\/index.php?rest_route=\/wp\/v2\/types\/post"}],"author":[{"embeddable":true,"href":"https:\/\/www.mojabochnia.pl\/index.php?rest_route=\/wp\/v2\/users\/13"}],"replies":[{"embeddable":true,"href":"https:\/\/www.mojabochnia.pl\/index.php?rest_route=%2Fwp%2Fv2%2Fcomments&post=108861"}],"version-history":[{"count":3,"href":"https:\/\/www.mojabochnia.pl\/index.php?rest_route=\/wp\/v2\/posts\/108861\/revisions"}],"predecessor-version":[{"id":108868,"href":"https:\/\/www.mojabochnia.pl\/index.php?rest_route=\/wp\/v2\/posts\/108861\/revisions\/108868"}],"wp:featuredmedia":[{"embeddable":true,"href":"https:\/\/www.mojabochnia.pl\/index.php?rest_route=\/wp\/v2\/media\/108863"}],"wp:attachment":[{"href":"https:\/\/www.mojabochnia.pl\/index.php?rest_route=%2Fwp%2Fv2%2Fmedia&parent=108861"}],"wp:term":[{"taxonomy":"category","embeddable":true,"href":"https:\/\/www.mojabochnia.pl\/index.php?rest_route=%2Fwp%2Fv2%2Fcategories&post=108861"},{"taxonomy":"post_tag","embeddable":true,"href":"https:\/\/www.mojabochnia.pl\/index.php?rest_route=%2Fwp%2Fv2%2Ftags&post=108861"}],"curies":[{"name":"wp","href":"https:\/\/api.w.org\/{rel}","templated":true}]}}