{"id":108858,"date":"2014-05-15T13:23:28","date_gmt":"2014-05-15T11:23:28","guid":{"rendered":"http:\/\/www.mojabochnia.pl\/?p=108858"},"modified":"2014-05-15T13:58:00","modified_gmt":"2014-05-15T11:58:00","slug":"starosta-spotkal-sie-z-zespolem-zarzadzania-kryzysowego","status":"publish","type":"post","link":"https:\/\/www.mojabochnia.pl\/?p=108858","title":{"rendered":"Starosta spotka\u0142 si\u0119 z Zespo\u0142em Zarz\u0105dzania Kryzysowego"},"content":{"rendered":"<p>Na spotkanie zostali zaproszeni r\u00f3wnie\u017c przedstawiciele Inspektoratu Rejonowego Melioracji i Urz\u0105dze\u0144 Wodnych w Bochni oraz RZGW Nadz\u00f3r Wodny Bochnia. Spotkanie mia\u0142o na celu ocen\u0119 stanu zabezpieczenia powiatu oraz realno\u015bci wyst\u0105pienia powodzi lub podtopie\u0144 na terenie powiatu boche\u0144skiego w zwi\u0105zku z zapowiadanymi przez meteorolog\u00f3w opadami.<\/p>\n<p>Uczestnicy spotkania przeanalizowali  bie\u017c\u0105c\u0105 sytuacj\u0119 na rzekach i zbiorniku wodnym w Dobczycach. Om\u00f3wiono dzia\u0142anie system\u00f3w monitorowania i ostrzegania ludno\u015bci o zagro\u017ceniu oraz oceniono wielko\u015b\u0107 dost\u0119pnych zasob\u00f3w sprz\u0119towych i materia\u0142owych niezb\u0119dnych do prowadzenia dzia\u0142a\u0144 ratowniczych. <\/p>\n<p>Przedstawiciele poszczeg\u00f3lnych s\u0142u\u017cb poinformowali starost\u0119  o stanie przygotowa\u0144 do prowadzenia dzia\u0142a\u0144 ratowniczych i porz\u0105dkowych oraz gotowo\u015bci do ich podj\u0119cia na wypadek powodzi. U\u015bci\u015blono zasady wsp\u00f3\u0142pracy pomi\u0119dzy poszczeg\u00f3lnymi podmiotami w zakresie wymiany informacji i reagowania.<\/p>\n\t  \r\n\t\r\n\t    <div class=\"mb-gallery\">\r\n\t    <a href=\"https:\/\/www.mojabochnia.pl\/?attachment_id=108870\" class=\"\"><img loading=\"lazy\" decoding=\"async\" width=\"100\" height=\"56\" src=\"https:\/\/www.mojabochnia.pl\/wp-content\/uploads\/2014\/05\/DSCN1200-120x67.jpg\" class=\"attachment-100x100 size-100x100\" alt=\"\" srcset=\"https:\/\/www.mojabochnia.pl\/wp-content\/uploads\/2014\/05\/DSCN1200-120x67.jpg 120w, https:\/\/www.mojabochnia.pl\/wp-content\/uploads\/2014\/05\/DSCN1200-468x263.jpg 468w, https:\/\/www.mojabochnia.pl\/wp-content\/uploads\/2014\/05\/DSCN1200.jpg 660w\" sizes=\"auto, (max-width: 100px) 100vw, 100px\" \/><\/a><a href=\"https:\/\/www.mojabochnia.pl\/?attachment_id=108871\" class=\"\"><img loading=\"lazy\" decoding=\"async\" width=\"100\" height=\"56\" src=\"https:\/\/www.mojabochnia.pl\/wp-content\/uploads\/2014\/05\/DSCN1203-1-120x67.jpg\" class=\"attachment-100x100 size-100x100\" alt=\"\" srcset=\"https:\/\/www.mojabochnia.pl\/wp-content\/uploads\/2014\/05\/DSCN1203-1-120x67.jpg 120w, https:\/\/www.mojabochnia.pl\/wp-content\/uploads\/2014\/05\/DSCN1203-1-468x264.jpg 468w, https:\/\/www.mojabochnia.pl\/wp-content\/uploads\/2014\/05\/DSCN1203-1.jpg 660w\" sizes=\"auto, (max-width: 100px) 100vw, 100px\" \/><\/a><a href=\"https:\/\/www.mojabochnia.pl\/?attachment_id=108872\" class=\"\"><img loading=\"lazy\" decoding=\"async\" width=\"100\" height=\"56\" src=\"https:\/\/www.mojabochnia.pl\/wp-content\/uploads\/2014\/05\/DSCN1205-120x67.jpg\" class=\"attachment-100x100 size-100x100\" alt=\"\" srcset=\"https:\/\/www.mojabochnia.pl\/wp-content\/uploads\/2014\/05\/DSCN1205-120x67.jpg 120w, https:\/\/www.mojabochnia.pl\/wp-content\/uploads\/2014\/05\/DSCN1205-468x264.jpg 468w, https:\/\/www.mojabochnia.pl\/wp-content\/uploads\/2014\/05\/DSCN1205.jpg 660w\" sizes=\"auto, (max-width: 100px) 100vw, 100px\" \/><\/a><a href=\"https:\/\/www.mojabochnia.pl\/?attachment_id=108873\" class=\"\"><img loading=\"lazy\" decoding=\"async\" width=\"100\" height=\"56\" src=\"https:\/\/www.mojabochnia.pl\/wp-content\/uploads\/2014\/05\/DSCN1206-120x67.jpg\" class=\"attachment-100x100 size-100x100\" alt=\"\" srcset=\"https:\/\/www.mojabochnia.pl\/wp-content\/uploads\/2014\/05\/DSCN1206-120x67.jpg 120w, https:\/\/www.mojabochnia.pl\/wp-content\/uploads\/2014\/05\/DSCN1206-468x264.jpg 468w, https:\/\/www.mojabochnia.pl\/wp-content\/uploads\/2014\/05\/DSCN1206.jpg 660w\" sizes=\"auto, (max-width: 100px) 100vw, 100px\" \/><\/a>\t    <\/div>\r\n\t    ","protected":false},"excerpt":{"rendered":"<p>W zwi\u0105zku z post\u0119puj\u0105cymi opadami deszczu, starosta Jacek Paj\u0105k spotka\u0142 si\u0119 z przedstawicielami Pa\u0144stwowej Stra\u017cy Po\u017carnej w Bochni, Komendy Powiatowej Policji w Bochni, Wydzia\u0142u Bezpiecze\u0144stwa, O\u015bwiaty i Spraw Spo\u0142ecznych oraz Powiatowego Zarz\u0105du Dr\u00f3g. <\/p>\n","protected":false},"author":13,"featured_media":27579,"comment_status":"open","ping_status":"closed","sticky":false,"template":"","format":"standard","meta":{"_acf_changed":false,"footnotes":""},"categories":[5,6251,6250],"tags":[17136,17774,17494],"class_list":["post-108858","post","type-post","status-publish","format-standard","has-post-thumbnail","hentry","category-biezace-wydarzenia","category-polityka-i-wydarzenia","category-tematyka","tag-jacek-pajak","tag-powodz","tag-starosta","main_tag-powodz"],"acf":[],"yoast_head":"<!-- This site is optimized with the Yoast SEO plugin v26.9 - https:\/\/yoast.com\/product\/yoast-seo-wordpress\/ -->\n<title>Starosta spotka\u0142 si\u0119 z Zespo\u0142em Zarz\u0105dzania Kryzysowego - mojabochnia.pl - portal informacyjny<\/title>\n<meta name=\"robots\" content=\"index, follow, max-snippet:-1, max-image-preview:large, max-video-preview:-1\" \/>\n<link rel=\"canonical\" href=\"https:\/\/www.mojabochnia.pl\/?p=108858\" \/>\n<meta property=\"og:locale\" content=\"pl_PL\" \/>\n<meta property=\"og:type\" content=\"article\" \/>\n<meta property=\"og:title\" content=\"Starosta spotka\u0142 si\u0119 z Zespo\u0142em Zarz\u0105dzania Kryzysowego - mojabochnia.pl - portal informacyjny\" \/>\n<meta property=\"og:description\" content=\"W zwi\u0105zku z post\u0119puj\u0105cymi opadami deszczu, starosta Jacek Paj\u0105k spotka\u0142 si\u0119 z przedstawicielami Pa\u0144stwowej Stra\u017cy Po\u017carnej w Bochni, Komendy Powiatowej Policji w Bochni, Wydzia\u0142u Bezpiecze\u0144stwa, O\u015bwiaty i Spraw Spo\u0142ecznych oraz Powiatowego Zarz\u0105du Dr\u00f3g.\" \/>\n<meta property=\"og:url\" content=\"https:\/\/www.mojabochnia.pl\/?p=108858\" \/>\n<meta property=\"og:site_name\" content=\"mojabochnia.pl - portal informacyjny\" \/>\n<meta property=\"article:publisher\" content=\"https:\/\/www.facebook.com\/mojabochnia\" \/>\n<meta property=\"article:published_time\" content=\"2014-05-15T11:23:28+00:00\" \/>\n<meta property=\"article:modified_time\" content=\"2014-05-15T11:58:00+00:00\" \/>\n<meta property=\"og:image\" content=\"https:\/\/www.mojabochnia.pl\/wp-content\/uploads\/2010\/05\/0525_kryzys.jpg\" \/>\n\t<meta property=\"og:image:width\" content=\"800\" \/>\n\t<meta property=\"og:image:height\" content=\"450\" \/>\n\t<meta property=\"og:image:type\" content=\"image\/jpeg\" \/>\n<meta name=\"author\" content=\"redakcja\" \/>\n<meta name=\"twitter:card\" content=\"summary_large_image\" \/>\n<meta name=\"twitter:label1\" content=\"Written by\" \/>\n\t<meta name=\"twitter:data1\" content=\"redakcja\" \/>\n\t<meta name=\"twitter:label2\" content=\"Est. reading time\" \/>\n\t<meta name=\"twitter:data2\" content=\"1 minuta\" \/>\n<script type=\"application\/ld+json\" class=\"yoast-schema-graph\">{\"@context\":\"https:\/\/schema.org\",\"@graph\":[{\"@type\":\"Article\",\"@id\":\"https:\/\/www.mojabochnia.pl\/?p=108858#article\",\"isPartOf\":{\"@id\":\"https:\/\/www.mojabochnia.pl\/?p=108858\"},\"author\":{\"name\":\"redakcja\",\"@id\":\"https:\/\/www.mojabochnia.pl\/#\/schema\/person\/7e2f20ead9902216a3384f13606c0ab7\"},\"headline\":\"Starosta spotka\u0142 si\u0119 z Zespo\u0142em Zarz\u0105dzania Kryzysowego\",\"datePublished\":\"2014-05-15T11:23:28+00:00\",\"dateModified\":\"2014-05-15T11:58:00+00:00\",\"mainEntityOfPage\":{\"@id\":\"https:\/\/www.mojabochnia.pl\/?p=108858\"},\"wordCount\":154,\"commentCount\":0,\"publisher\":{\"@id\":\"https:\/\/www.mojabochnia.pl\/#organization\"},\"image\":{\"@id\":\"https:\/\/www.mojabochnia.pl\/?p=108858#primaryimage\"},\"thumbnailUrl\":\"https:\/\/www.mojabochnia.pl\/wp-content\/uploads\/2010\/05\/0525_kryzys.jpg\",\"keywords\":[\"jacek paj\u0105k\",\"pow\u00f3d\u017a\",\"starosta\"],\"articleSection\":[\"2_ostatnie\",\"polityka i wydarzenia\",\"tematyka\"],\"inLanguage\":\"pl-PL\",\"potentialAction\":[{\"@type\":\"CommentAction\",\"name\":\"Comment\",\"target\":[\"https:\/\/www.mojabochnia.pl\/?p=108858#respond\"]}]},{\"@type\":\"WebPage\",\"@id\":\"https:\/\/www.mojabochnia.pl\/?p=108858\",\"url\":\"https:\/\/www.mojabochnia.pl\/?p=108858\",\"name\":\"Starosta spotka\u0142 si\u0119 z Zespo\u0142em Zarz\u0105dzania Kryzysowego - mojabochnia.pl - portal informacyjny\",\"isPartOf\":{\"@id\":\"https:\/\/www.mojabochnia.pl\/#website\"},\"primaryImageOfPage\":{\"@id\":\"https:\/\/www.mojabochnia.pl\/?p=108858#primaryimage\"},\"image\":{\"@id\":\"https:\/\/www.mojabochnia.pl\/?p=108858#primaryimage\"},\"thumbnailUrl\":\"https:\/\/www.mojabochnia.pl\/wp-content\/uploads\/2010\/05\/0525_kryzys.jpg\",\"datePublished\":\"2014-05-15T11:23:28+00:00\",\"dateModified\":\"2014-05-15T11:58:00+00:00\",\"breadcrumb\":{\"@id\":\"https:\/\/www.mojabochnia.pl\/?p=108858#breadcrumb\"},\"inLanguage\":\"pl-PL\",\"potentialAction\":[{\"@type\":\"ReadAction\",\"target\":[\"https:\/\/www.mojabochnia.pl\/?p=108858\"]}]},{\"@type\":\"ImageObject\",\"inLanguage\":\"pl-PL\",\"@id\":\"https:\/\/www.mojabochnia.pl\/?p=108858#primaryimage\",\"url\":\"https:\/\/www.mojabochnia.pl\/wp-content\/uploads\/2010\/05\/0525_kryzys.jpg\",\"contentUrl\":\"https:\/\/www.mojabochnia.pl\/wp-content\/uploads\/2010\/05\/0525_kryzys.jpg\",\"width\":800,\"height\":450,\"caption\":\"P. Michalczyk\"},{\"@type\":\"BreadcrumbList\",\"@id\":\"https:\/\/www.mojabochnia.pl\/?p=108858#breadcrumb\",\"itemListElement\":[{\"@type\":\"ListItem\",\"position\":1,\"name\":\"Home\",\"item\":\"https:\/\/www.mojabochnia.pl\/\"},{\"@type\":\"ListItem\",\"position\":2,\"name\":\"Starosta spotka\u0142 si\u0119 z Zespo\u0142em Zarz\u0105dzania Kryzysowego\"}]},{\"@type\":\"WebSite\",\"@id\":\"https:\/\/www.mojabochnia.pl\/#website\",\"url\":\"https:\/\/www.mojabochnia.pl\/\",\"name\":\"mojabochnia.pl - portal informacyjny\",\"description\":\"mojaBochnia to portal informacyjny o Bochni. Codziennie o Bochni piszemy i pokazujemy najwa\u017cniejsze wydarzenia\",\"publisher\":{\"@id\":\"https:\/\/www.mojabochnia.pl\/#organization\"},\"potentialAction\":[{\"@type\":\"SearchAction\",\"target\":{\"@type\":\"EntryPoint\",\"urlTemplate\":\"https:\/\/www.mojabochnia.pl\/?s={search_term_string}\"},\"query-input\":{\"@type\":\"PropertyValueSpecification\",\"valueRequired\":true,\"valueName\":\"search_term_string\"}}],\"inLanguage\":\"pl-PL\"},{\"@type\":\"Organization\",\"@id\":\"https:\/\/www.mojabochnia.pl\/#organization\",\"name\":\"mojabochnia.pl - portal informacyjny\",\"url\":\"https:\/\/www.mojabochnia.pl\/\",\"logo\":{\"@type\":\"ImageObject\",\"inLanguage\":\"pl-PL\",\"@id\":\"https:\/\/www.mojabochnia.pl\/#\/schema\/logo\/image\/\",\"url\":\"https:\/\/www.mojabochnia.pl\/wp-content\/uploads\/2017\/08\/logo-mb-opt.png\",\"contentUrl\":\"https:\/\/www.mojabochnia.pl\/wp-content\/uploads\/2017\/08\/logo-mb-opt.png\",\"width\":250,\"height\":48,\"caption\":\"mojabochnia.pl - portal informacyjny\"},\"image\":{\"@id\":\"https:\/\/www.mojabochnia.pl\/#\/schema\/logo\/image\/\"},\"sameAs\":[\"https:\/\/www.facebook.com\/mojabochnia\"]},{\"@type\":\"Person\",\"@id\":\"https:\/\/www.mojabochnia.pl\/#\/schema\/person\/7e2f20ead9902216a3384f13606c0ab7\",\"name\":\"redakcja\",\"sameAs\":[\"http:\/\/\"],\"url\":\"https:\/\/www.mojabochnia.pl\/?author=13\"}]}<\/script>\n<!-- \/ Yoast SEO plugin. -->","yoast_head_json":{"title":"Starosta spotka\u0142 si\u0119 z Zespo\u0142em Zarz\u0105dzania Kryzysowego - mojabochnia.pl - portal informacyjny","robots":{"index":"index","follow":"follow","max-snippet":"max-snippet:-1","max-image-preview":"max-image-preview:large","max-video-preview":"max-video-preview:-1"},"canonical":"https:\/\/www.mojabochnia.pl\/?p=108858","og_locale":"pl_PL","og_type":"article","og_title":"Starosta spotka\u0142 si\u0119 z Zespo\u0142em Zarz\u0105dzania Kryzysowego - mojabochnia.pl - portal informacyjny","og_description":"W zwi\u0105zku z post\u0119puj\u0105cymi opadami deszczu, starosta Jacek Paj\u0105k spotka\u0142 si\u0119 z przedstawicielami Pa\u0144stwowej Stra\u017cy Po\u017carnej w Bochni, Komendy Powiatowej Policji w Bochni, Wydzia\u0142u Bezpiecze\u0144stwa, O\u015bwiaty i Spraw Spo\u0142ecznych oraz Powiatowego Zarz\u0105du Dr\u00f3g.","og_url":"https:\/\/www.mojabochnia.pl\/?p=108858","og_site_name":"mojabochnia.pl - portal informacyjny","article_publisher":"https:\/\/www.facebook.com\/mojabochnia","article_published_time":"2014-05-15T11:23:28+00:00","article_modified_time":"2014-05-15T11:58:00+00:00","og_image":[{"width":800,"height":450,"url":"https:\/\/www.mojabochnia.pl\/wp-content\/uploads\/2010\/05\/0525_kryzys.jpg","type":"image\/jpeg"}],"author":"redakcja","twitter_card":"summary_large_image","twitter_misc":{"Written by":"redakcja","Est. reading time":"1 minuta"},"schema":{"@context":"https:\/\/schema.org","@graph":[{"@type":"Article","@id":"https:\/\/www.mojabochnia.pl\/?p=108858#article","isPartOf":{"@id":"https:\/\/www.mojabochnia.pl\/?p=108858"},"author":{"name":"redakcja","@id":"https:\/\/www.mojabochnia.pl\/#\/schema\/person\/7e2f20ead9902216a3384f13606c0ab7"},"headline":"Starosta spotka\u0142 si\u0119 z Zespo\u0142em Zarz\u0105dzania Kryzysowego","datePublished":"2014-05-15T11:23:28+00:00","dateModified":"2014-05-15T11:58:00+00:00","mainEntityOfPage":{"@id":"https:\/\/www.mojabochnia.pl\/?p=108858"},"wordCount":154,"commentCount":0,"publisher":{"@id":"https:\/\/www.mojabochnia.pl\/#organization"},"image":{"@id":"https:\/\/www.mojabochnia.pl\/?p=108858#primaryimage"},"thumbnailUrl":"https:\/\/www.mojabochnia.pl\/wp-content\/uploads\/2010\/05\/0525_kryzys.jpg","keywords":["jacek paj\u0105k","pow\u00f3d\u017a","starosta"],"articleSection":["2_ostatnie","polityka i wydarzenia","tematyka"],"inLanguage":"pl-PL","potentialAction":[{"@type":"CommentAction","name":"Comment","target":["https:\/\/www.mojabochnia.pl\/?p=108858#respond"]}]},{"@type":"WebPage","@id":"https:\/\/www.mojabochnia.pl\/?p=108858","url":"https:\/\/www.mojabochnia.pl\/?p=108858","name":"Starosta spotka\u0142 si\u0119 z Zespo\u0142em Zarz\u0105dzania Kryzysowego - mojabochnia.pl - portal informacyjny","isPartOf":{"@id":"https:\/\/www.mojabochnia.pl\/#website"},"primaryImageOfPage":{"@id":"https:\/\/www.mojabochnia.pl\/?p=108858#primaryimage"},"image":{"@id":"https:\/\/www.mojabochnia.pl\/?p=108858#primaryimage"},"thumbnailUrl":"https:\/\/www.mojabochnia.pl\/wp-content\/uploads\/2010\/05\/0525_kryzys.jpg","datePublished":"2014-05-15T11:23:28+00:00","dateModified":"2014-05-15T11:58:00+00:00","breadcrumb":{"@id":"https:\/\/www.mojabochnia.pl\/?p=108858#breadcrumb"},"inLanguage":"pl-PL","potentialAction":[{"@type":"ReadAction","target":["https:\/\/www.mojabochnia.pl\/?p=108858"]}]},{"@type":"ImageObject","inLanguage":"pl-PL","@id":"https:\/\/www.mojabochnia.pl\/?p=108858#primaryimage","url":"https:\/\/www.mojabochnia.pl\/wp-content\/uploads\/2010\/05\/0525_kryzys.jpg","contentUrl":"https:\/\/www.mojabochnia.pl\/wp-content\/uploads\/2010\/05\/0525_kryzys.jpg","width":800,"height":450,"caption":"P. Michalczyk"},{"@type":"BreadcrumbList","@id":"https:\/\/www.mojabochnia.pl\/?p=108858#breadcrumb","itemListElement":[{"@type":"ListItem","position":1,"name":"Home","item":"https:\/\/www.mojabochnia.pl\/"},{"@type":"ListItem","position":2,"name":"Starosta spotka\u0142 si\u0119 z Zespo\u0142em Zarz\u0105dzania Kryzysowego"}]},{"@type":"WebSite","@id":"https:\/\/www.mojabochnia.pl\/#website","url":"https:\/\/www.mojabochnia.pl\/","name":"mojabochnia.pl - portal informacyjny","description":"mojaBochnia to portal informacyjny o Bochni. Codziennie o Bochni piszemy i pokazujemy najwa\u017cniejsze wydarzenia","publisher":{"@id":"https:\/\/www.mojabochnia.pl\/#organization"},"potentialAction":[{"@type":"SearchAction","target":{"@type":"EntryPoint","urlTemplate":"https:\/\/www.mojabochnia.pl\/?s={search_term_string}"},"query-input":{"@type":"PropertyValueSpecification","valueRequired":true,"valueName":"search_term_string"}}],"inLanguage":"pl-PL"},{"@type":"Organization","@id":"https:\/\/www.mojabochnia.pl\/#organization","name":"mojabochnia.pl - portal informacyjny","url":"https:\/\/www.mojabochnia.pl\/","logo":{"@type":"ImageObject","inLanguage":"pl-PL","@id":"https:\/\/www.mojabochnia.pl\/#\/schema\/logo\/image\/","url":"https:\/\/www.mojabochnia.pl\/wp-content\/uploads\/2017\/08\/logo-mb-opt.png","contentUrl":"https:\/\/www.mojabochnia.pl\/wp-content\/uploads\/2017\/08\/logo-mb-opt.png","width":250,"height":48,"caption":"mojabochnia.pl - portal informacyjny"},"image":{"@id":"https:\/\/www.mojabochnia.pl\/#\/schema\/logo\/image\/"},"sameAs":["https:\/\/www.facebook.com\/mojabochnia"]},{"@type":"Person","@id":"https:\/\/www.mojabochnia.pl\/#\/schema\/person\/7e2f20ead9902216a3384f13606c0ab7","name":"redakcja","sameAs":["http:\/\/"],"url":"https:\/\/www.mojabochnia.pl\/?author=13"}]}},"_links":{"self":[{"href":"https:\/\/www.mojabochnia.pl\/index.php?rest_route=\/wp\/v2\/posts\/108858","targetHints":{"allow":["GET"]}}],"collection":[{"href":"https:\/\/www.mojabochnia.pl\/index.php?rest_route=\/wp\/v2\/posts"}],"about":[{"href":"https:\/\/www.mojabochnia.pl\/index.php?rest_route=\/wp\/v2\/types\/post"}],"author":[{"embeddable":true,"href":"https:\/\/www.mojabochnia.pl\/index.php?rest_route=\/wp\/v2\/users\/13"}],"replies":[{"embeddable":true,"href":"https:\/\/www.mojabochnia.pl\/index.php?rest_route=%2Fwp%2Fv2%2Fcomments&post=108858"}],"version-history":[{"count":2,"href":"https:\/\/www.mojabochnia.pl\/index.php?rest_route=\/wp\/v2\/posts\/108858\/revisions"}],"predecessor-version":[{"id":108860,"href":"https:\/\/www.mojabochnia.pl\/index.php?rest_route=\/wp\/v2\/posts\/108858\/revisions\/108860"}],"wp:featuredmedia":[{"embeddable":true,"href":"https:\/\/www.mojabochnia.pl\/index.php?rest_route=\/wp\/v2\/media\/27579"}],"wp:attachment":[{"href":"https:\/\/www.mojabochnia.pl\/index.php?rest_route=%2Fwp%2Fv2%2Fmedia&parent=108858"}],"wp:term":[{"taxonomy":"category","embeddable":true,"href":"https:\/\/www.mojabochnia.pl\/index.php?rest_route=%2Fwp%2Fv2%2Fcategories&post=108858"},{"taxonomy":"post_tag","embeddable":true,"href":"https:\/\/www.mojabochnia.pl\/index.php?rest_route=%2Fwp%2Fv2%2Ftags&post=108858"}],"curies":[{"name":"wp","href":"https:\/\/api.w.org\/{rel}","templated":true}]}}