{"id":108848,"date":"2014-05-15T12:25:34","date_gmt":"2014-05-15T10:25:34","guid":{"rendered":"http:\/\/www.mojabochnia.pl\/?p=108848"},"modified":"2014-05-15T12:25:34","modified_gmt":"2014-05-15T10:25:34","slug":"uczniowie-z-budowlanki-na-praktykach-w-niemczech","status":"publish","type":"post","link":"https:\/\/www.mojabochnia.pl\/?p=108848","title":{"rendered":"Uczniowie z &#8222;Budowlanki&#8221; na praktykach w Niemczech"},"content":{"rendered":"<p>Zesp\u00f3\u0142 Szk\u00f3\u0142 Nr 2 w Bochni realizuje  projekt &#8222;Praktyki w krajach Unii Europejskiej inwestycj\u0105 w przysz\u0142y sukces zawodowy&#8221; finansowany w ca\u0142o\u015bci ze \u015brodk\u00f3w Unii Europejskiej w ramach Programu Leonardo da Vinci.<\/p>\n<p>Najwa\u017cniejszym celem projektu jest wspieranie uczni\u00f3w, kszta\u0142c\u0105cych si\u0119 zawodowo, w zdobywaniu nowych umiej\u0119tno\u015bci i kwalifikacji i doskonaleniu wcze\u015bniej nabytych w celu zwi\u0119kszenia szans na zatrudnienie i uczestnictwo w europejskim rynku pracy.<\/p>\n<p>Przygotowania uczestnik\u00f3w do udzia\u0142u w projekcie odbywaj\u0105 si\u0119 w szkole, w ramach dodatkowych zaj\u0119\u0107 z j\u0119zyka niemieckiego i przygotowania kulturowego.<\/p>\n<p>Projekt zak\u0142ada realizacj\u0119 3-tygodniowych praktyk dla dw\u00f3ch 10-osobowych grup uczni\u00f3w, klas III technikum budowlanego i przewidziany jest na dwa lata.<\/p>\n<p>Pierwsza grupa uczni\u00f3w odby\u0142a w dniach od 23 marca do 12 kwietnia. Praktyki zawodowe w Niemczech, w landzie Saksonii, w miejscowo\u015bci Gut Wehlitz Schkeuditz w pobli\u017cu Lipska. Opiek\u0119 nad uczestnikami praktyk  sprawowa\u0142a nauczycielka j\u0119zyka niemieckiego mgr Ma\u0142gorzata Junga.<\/p>\n<p>Uczniowie w ramach programu mieli zagwarantowane noclegi, wy\u017cywienie, transport oraz program kulturowo &#8211; j\u0119zykowy. Miejsce pracy &#8211;  plac budowy &#8211; znajdowa\u0142 si\u0119 w  Gut Wehlitz w pobli\u017cu Lipska. Tutaj te\u017c uczniowie byli zakwaterowani.<\/p>\n<p>Podczas praktyk zdobywali do\u015bwiadczenie i nowe umiej\u0119tno\u015bci zawodowe w zakresie wykonywania i organizacji rob\u00f3t budowlanych. Wykonywali prace zwi\u0105zane z robotami murarskimi (murowali \u015bciany z kamienia i ceg\u0142y), ziemnymi, betoniarskim i zbrojarskimi. <\/p>\n<p>W ka\u017cdym tygodniu praktyk odbywa\u0142y si\u0119 r\u00f3wnie\u017c zaj\u0119cia j\u0119zykowo-kulturowe. Uczniowie uczestniczyli w wycieczkach &#8211; m.in. przez dwa dni zwiedzali Berlin, cz\u0119sto odwiedzali Lipsk, a tak\u017ce Drezno.<\/p>\n<p>Praktyka zagraniczna jest dla uczni\u00f3w szans\u0105 na lepszy start w \u017cycie zawodowe po uko\u0144czeniu szko\u0142y, a program Leonardo da Vinci to jeden z najciekawszych  program\u00f3w, pozwalaj\u0105cy na poszerzenie zdobytej wiedzy zawodowej i umiej\u0119tno\u015bci j\u0119zykowych o aspekt praktyczny i to w wymiarze europejskim.<\/p>\n<p>Na zako\u0144czenie praktyki wszyscy uczniowie otrzymali certyfikaty od partnera z Niemiec, a z kolei szko\u0142a sprawozdanie z pobytu i bardzo ciekawy collage zdj\u0119\u0107, wykonanych podczas praktyk. W najbli\u017cszym czasie uczestnicy sta\u017cu otrzymaj\u0105 dokument Europass &#8211; Mobilno\u015b\u0107  &#8211; \u015bwiadectwo mi\u0119dzynarodowe &#8211;  informuj\u0105ce o zdobytych umiej\u0119tno\u015bciach i kwalifikacjach.<\/p>\n<p>We wrze\u015bniu odb\u0119dzie si\u0119 wyjazd kolejnej grupy.<\/p>\n\t  \r\n\t\r\n\t    <div class=\"mb-gallery\">\r\n\t    <a href=\"https:\/\/www.mojabochnia.pl\/?attachment_id=108851\" class=\"\"><img loading=\"lazy\" decoding=\"async\" width=\"100\" height=\"56\" src=\"https:\/\/www.mojabochnia.pl\/wp-content\/uploads\/2014\/05\/02-120x67.jpg\" class=\"attachment-100x100 size-100x100\" alt=\"\" srcset=\"https:\/\/www.mojabochnia.pl\/wp-content\/uploads\/2014\/05\/02-120x67.jpg 120w, https:\/\/www.mojabochnia.pl\/wp-content\/uploads\/2014\/05\/02-468x263.jpg 468w, https:\/\/www.mojabochnia.pl\/wp-content\/uploads\/2014\/05\/02.jpg 660w\" sizes=\"auto, (max-width: 100px) 100vw, 100px\" \/><\/a><a href=\"https:\/\/www.mojabochnia.pl\/?attachment_id=108852\" class=\"\"><img loading=\"lazy\" decoding=\"async\" width=\"100\" height=\"56\" src=\"https:\/\/www.mojabochnia.pl\/wp-content\/uploads\/2014\/05\/P1000565-120x67.jpg\" class=\"attachment-100x100 size-100x100\" alt=\"\" srcset=\"https:\/\/www.mojabochnia.pl\/wp-content\/uploads\/2014\/05\/P1000565-120x67.jpg 120w, https:\/\/www.mojabochnia.pl\/wp-content\/uploads\/2014\/05\/P1000565-468x263.jpg 468w, https:\/\/www.mojabochnia.pl\/wp-content\/uploads\/2014\/05\/P1000565.jpg 660w\" sizes=\"auto, (max-width: 100px) 100vw, 100px\" \/><\/a><a href=\"https:\/\/www.mojabochnia.pl\/?attachment_id=108853\" class=\"\"><img loading=\"lazy\" decoding=\"async\" width=\"100\" height=\"56\" src=\"https:\/\/www.mojabochnia.pl\/wp-content\/uploads\/2014\/05\/P1010106-120x67.jpg\" class=\"attachment-100x100 size-100x100\" alt=\"\" srcset=\"https:\/\/www.mojabochnia.pl\/wp-content\/uploads\/2014\/05\/P1010106-120x67.jpg 120w, https:\/\/www.mojabochnia.pl\/wp-content\/uploads\/2014\/05\/P1010106-468x264.jpg 468w, https:\/\/www.mojabochnia.pl\/wp-content\/uploads\/2014\/05\/P1010106.jpg 660w\" sizes=\"auto, (max-width: 100px) 100vw, 100px\" \/><\/a><a href=\"https:\/\/www.mojabochnia.pl\/?attachment_id=108854\" class=\"\"><img loading=\"lazy\" decoding=\"async\" width=\"100\" height=\"56\" src=\"https:\/\/www.mojabochnia.pl\/wp-content\/uploads\/2014\/05\/P1010115-120x67.jpg\" class=\"attachment-100x100 size-100x100\" alt=\"\" srcset=\"https:\/\/www.mojabochnia.pl\/wp-content\/uploads\/2014\/05\/P1010115-120x67.jpg 120w, https:\/\/www.mojabochnia.pl\/wp-content\/uploads\/2014\/05\/P1010115-468x264.jpg 468w, https:\/\/www.mojabochnia.pl\/wp-content\/uploads\/2014\/05\/P1010115.jpg 660w\" sizes=\"auto, (max-width: 100px) 100vw, 100px\" \/><\/a><a href=\"https:\/\/www.mojabochnia.pl\/?attachment_id=108855\" class=\"\"><img loading=\"lazy\" decoding=\"async\" width=\"100\" height=\"56\" src=\"https:\/\/www.mojabochnia.pl\/wp-content\/uploads\/2014\/05\/P1010200-120x67.jpg\" class=\"attachment-100x100 size-100x100\" alt=\"\" srcset=\"https:\/\/www.mojabochnia.pl\/wp-content\/uploads\/2014\/05\/P1010200-120x67.jpg 120w, https:\/\/www.mojabochnia.pl\/wp-content\/uploads\/2014\/05\/P1010200-468x264.jpg 468w, https:\/\/www.mojabochnia.pl\/wp-content\/uploads\/2014\/05\/P1010200.jpg 660w\" sizes=\"auto, (max-width: 100px) 100vw, 100px\" \/><\/a><a href=\"https:\/\/www.mojabochnia.pl\/?attachment_id=108856\" class=\"\"><img loading=\"lazy\" decoding=\"async\" width=\"100\" height=\"56\" src=\"https:\/\/www.mojabochnia.pl\/wp-content\/uploads\/2014\/05\/P1010574-120x67.jpg\" class=\"attachment-100x100 size-100x100\" alt=\"\" srcset=\"https:\/\/www.mojabochnia.pl\/wp-content\/uploads\/2014\/05\/P1010574-120x67.jpg 120w, https:\/\/www.mojabochnia.pl\/wp-content\/uploads\/2014\/05\/P1010574-468x263.jpg 468w, https:\/\/www.mojabochnia.pl\/wp-content\/uploads\/2014\/05\/P1010574.jpg 660w\" sizes=\"auto, (max-width: 100px) 100vw, 100px\" \/><\/a><a href=\"https:\/\/www.mojabochnia.pl\/?attachment_id=108857\" class=\"\"><img loading=\"lazy\" decoding=\"async\" width=\"100\" height=\"56\" src=\"https:\/\/www.mojabochnia.pl\/wp-content\/uploads\/2014\/05\/P1020232-120x67.jpg\" class=\"attachment-100x100 size-100x100\" alt=\"\" srcset=\"https:\/\/www.mojabochnia.pl\/wp-content\/uploads\/2014\/05\/P1020232-120x67.jpg 120w, https:\/\/www.mojabochnia.pl\/wp-content\/uploads\/2014\/05\/P1020232-468x264.jpg 468w, https:\/\/www.mojabochnia.pl\/wp-content\/uploads\/2014\/05\/P1020232.jpg 660w\" sizes=\"auto, (max-width: 100px) 100vw, 100px\" \/><\/a>\t    <\/div>\r\n\t    ","protected":false},"excerpt":{"rendered":"<p>M\u0142odzie\u017c z Zespo\u0142u Szk\u00f3\u0142 nr 2 w Bochni ma okazj\u0119 szlifowa\u0107 swoje umiej\u0119tno\u015bci za granic\u0105. Niedawno w Niemczech swoje praktyki odbywa\u0142a grupa uczni\u00f3w. Kolejna wyjedzie po wakacjach. Wszystko dzi\u0119ki pieni\u0105dzom unijnym. <\/p>\n","protected":false},"author":13,"featured_media":108851,"comment_status":"open","ping_status":"closed","sticky":false,"template":"","format":"standard","meta":{"_acf_changed":false,"footnotes":""},"categories":[5,6247,6246,6251,6250],"tags":[17683,4432,18013,17249],"class_list":["post-108848","post","type-post","status-publish","format-standard","has-post-thumbnail","hentry","category-biezace-wydarzenia","category-fotogaleria","category-medium","category-polityka-i-wydarzenia","category-tematyka","tag-budowlanka","tag-niemcy","tag-praktyki","tag-szkola","main_tag-szkola"],"acf":[],"yoast_head":"<!-- This site is optimized with the Yoast SEO plugin v26.9 - https:\/\/yoast.com\/product\/yoast-seo-wordpress\/ -->\n<title>Uczniowie z &quot;Budowlanki&quot; na praktykach w Niemczech - mojabochnia.pl - portal informacyjny<\/title>\n<meta name=\"robots\" content=\"index, follow, max-snippet:-1, max-image-preview:large, max-video-preview:-1\" \/>\n<link rel=\"canonical\" href=\"https:\/\/www.mojabochnia.pl\/?p=108848\" \/>\n<meta property=\"og:locale\" content=\"pl_PL\" \/>\n<meta property=\"og:type\" content=\"article\" \/>\n<meta property=\"og:title\" content=\"Uczniowie z &quot;Budowlanki&quot; na praktykach w Niemczech - mojabochnia.pl - portal informacyjny\" \/>\n<meta property=\"og:description\" content=\"M\u0142odzie\u017c z Zespo\u0142u Szk\u00f3\u0142 nr 2 w Bochni ma okazj\u0119 szlifowa\u0107 swoje umiej\u0119tno\u015bci za granic\u0105. Niedawno w Niemczech swoje praktyki odbywa\u0142a grupa uczni\u00f3w. Kolejna wyjedzie po wakacjach. Wszystko dzi\u0119ki pieni\u0105dzom unijnym.\" \/>\n<meta property=\"og:url\" content=\"https:\/\/www.mojabochnia.pl\/?p=108848\" \/>\n<meta property=\"og:site_name\" content=\"mojabochnia.pl - portal informacyjny\" \/>\n<meta property=\"article:publisher\" content=\"https:\/\/www.facebook.com\/mojabochnia\" \/>\n<meta property=\"article:published_time\" content=\"2014-05-15T10:25:34+00:00\" \/>\n<meta property=\"og:image\" content=\"https:\/\/www.mojabochnia.pl\/wp-content\/uploads\/2014\/05\/02.jpg\" \/>\n\t<meta property=\"og:image:width\" content=\"660\" \/>\n\t<meta property=\"og:image:height\" content=\"372\" \/>\n\t<meta property=\"og:image:type\" content=\"image\/jpeg\" \/>\n<meta name=\"author\" content=\"redakcja\" \/>\n<meta name=\"twitter:card\" content=\"summary_large_image\" \/>\n<meta name=\"twitter:label1\" content=\"Written by\" \/>\n\t<meta name=\"twitter:data1\" content=\"redakcja\" \/>\n\t<meta name=\"twitter:label2\" content=\"Est. reading time\" \/>\n\t<meta name=\"twitter:data2\" content=\"2 minuty\" \/>\n<script type=\"application\/ld+json\" class=\"yoast-schema-graph\">{\"@context\":\"https:\/\/schema.org\",\"@graph\":[{\"@type\":\"Article\",\"@id\":\"https:\/\/www.mojabochnia.pl\/?p=108848#article\",\"isPartOf\":{\"@id\":\"https:\/\/www.mojabochnia.pl\/?p=108848\"},\"author\":{\"name\":\"redakcja\",\"@id\":\"https:\/\/www.mojabochnia.pl\/#\/schema\/person\/7e2f20ead9902216a3384f13606c0ab7\"},\"headline\":\"Uczniowie z &#8222;Budowlanki&#8221; na praktykach w Niemczech\",\"datePublished\":\"2014-05-15T10:25:34+00:00\",\"mainEntityOfPage\":{\"@id\":\"https:\/\/www.mojabochnia.pl\/?p=108848\"},\"wordCount\":389,\"commentCount\":0,\"publisher\":{\"@id\":\"https:\/\/www.mojabochnia.pl\/#organization\"},\"image\":{\"@id\":\"https:\/\/www.mojabochnia.pl\/?p=108848#primaryimage\"},\"thumbnailUrl\":\"https:\/\/www.mojabochnia.pl\/wp-content\/uploads\/2014\/05\/02.jpg\",\"keywords\":[\"budowlanka\",\"niemcy\",\"praktyki\",\"szko\u0142a\"],\"articleSection\":[\"2_ostatnie\",\"fotogaleria\",\"Medium\",\"polityka i wydarzenia\",\"tematyka\"],\"inLanguage\":\"pl-PL\",\"potentialAction\":[{\"@type\":\"CommentAction\",\"name\":\"Comment\",\"target\":[\"https:\/\/www.mojabochnia.pl\/?p=108848#respond\"]}]},{\"@type\":\"WebPage\",\"@id\":\"https:\/\/www.mojabochnia.pl\/?p=108848\",\"url\":\"https:\/\/www.mojabochnia.pl\/?p=108848\",\"name\":\"Uczniowie z \\\"Budowlanki\\\" na praktykach w Niemczech - mojabochnia.pl - portal informacyjny\",\"isPartOf\":{\"@id\":\"https:\/\/www.mojabochnia.pl\/#website\"},\"primaryImageOfPage\":{\"@id\":\"https:\/\/www.mojabochnia.pl\/?p=108848#primaryimage\"},\"image\":{\"@id\":\"https:\/\/www.mojabochnia.pl\/?p=108848#primaryimage\"},\"thumbnailUrl\":\"https:\/\/www.mojabochnia.pl\/wp-content\/uploads\/2014\/05\/02.jpg\",\"datePublished\":\"2014-05-15T10:25:34+00:00\",\"breadcrumb\":{\"@id\":\"https:\/\/www.mojabochnia.pl\/?p=108848#breadcrumb\"},\"inLanguage\":\"pl-PL\",\"potentialAction\":[{\"@type\":\"ReadAction\",\"target\":[\"https:\/\/www.mojabochnia.pl\/?p=108848\"]}]},{\"@type\":\"ImageObject\",\"inLanguage\":\"pl-PL\",\"@id\":\"https:\/\/www.mojabochnia.pl\/?p=108848#primaryimage\",\"url\":\"https:\/\/www.mojabochnia.pl\/wp-content\/uploads\/2014\/05\/02.jpg\",\"contentUrl\":\"https:\/\/www.mojabochnia.pl\/wp-content\/uploads\/2014\/05\/02.jpg\",\"width\":660,\"height\":372,\"caption\":\"z arch. plac\u00f3wki\"},{\"@type\":\"BreadcrumbList\",\"@id\":\"https:\/\/www.mojabochnia.pl\/?p=108848#breadcrumb\",\"itemListElement\":[{\"@type\":\"ListItem\",\"position\":1,\"name\":\"Home\",\"item\":\"https:\/\/www.mojabochnia.pl\/\"},{\"@type\":\"ListItem\",\"position\":2,\"name\":\"Uczniowie z &#8222;Budowlanki&#8221; na praktykach w Niemczech\"}]},{\"@type\":\"WebSite\",\"@id\":\"https:\/\/www.mojabochnia.pl\/#website\",\"url\":\"https:\/\/www.mojabochnia.pl\/\",\"name\":\"mojabochnia.pl - portal informacyjny\",\"description\":\"mojaBochnia to portal informacyjny o Bochni. Codziennie o Bochni piszemy i pokazujemy najwa\u017cniejsze wydarzenia\",\"publisher\":{\"@id\":\"https:\/\/www.mojabochnia.pl\/#organization\"},\"potentialAction\":[{\"@type\":\"SearchAction\",\"target\":{\"@type\":\"EntryPoint\",\"urlTemplate\":\"https:\/\/www.mojabochnia.pl\/?s={search_term_string}\"},\"query-input\":{\"@type\":\"PropertyValueSpecification\",\"valueRequired\":true,\"valueName\":\"search_term_string\"}}],\"inLanguage\":\"pl-PL\"},{\"@type\":\"Organization\",\"@id\":\"https:\/\/www.mojabochnia.pl\/#organization\",\"name\":\"mojabochnia.pl - portal informacyjny\",\"url\":\"https:\/\/www.mojabochnia.pl\/\",\"logo\":{\"@type\":\"ImageObject\",\"inLanguage\":\"pl-PL\",\"@id\":\"https:\/\/www.mojabochnia.pl\/#\/schema\/logo\/image\/\",\"url\":\"https:\/\/www.mojabochnia.pl\/wp-content\/uploads\/2017\/08\/logo-mb-opt.png\",\"contentUrl\":\"https:\/\/www.mojabochnia.pl\/wp-content\/uploads\/2017\/08\/logo-mb-opt.png\",\"width\":250,\"height\":48,\"caption\":\"mojabochnia.pl - portal informacyjny\"},\"image\":{\"@id\":\"https:\/\/www.mojabochnia.pl\/#\/schema\/logo\/image\/\"},\"sameAs\":[\"https:\/\/www.facebook.com\/mojabochnia\"]},{\"@type\":\"Person\",\"@id\":\"https:\/\/www.mojabochnia.pl\/#\/schema\/person\/7e2f20ead9902216a3384f13606c0ab7\",\"name\":\"redakcja\",\"sameAs\":[\"http:\/\/\"],\"url\":\"https:\/\/www.mojabochnia.pl\/?author=13\"}]}<\/script>\n<!-- \/ Yoast SEO plugin. -->","yoast_head_json":{"title":"Uczniowie z \"Budowlanki\" na praktykach w Niemczech - mojabochnia.pl - portal informacyjny","robots":{"index":"index","follow":"follow","max-snippet":"max-snippet:-1","max-image-preview":"max-image-preview:large","max-video-preview":"max-video-preview:-1"},"canonical":"https:\/\/www.mojabochnia.pl\/?p=108848","og_locale":"pl_PL","og_type":"article","og_title":"Uczniowie z \"Budowlanki\" na praktykach w Niemczech - mojabochnia.pl - portal informacyjny","og_description":"M\u0142odzie\u017c z Zespo\u0142u Szk\u00f3\u0142 nr 2 w Bochni ma okazj\u0119 szlifowa\u0107 swoje umiej\u0119tno\u015bci za granic\u0105. Niedawno w Niemczech swoje praktyki odbywa\u0142a grupa uczni\u00f3w. Kolejna wyjedzie po wakacjach. Wszystko dzi\u0119ki pieni\u0105dzom unijnym.","og_url":"https:\/\/www.mojabochnia.pl\/?p=108848","og_site_name":"mojabochnia.pl - portal informacyjny","article_publisher":"https:\/\/www.facebook.com\/mojabochnia","article_published_time":"2014-05-15T10:25:34+00:00","og_image":[{"width":660,"height":372,"url":"https:\/\/www.mojabochnia.pl\/wp-content\/uploads\/2014\/05\/02.jpg","type":"image\/jpeg"}],"author":"redakcja","twitter_card":"summary_large_image","twitter_misc":{"Written by":"redakcja","Est. reading time":"2 minuty"},"schema":{"@context":"https:\/\/schema.org","@graph":[{"@type":"Article","@id":"https:\/\/www.mojabochnia.pl\/?p=108848#article","isPartOf":{"@id":"https:\/\/www.mojabochnia.pl\/?p=108848"},"author":{"name":"redakcja","@id":"https:\/\/www.mojabochnia.pl\/#\/schema\/person\/7e2f20ead9902216a3384f13606c0ab7"},"headline":"Uczniowie z &#8222;Budowlanki&#8221; na praktykach w Niemczech","datePublished":"2014-05-15T10:25:34+00:00","mainEntityOfPage":{"@id":"https:\/\/www.mojabochnia.pl\/?p=108848"},"wordCount":389,"commentCount":0,"publisher":{"@id":"https:\/\/www.mojabochnia.pl\/#organization"},"image":{"@id":"https:\/\/www.mojabochnia.pl\/?p=108848#primaryimage"},"thumbnailUrl":"https:\/\/www.mojabochnia.pl\/wp-content\/uploads\/2014\/05\/02.jpg","keywords":["budowlanka","niemcy","praktyki","szko\u0142a"],"articleSection":["2_ostatnie","fotogaleria","Medium","polityka i wydarzenia","tematyka"],"inLanguage":"pl-PL","potentialAction":[{"@type":"CommentAction","name":"Comment","target":["https:\/\/www.mojabochnia.pl\/?p=108848#respond"]}]},{"@type":"WebPage","@id":"https:\/\/www.mojabochnia.pl\/?p=108848","url":"https:\/\/www.mojabochnia.pl\/?p=108848","name":"Uczniowie z \"Budowlanki\" na praktykach w Niemczech - mojabochnia.pl - portal informacyjny","isPartOf":{"@id":"https:\/\/www.mojabochnia.pl\/#website"},"primaryImageOfPage":{"@id":"https:\/\/www.mojabochnia.pl\/?p=108848#primaryimage"},"image":{"@id":"https:\/\/www.mojabochnia.pl\/?p=108848#primaryimage"},"thumbnailUrl":"https:\/\/www.mojabochnia.pl\/wp-content\/uploads\/2014\/05\/02.jpg","datePublished":"2014-05-15T10:25:34+00:00","breadcrumb":{"@id":"https:\/\/www.mojabochnia.pl\/?p=108848#breadcrumb"},"inLanguage":"pl-PL","potentialAction":[{"@type":"ReadAction","target":["https:\/\/www.mojabochnia.pl\/?p=108848"]}]},{"@type":"ImageObject","inLanguage":"pl-PL","@id":"https:\/\/www.mojabochnia.pl\/?p=108848#primaryimage","url":"https:\/\/www.mojabochnia.pl\/wp-content\/uploads\/2014\/05\/02.jpg","contentUrl":"https:\/\/www.mojabochnia.pl\/wp-content\/uploads\/2014\/05\/02.jpg","width":660,"height":372,"caption":"z arch. plac\u00f3wki"},{"@type":"BreadcrumbList","@id":"https:\/\/www.mojabochnia.pl\/?p=108848#breadcrumb","itemListElement":[{"@type":"ListItem","position":1,"name":"Home","item":"https:\/\/www.mojabochnia.pl\/"},{"@type":"ListItem","position":2,"name":"Uczniowie z &#8222;Budowlanki&#8221; na praktykach w Niemczech"}]},{"@type":"WebSite","@id":"https:\/\/www.mojabochnia.pl\/#website","url":"https:\/\/www.mojabochnia.pl\/","name":"mojabochnia.pl - portal informacyjny","description":"mojaBochnia to portal informacyjny o Bochni. Codziennie o Bochni piszemy i pokazujemy najwa\u017cniejsze wydarzenia","publisher":{"@id":"https:\/\/www.mojabochnia.pl\/#organization"},"potentialAction":[{"@type":"SearchAction","target":{"@type":"EntryPoint","urlTemplate":"https:\/\/www.mojabochnia.pl\/?s={search_term_string}"},"query-input":{"@type":"PropertyValueSpecification","valueRequired":true,"valueName":"search_term_string"}}],"inLanguage":"pl-PL"},{"@type":"Organization","@id":"https:\/\/www.mojabochnia.pl\/#organization","name":"mojabochnia.pl - portal informacyjny","url":"https:\/\/www.mojabochnia.pl\/","logo":{"@type":"ImageObject","inLanguage":"pl-PL","@id":"https:\/\/www.mojabochnia.pl\/#\/schema\/logo\/image\/","url":"https:\/\/www.mojabochnia.pl\/wp-content\/uploads\/2017\/08\/logo-mb-opt.png","contentUrl":"https:\/\/www.mojabochnia.pl\/wp-content\/uploads\/2017\/08\/logo-mb-opt.png","width":250,"height":48,"caption":"mojabochnia.pl - portal informacyjny"},"image":{"@id":"https:\/\/www.mojabochnia.pl\/#\/schema\/logo\/image\/"},"sameAs":["https:\/\/www.facebook.com\/mojabochnia"]},{"@type":"Person","@id":"https:\/\/www.mojabochnia.pl\/#\/schema\/person\/7e2f20ead9902216a3384f13606c0ab7","name":"redakcja","sameAs":["http:\/\/"],"url":"https:\/\/www.mojabochnia.pl\/?author=13"}]}},"_links":{"self":[{"href":"https:\/\/www.mojabochnia.pl\/index.php?rest_route=\/wp\/v2\/posts\/108848","targetHints":{"allow":["GET"]}}],"collection":[{"href":"https:\/\/www.mojabochnia.pl\/index.php?rest_route=\/wp\/v2\/posts"}],"about":[{"href":"https:\/\/www.mojabochnia.pl\/index.php?rest_route=\/wp\/v2\/types\/post"}],"author":[{"embeddable":true,"href":"https:\/\/www.mojabochnia.pl\/index.php?rest_route=\/wp\/v2\/users\/13"}],"replies":[{"embeddable":true,"href":"https:\/\/www.mojabochnia.pl\/index.php?rest_route=%2Fwp%2Fv2%2Fcomments&post=108848"}],"version-history":[{"count":2,"href":"https:\/\/www.mojabochnia.pl\/index.php?rest_route=\/wp\/v2\/posts\/108848\/revisions"}],"predecessor-version":[{"id":108850,"href":"https:\/\/www.mojabochnia.pl\/index.php?rest_route=\/wp\/v2\/posts\/108848\/revisions\/108850"}],"wp:featuredmedia":[{"embeddable":true,"href":"https:\/\/www.mojabochnia.pl\/index.php?rest_route=\/wp\/v2\/media\/108851"}],"wp:attachment":[{"href":"https:\/\/www.mojabochnia.pl\/index.php?rest_route=%2Fwp%2Fv2%2Fmedia&parent=108848"}],"wp:term":[{"taxonomy":"category","embeddable":true,"href":"https:\/\/www.mojabochnia.pl\/index.php?rest_route=%2Fwp%2Fv2%2Fcategories&post=108848"},{"taxonomy":"post_tag","embeddable":true,"href":"https:\/\/www.mojabochnia.pl\/index.php?rest_route=%2Fwp%2Fv2%2Ftags&post=108848"}],"curies":[{"name":"wp","href":"https:\/\/api.w.org\/{rel}","templated":true}]}}