{"id":108843,"date":"2014-05-15T11:44:31","date_gmt":"2014-05-15T09:44:31","guid":{"rendered":"http:\/\/www.mojabochnia.pl\/?p=108843"},"modified":"2014-05-15T14:44:12","modified_gmt":"2014-05-15T12:44:12","slug":"cyrk-korona-w-sobote-wejsciowki-rozdane","status":"publish","type":"post","link":"https:\/\/www.mojabochnia.pl\/?p=108843","title":{"rendered":"Cyrk Korona w sobot\u0119, wej\u015bci\u00f3wki rozdane"},"content":{"rendered":"<p>W trakcie tourn\u00e9e satyrycy planuj\u0105 wystawi\u0107 ponad 250 spektakli w blisko 150 miastach na terenie ca\u0142ego kraju.<\/p>\n<p>Tegoroczny spektakl Cyrku Korona pt. \u201eKAMERA-AKCJA!\u201d to kontynuacja prezentowania program\u00f3w tematycznych. Tym razem s\u0142ynny polski komik, Mr. Chap zaprezentuje si\u0119 widzom w roli zwariowanego re\u017cysera, kt\u00f3ry scala wszystkie prezentowane na scenie numery.<\/p>\n<p><em>Publiczno\u015b\u0107 zgromadzona pod namiotem cyrkowym, poczuje si\u0119 jak na planie filmowym, wcieli si\u0119 w statyst\u00f3w, bior\u0105cych aktywny udzia\u0142 w przedstawieniu. Fantastyczna podr\u00f3\u017c clowna z kinowego ekranu w \u015bwiat cyrku, pozwoli widzom przenie\u015b\u0107 si\u0119 do fikcyjnej krainy, w kt\u00f3rej Charlie Chaplin potrafi \u015bwietnie \u017conglowa\u0107, a trio akrobatyczne rezygnuje z trapezu na rzecz olbrzymiego \u017cyrandola. Powrotem do lat 60-tych, czyli czas\u00f3w Abby b\u0119dzie pokaz koni arabskich i cob\u00f3w w stylistyce typowej dla filmu \u201eMamma Mia\u201d, nie mo\u017cna tego przegapi\u0107! Gwiazdami spektaklu b\u0119d\u0105 Bracia Addis z Etiopii, kt\u00f3rzy zaprezentuj\u0105 mro\u017c\u0105ce krew w \u017cy\u0142ach gry ikaryjskie! M\u0142odzi i utalentowani arty\u015bci s\u0105 laureatami Festiwalu City of Latina 2012, kt\u00f3rzy wielk\u0105 popularno\u015b\u0107 zyskali dzi\u0119ki wyst\u0119powi w show telewizyjnym \u201eLe Plus Grand Cabaret du Monde\u201d, prezentowanego we Francji. Na scenie nie zabraknie finalist\u00f3w programu \u201eMam Talent\u201d, kt\u00f3rzy zaprezentuj\u0105 napowietrzny balet na szarfach. Piotr \u201eSsnake\u201d W\u0105sik wcieli si\u0119 w rol\u0119 profesora, kt\u00f3ry zak\u0142ada si\u0119 z przyjacielem, \u017ce w przeci\u0105gu p\u00f3\u0142 roku przypadkowo poznana kwiaciarka nauczy si\u0119 zachowywa\u0107 jak dama \u2013 w tej roli Inka Kalachevska. Numer zosta\u0142 wyre\u017cyserowany specjalnie na potrzeby widowiska i jest nawi\u0105zaniem do filmu \u201ePigmalion\u201d<\/em> \u2013 zapowiada biuro prasowe cyrku.<\/p>\n<p><em>Ulubieniec juror\u00f3w \u201eMam Talent\u201d, Vladimir Omelchenko zbuduje napi\u0119cie balansuj\u0105c na piramidzie ustawionej z ruchomych wa\u0142k\u00f3w. Ca\u0142kiem nowe oblicze wielkiej iluzji z u\u017cyciem laser\u00f3w, oraz efekt\u00f3w specjalnych z gracj\u0105 Jamesa Bonda, zaprezentuje magik i jego dwie urocze asystentki, kt\u00f3re otworz\u0105 drzwi do \u015bwiata Matrixa! Atmosfer\u0119 kultowego hitu \u201eGrease\u201d, w typowych dla niego pastelowych barwach przypomni pokaz zwierz\u0105t z cyrkowej farmy, zaprezentowane zostan\u0105 g\u0119si, kozy, kuce oraz dostojny, szkocki byk. Akcja spektaklu dotrze tak\u017ce do wn\u0119trza s\u0142ynnej arki, na kt\u00f3rej pok\u0142adzie znajd\u0105 si\u0119 zebry afryka\u0144skie, dromadery, wielb\u0142\u0105dy, ma\u0142py i lamy. Najwi\u0119kszy cyrk w Polsce przygotowa\u0142 r\u00f3wnie\u017c pokaz z udzia\u0142em koni i kucy <\/em>\u2013 czytamy dalej w komunikacie.<\/p>\n<p>Spektakl pt. \u201eKAMERA-AKCJA!\u201d to \u015bwiatowej klasy widowisko \u0142\u0105cz\u0105ce w sobie elementy sztuki cyrkowej i teatru, wzbogacone o rewi\u0119 zwierz\u0105t egzotycznych i domowych. Nowa produkcja Cyrku Korona skierowana jest do wszystkich widz\u00f3w, kt\u00f3rzy lubi\u0105 \u015bwietn\u0105 zabaw\u0119!<\/p>\n<p>\u2014\u2014\u2014\u2014\u2014\u2014\u2014\u2014\u2014\u2014\u2014\u2014\u2014\u2014\u2014\u2014\u2014\u2014\u2014\u2014\u2014\u2014\u2014\u2014\u2014\u2014\u2014\u2014\u2014\u2014\u2014\u2014\u2014-<\/p>\n<p>Cyrk Korona powsta\u0142 w 1993 roku, dzi\u015b jest najwi\u0119kszym cyrkiem dzia\u0142aj\u0105cym w Polsce. Na swojej scenie od lat prezentuje r\u00f3\u017cnorodne, mi\u0119dzynarodowe widowiska z udzia\u0142em najlepszych aktor\u00f3w cyrkowych. Na arenie Cyrku Korona go\u015bci\u0142o tak\u017ce wiele gwiazd estrady, sportu i kina, m.in.: Dorota \u201eDoda\u201d Rabczewska, Anna Przybylska, Andrzej Piaseczny, Dariusz Michalczewski, Piotr Adamczyk, oraz Maryla Rodowicz. Od 2009 roku Cyrk Korona jest cz\u0142onkiem zarz\u0105du Europejskiego Stowarzyszenia Cyrk\u00f3w \u2013 \u201eECA\u201d, kt\u00f3rego honorowym prezydentem jest Ksi\u0119\u017cna Monako, Stefania Grimaldi. Cyrk Korona jest organizatorem Festiwalu Talent\u00f3w, najwi\u0119kszej imprezy cyrkowej w Polsce, kt\u00f3ra od 2010 roku cyklicznie na prze\u0142omie wrze\u015bnia i pa\u017adziernika odbywa si\u0119 w Warszawie i przyci\u0105ga pod namioty t\u0142umy widz\u00f3w i dziennikarzy.<\/p>\n<p>Cyrk Korona wyst\u0105pi w Bochni przy ul. Legion\u00f3w Polskich (Osiedle Niepodleg\u0142o\u015bci) 17 maja o godz. 17:00. <\/p>\n<p><strong>Podw\u00f3jne wej\u015bci\u00f3wki w naszym konkursie wygrali: Patrycja K., Katarzyna K. i \u0141ukasz B. <\/strong>Ka\u017cdy ze zwyci\u0119zc\u00f3w dosta\u0142 powiadomienie mailem. Gratulujemy i \u017cyczymy dobrej zabawy. <\/p>\n","protected":false},"excerpt":{"rendered":"<p>W sobot\u0119 w Bochni wyst\u0105pi Cyrk Korona. Satyryk\u00f3w b\u0119dzie mo\u017cna obejrze\u0107 przy ul. Legion\u00f3w Polskich. Dla naszych czytelnik\u00f3w mieli\u015bmy trzy podw\u00f3jne wej\u015bci\u00f3wki. Zwyci\u0119zcy zostali w\u0142a\u015bnie wy\u0142onieni. <\/p>\n","protected":false},"author":13,"featured_media":108536,"comment_status":"open","ping_status":"closed","sticky":false,"template":"","format":"standard","meta":{"_acf_changed":false,"footnotes":""},"categories":[5,6251,6250],"tags":[17838,9740],"class_list":["post-108843","post","type-post","status-publish","format-standard","has-post-thumbnail","hentry","category-biezace-wydarzenia","category-polityka-i-wydarzenia","category-tematyka","tag-cyrk","tag-cyrk-korona","main_tag-cyrk"],"acf":[],"yoast_head":"<!-- This site is optimized with the Yoast SEO plugin v26.9 - https:\/\/yoast.com\/product\/yoast-seo-wordpress\/ -->\n<title>Cyrk Korona w sobot\u0119, wej\u015bci\u00f3wki rozdane - mojabochnia.pl - portal informacyjny<\/title>\n<meta name=\"robots\" content=\"index, follow, max-snippet:-1, max-image-preview:large, max-video-preview:-1\" \/>\n<link rel=\"canonical\" href=\"https:\/\/www.mojabochnia.pl\/?p=108843\" \/>\n<meta property=\"og:locale\" content=\"pl_PL\" \/>\n<meta property=\"og:type\" content=\"article\" \/>\n<meta property=\"og:title\" content=\"Cyrk Korona w sobot\u0119, wej\u015bci\u00f3wki rozdane - mojabochnia.pl - portal informacyjny\" \/>\n<meta property=\"og:description\" content=\"W sobot\u0119 w Bochni wyst\u0105pi Cyrk Korona. Satyryk\u00f3w b\u0119dzie mo\u017cna obejrze\u0107 przy ul. Legion\u00f3w Polskich. Dla naszych czytelnik\u00f3w mieli\u015bmy trzy podw\u00f3jne wej\u015bci\u00f3wki. Zwyci\u0119zcy zostali w\u0142a\u015bnie wy\u0142onieni.\" \/>\n<meta property=\"og:url\" content=\"https:\/\/www.mojabochnia.pl\/?p=108843\" \/>\n<meta property=\"og:site_name\" content=\"mojabochnia.pl - portal informacyjny\" \/>\n<meta property=\"article:publisher\" content=\"https:\/\/www.facebook.com\/mojabochnia\" \/>\n<meta property=\"article:published_time\" content=\"2014-05-15T09:44:31+00:00\" \/>\n<meta property=\"article:modified_time\" content=\"2014-05-15T12:44:12+00:00\" \/>\n<meta property=\"og:image\" content=\"https:\/\/www.mojabochnia.pl\/wp-content\/uploads\/2014\/05\/Kucyki.jpg\" \/>\n\t<meta property=\"og:image:width\" content=\"660\" \/>\n\t<meta property=\"og:image:height\" content=\"372\" \/>\n\t<meta property=\"og:image:type\" content=\"image\/jpeg\" \/>\n<meta name=\"author\" content=\"redakcja\" \/>\n<meta name=\"twitter:card\" content=\"summary_large_image\" \/>\n<meta name=\"twitter:label1\" content=\"Written by\" \/>\n\t<meta name=\"twitter:data1\" content=\"redakcja\" \/>\n\t<meta name=\"twitter:label2\" content=\"Est. reading time\" \/>\n\t<meta name=\"twitter:data2\" content=\"3 minuty\" \/>\n<script type=\"application\/ld+json\" class=\"yoast-schema-graph\">{\"@context\":\"https:\/\/schema.org\",\"@graph\":[{\"@type\":\"Article\",\"@id\":\"https:\/\/www.mojabochnia.pl\/?p=108843#article\",\"isPartOf\":{\"@id\":\"https:\/\/www.mojabochnia.pl\/?p=108843\"},\"author\":{\"name\":\"redakcja\",\"@id\":\"https:\/\/www.mojabochnia.pl\/#\/schema\/person\/7e2f20ead9902216a3384f13606c0ab7\"},\"headline\":\"Cyrk Korona w sobot\u0119, wej\u015bci\u00f3wki rozdane\",\"datePublished\":\"2014-05-15T09:44:31+00:00\",\"dateModified\":\"2014-05-15T12:44:12+00:00\",\"mainEntityOfPage\":{\"@id\":\"https:\/\/www.mojabochnia.pl\/?p=108843\"},\"wordCount\":611,\"commentCount\":0,\"publisher\":{\"@id\":\"https:\/\/www.mojabochnia.pl\/#organization\"},\"image\":{\"@id\":\"https:\/\/www.mojabochnia.pl\/?p=108843#primaryimage\"},\"thumbnailUrl\":\"https:\/\/www.mojabochnia.pl\/wp-content\/uploads\/2014\/05\/Kucyki.jpg\",\"keywords\":[\"cyrk\",\"cyrk korona\"],\"articleSection\":[\"2_ostatnie\",\"polityka i wydarzenia\",\"tematyka\"],\"inLanguage\":\"pl-PL\",\"potentialAction\":[{\"@type\":\"CommentAction\",\"name\":\"Comment\",\"target\":[\"https:\/\/www.mojabochnia.pl\/?p=108843#respond\"]}]},{\"@type\":\"WebPage\",\"@id\":\"https:\/\/www.mojabochnia.pl\/?p=108843\",\"url\":\"https:\/\/www.mojabochnia.pl\/?p=108843\",\"name\":\"Cyrk Korona w sobot\u0119, wej\u015bci\u00f3wki rozdane - mojabochnia.pl - portal informacyjny\",\"isPartOf\":{\"@id\":\"https:\/\/www.mojabochnia.pl\/#website\"},\"primaryImageOfPage\":{\"@id\":\"https:\/\/www.mojabochnia.pl\/?p=108843#primaryimage\"},\"image\":{\"@id\":\"https:\/\/www.mojabochnia.pl\/?p=108843#primaryimage\"},\"thumbnailUrl\":\"https:\/\/www.mojabochnia.pl\/wp-content\/uploads\/2014\/05\/Kucyki.jpg\",\"datePublished\":\"2014-05-15T09:44:31+00:00\",\"dateModified\":\"2014-05-15T12:44:12+00:00\",\"breadcrumb\":{\"@id\":\"https:\/\/www.mojabochnia.pl\/?p=108843#breadcrumb\"},\"inLanguage\":\"pl-PL\",\"potentialAction\":[{\"@type\":\"ReadAction\",\"target\":[\"https:\/\/www.mojabochnia.pl\/?p=108843\"]}]},{\"@type\":\"ImageObject\",\"inLanguage\":\"pl-PL\",\"@id\":\"https:\/\/www.mojabochnia.pl\/?p=108843#primaryimage\",\"url\":\"https:\/\/www.mojabochnia.pl\/wp-content\/uploads\/2014\/05\/Kucyki.jpg\",\"contentUrl\":\"https:\/\/www.mojabochnia.pl\/wp-content\/uploads\/2014\/05\/Kucyki.jpg\",\"width\":660,\"height\":372,\"caption\":\"materia\u0142y prasowe\"},{\"@type\":\"BreadcrumbList\",\"@id\":\"https:\/\/www.mojabochnia.pl\/?p=108843#breadcrumb\",\"itemListElement\":[{\"@type\":\"ListItem\",\"position\":1,\"name\":\"Home\",\"item\":\"https:\/\/www.mojabochnia.pl\/\"},{\"@type\":\"ListItem\",\"position\":2,\"name\":\"Cyrk Korona w sobot\u0119, wej\u015bci\u00f3wki rozdane\"}]},{\"@type\":\"WebSite\",\"@id\":\"https:\/\/www.mojabochnia.pl\/#website\",\"url\":\"https:\/\/www.mojabochnia.pl\/\",\"name\":\"mojabochnia.pl - portal informacyjny\",\"description\":\"mojaBochnia to portal informacyjny o Bochni. Codziennie o Bochni piszemy i pokazujemy najwa\u017cniejsze wydarzenia\",\"publisher\":{\"@id\":\"https:\/\/www.mojabochnia.pl\/#organization\"},\"potentialAction\":[{\"@type\":\"SearchAction\",\"target\":{\"@type\":\"EntryPoint\",\"urlTemplate\":\"https:\/\/www.mojabochnia.pl\/?s={search_term_string}\"},\"query-input\":{\"@type\":\"PropertyValueSpecification\",\"valueRequired\":true,\"valueName\":\"search_term_string\"}}],\"inLanguage\":\"pl-PL\"},{\"@type\":\"Organization\",\"@id\":\"https:\/\/www.mojabochnia.pl\/#organization\",\"name\":\"mojabochnia.pl - portal informacyjny\",\"url\":\"https:\/\/www.mojabochnia.pl\/\",\"logo\":{\"@type\":\"ImageObject\",\"inLanguage\":\"pl-PL\",\"@id\":\"https:\/\/www.mojabochnia.pl\/#\/schema\/logo\/image\/\",\"url\":\"https:\/\/www.mojabochnia.pl\/wp-content\/uploads\/2017\/08\/logo-mb-opt.png\",\"contentUrl\":\"https:\/\/www.mojabochnia.pl\/wp-content\/uploads\/2017\/08\/logo-mb-opt.png\",\"width\":250,\"height\":48,\"caption\":\"mojabochnia.pl - portal informacyjny\"},\"image\":{\"@id\":\"https:\/\/www.mojabochnia.pl\/#\/schema\/logo\/image\/\"},\"sameAs\":[\"https:\/\/www.facebook.com\/mojabochnia\"]},{\"@type\":\"Person\",\"@id\":\"https:\/\/www.mojabochnia.pl\/#\/schema\/person\/7e2f20ead9902216a3384f13606c0ab7\",\"name\":\"redakcja\",\"sameAs\":[\"http:\/\/\"],\"url\":\"https:\/\/www.mojabochnia.pl\/?author=13\"}]}<\/script>\n<!-- \/ Yoast SEO plugin. -->","yoast_head_json":{"title":"Cyrk Korona w sobot\u0119, wej\u015bci\u00f3wki rozdane - mojabochnia.pl - portal informacyjny","robots":{"index":"index","follow":"follow","max-snippet":"max-snippet:-1","max-image-preview":"max-image-preview:large","max-video-preview":"max-video-preview:-1"},"canonical":"https:\/\/www.mojabochnia.pl\/?p=108843","og_locale":"pl_PL","og_type":"article","og_title":"Cyrk Korona w sobot\u0119, wej\u015bci\u00f3wki rozdane - mojabochnia.pl - portal informacyjny","og_description":"W sobot\u0119 w Bochni wyst\u0105pi Cyrk Korona. Satyryk\u00f3w b\u0119dzie mo\u017cna obejrze\u0107 przy ul. Legion\u00f3w Polskich. Dla naszych czytelnik\u00f3w mieli\u015bmy trzy podw\u00f3jne wej\u015bci\u00f3wki. Zwyci\u0119zcy zostali w\u0142a\u015bnie wy\u0142onieni.","og_url":"https:\/\/www.mojabochnia.pl\/?p=108843","og_site_name":"mojabochnia.pl - portal informacyjny","article_publisher":"https:\/\/www.facebook.com\/mojabochnia","article_published_time":"2014-05-15T09:44:31+00:00","article_modified_time":"2014-05-15T12:44:12+00:00","og_image":[{"width":660,"height":372,"url":"https:\/\/www.mojabochnia.pl\/wp-content\/uploads\/2014\/05\/Kucyki.jpg","type":"image\/jpeg"}],"author":"redakcja","twitter_card":"summary_large_image","twitter_misc":{"Written by":"redakcja","Est. reading time":"3 minuty"},"schema":{"@context":"https:\/\/schema.org","@graph":[{"@type":"Article","@id":"https:\/\/www.mojabochnia.pl\/?p=108843#article","isPartOf":{"@id":"https:\/\/www.mojabochnia.pl\/?p=108843"},"author":{"name":"redakcja","@id":"https:\/\/www.mojabochnia.pl\/#\/schema\/person\/7e2f20ead9902216a3384f13606c0ab7"},"headline":"Cyrk Korona w sobot\u0119, wej\u015bci\u00f3wki rozdane","datePublished":"2014-05-15T09:44:31+00:00","dateModified":"2014-05-15T12:44:12+00:00","mainEntityOfPage":{"@id":"https:\/\/www.mojabochnia.pl\/?p=108843"},"wordCount":611,"commentCount":0,"publisher":{"@id":"https:\/\/www.mojabochnia.pl\/#organization"},"image":{"@id":"https:\/\/www.mojabochnia.pl\/?p=108843#primaryimage"},"thumbnailUrl":"https:\/\/www.mojabochnia.pl\/wp-content\/uploads\/2014\/05\/Kucyki.jpg","keywords":["cyrk","cyrk korona"],"articleSection":["2_ostatnie","polityka i wydarzenia","tematyka"],"inLanguage":"pl-PL","potentialAction":[{"@type":"CommentAction","name":"Comment","target":["https:\/\/www.mojabochnia.pl\/?p=108843#respond"]}]},{"@type":"WebPage","@id":"https:\/\/www.mojabochnia.pl\/?p=108843","url":"https:\/\/www.mojabochnia.pl\/?p=108843","name":"Cyrk Korona w sobot\u0119, wej\u015bci\u00f3wki rozdane - mojabochnia.pl - portal informacyjny","isPartOf":{"@id":"https:\/\/www.mojabochnia.pl\/#website"},"primaryImageOfPage":{"@id":"https:\/\/www.mojabochnia.pl\/?p=108843#primaryimage"},"image":{"@id":"https:\/\/www.mojabochnia.pl\/?p=108843#primaryimage"},"thumbnailUrl":"https:\/\/www.mojabochnia.pl\/wp-content\/uploads\/2014\/05\/Kucyki.jpg","datePublished":"2014-05-15T09:44:31+00:00","dateModified":"2014-05-15T12:44:12+00:00","breadcrumb":{"@id":"https:\/\/www.mojabochnia.pl\/?p=108843#breadcrumb"},"inLanguage":"pl-PL","potentialAction":[{"@type":"ReadAction","target":["https:\/\/www.mojabochnia.pl\/?p=108843"]}]},{"@type":"ImageObject","inLanguage":"pl-PL","@id":"https:\/\/www.mojabochnia.pl\/?p=108843#primaryimage","url":"https:\/\/www.mojabochnia.pl\/wp-content\/uploads\/2014\/05\/Kucyki.jpg","contentUrl":"https:\/\/www.mojabochnia.pl\/wp-content\/uploads\/2014\/05\/Kucyki.jpg","width":660,"height":372,"caption":"materia\u0142y prasowe"},{"@type":"BreadcrumbList","@id":"https:\/\/www.mojabochnia.pl\/?p=108843#breadcrumb","itemListElement":[{"@type":"ListItem","position":1,"name":"Home","item":"https:\/\/www.mojabochnia.pl\/"},{"@type":"ListItem","position":2,"name":"Cyrk Korona w sobot\u0119, wej\u015bci\u00f3wki rozdane"}]},{"@type":"WebSite","@id":"https:\/\/www.mojabochnia.pl\/#website","url":"https:\/\/www.mojabochnia.pl\/","name":"mojabochnia.pl - portal informacyjny","description":"mojaBochnia to portal informacyjny o Bochni. Codziennie o Bochni piszemy i pokazujemy najwa\u017cniejsze wydarzenia","publisher":{"@id":"https:\/\/www.mojabochnia.pl\/#organization"},"potentialAction":[{"@type":"SearchAction","target":{"@type":"EntryPoint","urlTemplate":"https:\/\/www.mojabochnia.pl\/?s={search_term_string}"},"query-input":{"@type":"PropertyValueSpecification","valueRequired":true,"valueName":"search_term_string"}}],"inLanguage":"pl-PL"},{"@type":"Organization","@id":"https:\/\/www.mojabochnia.pl\/#organization","name":"mojabochnia.pl - portal informacyjny","url":"https:\/\/www.mojabochnia.pl\/","logo":{"@type":"ImageObject","inLanguage":"pl-PL","@id":"https:\/\/www.mojabochnia.pl\/#\/schema\/logo\/image\/","url":"https:\/\/www.mojabochnia.pl\/wp-content\/uploads\/2017\/08\/logo-mb-opt.png","contentUrl":"https:\/\/www.mojabochnia.pl\/wp-content\/uploads\/2017\/08\/logo-mb-opt.png","width":250,"height":48,"caption":"mojabochnia.pl - portal informacyjny"},"image":{"@id":"https:\/\/www.mojabochnia.pl\/#\/schema\/logo\/image\/"},"sameAs":["https:\/\/www.facebook.com\/mojabochnia"]},{"@type":"Person","@id":"https:\/\/www.mojabochnia.pl\/#\/schema\/person\/7e2f20ead9902216a3384f13606c0ab7","name":"redakcja","sameAs":["http:\/\/"],"url":"https:\/\/www.mojabochnia.pl\/?author=13"}]}},"_links":{"self":[{"href":"https:\/\/www.mojabochnia.pl\/index.php?rest_route=\/wp\/v2\/posts\/108843","targetHints":{"allow":["GET"]}}],"collection":[{"href":"https:\/\/www.mojabochnia.pl\/index.php?rest_route=\/wp\/v2\/posts"}],"about":[{"href":"https:\/\/www.mojabochnia.pl\/index.php?rest_route=\/wp\/v2\/types\/post"}],"author":[{"embeddable":true,"href":"https:\/\/www.mojabochnia.pl\/index.php?rest_route=\/wp\/v2\/users\/13"}],"replies":[{"embeddable":true,"href":"https:\/\/www.mojabochnia.pl\/index.php?rest_route=%2Fwp%2Fv2%2Fcomments&post=108843"}],"version-history":[{"count":3,"href":"https:\/\/www.mojabochnia.pl\/index.php?rest_route=\/wp\/v2\/posts\/108843\/revisions"}],"predecessor-version":[{"id":108874,"href":"https:\/\/www.mojabochnia.pl\/index.php?rest_route=\/wp\/v2\/posts\/108843\/revisions\/108874"}],"wp:featuredmedia":[{"embeddable":true,"href":"https:\/\/www.mojabochnia.pl\/index.php?rest_route=\/wp\/v2\/media\/108536"}],"wp:attachment":[{"href":"https:\/\/www.mojabochnia.pl\/index.php?rest_route=%2Fwp%2Fv2%2Fmedia&parent=108843"}],"wp:term":[{"taxonomy":"category","embeddable":true,"href":"https:\/\/www.mojabochnia.pl\/index.php?rest_route=%2Fwp%2Fv2%2Fcategories&post=108843"},{"taxonomy":"post_tag","embeddable":true,"href":"https:\/\/www.mojabochnia.pl\/index.php?rest_route=%2Fwp%2Fv2%2Ftags&post=108843"}],"curies":[{"name":"wp","href":"https:\/\/api.w.org\/{rel}","templated":true}]}}