{"id":108783,"date":"2014-05-14T10:32:56","date_gmt":"2014-05-14T08:32:56","guid":{"rendered":"http:\/\/www.mojabochnia.pl\/?p=108783"},"modified":"2014-05-14T10:32:56","modified_gmt":"2014-05-14T08:32:56","slug":"bochenszczyzna-w-oczekiwaniu-na-wielka-wode","status":"publish","type":"post","link":"https:\/\/www.mojabochnia.pl\/?p=108783","title":{"rendered":"Boche\u0144szczyzna w oczekiwaniu na wielk\u0105 wod\u0119"},"content":{"rendered":"<p>Od wczoraj od godz. 10.00 poziom Raby w Prosz\u00f3wkach wzr\u00f3s\u0142 o prawie metr (z 231 do 307 cm). Poziom ostrzegawczy to 500 cm, a poziom alarmowy \u2013 700 cm. Podczas powodzi w 2010 r. Raba w tym miejscu si\u0119ga\u0142a a\u017c 12 metr\u00f3w. <\/p>\n<p>Poziom Stradomki wynosi teraz 98 cm, wczoraj o 10.00 wynosi\u0142 72 cm (poziom ostrzegawczy to 280 cm, a alarmowy 350 cm). <\/p>\n<p>Prognozy pogody na najbli\u017csze dni niepokoj\u0105 mieszka\u0144c\u00f3w podboche\u0144skich miejscowo\u015bci. Ci\u0105gle pami\u0119taj\u0105 oni pow\u00f3d\u017a z 2010 r., kt\u00f3ra wyrz\u0105dzi\u0142a ogromne spustoszenie. W\u015br\u00f3d poszkodowanych przez niespodziewan\u0105 wod\u0119 by\u0142 Izydor Wr\u00f3bel z Cikowic. Teraz jest przygotowany na wypadek wylania Raby. <\/p>\n<p>Zgromadzi\u0142em spor\u0105 ilo\u015b\u0107 piachu, kupi\u0142em ok. 200 work\u00f3w, wiem ju\u017c jak do nich sypa\u0107, wiem \u017ce nie sypie si\u0119 do pe\u0142na tylko niespe\u0142na po\u0142ow\u0119. Kupi\u0142em spore ilo\u015bci folii, teraz te\u017c wiem ju\u017c jak takie worki si\u0119 zabezpiecza, kupi\u0142em te\u017c sporo pianki uszczelniaj\u0105cej. Zabezpieczy\u0142em r\u00f3wnie\u017c piwnic\u0119 \u2013 wylicza mieszkaniec Cikowic.<\/p>\n<p>Wczoraj po po\u0142udniu rozpocz\u0119to zrzut wody na zbiorniku w Dobczycach. Poziom Raby przed zrzutem poni\u017cej zbiornika wynosi\u0142 ok. 280 cm, po zrzucie ok. 335 cm (taki stan utrzymuje si\u0119 do chwili obecnej). Jest to forma przygotowania zbiornika na zbli\u017caj\u0105ce si\u0119 opady. Wnioskowa\u0142 o to w\u00f3jt gminy Bochnia w pi\u015bmie skierowanym na r\u0119ce dyrektora RZGW w Krakowie. <\/p>\n","protected":false},"excerpt":{"rendered":"<p>Dzi\u015b wieczorem maj\u0105 si\u0119 zacz\u0105\u0107 intensywne opady deszczu. S\u0142u\u017cby kryzysowe ostrzegaj\u0105, \u017ce mo\u017ce doj\u015b\u0107 do podtopie\u0144. Czy grozi nam to, co mia\u0142o miejsce cztery lata temu?<\/p>\n","protected":false},"author":2,"featured_media":53915,"comment_status":"open","ping_status":"closed","sticky":true,"template":"","format":"standard","meta":{"_acf_changed":false,"footnotes":""},"categories":[5,6251,6250],"tags":[2617,17650,17774,17223,2714,17370,17402,17797,17783],"class_list":["post-108783","post","type-post","status-publish","format-standard","has-post-thumbnail","hentry","category-biezace-wydarzenia","category-polityka-i-wydarzenia","category-tematyka","tag-deszcz","tag-dobczyce","tag-powodz","tag-raba","tag-rzeka","tag-stradomka","tag-woda","tag-zapora","tag-zbiornik-retencyjny","main_tag-powodz"],"acf":[],"yoast_head":"<!-- This site is optimized with the Yoast SEO plugin v26.9 - https:\/\/yoast.com\/product\/yoast-seo-wordpress\/ -->\n<title>Boche\u0144szczyzna w oczekiwaniu na wielk\u0105 wod\u0119 - mojabochnia.pl - portal informacyjny<\/title>\n<meta name=\"robots\" content=\"index, follow, max-snippet:-1, max-image-preview:large, max-video-preview:-1\" \/>\n<link rel=\"canonical\" href=\"https:\/\/www.mojabochnia.pl\/?p=108783\" \/>\n<meta property=\"og:locale\" content=\"pl_PL\" \/>\n<meta property=\"og:type\" content=\"article\" \/>\n<meta property=\"og:title\" content=\"Boche\u0144szczyzna w oczekiwaniu na wielk\u0105 wod\u0119 - mojabochnia.pl - portal informacyjny\" \/>\n<meta property=\"og:description\" content=\"Dzi\u015b wieczorem maj\u0105 si\u0119 zacz\u0105\u0107 intensywne opady deszczu. S\u0142u\u017cby kryzysowe ostrzegaj\u0105, \u017ce mo\u017ce doj\u015b\u0107 do podtopie\u0144. Czy grozi nam to, co mia\u0142o miejsce cztery lata temu?\" \/>\n<meta property=\"og:url\" content=\"https:\/\/www.mojabochnia.pl\/?p=108783\" \/>\n<meta property=\"og:site_name\" content=\"mojabochnia.pl - portal informacyjny\" \/>\n<meta property=\"article:publisher\" content=\"https:\/\/www.facebook.com\/mojabochnia\" \/>\n<meta property=\"article:published_time\" content=\"2014-05-14T08:32:56+00:00\" \/>\n<meta property=\"og:image\" content=\"https:\/\/www.mojabochnia.pl\/wp-content\/uploads\/2011\/07\/20110707_most.jpg\" \/>\n\t<meta property=\"og:image:width\" content=\"800\" \/>\n\t<meta property=\"og:image:height\" content=\"450\" \/>\n\t<meta property=\"og:image:type\" content=\"image\/jpeg\" \/>\n<meta name=\"author\" content=\"Jacek Kucharski\" \/>\n<meta name=\"twitter:card\" content=\"summary_large_image\" \/>\n<meta name=\"twitter:label1\" content=\"Written by\" \/>\n\t<meta name=\"twitter:data1\" content=\"Jacek Kucharski\" \/>\n\t<meta name=\"twitter:label2\" content=\"Est. reading time\" \/>\n\t<meta name=\"twitter:data2\" content=\"1 minuta\" \/>\n<script type=\"application\/ld+json\" class=\"yoast-schema-graph\">{\"@context\":\"https:\/\/schema.org\",\"@graph\":[{\"@type\":\"Article\",\"@id\":\"https:\/\/www.mojabochnia.pl\/?p=108783#article\",\"isPartOf\":{\"@id\":\"https:\/\/www.mojabochnia.pl\/?p=108783\"},\"author\":{\"name\":\"Jacek Kucharski\",\"@id\":\"https:\/\/www.mojabochnia.pl\/#\/schema\/person\/cbf2046fc62995d3796f0c0160613698\"},\"headline\":\"Boche\u0144szczyzna w oczekiwaniu na wielk\u0105 wod\u0119\",\"datePublished\":\"2014-05-14T08:32:56+00:00\",\"mainEntityOfPage\":{\"@id\":\"https:\/\/www.mojabochnia.pl\/?p=108783\"},\"wordCount\":233,\"commentCount\":0,\"publisher\":{\"@id\":\"https:\/\/www.mojabochnia.pl\/#organization\"},\"image\":{\"@id\":\"https:\/\/www.mojabochnia.pl\/?p=108783#primaryimage\"},\"thumbnailUrl\":\"https:\/\/www.mojabochnia.pl\/wp-content\/uploads\/2011\/07\/20110707_most.jpg\",\"keywords\":[\"deszcz\",\"dobczyce\",\"pow\u00f3d\u017a\",\"raba\",\"rzeka\",\"stradomka\",\"woda\",\"zapora\",\"zbiornik retencyjny\"],\"articleSection\":[\"2_ostatnie\",\"polityka i wydarzenia\",\"tematyka\"],\"inLanguage\":\"pl-PL\",\"potentialAction\":[{\"@type\":\"CommentAction\",\"name\":\"Comment\",\"target\":[\"https:\/\/www.mojabochnia.pl\/?p=108783#respond\"]}]},{\"@type\":\"WebPage\",\"@id\":\"https:\/\/www.mojabochnia.pl\/?p=108783\",\"url\":\"https:\/\/www.mojabochnia.pl\/?p=108783\",\"name\":\"Boche\u0144szczyzna w oczekiwaniu na wielk\u0105 wod\u0119 - mojabochnia.pl - portal informacyjny\",\"isPartOf\":{\"@id\":\"https:\/\/www.mojabochnia.pl\/#website\"},\"primaryImageOfPage\":{\"@id\":\"https:\/\/www.mojabochnia.pl\/?p=108783#primaryimage\"},\"image\":{\"@id\":\"https:\/\/www.mojabochnia.pl\/?p=108783#primaryimage\"},\"thumbnailUrl\":\"https:\/\/www.mojabochnia.pl\/wp-content\/uploads\/2011\/07\/20110707_most.jpg\",\"datePublished\":\"2014-05-14T08:32:56+00:00\",\"breadcrumb\":{\"@id\":\"https:\/\/www.mojabochnia.pl\/?p=108783#breadcrumb\"},\"inLanguage\":\"pl-PL\",\"potentialAction\":[{\"@type\":\"ReadAction\",\"target\":[\"https:\/\/www.mojabochnia.pl\/?p=108783\"]}]},{\"@type\":\"ImageObject\",\"inLanguage\":\"pl-PL\",\"@id\":\"https:\/\/www.mojabochnia.pl\/?p=108783#primaryimage\",\"url\":\"https:\/\/www.mojabochnia.pl\/wp-content\/uploads\/2011\/07\/20110707_most.jpg\",\"contentUrl\":\"https:\/\/www.mojabochnia.pl\/wp-content\/uploads\/2011\/07\/20110707_most.jpg\",\"width\":800,\"height\":450,\"caption\":\"nades\u0142ane\"},{\"@type\":\"BreadcrumbList\",\"@id\":\"https:\/\/www.mojabochnia.pl\/?p=108783#breadcrumb\",\"itemListElement\":[{\"@type\":\"ListItem\",\"position\":1,\"name\":\"Home\",\"item\":\"https:\/\/www.mojabochnia.pl\/\"},{\"@type\":\"ListItem\",\"position\":2,\"name\":\"Boche\u0144szczyzna w oczekiwaniu na wielk\u0105 wod\u0119\"}]},{\"@type\":\"WebSite\",\"@id\":\"https:\/\/www.mojabochnia.pl\/#website\",\"url\":\"https:\/\/www.mojabochnia.pl\/\",\"name\":\"mojabochnia.pl - portal informacyjny\",\"description\":\"mojaBochnia to portal informacyjny o Bochni. Codziennie o Bochni piszemy i pokazujemy najwa\u017cniejsze wydarzenia\",\"publisher\":{\"@id\":\"https:\/\/www.mojabochnia.pl\/#organization\"},\"potentialAction\":[{\"@type\":\"SearchAction\",\"target\":{\"@type\":\"EntryPoint\",\"urlTemplate\":\"https:\/\/www.mojabochnia.pl\/?s={search_term_string}\"},\"query-input\":{\"@type\":\"PropertyValueSpecification\",\"valueRequired\":true,\"valueName\":\"search_term_string\"}}],\"inLanguage\":\"pl-PL\"},{\"@type\":\"Organization\",\"@id\":\"https:\/\/www.mojabochnia.pl\/#organization\",\"name\":\"mojabochnia.pl - portal informacyjny\",\"url\":\"https:\/\/www.mojabochnia.pl\/\",\"logo\":{\"@type\":\"ImageObject\",\"inLanguage\":\"pl-PL\",\"@id\":\"https:\/\/www.mojabochnia.pl\/#\/schema\/logo\/image\/\",\"url\":\"https:\/\/www.mojabochnia.pl\/wp-content\/uploads\/2017\/08\/logo-mb-opt.png\",\"contentUrl\":\"https:\/\/www.mojabochnia.pl\/wp-content\/uploads\/2017\/08\/logo-mb-opt.png\",\"width\":250,\"height\":48,\"caption\":\"mojabochnia.pl - portal informacyjny\"},\"image\":{\"@id\":\"https:\/\/www.mojabochnia.pl\/#\/schema\/logo\/image\/\"},\"sameAs\":[\"https:\/\/www.facebook.com\/mojabochnia\"]},{\"@type\":\"Person\",\"@id\":\"https:\/\/www.mojabochnia.pl\/#\/schema\/person\/cbf2046fc62995d3796f0c0160613698\",\"name\":\"Jacek Kucharski\",\"url\":\"https:\/\/www.mojabochnia.pl\/?author=2\"}]}<\/script>\n<!-- \/ Yoast SEO plugin. -->","yoast_head_json":{"title":"Boche\u0144szczyzna w oczekiwaniu na wielk\u0105 wod\u0119 - mojabochnia.pl - portal informacyjny","robots":{"index":"index","follow":"follow","max-snippet":"max-snippet:-1","max-image-preview":"max-image-preview:large","max-video-preview":"max-video-preview:-1"},"canonical":"https:\/\/www.mojabochnia.pl\/?p=108783","og_locale":"pl_PL","og_type":"article","og_title":"Boche\u0144szczyzna w oczekiwaniu na wielk\u0105 wod\u0119 - mojabochnia.pl - portal informacyjny","og_description":"Dzi\u015b wieczorem maj\u0105 si\u0119 zacz\u0105\u0107 intensywne opady deszczu. S\u0142u\u017cby kryzysowe ostrzegaj\u0105, \u017ce mo\u017ce doj\u015b\u0107 do podtopie\u0144. Czy grozi nam to, co mia\u0142o miejsce cztery lata temu?","og_url":"https:\/\/www.mojabochnia.pl\/?p=108783","og_site_name":"mojabochnia.pl - portal informacyjny","article_publisher":"https:\/\/www.facebook.com\/mojabochnia","article_published_time":"2014-05-14T08:32:56+00:00","og_image":[{"width":800,"height":450,"url":"https:\/\/www.mojabochnia.pl\/wp-content\/uploads\/2011\/07\/20110707_most.jpg","type":"image\/jpeg"}],"author":"Jacek Kucharski","twitter_card":"summary_large_image","twitter_misc":{"Written by":"Jacek Kucharski","Est. reading time":"1 minuta"},"schema":{"@context":"https:\/\/schema.org","@graph":[{"@type":"Article","@id":"https:\/\/www.mojabochnia.pl\/?p=108783#article","isPartOf":{"@id":"https:\/\/www.mojabochnia.pl\/?p=108783"},"author":{"name":"Jacek Kucharski","@id":"https:\/\/www.mojabochnia.pl\/#\/schema\/person\/cbf2046fc62995d3796f0c0160613698"},"headline":"Boche\u0144szczyzna w oczekiwaniu na wielk\u0105 wod\u0119","datePublished":"2014-05-14T08:32:56+00:00","mainEntityOfPage":{"@id":"https:\/\/www.mojabochnia.pl\/?p=108783"},"wordCount":233,"commentCount":0,"publisher":{"@id":"https:\/\/www.mojabochnia.pl\/#organization"},"image":{"@id":"https:\/\/www.mojabochnia.pl\/?p=108783#primaryimage"},"thumbnailUrl":"https:\/\/www.mojabochnia.pl\/wp-content\/uploads\/2011\/07\/20110707_most.jpg","keywords":["deszcz","dobczyce","pow\u00f3d\u017a","raba","rzeka","stradomka","woda","zapora","zbiornik retencyjny"],"articleSection":["2_ostatnie","polityka i wydarzenia","tematyka"],"inLanguage":"pl-PL","potentialAction":[{"@type":"CommentAction","name":"Comment","target":["https:\/\/www.mojabochnia.pl\/?p=108783#respond"]}]},{"@type":"WebPage","@id":"https:\/\/www.mojabochnia.pl\/?p=108783","url":"https:\/\/www.mojabochnia.pl\/?p=108783","name":"Boche\u0144szczyzna w oczekiwaniu na wielk\u0105 wod\u0119 - mojabochnia.pl - portal informacyjny","isPartOf":{"@id":"https:\/\/www.mojabochnia.pl\/#website"},"primaryImageOfPage":{"@id":"https:\/\/www.mojabochnia.pl\/?p=108783#primaryimage"},"image":{"@id":"https:\/\/www.mojabochnia.pl\/?p=108783#primaryimage"},"thumbnailUrl":"https:\/\/www.mojabochnia.pl\/wp-content\/uploads\/2011\/07\/20110707_most.jpg","datePublished":"2014-05-14T08:32:56+00:00","breadcrumb":{"@id":"https:\/\/www.mojabochnia.pl\/?p=108783#breadcrumb"},"inLanguage":"pl-PL","potentialAction":[{"@type":"ReadAction","target":["https:\/\/www.mojabochnia.pl\/?p=108783"]}]},{"@type":"ImageObject","inLanguage":"pl-PL","@id":"https:\/\/www.mojabochnia.pl\/?p=108783#primaryimage","url":"https:\/\/www.mojabochnia.pl\/wp-content\/uploads\/2011\/07\/20110707_most.jpg","contentUrl":"https:\/\/www.mojabochnia.pl\/wp-content\/uploads\/2011\/07\/20110707_most.jpg","width":800,"height":450,"caption":"nades\u0142ane"},{"@type":"BreadcrumbList","@id":"https:\/\/www.mojabochnia.pl\/?p=108783#breadcrumb","itemListElement":[{"@type":"ListItem","position":1,"name":"Home","item":"https:\/\/www.mojabochnia.pl\/"},{"@type":"ListItem","position":2,"name":"Boche\u0144szczyzna w oczekiwaniu na wielk\u0105 wod\u0119"}]},{"@type":"WebSite","@id":"https:\/\/www.mojabochnia.pl\/#website","url":"https:\/\/www.mojabochnia.pl\/","name":"mojabochnia.pl - portal informacyjny","description":"mojaBochnia to portal informacyjny o Bochni. Codziennie o Bochni piszemy i pokazujemy najwa\u017cniejsze wydarzenia","publisher":{"@id":"https:\/\/www.mojabochnia.pl\/#organization"},"potentialAction":[{"@type":"SearchAction","target":{"@type":"EntryPoint","urlTemplate":"https:\/\/www.mojabochnia.pl\/?s={search_term_string}"},"query-input":{"@type":"PropertyValueSpecification","valueRequired":true,"valueName":"search_term_string"}}],"inLanguage":"pl-PL"},{"@type":"Organization","@id":"https:\/\/www.mojabochnia.pl\/#organization","name":"mojabochnia.pl - portal informacyjny","url":"https:\/\/www.mojabochnia.pl\/","logo":{"@type":"ImageObject","inLanguage":"pl-PL","@id":"https:\/\/www.mojabochnia.pl\/#\/schema\/logo\/image\/","url":"https:\/\/www.mojabochnia.pl\/wp-content\/uploads\/2017\/08\/logo-mb-opt.png","contentUrl":"https:\/\/www.mojabochnia.pl\/wp-content\/uploads\/2017\/08\/logo-mb-opt.png","width":250,"height":48,"caption":"mojabochnia.pl - portal informacyjny"},"image":{"@id":"https:\/\/www.mojabochnia.pl\/#\/schema\/logo\/image\/"},"sameAs":["https:\/\/www.facebook.com\/mojabochnia"]},{"@type":"Person","@id":"https:\/\/www.mojabochnia.pl\/#\/schema\/person\/cbf2046fc62995d3796f0c0160613698","name":"Jacek Kucharski","url":"https:\/\/www.mojabochnia.pl\/?author=2"}]}},"_links":{"self":[{"href":"https:\/\/www.mojabochnia.pl\/index.php?rest_route=\/wp\/v2\/posts\/108783","targetHints":{"allow":["GET"]}}],"collection":[{"href":"https:\/\/www.mojabochnia.pl\/index.php?rest_route=\/wp\/v2\/posts"}],"about":[{"href":"https:\/\/www.mojabochnia.pl\/index.php?rest_route=\/wp\/v2\/types\/post"}],"author":[{"embeddable":true,"href":"https:\/\/www.mojabochnia.pl\/index.php?rest_route=\/wp\/v2\/users\/2"}],"replies":[{"embeddable":true,"href":"https:\/\/www.mojabochnia.pl\/index.php?rest_route=%2Fwp%2Fv2%2Fcomments&post=108783"}],"version-history":[{"count":2,"href":"https:\/\/www.mojabochnia.pl\/index.php?rest_route=\/wp\/v2\/posts\/108783\/revisions"}],"predecessor-version":[{"id":108785,"href":"https:\/\/www.mojabochnia.pl\/index.php?rest_route=\/wp\/v2\/posts\/108783\/revisions\/108785"}],"wp:featuredmedia":[{"embeddable":true,"href":"https:\/\/www.mojabochnia.pl\/index.php?rest_route=\/wp\/v2\/media\/53915"}],"wp:attachment":[{"href":"https:\/\/www.mojabochnia.pl\/index.php?rest_route=%2Fwp%2Fv2%2Fmedia&parent=108783"}],"wp:term":[{"taxonomy":"category","embeddable":true,"href":"https:\/\/www.mojabochnia.pl\/index.php?rest_route=%2Fwp%2Fv2%2Fcategories&post=108783"},{"taxonomy":"post_tag","embeddable":true,"href":"https:\/\/www.mojabochnia.pl\/index.php?rest_route=%2Fwp%2Fv2%2Ftags&post=108783"}],"curies":[{"name":"wp","href":"https:\/\/api.w.org\/{rel}","templated":true}]}}