{"id":108770,"date":"2014-05-13T10:25:27","date_gmt":"2014-05-13T08:25:27","guid":{"rendered":"http:\/\/www.mojabochnia.pl\/?p=108770"},"modified":"2014-05-13T10:27:36","modified_gmt":"2014-05-13T08:27:36","slug":"posel-edward-czesak-przegral-w-sadzie-w-trybie-wyborczym","status":"publish","type":"post","link":"https:\/\/www.mojabochnia.pl\/?p=108770","title":{"rendered":"Pose\u0142 Edward Czesak przegra\u0142 w s\u0105dzie w trybie wyborczym"},"content":{"rendered":"<p>Pawe\u0142 Augustyn pozwa\u0142 Edwarda Czesaka w zwi\u0105zku z zapisem umieszczonym na jego plakatach wyborczych. <em>Znalaz\u0142y si\u0119 na nich has\u0142a, \u017ce jest on jedynym kandydatem ziemi tarnowskiej. Wg Paw\u0142a Augustyna, kt\u00f3ry r\u00f3wnie\u017c startuje w majowych wyborach, s\u0105 te\u017c inni kandydaci. S\u0105d podzieli\u0142 t\u0119 opini\u0119 i nakaza\u0142 kandydatowi PiS-u z Brzeska sprostowanie nieprawdziwej informacji przez usuni\u0119cie s\u0142owa 'jedyny&#8217; z bilbord\u00f3w w trybie natychmiastowym <\/em>&#8211; podaje radio RDN Ma\u0142opolska. <\/p>\n<p>Je\u017celi Edward Czesak nie z\u0142o\u017cy odwo\u0142ania, wyrok s\u0105du uprawomocni si\u0119 dzisiaj po po\u0142udniu. Najprawdopodobniej tak uczyni, jego prawnicy obecnie analizuj\u0105 tre\u015b\u0107 uzasadnienia wyroku. Czas na z\u0142o\u017cenie apelacji mija o godz. 13.00. <\/p>\n","protected":false},"excerpt":{"rendered":"<p>Kampania do europarlamentu nabiera rumie\u0144c\u00f3w. W tarnowskim s\u0105dzie zako\u0144czy\u0142o si\u0119 post\u0119powanie, kt\u00f3re wytoczy\u0142 pos\u0142owi Edwardowi Czesakowi Pawe\u0142 Augustyn, r\u00f3wnie\u017c kandydat do PE. Polityk PiS przegra\u0142 w trybie wyborczym i musi natychmiast zmieni\u0107 tre\u015b\u0107 billboard\u00f3w. <\/p>\n","protected":false},"author":4,"featured_media":82849,"comment_status":"open","ping_status":"closed","sticky":false,"template":"","format":"standard","meta":{"_acf_changed":false,"footnotes":""},"categories":[5,6251,6250],"tags":[1569,4362,4059,17457,17859,17517],"class_list":["post-108770","post","type-post","status-publish","format-standard","has-post-thumbnail","hentry","category-biezace-wydarzenia","category-polityka-i-wydarzenia","category-tematyka","tag-edward-czesak","tag-eurowybory","tag-parlament-europejski","tag-polityka","tag-prawo-i-sprawiedliwosc","tag-wyrok","main_tag-polityka"],"acf":[],"yoast_head":"<!-- This site is optimized with the Yoast SEO plugin v26.9 - https:\/\/yoast.com\/product\/yoast-seo-wordpress\/ -->\n<title>Pose\u0142 Edward Czesak przegra\u0142 w s\u0105dzie w trybie wyborczym - mojabochnia.pl - portal informacyjny<\/title>\n<meta name=\"robots\" content=\"index, follow, max-snippet:-1, max-image-preview:large, max-video-preview:-1\" \/>\n<link rel=\"canonical\" href=\"https:\/\/www.mojabochnia.pl\/?p=108770\" \/>\n<meta property=\"og:locale\" content=\"pl_PL\" \/>\n<meta property=\"og:type\" content=\"article\" \/>\n<meta property=\"og:title\" content=\"Pose\u0142 Edward Czesak przegra\u0142 w s\u0105dzie w trybie wyborczym - mojabochnia.pl - portal informacyjny\" \/>\n<meta property=\"og:description\" content=\"Kampania do europarlamentu nabiera rumie\u0144c\u00f3w. W tarnowskim s\u0105dzie zako\u0144czy\u0142o si\u0119 post\u0119powanie, kt\u00f3re wytoczy\u0142 pos\u0142owi Edwardowi Czesakowi Pawe\u0142 Augustyn, r\u00f3wnie\u017c kandydat do PE. Polityk PiS przegra\u0142 w trybie wyborczym i musi natychmiast zmieni\u0107 tre\u015b\u0107 billboard\u00f3w.\" \/>\n<meta property=\"og:url\" content=\"https:\/\/www.mojabochnia.pl\/?p=108770\" \/>\n<meta property=\"og:site_name\" content=\"mojabochnia.pl - portal informacyjny\" \/>\n<meta property=\"article:publisher\" content=\"https:\/\/www.facebook.com\/mojabochnia\" \/>\n<meta property=\"article:published_time\" content=\"2014-05-13T08:25:27+00:00\" \/>\n<meta property=\"article:modified_time\" content=\"2014-05-13T08:27:36+00:00\" \/>\n<meta property=\"og:image\" content=\"https:\/\/www.mojabochnia.pl\/wp-content\/uploads\/2013\/01\/IMG_6947.jpg\" \/>\n\t<meta property=\"og:image:width\" content=\"800\" \/>\n\t<meta property=\"og:image:height\" content=\"450\" \/>\n\t<meta property=\"og:image:type\" content=\"image\/jpeg\" \/>\n<meta name=\"author\" content=\"Pawe\u0142 Michalczyk\" \/>\n<meta name=\"twitter:card\" content=\"summary_large_image\" \/>\n<meta name=\"twitter:label1\" content=\"Written by\" \/>\n\t<meta name=\"twitter:data1\" content=\"Pawe\u0142 Michalczyk\" \/>\n\t<meta name=\"twitter:label2\" content=\"Est. reading time\" \/>\n\t<meta name=\"twitter:data2\" content=\"1 minuta\" \/>\n<script type=\"application\/ld+json\" class=\"yoast-schema-graph\">{\"@context\":\"https:\/\/schema.org\",\"@graph\":[{\"@type\":\"Article\",\"@id\":\"https:\/\/www.mojabochnia.pl\/?p=108770#article\",\"isPartOf\":{\"@id\":\"https:\/\/www.mojabochnia.pl\/?p=108770\"},\"author\":{\"name\":\"Pawe\u0142 Michalczyk\",\"@id\":\"https:\/\/www.mojabochnia.pl\/#\/schema\/person\/ea042e4724a77627963f02166828ead4\"},\"headline\":\"Pose\u0142 Edward Czesak przegra\u0142 w s\u0105dzie w trybie wyborczym\",\"datePublished\":\"2014-05-13T08:25:27+00:00\",\"dateModified\":\"2014-05-13T08:27:36+00:00\",\"mainEntityOfPage\":{\"@id\":\"https:\/\/www.mojabochnia.pl\/?p=108770\"},\"wordCount\":125,\"commentCount\":0,\"publisher\":{\"@id\":\"https:\/\/www.mojabochnia.pl\/#organization\"},\"image\":{\"@id\":\"https:\/\/www.mojabochnia.pl\/?p=108770#primaryimage\"},\"thumbnailUrl\":\"https:\/\/www.mojabochnia.pl\/wp-content\/uploads\/2013\/01\/IMG_6947.jpg\",\"keywords\":[\"edward czesak\",\"eurowybory\",\"parlament europejski\",\"polityka\",\"prawo i sprawiedliwo\u015b\u0107\",\"wyrok\"],\"articleSection\":[\"2_ostatnie\",\"polityka i wydarzenia\",\"tematyka\"],\"inLanguage\":\"pl-PL\",\"potentialAction\":[{\"@type\":\"CommentAction\",\"name\":\"Comment\",\"target\":[\"https:\/\/www.mojabochnia.pl\/?p=108770#respond\"]}]},{\"@type\":\"WebPage\",\"@id\":\"https:\/\/www.mojabochnia.pl\/?p=108770\",\"url\":\"https:\/\/www.mojabochnia.pl\/?p=108770\",\"name\":\"Pose\u0142 Edward Czesak przegra\u0142 w s\u0105dzie w trybie wyborczym - mojabochnia.pl - portal informacyjny\",\"isPartOf\":{\"@id\":\"https:\/\/www.mojabochnia.pl\/#website\"},\"primaryImageOfPage\":{\"@id\":\"https:\/\/www.mojabochnia.pl\/?p=108770#primaryimage\"},\"image\":{\"@id\":\"https:\/\/www.mojabochnia.pl\/?p=108770#primaryimage\"},\"thumbnailUrl\":\"https:\/\/www.mojabochnia.pl\/wp-content\/uploads\/2013\/01\/IMG_6947.jpg\",\"datePublished\":\"2014-05-13T08:25:27+00:00\",\"dateModified\":\"2014-05-13T08:27:36+00:00\",\"breadcrumb\":{\"@id\":\"https:\/\/www.mojabochnia.pl\/?p=108770#breadcrumb\"},\"inLanguage\":\"pl-PL\",\"potentialAction\":[{\"@type\":\"ReadAction\",\"target\":[\"https:\/\/www.mojabochnia.pl\/?p=108770\"]}]},{\"@type\":\"ImageObject\",\"inLanguage\":\"pl-PL\",\"@id\":\"https:\/\/www.mojabochnia.pl\/?p=108770#primaryimage\",\"url\":\"https:\/\/www.mojabochnia.pl\/wp-content\/uploads\/2013\/01\/IMG_6947.jpg\",\"contentUrl\":\"https:\/\/www.mojabochnia.pl\/wp-content\/uploads\/2013\/01\/IMG_6947.jpg\",\"width\":800,\"height\":450,\"caption\":\"P. Michalczyk\"},{\"@type\":\"BreadcrumbList\",\"@id\":\"https:\/\/www.mojabochnia.pl\/?p=108770#breadcrumb\",\"itemListElement\":[{\"@type\":\"ListItem\",\"position\":1,\"name\":\"Home\",\"item\":\"https:\/\/www.mojabochnia.pl\/\"},{\"@type\":\"ListItem\",\"position\":2,\"name\":\"Pose\u0142 Edward Czesak przegra\u0142 w s\u0105dzie w trybie wyborczym\"}]},{\"@type\":\"WebSite\",\"@id\":\"https:\/\/www.mojabochnia.pl\/#website\",\"url\":\"https:\/\/www.mojabochnia.pl\/\",\"name\":\"mojabochnia.pl - portal informacyjny\",\"description\":\"mojaBochnia to portal informacyjny o Bochni. Codziennie o Bochni piszemy i pokazujemy najwa\u017cniejsze wydarzenia\",\"publisher\":{\"@id\":\"https:\/\/www.mojabochnia.pl\/#organization\"},\"potentialAction\":[{\"@type\":\"SearchAction\",\"target\":{\"@type\":\"EntryPoint\",\"urlTemplate\":\"https:\/\/www.mojabochnia.pl\/?s={search_term_string}\"},\"query-input\":{\"@type\":\"PropertyValueSpecification\",\"valueRequired\":true,\"valueName\":\"search_term_string\"}}],\"inLanguage\":\"pl-PL\"},{\"@type\":\"Organization\",\"@id\":\"https:\/\/www.mojabochnia.pl\/#organization\",\"name\":\"mojabochnia.pl - portal informacyjny\",\"url\":\"https:\/\/www.mojabochnia.pl\/\",\"logo\":{\"@type\":\"ImageObject\",\"inLanguage\":\"pl-PL\",\"@id\":\"https:\/\/www.mojabochnia.pl\/#\/schema\/logo\/image\/\",\"url\":\"https:\/\/www.mojabochnia.pl\/wp-content\/uploads\/2017\/08\/logo-mb-opt.png\",\"contentUrl\":\"https:\/\/www.mojabochnia.pl\/wp-content\/uploads\/2017\/08\/logo-mb-opt.png\",\"width\":250,\"height\":48,\"caption\":\"mojabochnia.pl - portal informacyjny\"},\"image\":{\"@id\":\"https:\/\/www.mojabochnia.pl\/#\/schema\/logo\/image\/\"},\"sameAs\":[\"https:\/\/www.facebook.com\/mojabochnia\"]},{\"@type\":\"Person\",\"@id\":\"https:\/\/www.mojabochnia.pl\/#\/schema\/person\/ea042e4724a77627963f02166828ead4\",\"name\":\"Pawe\u0142 Michalczyk\",\"url\":\"https:\/\/www.mojabochnia.pl\/?author=4\"}]}<\/script>\n<!-- \/ Yoast SEO plugin. -->","yoast_head_json":{"title":"Pose\u0142 Edward Czesak przegra\u0142 w s\u0105dzie w trybie wyborczym - mojabochnia.pl - portal informacyjny","robots":{"index":"index","follow":"follow","max-snippet":"max-snippet:-1","max-image-preview":"max-image-preview:large","max-video-preview":"max-video-preview:-1"},"canonical":"https:\/\/www.mojabochnia.pl\/?p=108770","og_locale":"pl_PL","og_type":"article","og_title":"Pose\u0142 Edward Czesak przegra\u0142 w s\u0105dzie w trybie wyborczym - mojabochnia.pl - portal informacyjny","og_description":"Kampania do europarlamentu nabiera rumie\u0144c\u00f3w. W tarnowskim s\u0105dzie zako\u0144czy\u0142o si\u0119 post\u0119powanie, kt\u00f3re wytoczy\u0142 pos\u0142owi Edwardowi Czesakowi Pawe\u0142 Augustyn, r\u00f3wnie\u017c kandydat do PE. Polityk PiS przegra\u0142 w trybie wyborczym i musi natychmiast zmieni\u0107 tre\u015b\u0107 billboard\u00f3w.","og_url":"https:\/\/www.mojabochnia.pl\/?p=108770","og_site_name":"mojabochnia.pl - portal informacyjny","article_publisher":"https:\/\/www.facebook.com\/mojabochnia","article_published_time":"2014-05-13T08:25:27+00:00","article_modified_time":"2014-05-13T08:27:36+00:00","og_image":[{"width":800,"height":450,"url":"https:\/\/www.mojabochnia.pl\/wp-content\/uploads\/2013\/01\/IMG_6947.jpg","type":"image\/jpeg"}],"author":"Pawe\u0142 Michalczyk","twitter_card":"summary_large_image","twitter_misc":{"Written by":"Pawe\u0142 Michalczyk","Est. reading time":"1 minuta"},"schema":{"@context":"https:\/\/schema.org","@graph":[{"@type":"Article","@id":"https:\/\/www.mojabochnia.pl\/?p=108770#article","isPartOf":{"@id":"https:\/\/www.mojabochnia.pl\/?p=108770"},"author":{"name":"Pawe\u0142 Michalczyk","@id":"https:\/\/www.mojabochnia.pl\/#\/schema\/person\/ea042e4724a77627963f02166828ead4"},"headline":"Pose\u0142 Edward Czesak przegra\u0142 w s\u0105dzie w trybie wyborczym","datePublished":"2014-05-13T08:25:27+00:00","dateModified":"2014-05-13T08:27:36+00:00","mainEntityOfPage":{"@id":"https:\/\/www.mojabochnia.pl\/?p=108770"},"wordCount":125,"commentCount":0,"publisher":{"@id":"https:\/\/www.mojabochnia.pl\/#organization"},"image":{"@id":"https:\/\/www.mojabochnia.pl\/?p=108770#primaryimage"},"thumbnailUrl":"https:\/\/www.mojabochnia.pl\/wp-content\/uploads\/2013\/01\/IMG_6947.jpg","keywords":["edward czesak","eurowybory","parlament europejski","polityka","prawo i sprawiedliwo\u015b\u0107","wyrok"],"articleSection":["2_ostatnie","polityka i wydarzenia","tematyka"],"inLanguage":"pl-PL","potentialAction":[{"@type":"CommentAction","name":"Comment","target":["https:\/\/www.mojabochnia.pl\/?p=108770#respond"]}]},{"@type":"WebPage","@id":"https:\/\/www.mojabochnia.pl\/?p=108770","url":"https:\/\/www.mojabochnia.pl\/?p=108770","name":"Pose\u0142 Edward Czesak przegra\u0142 w s\u0105dzie w trybie wyborczym - mojabochnia.pl - portal informacyjny","isPartOf":{"@id":"https:\/\/www.mojabochnia.pl\/#website"},"primaryImageOfPage":{"@id":"https:\/\/www.mojabochnia.pl\/?p=108770#primaryimage"},"image":{"@id":"https:\/\/www.mojabochnia.pl\/?p=108770#primaryimage"},"thumbnailUrl":"https:\/\/www.mojabochnia.pl\/wp-content\/uploads\/2013\/01\/IMG_6947.jpg","datePublished":"2014-05-13T08:25:27+00:00","dateModified":"2014-05-13T08:27:36+00:00","breadcrumb":{"@id":"https:\/\/www.mojabochnia.pl\/?p=108770#breadcrumb"},"inLanguage":"pl-PL","potentialAction":[{"@type":"ReadAction","target":["https:\/\/www.mojabochnia.pl\/?p=108770"]}]},{"@type":"ImageObject","inLanguage":"pl-PL","@id":"https:\/\/www.mojabochnia.pl\/?p=108770#primaryimage","url":"https:\/\/www.mojabochnia.pl\/wp-content\/uploads\/2013\/01\/IMG_6947.jpg","contentUrl":"https:\/\/www.mojabochnia.pl\/wp-content\/uploads\/2013\/01\/IMG_6947.jpg","width":800,"height":450,"caption":"P. Michalczyk"},{"@type":"BreadcrumbList","@id":"https:\/\/www.mojabochnia.pl\/?p=108770#breadcrumb","itemListElement":[{"@type":"ListItem","position":1,"name":"Home","item":"https:\/\/www.mojabochnia.pl\/"},{"@type":"ListItem","position":2,"name":"Pose\u0142 Edward Czesak przegra\u0142 w s\u0105dzie w trybie wyborczym"}]},{"@type":"WebSite","@id":"https:\/\/www.mojabochnia.pl\/#website","url":"https:\/\/www.mojabochnia.pl\/","name":"mojabochnia.pl - portal informacyjny","description":"mojaBochnia to portal informacyjny o Bochni. Codziennie o Bochni piszemy i pokazujemy najwa\u017cniejsze wydarzenia","publisher":{"@id":"https:\/\/www.mojabochnia.pl\/#organization"},"potentialAction":[{"@type":"SearchAction","target":{"@type":"EntryPoint","urlTemplate":"https:\/\/www.mojabochnia.pl\/?s={search_term_string}"},"query-input":{"@type":"PropertyValueSpecification","valueRequired":true,"valueName":"search_term_string"}}],"inLanguage":"pl-PL"},{"@type":"Organization","@id":"https:\/\/www.mojabochnia.pl\/#organization","name":"mojabochnia.pl - portal informacyjny","url":"https:\/\/www.mojabochnia.pl\/","logo":{"@type":"ImageObject","inLanguage":"pl-PL","@id":"https:\/\/www.mojabochnia.pl\/#\/schema\/logo\/image\/","url":"https:\/\/www.mojabochnia.pl\/wp-content\/uploads\/2017\/08\/logo-mb-opt.png","contentUrl":"https:\/\/www.mojabochnia.pl\/wp-content\/uploads\/2017\/08\/logo-mb-opt.png","width":250,"height":48,"caption":"mojabochnia.pl - portal informacyjny"},"image":{"@id":"https:\/\/www.mojabochnia.pl\/#\/schema\/logo\/image\/"},"sameAs":["https:\/\/www.facebook.com\/mojabochnia"]},{"@type":"Person","@id":"https:\/\/www.mojabochnia.pl\/#\/schema\/person\/ea042e4724a77627963f02166828ead4","name":"Pawe\u0142 Michalczyk","url":"https:\/\/www.mojabochnia.pl\/?author=4"}]}},"_links":{"self":[{"href":"https:\/\/www.mojabochnia.pl\/index.php?rest_route=\/wp\/v2\/posts\/108770","targetHints":{"allow":["GET"]}}],"collection":[{"href":"https:\/\/www.mojabochnia.pl\/index.php?rest_route=\/wp\/v2\/posts"}],"about":[{"href":"https:\/\/www.mojabochnia.pl\/index.php?rest_route=\/wp\/v2\/types\/post"}],"author":[{"embeddable":true,"href":"https:\/\/www.mojabochnia.pl\/index.php?rest_route=\/wp\/v2\/users\/4"}],"replies":[{"embeddable":true,"href":"https:\/\/www.mojabochnia.pl\/index.php?rest_route=%2Fwp%2Fv2%2Fcomments&post=108770"}],"version-history":[{"count":4,"href":"https:\/\/www.mojabochnia.pl\/index.php?rest_route=\/wp\/v2\/posts\/108770\/revisions"}],"predecessor-version":[{"id":108774,"href":"https:\/\/www.mojabochnia.pl\/index.php?rest_route=\/wp\/v2\/posts\/108770\/revisions\/108774"}],"wp:featuredmedia":[{"embeddable":true,"href":"https:\/\/www.mojabochnia.pl\/index.php?rest_route=\/wp\/v2\/media\/82849"}],"wp:attachment":[{"href":"https:\/\/www.mojabochnia.pl\/index.php?rest_route=%2Fwp%2Fv2%2Fmedia&parent=108770"}],"wp:term":[{"taxonomy":"category","embeddable":true,"href":"https:\/\/www.mojabochnia.pl\/index.php?rest_route=%2Fwp%2Fv2%2Fcategories&post=108770"},{"taxonomy":"post_tag","embeddable":true,"href":"https:\/\/www.mojabochnia.pl\/index.php?rest_route=%2Fwp%2Fv2%2Ftags&post=108770"}],"curies":[{"name":"wp","href":"https:\/\/api.w.org\/{rel}","templated":true}]}}