{"id":108708,"date":"2014-05-13T10:23:16","date_gmt":"2014-05-13T08:23:16","guid":{"rendered":"http:\/\/www.mojabochnia.pl\/?p=108708"},"modified":"2014-05-12T20:24:15","modified_gmt":"2014-05-12T18:24:15","slug":"wielka-droga-z-1946-r-w-kinie-regis","status":"publish","type":"post","link":"https:\/\/www.mojabochnia.pl\/?p=108708","title":{"rendered":"\u201eWielka droga\u201d z 1946 r. w kinie Regis"},"content":{"rendered":"<p>Okazj\u0105 do pokazania tego obrazu jest 70. rocznica bitwy pod Monte Cassino. Film zrealizowany w koprodukcji polsko-w\u0142oskiej na zlecenie O\u015brodka Kultury i Prasy II Korpusu Polskiego mia\u0142 jasno sprecyzowany cel: utrwalenie pami\u0119ci o tragicznych i bohaterskich losach Polak\u00f3w, kt\u00f3rzy przez \u0142agry oraz Bliski Wsch\u00f3d dotarli do W\u0142och i walczyli u boku aliant\u00f3w z Niemcami.<\/p>\n<p>Przekaz filmu jest jednoznaczny: \u201eWielka droga\u201d Polak\u00f3w nie sko\u0144czy\u0142a si\u0119 na Zachodzie, czeka ich powr\u00f3t do ojczyzny, ale aby do niej wr\u00f3ci\u0107, przyjdzie im, by\u0107 mo\u017ce, jeszcze walczy\u0107. Tak te\u017c brzmi\u0105 ostatnie s\u0142owa w filmie wypowiedziane przez g\u0142\u00f3wnego bohatera. Istotnym i najbardziej warto\u015bciowym elementem \u201eWielkiej drogi\u201d s\u0105 autentyczne wstawki dokumentalne, m. in. z bitwy pod Monte Cassino.<\/p>\n<p>Film opowiada o losach ludzi wysiedlonych na Sybir, Ko\u0142ym\u0119 w 1939, kt\u00f3rzy przetrwali wygnanie i dostali si\u0119 do Armii genera\u0142a Andersa (p\u00f3\u017aniejszego 2 Korpusu Polskiego). G\u0142\u00f3wny bohater, kt\u00f3rego gra Albin Ossowski, bierze udzia\u0142 i zostaje ranny w pierwszym natarciu na Monte Cassino. W szpitalu piel\u0119gniarka (Jadwiga Andrzejewska) znajduje przy nim pami\u0119tnik, czytaj\u0105c go przywo\u0142uje zdarzenia z jego \u017cycia we Lwowie, dotycz\u0105ce wybuchu wojny i agresji sowieckiej, wyw\u00f3zki na Syberi\u0119, ewakuacji z ZSRR, pobytu w Iranie, Iraku, Palestynie i pierwszego ataku na Monte Cassino, w kt\u00f3rym zostaje ranny. W jednej z r\u00f3l wyst\u0105pi\u0142a Irena Anders, \u017cona gen. W\u0142adys\u0142awa Andersa.<br \/>\nDo produkcji filmu zostali zatrudnienie najwybitniejsi w tamtym czasie polscy tw\u00f3rcy: autorem scenariusza jest Konrad Tom, muzyki Henryk Wars a s\u0142ynnej piosenki \u201eCzerwone maki na Monte Cassino\u201d Ref-Ren czyli Feliks Konarski. Obraz wyre\u017cyserowa\u0142: Micha\u0142 Waszy\u0144ski.<\/p>\n<p>Projekcja mo\u017cliwa dzi\u0119ki uprzejmo\u015bci Polskiego Instytutu i Muzeum Sikorskiego w Londynie, kt\u00f3ry udzieli\u0142 MDK w Bochni jednorazowych praw autorskich do wy\u015bwietlenia filmu. Wcze\u015bniej o 17.30 w Muzeum im. Stanis\u0142awa Fischera Janina K\u0119sek i Gra\u017cyna Pot\u0119pa opowiedz\u0105 o udziale bochnian w bitwie o Cassino\u201d.<\/p>\n<p>Obejrzyj <a onclick=\"javascript:pageTracker._trackPageview('\/outgoing\/www.youtube.com\/watch?v=8DorROUxass');\"  href=\"http:\/\/www.youtube.com\/watch?v=8DorROUxass\">zapowied\u017a projekcji \u201eWielkiej drogi\u201d<\/a> autorstwa znakomitego filmoznawcy, znanego boche\u0144skiej publiczno\u015bci Stanis\u0142awa Janickiego.<\/p>\n","protected":false},"excerpt":{"rendered":"<p>W najbli\u017cszy czwartek, 15 maja, Miejski Dom Kultury zaprasza na godzin\u0119 20.00 do kina Regis na pokaz \u201eWielkiej drogi\u201d, jedynego filmu sprzed 1989 r. pokazuj\u0105cego prawdziwe losy Polak\u00f3w podczas II wojny \u015bwiatowej. Wst\u0119p wolny.<\/p>\n","protected":false},"author":13,"featured_media":0,"comment_status":"open","ping_status":"closed","sticky":false,"template":"","format":"standard","meta":{"_acf_changed":false,"footnotes":""},"categories":[5,6251,6250],"tags":[17142,17131,17289,17263],"class_list":["post-108708","post","type-post","status-publish","format-standard","hentry","category-biezace-wydarzenia","category-polityka-i-wydarzenia","category-tematyka","tag-film","tag-historia","tag-kino","tag-kino-regis","main_tag-kino-2"],"acf":[],"yoast_head":"<!-- This site is optimized with the Yoast SEO plugin v26.9 - https:\/\/yoast.com\/product\/yoast-seo-wordpress\/ -->\n<title>\u201eWielka droga\u201d z 1946 r. w kinie Regis - mojabochnia.pl - portal informacyjny<\/title>\n<meta name=\"robots\" content=\"index, follow, max-snippet:-1, max-image-preview:large, max-video-preview:-1\" \/>\n<link rel=\"canonical\" href=\"https:\/\/www.mojabochnia.pl\/?p=108708\" \/>\n<meta property=\"og:locale\" content=\"pl_PL\" \/>\n<meta property=\"og:type\" content=\"article\" \/>\n<meta property=\"og:title\" content=\"\u201eWielka droga\u201d z 1946 r. w kinie Regis - mojabochnia.pl - portal informacyjny\" \/>\n<meta property=\"og:description\" content=\"W najbli\u017cszy czwartek, 15 maja, Miejski Dom Kultury zaprasza na godzin\u0119 20.00 do kina Regis na pokaz \u201eWielkiej drogi\u201d, jedynego filmu sprzed 1989 r. pokazuj\u0105cego prawdziwe losy Polak\u00f3w podczas II wojny \u015bwiatowej. Wst\u0119p wolny.\" \/>\n<meta property=\"og:url\" content=\"https:\/\/www.mojabochnia.pl\/?p=108708\" \/>\n<meta property=\"og:site_name\" content=\"mojabochnia.pl - portal informacyjny\" \/>\n<meta property=\"article:publisher\" content=\"https:\/\/www.facebook.com\/mojabochnia\" \/>\n<meta property=\"article:published_time\" content=\"2014-05-13T08:23:16+00:00\" \/>\n<meta name=\"author\" content=\"redakcja\" \/>\n<meta name=\"twitter:card\" content=\"summary_large_image\" \/>\n<meta name=\"twitter:label1\" content=\"Written by\" \/>\n\t<meta name=\"twitter:data1\" content=\"redakcja\" \/>\n\t<meta name=\"twitter:label2\" content=\"Est. reading time\" \/>\n\t<meta name=\"twitter:data2\" content=\"2 minuty\" \/>\n<script type=\"application\/ld+json\" class=\"yoast-schema-graph\">{\"@context\":\"https:\/\/schema.org\",\"@graph\":[{\"@type\":\"Article\",\"@id\":\"https:\/\/www.mojabochnia.pl\/?p=108708#article\",\"isPartOf\":{\"@id\":\"https:\/\/www.mojabochnia.pl\/?p=108708\"},\"author\":{\"name\":\"redakcja\",\"@id\":\"https:\/\/www.mojabochnia.pl\/#\/schema\/person\/7e2f20ead9902216a3384f13606c0ab7\"},\"headline\":\"\u201eWielka droga\u201d z 1946 r. w kinie Regis\",\"datePublished\":\"2014-05-13T08:23:16+00:00\",\"mainEntityOfPage\":{\"@id\":\"https:\/\/www.mojabochnia.pl\/?p=108708\"},\"wordCount\":355,\"commentCount\":0,\"publisher\":{\"@id\":\"https:\/\/www.mojabochnia.pl\/#organization\"},\"keywords\":[\"film\",\"historia\",\"Kino\",\"kino regis\"],\"articleSection\":[\"2_ostatnie\",\"polityka i wydarzenia\",\"tematyka\"],\"inLanguage\":\"pl-PL\",\"potentialAction\":[{\"@type\":\"CommentAction\",\"name\":\"Comment\",\"target\":[\"https:\/\/www.mojabochnia.pl\/?p=108708#respond\"]}]},{\"@type\":\"WebPage\",\"@id\":\"https:\/\/www.mojabochnia.pl\/?p=108708\",\"url\":\"https:\/\/www.mojabochnia.pl\/?p=108708\",\"name\":\"\u201eWielka droga\u201d z 1946 r. w kinie Regis - mojabochnia.pl - portal informacyjny\",\"isPartOf\":{\"@id\":\"https:\/\/www.mojabochnia.pl\/#website\"},\"datePublished\":\"2014-05-13T08:23:16+00:00\",\"breadcrumb\":{\"@id\":\"https:\/\/www.mojabochnia.pl\/?p=108708#breadcrumb\"},\"inLanguage\":\"pl-PL\",\"potentialAction\":[{\"@type\":\"ReadAction\",\"target\":[\"https:\/\/www.mojabochnia.pl\/?p=108708\"]}]},{\"@type\":\"BreadcrumbList\",\"@id\":\"https:\/\/www.mojabochnia.pl\/?p=108708#breadcrumb\",\"itemListElement\":[{\"@type\":\"ListItem\",\"position\":1,\"name\":\"Home\",\"item\":\"https:\/\/www.mojabochnia.pl\/\"},{\"@type\":\"ListItem\",\"position\":2,\"name\":\"\u201eWielka droga\u201d z 1946 r. w kinie Regis\"}]},{\"@type\":\"WebSite\",\"@id\":\"https:\/\/www.mojabochnia.pl\/#website\",\"url\":\"https:\/\/www.mojabochnia.pl\/\",\"name\":\"mojabochnia.pl - portal informacyjny\",\"description\":\"mojaBochnia to portal informacyjny o Bochni. Codziennie o Bochni piszemy i pokazujemy najwa\u017cniejsze wydarzenia\",\"publisher\":{\"@id\":\"https:\/\/www.mojabochnia.pl\/#organization\"},\"potentialAction\":[{\"@type\":\"SearchAction\",\"target\":{\"@type\":\"EntryPoint\",\"urlTemplate\":\"https:\/\/www.mojabochnia.pl\/?s={search_term_string}\"},\"query-input\":{\"@type\":\"PropertyValueSpecification\",\"valueRequired\":true,\"valueName\":\"search_term_string\"}}],\"inLanguage\":\"pl-PL\"},{\"@type\":\"Organization\",\"@id\":\"https:\/\/www.mojabochnia.pl\/#organization\",\"name\":\"mojabochnia.pl - portal informacyjny\",\"url\":\"https:\/\/www.mojabochnia.pl\/\",\"logo\":{\"@type\":\"ImageObject\",\"inLanguage\":\"pl-PL\",\"@id\":\"https:\/\/www.mojabochnia.pl\/#\/schema\/logo\/image\/\",\"url\":\"https:\/\/www.mojabochnia.pl\/wp-content\/uploads\/2017\/08\/logo-mb-opt.png\",\"contentUrl\":\"https:\/\/www.mojabochnia.pl\/wp-content\/uploads\/2017\/08\/logo-mb-opt.png\",\"width\":250,\"height\":48,\"caption\":\"mojabochnia.pl - portal informacyjny\"},\"image\":{\"@id\":\"https:\/\/www.mojabochnia.pl\/#\/schema\/logo\/image\/\"},\"sameAs\":[\"https:\/\/www.facebook.com\/mojabochnia\"]},{\"@type\":\"Person\",\"@id\":\"https:\/\/www.mojabochnia.pl\/#\/schema\/person\/7e2f20ead9902216a3384f13606c0ab7\",\"name\":\"redakcja\",\"sameAs\":[\"http:\/\/\"],\"url\":\"https:\/\/www.mojabochnia.pl\/?author=13\"}]}<\/script>\n<!-- \/ Yoast SEO plugin. -->","yoast_head_json":{"title":"\u201eWielka droga\u201d z 1946 r. w kinie Regis - mojabochnia.pl - portal informacyjny","robots":{"index":"index","follow":"follow","max-snippet":"max-snippet:-1","max-image-preview":"max-image-preview:large","max-video-preview":"max-video-preview:-1"},"canonical":"https:\/\/www.mojabochnia.pl\/?p=108708","og_locale":"pl_PL","og_type":"article","og_title":"\u201eWielka droga\u201d z 1946 r. w kinie Regis - mojabochnia.pl - portal informacyjny","og_description":"W najbli\u017cszy czwartek, 15 maja, Miejski Dom Kultury zaprasza na godzin\u0119 20.00 do kina Regis na pokaz \u201eWielkiej drogi\u201d, jedynego filmu sprzed 1989 r. pokazuj\u0105cego prawdziwe losy Polak\u00f3w podczas II wojny \u015bwiatowej. Wst\u0119p wolny.","og_url":"https:\/\/www.mojabochnia.pl\/?p=108708","og_site_name":"mojabochnia.pl - portal informacyjny","article_publisher":"https:\/\/www.facebook.com\/mojabochnia","article_published_time":"2014-05-13T08:23:16+00:00","author":"redakcja","twitter_card":"summary_large_image","twitter_misc":{"Written by":"redakcja","Est. reading time":"2 minuty"},"schema":{"@context":"https:\/\/schema.org","@graph":[{"@type":"Article","@id":"https:\/\/www.mojabochnia.pl\/?p=108708#article","isPartOf":{"@id":"https:\/\/www.mojabochnia.pl\/?p=108708"},"author":{"name":"redakcja","@id":"https:\/\/www.mojabochnia.pl\/#\/schema\/person\/7e2f20ead9902216a3384f13606c0ab7"},"headline":"\u201eWielka droga\u201d z 1946 r. w kinie Regis","datePublished":"2014-05-13T08:23:16+00:00","mainEntityOfPage":{"@id":"https:\/\/www.mojabochnia.pl\/?p=108708"},"wordCount":355,"commentCount":0,"publisher":{"@id":"https:\/\/www.mojabochnia.pl\/#organization"},"keywords":["film","historia","Kino","kino regis"],"articleSection":["2_ostatnie","polityka i wydarzenia","tematyka"],"inLanguage":"pl-PL","potentialAction":[{"@type":"CommentAction","name":"Comment","target":["https:\/\/www.mojabochnia.pl\/?p=108708#respond"]}]},{"@type":"WebPage","@id":"https:\/\/www.mojabochnia.pl\/?p=108708","url":"https:\/\/www.mojabochnia.pl\/?p=108708","name":"\u201eWielka droga\u201d z 1946 r. w kinie Regis - mojabochnia.pl - portal informacyjny","isPartOf":{"@id":"https:\/\/www.mojabochnia.pl\/#website"},"datePublished":"2014-05-13T08:23:16+00:00","breadcrumb":{"@id":"https:\/\/www.mojabochnia.pl\/?p=108708#breadcrumb"},"inLanguage":"pl-PL","potentialAction":[{"@type":"ReadAction","target":["https:\/\/www.mojabochnia.pl\/?p=108708"]}]},{"@type":"BreadcrumbList","@id":"https:\/\/www.mojabochnia.pl\/?p=108708#breadcrumb","itemListElement":[{"@type":"ListItem","position":1,"name":"Home","item":"https:\/\/www.mojabochnia.pl\/"},{"@type":"ListItem","position":2,"name":"\u201eWielka droga\u201d z 1946 r. w kinie Regis"}]},{"@type":"WebSite","@id":"https:\/\/www.mojabochnia.pl\/#website","url":"https:\/\/www.mojabochnia.pl\/","name":"mojabochnia.pl - portal informacyjny","description":"mojaBochnia to portal informacyjny o Bochni. Codziennie o Bochni piszemy i pokazujemy najwa\u017cniejsze wydarzenia","publisher":{"@id":"https:\/\/www.mojabochnia.pl\/#organization"},"potentialAction":[{"@type":"SearchAction","target":{"@type":"EntryPoint","urlTemplate":"https:\/\/www.mojabochnia.pl\/?s={search_term_string}"},"query-input":{"@type":"PropertyValueSpecification","valueRequired":true,"valueName":"search_term_string"}}],"inLanguage":"pl-PL"},{"@type":"Organization","@id":"https:\/\/www.mojabochnia.pl\/#organization","name":"mojabochnia.pl - portal informacyjny","url":"https:\/\/www.mojabochnia.pl\/","logo":{"@type":"ImageObject","inLanguage":"pl-PL","@id":"https:\/\/www.mojabochnia.pl\/#\/schema\/logo\/image\/","url":"https:\/\/www.mojabochnia.pl\/wp-content\/uploads\/2017\/08\/logo-mb-opt.png","contentUrl":"https:\/\/www.mojabochnia.pl\/wp-content\/uploads\/2017\/08\/logo-mb-opt.png","width":250,"height":48,"caption":"mojabochnia.pl - portal informacyjny"},"image":{"@id":"https:\/\/www.mojabochnia.pl\/#\/schema\/logo\/image\/"},"sameAs":["https:\/\/www.facebook.com\/mojabochnia"]},{"@type":"Person","@id":"https:\/\/www.mojabochnia.pl\/#\/schema\/person\/7e2f20ead9902216a3384f13606c0ab7","name":"redakcja","sameAs":["http:\/\/"],"url":"https:\/\/www.mojabochnia.pl\/?author=13"}]}},"_links":{"self":[{"href":"https:\/\/www.mojabochnia.pl\/index.php?rest_route=\/wp\/v2\/posts\/108708","targetHints":{"allow":["GET"]}}],"collection":[{"href":"https:\/\/www.mojabochnia.pl\/index.php?rest_route=\/wp\/v2\/posts"}],"about":[{"href":"https:\/\/www.mojabochnia.pl\/index.php?rest_route=\/wp\/v2\/types\/post"}],"author":[{"embeddable":true,"href":"https:\/\/www.mojabochnia.pl\/index.php?rest_route=\/wp\/v2\/users\/13"}],"replies":[{"embeddable":true,"href":"https:\/\/www.mojabochnia.pl\/index.php?rest_route=%2Fwp%2Fv2%2Fcomments&post=108708"}],"version-history":[{"count":4,"href":"https:\/\/www.mojabochnia.pl\/index.php?rest_route=\/wp\/v2\/posts\/108708\/revisions"}],"predecessor-version":[{"id":108712,"href":"https:\/\/www.mojabochnia.pl\/index.php?rest_route=\/wp\/v2\/posts\/108708\/revisions\/108712"}],"wp:attachment":[{"href":"https:\/\/www.mojabochnia.pl\/index.php?rest_route=%2Fwp%2Fv2%2Fmedia&parent=108708"}],"wp:term":[{"taxonomy":"category","embeddable":true,"href":"https:\/\/www.mojabochnia.pl\/index.php?rest_route=%2Fwp%2Fv2%2Fcategories&post=108708"},{"taxonomy":"post_tag","embeddable":true,"href":"https:\/\/www.mojabochnia.pl\/index.php?rest_route=%2Fwp%2Fv2%2Ftags&post=108708"}],"curies":[{"name":"wp","href":"https:\/\/api.w.org\/{rel}","templated":true}]}}