{"id":108671,"date":"2014-05-13T13:08:12","date_gmt":"2014-05-13T11:08:12","guid":{"rendered":"http:\/\/www.mojabochnia.pl\/?p=108671"},"modified":"2014-05-11T21:11:23","modified_gmt":"2014-05-11T19:11:23","slug":"dzien-otwarty-dla-osob-niepelnosprawnych-w-zus","status":"publish","type":"post","link":"https:\/\/www.mojabochnia.pl\/?p=108671","title":{"rendered":"Dzie\u0144 Otwarty dla Os\u00f3b Niepe\u0142nosprawnych w ZUS"},"content":{"rendered":"<p>W \u015brod\u0119 21 maja plac\u00f3wki ZUS w ca\u0142ej Polsce zapraszaj\u0105 w swoje progi osoby niepe\u0142nosprawne i wszystkich zainteresowanych tematyk\u0105 ubezpiecze\u0144 spo\u0142ecznych, rehabilitacji zawodowej i spo\u0142ecznej oraz aktywizacji zawodowej niepe\u0142nosprawnych. We wszystkich Oddzia\u0142ach Zak\u0142adu zorganizowane zostan\u0105 fora ekspert\u00f3w, kt\u00f3rzy udziela\u0107 b\u0119d\u0105 informacji dotycz\u0105cych mi\u0119dzy innymi praw i \u015bwiadcze\u0144 przys\u0142uguj\u0105cych osobom niepe\u0142nosprawnym, prewencji rentowej i rehabilitacji w ramach ubezpiecze\u0144 spo\u0142ecznych oraz mo\u017cliwo\u015bci zatrudnienia i refundacji koszt\u00f3w wyposa\u017cenia stanowiska pracy osoby niepe\u0142nosprawnej. Mo\u017cna b\u0119dzie tak\u017ce zasi\u0119gn\u0105\u0107 wiedzy na temat podejmowania w\u0142asnej dzia\u0142alno\u015bci gospodarczej i preferencji z tym zwi\u0105zanych dla os\u00f3b niepe\u0142nosprawnych oraz program\u00f3w na rzecz takich os\u00f3b realizowanych przez jednostki samorz\u0105dowe.<\/p>\n<p>Do wsp\u00f3\u0142pracy w ramach akcji informacyjnej zaproszono szereg instytucji dzia\u0142aj\u0105cych na rzecz os\u00f3b niepe\u0142nosprawnych. Oficjalnymi partnerami ZUS s\u0105 Pa\u0144stwowy Funduszu Rehabilitacji Os\u00f3b Niepe\u0142nosprawnych oraz Stowarzyszenie Przyjaci\u00f3\u0142 Integracji. Przedstawiciele obu instytucji b\u0119d\u0105 go\u015bci\u0107 w Oddziale ZUS w Tarnowie. Ponadto w Oddziale ZUS przy ul. Tadeusza Ko\u015bciuszki 32 w Tarnowie porad udziela\u0107 b\u0119d\u0105 eksperci z tarnowskiego NFZ, Urz\u0119du Miasta, Powiatowego Urz\u0119du Pracy, Miejskiego O\u015brodka Pomocy Spo\u0142ecznej oraz Powiatowego Centrum Pomocy Rodzinie. Natomiast w Inspektoracie w Bochni przy ul. Kazimierza Wielkiego 48 swoj\u0105 wiedz\u0105 s\u0142u\u017cy\u0107 b\u0119d\u0105 specjali\u015bci z tamtejszego Powiatowego Urz\u0119du Pracy, Powiatowego Centrum Pomocy Rodzinie, Powiatowego Zespo\u0142u ds. Orzekania o Niepe\u0142nosprawno\u015bci oraz Gminnego O\u015brodka Pomocy Spo\u0142ecznej.<\/p>\n<p>Dla uczestnik\u00f3w Dnia Otwartego dla Os\u00f3b Niepe\u0142nosprawnych przygotowano tak\u017ce \u201eInformator dla Os\u00f3b Niepe\u0142nosprawnych\u201d z przydatnymi informacjami i wyja\u015bnieniami opracowanymi w przyst\u0119pnej formie przez specjalist\u00f3w ZUS i PFRON. Dzie\u0144 Otwarty b\u0119dzie nie tylko okazj\u0105 do uzyskania w jednym miejscu kompleksowej informacji. Na Sali Obs\u0142ugi Klient\u00f3w tarnowskiego Oddzia\u0142u zorganizowany zostanie tak\u017ce wernisa\u017c prac uczestnik\u00f3w Warsztatu Terapii Zaj\u0119ciowej im. Jana Paw\u0142a II, prowadzonego przez Fundacj\u0119 Rozwoju Edukacji \u2013 Pracy \u2013 Integracji. Eksponowane r\u0119kodzie\u0142a mo\u017cna b\u0119dzie zakupi\u0107.<\/p>\n<p>21 maja plac\u00f3wek pracownicy ZUS zapraszaj\u0105 do odwiedzenia plac\u00f3wek w godzinach od 9.00 do 14.00 i skorzystania z porad ekspert\u00f3w. <\/p>\n","protected":false},"excerpt":{"rendered":"<p>Zak\u0142ad Ubezpiecze\u0144 Spo\u0142ecznych po raz kolejny organizuje dzie\u0144 poradnictwa dla niepe\u0142nosprawnych. W Tarnowie i Bochni informacji b\u0119d\u0105 udziela\u0107 tak\u017ce eksperci z instytucji partnerskich. <\/p>\n","protected":false},"author":13,"featured_media":0,"comment_status":"open","ping_status":"closed","sticky":false,"template":"","format":"standard","meta":{"_acf_changed":false,"footnotes":""},"categories":[5,6251,6250],"tags":[17363,17221,2923,17659],"class_list":["post-108671","post","type-post","status-publish","format-standard","hentry","category-biezace-wydarzenia","category-polityka-i-wydarzenia","category-tematyka","tag-dzien-otwarty","tag-niepelnosprawni","tag-zaklad-ubezpieczen-spolecznych","tag-zus","main_tag-zus"],"acf":[],"yoast_head":"<!-- This site is optimized with the Yoast SEO plugin v26.9 - https:\/\/yoast.com\/product\/yoast-seo-wordpress\/ -->\n<title>Dzie\u0144 Otwarty dla Os\u00f3b Niepe\u0142nosprawnych w ZUS - mojabochnia.pl - portal informacyjny<\/title>\n<meta name=\"robots\" content=\"index, follow, max-snippet:-1, max-image-preview:large, max-video-preview:-1\" \/>\n<link rel=\"canonical\" href=\"https:\/\/www.mojabochnia.pl\/?p=108671\" \/>\n<meta property=\"og:locale\" content=\"pl_PL\" \/>\n<meta property=\"og:type\" content=\"article\" \/>\n<meta property=\"og:title\" content=\"Dzie\u0144 Otwarty dla Os\u00f3b Niepe\u0142nosprawnych w ZUS - mojabochnia.pl - portal informacyjny\" \/>\n<meta property=\"og:description\" content=\"Zak\u0142ad Ubezpiecze\u0144 Spo\u0142ecznych po raz kolejny organizuje dzie\u0144 poradnictwa dla niepe\u0142nosprawnych. W Tarnowie i Bochni informacji b\u0119d\u0105 udziela\u0107 tak\u017ce eksperci z instytucji partnerskich.\" \/>\n<meta property=\"og:url\" content=\"https:\/\/www.mojabochnia.pl\/?p=108671\" \/>\n<meta property=\"og:site_name\" content=\"mojabochnia.pl - portal informacyjny\" \/>\n<meta property=\"article:publisher\" content=\"https:\/\/www.facebook.com\/mojabochnia\" \/>\n<meta property=\"article:published_time\" content=\"2014-05-13T11:08:12+00:00\" \/>\n<meta name=\"author\" content=\"redakcja\" \/>\n<meta name=\"twitter:card\" content=\"summary_large_image\" \/>\n<meta name=\"twitter:label1\" content=\"Written by\" \/>\n\t<meta name=\"twitter:data1\" content=\"redakcja\" \/>\n\t<meta name=\"twitter:label2\" content=\"Est. reading time\" \/>\n\t<meta name=\"twitter:data2\" content=\"2 minuty\" \/>\n<script type=\"application\/ld+json\" class=\"yoast-schema-graph\">{\"@context\":\"https:\/\/schema.org\",\"@graph\":[{\"@type\":\"Article\",\"@id\":\"https:\/\/www.mojabochnia.pl\/?p=108671#article\",\"isPartOf\":{\"@id\":\"https:\/\/www.mojabochnia.pl\/?p=108671\"},\"author\":{\"name\":\"redakcja\",\"@id\":\"https:\/\/www.mojabochnia.pl\/#\/schema\/person\/7e2f20ead9902216a3384f13606c0ab7\"},\"headline\":\"Dzie\u0144 Otwarty dla Os\u00f3b Niepe\u0142nosprawnych w ZUS\",\"datePublished\":\"2014-05-13T11:08:12+00:00\",\"mainEntityOfPage\":{\"@id\":\"https:\/\/www.mojabochnia.pl\/?p=108671\"},\"wordCount\":381,\"commentCount\":0,\"publisher\":{\"@id\":\"https:\/\/www.mojabochnia.pl\/#organization\"},\"keywords\":[\"dzie\u0144 otwarty\",\"niepe\u0142nosprawni\",\"zak\u0142ad ubezpiecze\u0144 spo\u0142ecznych\",\"zus\"],\"articleSection\":[\"2_ostatnie\",\"polityka i wydarzenia\",\"tematyka\"],\"inLanguage\":\"pl-PL\",\"potentialAction\":[{\"@type\":\"CommentAction\",\"name\":\"Comment\",\"target\":[\"https:\/\/www.mojabochnia.pl\/?p=108671#respond\"]}]},{\"@type\":\"WebPage\",\"@id\":\"https:\/\/www.mojabochnia.pl\/?p=108671\",\"url\":\"https:\/\/www.mojabochnia.pl\/?p=108671\",\"name\":\"Dzie\u0144 Otwarty dla Os\u00f3b Niepe\u0142nosprawnych w ZUS - mojabochnia.pl - portal informacyjny\",\"isPartOf\":{\"@id\":\"https:\/\/www.mojabochnia.pl\/#website\"},\"datePublished\":\"2014-05-13T11:08:12+00:00\",\"breadcrumb\":{\"@id\":\"https:\/\/www.mojabochnia.pl\/?p=108671#breadcrumb\"},\"inLanguage\":\"pl-PL\",\"potentialAction\":[{\"@type\":\"ReadAction\",\"target\":[\"https:\/\/www.mojabochnia.pl\/?p=108671\"]}]},{\"@type\":\"BreadcrumbList\",\"@id\":\"https:\/\/www.mojabochnia.pl\/?p=108671#breadcrumb\",\"itemListElement\":[{\"@type\":\"ListItem\",\"position\":1,\"name\":\"Home\",\"item\":\"https:\/\/www.mojabochnia.pl\/\"},{\"@type\":\"ListItem\",\"position\":2,\"name\":\"Dzie\u0144 Otwarty dla Os\u00f3b Niepe\u0142nosprawnych w ZUS\"}]},{\"@type\":\"WebSite\",\"@id\":\"https:\/\/www.mojabochnia.pl\/#website\",\"url\":\"https:\/\/www.mojabochnia.pl\/\",\"name\":\"mojabochnia.pl - portal informacyjny\",\"description\":\"mojaBochnia to portal informacyjny o Bochni. Codziennie o Bochni piszemy i pokazujemy najwa\u017cniejsze wydarzenia\",\"publisher\":{\"@id\":\"https:\/\/www.mojabochnia.pl\/#organization\"},\"potentialAction\":[{\"@type\":\"SearchAction\",\"target\":{\"@type\":\"EntryPoint\",\"urlTemplate\":\"https:\/\/www.mojabochnia.pl\/?s={search_term_string}\"},\"query-input\":{\"@type\":\"PropertyValueSpecification\",\"valueRequired\":true,\"valueName\":\"search_term_string\"}}],\"inLanguage\":\"pl-PL\"},{\"@type\":\"Organization\",\"@id\":\"https:\/\/www.mojabochnia.pl\/#organization\",\"name\":\"mojabochnia.pl - portal informacyjny\",\"url\":\"https:\/\/www.mojabochnia.pl\/\",\"logo\":{\"@type\":\"ImageObject\",\"inLanguage\":\"pl-PL\",\"@id\":\"https:\/\/www.mojabochnia.pl\/#\/schema\/logo\/image\/\",\"url\":\"https:\/\/www.mojabochnia.pl\/wp-content\/uploads\/2017\/08\/logo-mb-opt.png\",\"contentUrl\":\"https:\/\/www.mojabochnia.pl\/wp-content\/uploads\/2017\/08\/logo-mb-opt.png\",\"width\":250,\"height\":48,\"caption\":\"mojabochnia.pl - portal informacyjny\"},\"image\":{\"@id\":\"https:\/\/www.mojabochnia.pl\/#\/schema\/logo\/image\/\"},\"sameAs\":[\"https:\/\/www.facebook.com\/mojabochnia\"]},{\"@type\":\"Person\",\"@id\":\"https:\/\/www.mojabochnia.pl\/#\/schema\/person\/7e2f20ead9902216a3384f13606c0ab7\",\"name\":\"redakcja\",\"sameAs\":[\"http:\/\/\"],\"url\":\"https:\/\/www.mojabochnia.pl\/?author=13\"}]}<\/script>\n<!-- \/ Yoast SEO plugin. -->","yoast_head_json":{"title":"Dzie\u0144 Otwarty dla Os\u00f3b Niepe\u0142nosprawnych w ZUS - mojabochnia.pl - portal informacyjny","robots":{"index":"index","follow":"follow","max-snippet":"max-snippet:-1","max-image-preview":"max-image-preview:large","max-video-preview":"max-video-preview:-1"},"canonical":"https:\/\/www.mojabochnia.pl\/?p=108671","og_locale":"pl_PL","og_type":"article","og_title":"Dzie\u0144 Otwarty dla Os\u00f3b Niepe\u0142nosprawnych w ZUS - mojabochnia.pl - portal informacyjny","og_description":"Zak\u0142ad Ubezpiecze\u0144 Spo\u0142ecznych po raz kolejny organizuje dzie\u0144 poradnictwa dla niepe\u0142nosprawnych. W Tarnowie i Bochni informacji b\u0119d\u0105 udziela\u0107 tak\u017ce eksperci z instytucji partnerskich.","og_url":"https:\/\/www.mojabochnia.pl\/?p=108671","og_site_name":"mojabochnia.pl - portal informacyjny","article_publisher":"https:\/\/www.facebook.com\/mojabochnia","article_published_time":"2014-05-13T11:08:12+00:00","author":"redakcja","twitter_card":"summary_large_image","twitter_misc":{"Written by":"redakcja","Est. reading time":"2 minuty"},"schema":{"@context":"https:\/\/schema.org","@graph":[{"@type":"Article","@id":"https:\/\/www.mojabochnia.pl\/?p=108671#article","isPartOf":{"@id":"https:\/\/www.mojabochnia.pl\/?p=108671"},"author":{"name":"redakcja","@id":"https:\/\/www.mojabochnia.pl\/#\/schema\/person\/7e2f20ead9902216a3384f13606c0ab7"},"headline":"Dzie\u0144 Otwarty dla Os\u00f3b Niepe\u0142nosprawnych w ZUS","datePublished":"2014-05-13T11:08:12+00:00","mainEntityOfPage":{"@id":"https:\/\/www.mojabochnia.pl\/?p=108671"},"wordCount":381,"commentCount":0,"publisher":{"@id":"https:\/\/www.mojabochnia.pl\/#organization"},"keywords":["dzie\u0144 otwarty","niepe\u0142nosprawni","zak\u0142ad ubezpiecze\u0144 spo\u0142ecznych","zus"],"articleSection":["2_ostatnie","polityka i wydarzenia","tematyka"],"inLanguage":"pl-PL","potentialAction":[{"@type":"CommentAction","name":"Comment","target":["https:\/\/www.mojabochnia.pl\/?p=108671#respond"]}]},{"@type":"WebPage","@id":"https:\/\/www.mojabochnia.pl\/?p=108671","url":"https:\/\/www.mojabochnia.pl\/?p=108671","name":"Dzie\u0144 Otwarty dla Os\u00f3b Niepe\u0142nosprawnych w ZUS - mojabochnia.pl - portal informacyjny","isPartOf":{"@id":"https:\/\/www.mojabochnia.pl\/#website"},"datePublished":"2014-05-13T11:08:12+00:00","breadcrumb":{"@id":"https:\/\/www.mojabochnia.pl\/?p=108671#breadcrumb"},"inLanguage":"pl-PL","potentialAction":[{"@type":"ReadAction","target":["https:\/\/www.mojabochnia.pl\/?p=108671"]}]},{"@type":"BreadcrumbList","@id":"https:\/\/www.mojabochnia.pl\/?p=108671#breadcrumb","itemListElement":[{"@type":"ListItem","position":1,"name":"Home","item":"https:\/\/www.mojabochnia.pl\/"},{"@type":"ListItem","position":2,"name":"Dzie\u0144 Otwarty dla Os\u00f3b Niepe\u0142nosprawnych w ZUS"}]},{"@type":"WebSite","@id":"https:\/\/www.mojabochnia.pl\/#website","url":"https:\/\/www.mojabochnia.pl\/","name":"mojabochnia.pl - portal informacyjny","description":"mojaBochnia to portal informacyjny o Bochni. Codziennie o Bochni piszemy i pokazujemy najwa\u017cniejsze wydarzenia","publisher":{"@id":"https:\/\/www.mojabochnia.pl\/#organization"},"potentialAction":[{"@type":"SearchAction","target":{"@type":"EntryPoint","urlTemplate":"https:\/\/www.mojabochnia.pl\/?s={search_term_string}"},"query-input":{"@type":"PropertyValueSpecification","valueRequired":true,"valueName":"search_term_string"}}],"inLanguage":"pl-PL"},{"@type":"Organization","@id":"https:\/\/www.mojabochnia.pl\/#organization","name":"mojabochnia.pl - portal informacyjny","url":"https:\/\/www.mojabochnia.pl\/","logo":{"@type":"ImageObject","inLanguage":"pl-PL","@id":"https:\/\/www.mojabochnia.pl\/#\/schema\/logo\/image\/","url":"https:\/\/www.mojabochnia.pl\/wp-content\/uploads\/2017\/08\/logo-mb-opt.png","contentUrl":"https:\/\/www.mojabochnia.pl\/wp-content\/uploads\/2017\/08\/logo-mb-opt.png","width":250,"height":48,"caption":"mojabochnia.pl - portal informacyjny"},"image":{"@id":"https:\/\/www.mojabochnia.pl\/#\/schema\/logo\/image\/"},"sameAs":["https:\/\/www.facebook.com\/mojabochnia"]},{"@type":"Person","@id":"https:\/\/www.mojabochnia.pl\/#\/schema\/person\/7e2f20ead9902216a3384f13606c0ab7","name":"redakcja","sameAs":["http:\/\/"],"url":"https:\/\/www.mojabochnia.pl\/?author=13"}]}},"_links":{"self":[{"href":"https:\/\/www.mojabochnia.pl\/index.php?rest_route=\/wp\/v2\/posts\/108671","targetHints":{"allow":["GET"]}}],"collection":[{"href":"https:\/\/www.mojabochnia.pl\/index.php?rest_route=\/wp\/v2\/posts"}],"about":[{"href":"https:\/\/www.mojabochnia.pl\/index.php?rest_route=\/wp\/v2\/types\/post"}],"author":[{"embeddable":true,"href":"https:\/\/www.mojabochnia.pl\/index.php?rest_route=\/wp\/v2\/users\/13"}],"replies":[{"embeddable":true,"href":"https:\/\/www.mojabochnia.pl\/index.php?rest_route=%2Fwp%2Fv2%2Fcomments&post=108671"}],"version-history":[{"count":1,"href":"https:\/\/www.mojabochnia.pl\/index.php?rest_route=\/wp\/v2\/posts\/108671\/revisions"}],"predecessor-version":[{"id":108672,"href":"https:\/\/www.mojabochnia.pl\/index.php?rest_route=\/wp\/v2\/posts\/108671\/revisions\/108672"}],"wp:attachment":[{"href":"https:\/\/www.mojabochnia.pl\/index.php?rest_route=%2Fwp%2Fv2%2Fmedia&parent=108671"}],"wp:term":[{"taxonomy":"category","embeddable":true,"href":"https:\/\/www.mojabochnia.pl\/index.php?rest_route=%2Fwp%2Fv2%2Fcategories&post=108671"},{"taxonomy":"post_tag","embeddable":true,"href":"https:\/\/www.mojabochnia.pl\/index.php?rest_route=%2Fwp%2Fv2%2Ftags&post=108671"}],"curies":[{"name":"wp","href":"https:\/\/api.w.org\/{rel}","templated":true}]}}