{"id":107634,"date":"2014-04-16T10:38:09","date_gmt":"2014-04-16T08:38:09","guid":{"rendered":"http:\/\/www.mojabochnia.pl\/?p=107634"},"modified":"2014-04-16T10:38:09","modified_gmt":"2014-04-16T08:38:09","slug":"koniec-bezkarnosci-na-placu-pulaskiego","status":"publish","type":"post","link":"https:\/\/www.mojabochnia.pl\/?p=107634","title":{"rendered":"Koniec bezkarno\u015bci na Placu Pu\u0142askiego"},"content":{"rendered":"<p><em>Niekt\u00f3rzy kierowcy w spos\u00f3b nieprawid\u0142owy poruszaj\u0105 si\u0119 busami w tym miejscu, przeje\u017cd\u017caj\u0105 przez lini\u0119 ci\u0105g\u0142\u0105. Gdy stra\u017cnik miejski jest w rejonie tego miejsca, kierowcy zachowuj\u0105 si\u0119 poprawnie, natomiast kiedy obserwujemy ich przez kamer\u0119 monitoringu, ich zachowania s\u0105 niew\u0142a\u015bciwe <\/em>\u2013 m\u00f3wi Krzysztof Tomasik, komendant stra\u017cy miejskiej w Bochni. <\/p>\n<p>Dzi\u0119ki kamerze zamontowanej na budynku S\u0105du Rejonowego, ka\u017cde wykroczenie w tym rejonie jest dla stra\u017cy miejskiej widoczne. <em>Stra\u017cnik mo\u017ce nagra\u0107 tablice rejestracyjne, twarz kierowcy, ca\u0142e zjawisko, polegaj\u0105ce np. na przekroczeniu linii ci\u0105g\u0142ej, po czym wezwiemy tak\u0105 osob\u0119 i b\u0119dziemy j\u0105 kara\u0107. Wierz\u0119 g\u0142\u0119boko, \u017ce tym sposobem zdyscyplinujemy kierowc\u00f3w do prawid\u0142owego zachowania<\/em>. Mandat za podobne wykroczenie mo\u017ce wynie\u015b\u0107 do 500 z\u0142. <\/p>\n<p>Komendant dodaje, \u017ce kamera pozwoli wyeliminowa\u0107 r\u00f3wnie\u017c inne wykroczenia, kt\u00f3rych dopuszczaj\u0105 si\u0119 pasa\u017cerowie oczekuj\u0105cy na przystankach. <em>S\u0105 przypadki, kiedy osoby pij\u0105 alkohol, bo w pobli\u017cu nie ma stra\u017cnika ani policjanta i pozwalaj\u0105 sobie na picie \u201espod kurtki\u201d. Widzia\u0142em na w\u0142asne oczy, jak osoba wyci\u0105ga\u0142a alkohol zza pazuchy i spo\u017cywa\u0142a. Nie by\u0142o stra\u017cnika, nie by\u0142o reakcji<\/em>. <\/p>\n<p>Wed\u0142ug opinii szefa stra\u017cy miejskiej, skala problemu jest du\u017ca. <em>Kiedy kto\u015b nie widzi stra\u017cnika, zachowuje si\u0119 tak, jak zwyk\u0142 si\u0119 zachowywa\u0107, czyli pope\u0142nia wykroczenia. Ten plac jest wykorzystywany do cel\u00f3w manewrowych, kierowcy tam zawracaj\u0105, zmieniaj\u0105 pasy ruchu niezgodnie z przepisami, toruj\u0105 i utrudniaj\u0105 wjazd innym. To jest jeden aspekt. Drugi to np. palenie papieros\u00f3w obr\u0119bie przystank\u00f3w, spo\u017cywanie alkoholu, za\u015bmiecanie. To wszystko ju\u017c widzimy<\/em>. <\/p>\n","protected":false},"excerpt":{"rendered":"<p>Kamery monitoringu pozwol\u0105 ukr\u00f3ci\u0107 beztroskie zachowanie kierowc\u00f3w na Placu Pu\u0142askiego w Bochni. Stra\u017c miejska zapowiada bezwzgl\u0119dne egzekwowanie przepis\u00f3w i karanie zachowa\u0144 niew\u0142a\u015bciwych. <\/p>\n","protected":false},"author":4,"featured_media":107635,"comment_status":"open","ping_status":"closed","sticky":true,"template":"","format":"standard","meta":{"_acf_changed":false,"footnotes":""},"categories":[5,6251,6250],"tags":[17227,17469,17255],"class_list":["post-107634","post","type-post","status-publish","format-standard","has-post-thumbnail","hentry","category-biezace-wydarzenia","category-polityka-i-wydarzenia","category-tematyka","tag-monitoring","tag-plac-pulaskiego","tag-straz-miejska","main_tag-monitoring"],"acf":[],"yoast_head":"<!-- This site is optimized with the Yoast SEO plugin v26.9 - https:\/\/yoast.com\/product\/yoast-seo-wordpress\/ -->\n<title>Koniec bezkarno\u015bci na Placu Pu\u0142askiego - mojabochnia.pl - portal informacyjny<\/title>\n<meta name=\"robots\" content=\"index, follow, max-snippet:-1, max-image-preview:large, max-video-preview:-1\" \/>\n<link rel=\"canonical\" href=\"https:\/\/www.mojabochnia.pl\/?p=107634\" \/>\n<meta property=\"og:locale\" content=\"pl_PL\" \/>\n<meta property=\"og:type\" content=\"article\" \/>\n<meta property=\"og:title\" content=\"Koniec bezkarno\u015bci na Placu Pu\u0142askiego - mojabochnia.pl - portal informacyjny\" \/>\n<meta property=\"og:description\" content=\"Kamery monitoringu pozwol\u0105 ukr\u00f3ci\u0107 beztroskie zachowanie kierowc\u00f3w na Placu Pu\u0142askiego w Bochni. Stra\u017c miejska zapowiada bezwzgl\u0119dne egzekwowanie przepis\u00f3w i karanie zachowa\u0144 niew\u0142a\u015bciwych.\" \/>\n<meta property=\"og:url\" content=\"https:\/\/www.mojabochnia.pl\/?p=107634\" \/>\n<meta property=\"og:site_name\" content=\"mojabochnia.pl - portal informacyjny\" \/>\n<meta property=\"article:publisher\" content=\"https:\/\/www.facebook.com\/mojabochnia\" \/>\n<meta property=\"article:published_time\" content=\"2014-04-16T08:38:09+00:00\" \/>\n<meta property=\"og:image\" content=\"https:\/\/www.mojabochnia.pl\/wp-content\/uploads\/2014\/04\/DSC_0555.jpg\" \/>\n\t<meta property=\"og:image:width\" content=\"660\" \/>\n\t<meta property=\"og:image:height\" content=\"371\" \/>\n\t<meta property=\"og:image:type\" content=\"image\/jpeg\" \/>\n<meta name=\"author\" content=\"Pawe\u0142 Michalczyk\" \/>\n<meta name=\"twitter:card\" content=\"summary_large_image\" \/>\n<meta name=\"twitter:label1\" content=\"Written by\" \/>\n\t<meta name=\"twitter:data1\" content=\"Pawe\u0142 Michalczyk\" \/>\n\t<meta name=\"twitter:label2\" content=\"Est. reading time\" \/>\n\t<meta name=\"twitter:data2\" content=\"1 minuta\" \/>\n<script type=\"application\/ld+json\" class=\"yoast-schema-graph\">{\"@context\":\"https:\/\/schema.org\",\"@graph\":[{\"@type\":\"Article\",\"@id\":\"https:\/\/www.mojabochnia.pl\/?p=107634#article\",\"isPartOf\":{\"@id\":\"https:\/\/www.mojabochnia.pl\/?p=107634\"},\"author\":{\"name\":\"Pawe\u0142 Michalczyk\",\"@id\":\"https:\/\/www.mojabochnia.pl\/#\/schema\/person\/ea042e4724a77627963f02166828ead4\"},\"headline\":\"Koniec bezkarno\u015bci na Placu Pu\u0142askiego\",\"datePublished\":\"2014-04-16T08:38:09+00:00\",\"mainEntityOfPage\":{\"@id\":\"https:\/\/www.mojabochnia.pl\/?p=107634\"},\"wordCount\":282,\"commentCount\":0,\"publisher\":{\"@id\":\"https:\/\/www.mojabochnia.pl\/#organization\"},\"image\":{\"@id\":\"https:\/\/www.mojabochnia.pl\/?p=107634#primaryimage\"},\"thumbnailUrl\":\"https:\/\/www.mojabochnia.pl\/wp-content\/uploads\/2014\/04\/DSC_0555.jpg\",\"keywords\":[\"monitoring\",\"plac pu\u0142askiego\",\"stra\u017c miejska\"],\"articleSection\":[\"2_ostatnie\",\"polityka i wydarzenia\",\"tematyka\"],\"inLanguage\":\"pl-PL\",\"potentialAction\":[{\"@type\":\"CommentAction\",\"name\":\"Comment\",\"target\":[\"https:\/\/www.mojabochnia.pl\/?p=107634#respond\"]}]},{\"@type\":\"WebPage\",\"@id\":\"https:\/\/www.mojabochnia.pl\/?p=107634\",\"url\":\"https:\/\/www.mojabochnia.pl\/?p=107634\",\"name\":\"Koniec bezkarno\u015bci na Placu Pu\u0142askiego - mojabochnia.pl - portal informacyjny\",\"isPartOf\":{\"@id\":\"https:\/\/www.mojabochnia.pl\/#website\"},\"primaryImageOfPage\":{\"@id\":\"https:\/\/www.mojabochnia.pl\/?p=107634#primaryimage\"},\"image\":{\"@id\":\"https:\/\/www.mojabochnia.pl\/?p=107634#primaryimage\"},\"thumbnailUrl\":\"https:\/\/www.mojabochnia.pl\/wp-content\/uploads\/2014\/04\/DSC_0555.jpg\",\"datePublished\":\"2014-04-16T08:38:09+00:00\",\"breadcrumb\":{\"@id\":\"https:\/\/www.mojabochnia.pl\/?p=107634#breadcrumb\"},\"inLanguage\":\"pl-PL\",\"potentialAction\":[{\"@type\":\"ReadAction\",\"target\":[\"https:\/\/www.mojabochnia.pl\/?p=107634\"]}]},{\"@type\":\"ImageObject\",\"inLanguage\":\"pl-PL\",\"@id\":\"https:\/\/www.mojabochnia.pl\/?p=107634#primaryimage\",\"url\":\"https:\/\/www.mojabochnia.pl\/wp-content\/uploads\/2014\/04\/DSC_0555.jpg\",\"contentUrl\":\"https:\/\/www.mojabochnia.pl\/wp-content\/uploads\/2014\/04\/DSC_0555.jpg\",\"width\":660,\"height\":371,\"caption\":\"P. Michalczyk\"},{\"@type\":\"BreadcrumbList\",\"@id\":\"https:\/\/www.mojabochnia.pl\/?p=107634#breadcrumb\",\"itemListElement\":[{\"@type\":\"ListItem\",\"position\":1,\"name\":\"Home\",\"item\":\"https:\/\/www.mojabochnia.pl\/\"},{\"@type\":\"ListItem\",\"position\":2,\"name\":\"Koniec bezkarno\u015bci na Placu Pu\u0142askiego\"}]},{\"@type\":\"WebSite\",\"@id\":\"https:\/\/www.mojabochnia.pl\/#website\",\"url\":\"https:\/\/www.mojabochnia.pl\/\",\"name\":\"mojabochnia.pl - portal informacyjny\",\"description\":\"mojaBochnia to portal informacyjny o Bochni. Codziennie o Bochni piszemy i pokazujemy najwa\u017cniejsze wydarzenia\",\"publisher\":{\"@id\":\"https:\/\/www.mojabochnia.pl\/#organization\"},\"potentialAction\":[{\"@type\":\"SearchAction\",\"target\":{\"@type\":\"EntryPoint\",\"urlTemplate\":\"https:\/\/www.mojabochnia.pl\/?s={search_term_string}\"},\"query-input\":{\"@type\":\"PropertyValueSpecification\",\"valueRequired\":true,\"valueName\":\"search_term_string\"}}],\"inLanguage\":\"pl-PL\"},{\"@type\":\"Organization\",\"@id\":\"https:\/\/www.mojabochnia.pl\/#organization\",\"name\":\"mojabochnia.pl - portal informacyjny\",\"url\":\"https:\/\/www.mojabochnia.pl\/\",\"logo\":{\"@type\":\"ImageObject\",\"inLanguage\":\"pl-PL\",\"@id\":\"https:\/\/www.mojabochnia.pl\/#\/schema\/logo\/image\/\",\"url\":\"https:\/\/www.mojabochnia.pl\/wp-content\/uploads\/2017\/08\/logo-mb-opt.png\",\"contentUrl\":\"https:\/\/www.mojabochnia.pl\/wp-content\/uploads\/2017\/08\/logo-mb-opt.png\",\"width\":250,\"height\":48,\"caption\":\"mojabochnia.pl - portal informacyjny\"},\"image\":{\"@id\":\"https:\/\/www.mojabochnia.pl\/#\/schema\/logo\/image\/\"},\"sameAs\":[\"https:\/\/www.facebook.com\/mojabochnia\"]},{\"@type\":\"Person\",\"@id\":\"https:\/\/www.mojabochnia.pl\/#\/schema\/person\/ea042e4724a77627963f02166828ead4\",\"name\":\"Pawe\u0142 Michalczyk\",\"url\":\"https:\/\/www.mojabochnia.pl\/?author=4\"}]}<\/script>\n<!-- \/ Yoast SEO plugin. -->","yoast_head_json":{"title":"Koniec bezkarno\u015bci na Placu Pu\u0142askiego - mojabochnia.pl - portal informacyjny","robots":{"index":"index","follow":"follow","max-snippet":"max-snippet:-1","max-image-preview":"max-image-preview:large","max-video-preview":"max-video-preview:-1"},"canonical":"https:\/\/www.mojabochnia.pl\/?p=107634","og_locale":"pl_PL","og_type":"article","og_title":"Koniec bezkarno\u015bci na Placu Pu\u0142askiego - mojabochnia.pl - portal informacyjny","og_description":"Kamery monitoringu pozwol\u0105 ukr\u00f3ci\u0107 beztroskie zachowanie kierowc\u00f3w na Placu Pu\u0142askiego w Bochni. Stra\u017c miejska zapowiada bezwzgl\u0119dne egzekwowanie przepis\u00f3w i karanie zachowa\u0144 niew\u0142a\u015bciwych.","og_url":"https:\/\/www.mojabochnia.pl\/?p=107634","og_site_name":"mojabochnia.pl - portal informacyjny","article_publisher":"https:\/\/www.facebook.com\/mojabochnia","article_published_time":"2014-04-16T08:38:09+00:00","og_image":[{"width":660,"height":371,"url":"https:\/\/www.mojabochnia.pl\/wp-content\/uploads\/2014\/04\/DSC_0555.jpg","type":"image\/jpeg"}],"author":"Pawe\u0142 Michalczyk","twitter_card":"summary_large_image","twitter_misc":{"Written by":"Pawe\u0142 Michalczyk","Est. reading time":"1 minuta"},"schema":{"@context":"https:\/\/schema.org","@graph":[{"@type":"Article","@id":"https:\/\/www.mojabochnia.pl\/?p=107634#article","isPartOf":{"@id":"https:\/\/www.mojabochnia.pl\/?p=107634"},"author":{"name":"Pawe\u0142 Michalczyk","@id":"https:\/\/www.mojabochnia.pl\/#\/schema\/person\/ea042e4724a77627963f02166828ead4"},"headline":"Koniec bezkarno\u015bci na Placu Pu\u0142askiego","datePublished":"2014-04-16T08:38:09+00:00","mainEntityOfPage":{"@id":"https:\/\/www.mojabochnia.pl\/?p=107634"},"wordCount":282,"commentCount":0,"publisher":{"@id":"https:\/\/www.mojabochnia.pl\/#organization"},"image":{"@id":"https:\/\/www.mojabochnia.pl\/?p=107634#primaryimage"},"thumbnailUrl":"https:\/\/www.mojabochnia.pl\/wp-content\/uploads\/2014\/04\/DSC_0555.jpg","keywords":["monitoring","plac pu\u0142askiego","stra\u017c miejska"],"articleSection":["2_ostatnie","polityka i wydarzenia","tematyka"],"inLanguage":"pl-PL","potentialAction":[{"@type":"CommentAction","name":"Comment","target":["https:\/\/www.mojabochnia.pl\/?p=107634#respond"]}]},{"@type":"WebPage","@id":"https:\/\/www.mojabochnia.pl\/?p=107634","url":"https:\/\/www.mojabochnia.pl\/?p=107634","name":"Koniec bezkarno\u015bci na Placu Pu\u0142askiego - mojabochnia.pl - portal informacyjny","isPartOf":{"@id":"https:\/\/www.mojabochnia.pl\/#website"},"primaryImageOfPage":{"@id":"https:\/\/www.mojabochnia.pl\/?p=107634#primaryimage"},"image":{"@id":"https:\/\/www.mojabochnia.pl\/?p=107634#primaryimage"},"thumbnailUrl":"https:\/\/www.mojabochnia.pl\/wp-content\/uploads\/2014\/04\/DSC_0555.jpg","datePublished":"2014-04-16T08:38:09+00:00","breadcrumb":{"@id":"https:\/\/www.mojabochnia.pl\/?p=107634#breadcrumb"},"inLanguage":"pl-PL","potentialAction":[{"@type":"ReadAction","target":["https:\/\/www.mojabochnia.pl\/?p=107634"]}]},{"@type":"ImageObject","inLanguage":"pl-PL","@id":"https:\/\/www.mojabochnia.pl\/?p=107634#primaryimage","url":"https:\/\/www.mojabochnia.pl\/wp-content\/uploads\/2014\/04\/DSC_0555.jpg","contentUrl":"https:\/\/www.mojabochnia.pl\/wp-content\/uploads\/2014\/04\/DSC_0555.jpg","width":660,"height":371,"caption":"P. Michalczyk"},{"@type":"BreadcrumbList","@id":"https:\/\/www.mojabochnia.pl\/?p=107634#breadcrumb","itemListElement":[{"@type":"ListItem","position":1,"name":"Home","item":"https:\/\/www.mojabochnia.pl\/"},{"@type":"ListItem","position":2,"name":"Koniec bezkarno\u015bci na Placu Pu\u0142askiego"}]},{"@type":"WebSite","@id":"https:\/\/www.mojabochnia.pl\/#website","url":"https:\/\/www.mojabochnia.pl\/","name":"mojabochnia.pl - portal informacyjny","description":"mojaBochnia to portal informacyjny o Bochni. Codziennie o Bochni piszemy i pokazujemy najwa\u017cniejsze wydarzenia","publisher":{"@id":"https:\/\/www.mojabochnia.pl\/#organization"},"potentialAction":[{"@type":"SearchAction","target":{"@type":"EntryPoint","urlTemplate":"https:\/\/www.mojabochnia.pl\/?s={search_term_string}"},"query-input":{"@type":"PropertyValueSpecification","valueRequired":true,"valueName":"search_term_string"}}],"inLanguage":"pl-PL"},{"@type":"Organization","@id":"https:\/\/www.mojabochnia.pl\/#organization","name":"mojabochnia.pl - portal informacyjny","url":"https:\/\/www.mojabochnia.pl\/","logo":{"@type":"ImageObject","inLanguage":"pl-PL","@id":"https:\/\/www.mojabochnia.pl\/#\/schema\/logo\/image\/","url":"https:\/\/www.mojabochnia.pl\/wp-content\/uploads\/2017\/08\/logo-mb-opt.png","contentUrl":"https:\/\/www.mojabochnia.pl\/wp-content\/uploads\/2017\/08\/logo-mb-opt.png","width":250,"height":48,"caption":"mojabochnia.pl - portal informacyjny"},"image":{"@id":"https:\/\/www.mojabochnia.pl\/#\/schema\/logo\/image\/"},"sameAs":["https:\/\/www.facebook.com\/mojabochnia"]},{"@type":"Person","@id":"https:\/\/www.mojabochnia.pl\/#\/schema\/person\/ea042e4724a77627963f02166828ead4","name":"Pawe\u0142 Michalczyk","url":"https:\/\/www.mojabochnia.pl\/?author=4"}]}},"_links":{"self":[{"href":"https:\/\/www.mojabochnia.pl\/index.php?rest_route=\/wp\/v2\/posts\/107634","targetHints":{"allow":["GET"]}}],"collection":[{"href":"https:\/\/www.mojabochnia.pl\/index.php?rest_route=\/wp\/v2\/posts"}],"about":[{"href":"https:\/\/www.mojabochnia.pl\/index.php?rest_route=\/wp\/v2\/types\/post"}],"author":[{"embeddable":true,"href":"https:\/\/www.mojabochnia.pl\/index.php?rest_route=\/wp\/v2\/users\/4"}],"replies":[{"embeddable":true,"href":"https:\/\/www.mojabochnia.pl\/index.php?rest_route=%2Fwp%2Fv2%2Fcomments&post=107634"}],"version-history":[{"count":1,"href":"https:\/\/www.mojabochnia.pl\/index.php?rest_route=\/wp\/v2\/posts\/107634\/revisions"}],"predecessor-version":[{"id":107636,"href":"https:\/\/www.mojabochnia.pl\/index.php?rest_route=\/wp\/v2\/posts\/107634\/revisions\/107636"}],"wp:featuredmedia":[{"embeddable":true,"href":"https:\/\/www.mojabochnia.pl\/index.php?rest_route=\/wp\/v2\/media\/107635"}],"wp:attachment":[{"href":"https:\/\/www.mojabochnia.pl\/index.php?rest_route=%2Fwp%2Fv2%2Fmedia&parent=107634"}],"wp:term":[{"taxonomy":"category","embeddable":true,"href":"https:\/\/www.mojabochnia.pl\/index.php?rest_route=%2Fwp%2Fv2%2Fcategories&post=107634"},{"taxonomy":"post_tag","embeddable":true,"href":"https:\/\/www.mojabochnia.pl\/index.php?rest_route=%2Fwp%2Fv2%2Ftags&post=107634"}],"curies":[{"name":"wp","href":"https:\/\/api.w.org\/{rel}","templated":true}]}}