{"id":107313,"date":"2014-04-09T13:06:55","date_gmt":"2014-04-09T11:06:55","guid":{"rendered":"http:\/\/www.mojabochnia.pl\/?p=107313"},"modified":"2014-04-09T10:07:47","modified_gmt":"2014-04-09T08:07:47","slug":"mikluszowice-w-niedziele-misterium-meki-panskiej-3","status":"publish","type":"post","link":"https:\/\/www.mojabochnia.pl\/?p=107313","title":{"rendered":"Mikluszowice: w niedziel\u0119 Misterium M\u0119ki Pa\u0144skiej"},"content":{"rendered":"<p>Misterium rozpocznie si\u0119 w ko\u015bciele parafialnym w Mikluszowicach w niedziel\u0119 o godz. 19:00. Stamt\u0105d jego uczestnicy p\u00f3jd\u0105 ulicami miejscowo\u015bci, aby dotrze\u0107 do miejsca zwanego G\u00f3r\u0105 \u015bw. Jana, kt\u00f3re tradycyjnie zwi\u0105zane jest z kulminacj\u0105 misterium. <\/p>\n","protected":false},"excerpt":{"rendered":"<p>\u201eOjcze Nasz\u201d &#8211; to tytu\u0142 tegorocznego Plenerowego Misterium M\u0119ki Pa\u0144skiej w Mikluszowicach. Tradycyjnie organizowane jest ono w niedziel\u0119 palmow\u0105. Tym razem motywem przewodnim b\u0119dzie \u017cycie Jana Paw\u0142a II wplecione w \u017cycie Jezusa. Ma to zwi\u0105zek ze zbli\u017caj\u0105c\u0105 si\u0119 kanonizacj\u0105 Papie\u017ca Polaka.<\/p>\n","protected":false},"author":4,"featured_media":107315,"comment_status":"open","ping_status":"closed","sticky":false,"template":"","format":"standard","meta":{"_acf_changed":false,"footnotes":""},"categories":[5,6250,1342],"tags":[17422,3079],"class_list":["post-107313","post","type-post","status-publish","format-standard","has-post-thumbnail","hentry","category-biezace-wydarzenia","category-tematyka","category-zycie-religijne","tag-mikluszowice","tag-misterium-meki-panskiej","main_tag-misterium"],"acf":[],"yoast_head":"<!-- This site is optimized with the Yoast SEO plugin v26.9 - https:\/\/yoast.com\/product\/yoast-seo-wordpress\/ -->\n<title>Mikluszowice: w niedziel\u0119 Misterium M\u0119ki Pa\u0144skiej - mojabochnia.pl - portal informacyjny<\/title>\n<meta name=\"robots\" content=\"index, follow, max-snippet:-1, max-image-preview:large, max-video-preview:-1\" \/>\n<link rel=\"canonical\" href=\"https:\/\/www.mojabochnia.pl\/?p=107313\" \/>\n<meta property=\"og:locale\" content=\"pl_PL\" \/>\n<meta property=\"og:type\" content=\"article\" \/>\n<meta property=\"og:title\" content=\"Mikluszowice: w niedziel\u0119 Misterium M\u0119ki Pa\u0144skiej - mojabochnia.pl - portal informacyjny\" \/>\n<meta property=\"og:description\" content=\"\u201eOjcze Nasz\u201d - to tytu\u0142 tegorocznego Plenerowego Misterium M\u0119ki Pa\u0144skiej w Mikluszowicach. Tradycyjnie organizowane jest ono w niedziel\u0119 palmow\u0105. Tym razem motywem przewodnim b\u0119dzie \u017cycie Jana Paw\u0142a II wplecione w \u017cycie Jezusa. Ma to zwi\u0105zek ze zbli\u017caj\u0105c\u0105 si\u0119 kanonizacj\u0105 Papie\u017ca Polaka.\" \/>\n<meta property=\"og:url\" content=\"https:\/\/www.mojabochnia.pl\/?p=107313\" \/>\n<meta property=\"og:site_name\" content=\"mojabochnia.pl - portal informacyjny\" \/>\n<meta property=\"article:publisher\" content=\"https:\/\/www.facebook.com\/mojabochnia\" \/>\n<meta property=\"article:published_time\" content=\"2014-04-09T11:06:55+00:00\" \/>\n<meta property=\"og:image\" content=\"https:\/\/www.mojabochnia.pl\/wp-content\/uploads\/2014\/04\/misterium_2014_plakat.jpg\" \/>\n\t<meta property=\"og:image:width\" content=\"660\" \/>\n\t<meta property=\"og:image:height\" content=\"372\" \/>\n\t<meta property=\"og:image:type\" content=\"image\/jpeg\" \/>\n<meta name=\"author\" content=\"Pawe\u0142 Michalczyk\" \/>\n<meta name=\"twitter:card\" content=\"summary_large_image\" \/>\n<meta name=\"twitter:label1\" content=\"Written by\" \/>\n\t<meta name=\"twitter:data1\" content=\"Pawe\u0142 Michalczyk\" \/>\n<script type=\"application\/ld+json\" class=\"yoast-schema-graph\">{\"@context\":\"https:\/\/schema.org\",\"@graph\":[{\"@type\":\"Article\",\"@id\":\"https:\/\/www.mojabochnia.pl\/?p=107313#article\",\"isPartOf\":{\"@id\":\"https:\/\/www.mojabochnia.pl\/?p=107313\"},\"author\":{\"name\":\"Pawe\u0142 Michalczyk\",\"@id\":\"https:\/\/www.mojabochnia.pl\/#\/schema\/person\/ea042e4724a77627963f02166828ead4\"},\"headline\":\"Mikluszowice: w niedziel\u0119 Misterium M\u0119ki Pa\u0144skiej\",\"datePublished\":\"2014-04-09T11:06:55+00:00\",\"mainEntityOfPage\":{\"@id\":\"https:\/\/www.mojabochnia.pl\/?p=107313\"},\"wordCount\":48,\"commentCount\":0,\"publisher\":{\"@id\":\"https:\/\/www.mojabochnia.pl\/#organization\"},\"image\":{\"@id\":\"https:\/\/www.mojabochnia.pl\/?p=107313#primaryimage\"},\"thumbnailUrl\":\"https:\/\/www.mojabochnia.pl\/wp-content\/uploads\/2014\/04\/misterium_2014_plakat.jpg\",\"keywords\":[\"mikluszowice\",\"misterium m\u0119ki pa\u0144skiej\"],\"articleSection\":[\"2_ostatnie\",\"tematyka\",\"\u017bycie religijne\"],\"inLanguage\":\"pl-PL\",\"potentialAction\":[{\"@type\":\"CommentAction\",\"name\":\"Comment\",\"target\":[\"https:\/\/www.mojabochnia.pl\/?p=107313#respond\"]}]},{\"@type\":\"WebPage\",\"@id\":\"https:\/\/www.mojabochnia.pl\/?p=107313\",\"url\":\"https:\/\/www.mojabochnia.pl\/?p=107313\",\"name\":\"Mikluszowice: w niedziel\u0119 Misterium M\u0119ki Pa\u0144skiej - mojabochnia.pl - portal informacyjny\",\"isPartOf\":{\"@id\":\"https:\/\/www.mojabochnia.pl\/#website\"},\"primaryImageOfPage\":{\"@id\":\"https:\/\/www.mojabochnia.pl\/?p=107313#primaryimage\"},\"image\":{\"@id\":\"https:\/\/www.mojabochnia.pl\/?p=107313#primaryimage\"},\"thumbnailUrl\":\"https:\/\/www.mojabochnia.pl\/wp-content\/uploads\/2014\/04\/misterium_2014_plakat.jpg\",\"datePublished\":\"2014-04-09T11:06:55+00:00\",\"breadcrumb\":{\"@id\":\"https:\/\/www.mojabochnia.pl\/?p=107313#breadcrumb\"},\"inLanguage\":\"pl-PL\",\"potentialAction\":[{\"@type\":\"ReadAction\",\"target\":[\"https:\/\/www.mojabochnia.pl\/?p=107313\"]}]},{\"@type\":\"ImageObject\",\"inLanguage\":\"pl-PL\",\"@id\":\"https:\/\/www.mojabochnia.pl\/?p=107313#primaryimage\",\"url\":\"https:\/\/www.mojabochnia.pl\/wp-content\/uploads\/2014\/04\/misterium_2014_plakat.jpg\",\"contentUrl\":\"https:\/\/www.mojabochnia.pl\/wp-content\/uploads\/2014\/04\/misterium_2014_plakat.jpg\",\"width\":660,\"height\":372,\"caption\":\"plakat\"},{\"@type\":\"BreadcrumbList\",\"@id\":\"https:\/\/www.mojabochnia.pl\/?p=107313#breadcrumb\",\"itemListElement\":[{\"@type\":\"ListItem\",\"position\":1,\"name\":\"Home\",\"item\":\"https:\/\/www.mojabochnia.pl\/\"},{\"@type\":\"ListItem\",\"position\":2,\"name\":\"Mikluszowice: w niedziel\u0119 Misterium M\u0119ki Pa\u0144skiej\"}]},{\"@type\":\"WebSite\",\"@id\":\"https:\/\/www.mojabochnia.pl\/#website\",\"url\":\"https:\/\/www.mojabochnia.pl\/\",\"name\":\"mojabochnia.pl - portal informacyjny\",\"description\":\"mojaBochnia to portal informacyjny o Bochni. Codziennie o Bochni piszemy i pokazujemy najwa\u017cniejsze wydarzenia\",\"publisher\":{\"@id\":\"https:\/\/www.mojabochnia.pl\/#organization\"},\"potentialAction\":[{\"@type\":\"SearchAction\",\"target\":{\"@type\":\"EntryPoint\",\"urlTemplate\":\"https:\/\/www.mojabochnia.pl\/?s={search_term_string}\"},\"query-input\":{\"@type\":\"PropertyValueSpecification\",\"valueRequired\":true,\"valueName\":\"search_term_string\"}}],\"inLanguage\":\"pl-PL\"},{\"@type\":\"Organization\",\"@id\":\"https:\/\/www.mojabochnia.pl\/#organization\",\"name\":\"mojabochnia.pl - portal informacyjny\",\"url\":\"https:\/\/www.mojabochnia.pl\/\",\"logo\":{\"@type\":\"ImageObject\",\"inLanguage\":\"pl-PL\",\"@id\":\"https:\/\/www.mojabochnia.pl\/#\/schema\/logo\/image\/\",\"url\":\"https:\/\/www.mojabochnia.pl\/wp-content\/uploads\/2017\/08\/logo-mb-opt.png\",\"contentUrl\":\"https:\/\/www.mojabochnia.pl\/wp-content\/uploads\/2017\/08\/logo-mb-opt.png\",\"width\":250,\"height\":48,\"caption\":\"mojabochnia.pl - portal informacyjny\"},\"image\":{\"@id\":\"https:\/\/www.mojabochnia.pl\/#\/schema\/logo\/image\/\"},\"sameAs\":[\"https:\/\/www.facebook.com\/mojabochnia\"]},{\"@type\":\"Person\",\"@id\":\"https:\/\/www.mojabochnia.pl\/#\/schema\/person\/ea042e4724a77627963f02166828ead4\",\"name\":\"Pawe\u0142 Michalczyk\",\"url\":\"https:\/\/www.mojabochnia.pl\/?author=4\"}]}<\/script>\n<!-- \/ Yoast SEO plugin. -->","yoast_head_json":{"title":"Mikluszowice: w niedziel\u0119 Misterium M\u0119ki Pa\u0144skiej - mojabochnia.pl - portal informacyjny","robots":{"index":"index","follow":"follow","max-snippet":"max-snippet:-1","max-image-preview":"max-image-preview:large","max-video-preview":"max-video-preview:-1"},"canonical":"https:\/\/www.mojabochnia.pl\/?p=107313","og_locale":"pl_PL","og_type":"article","og_title":"Mikluszowice: w niedziel\u0119 Misterium M\u0119ki Pa\u0144skiej - mojabochnia.pl - portal informacyjny","og_description":"\u201eOjcze Nasz\u201d - to tytu\u0142 tegorocznego Plenerowego Misterium M\u0119ki Pa\u0144skiej w Mikluszowicach. Tradycyjnie organizowane jest ono w niedziel\u0119 palmow\u0105. Tym razem motywem przewodnim b\u0119dzie \u017cycie Jana Paw\u0142a II wplecione w \u017cycie Jezusa. Ma to zwi\u0105zek ze zbli\u017caj\u0105c\u0105 si\u0119 kanonizacj\u0105 Papie\u017ca Polaka.","og_url":"https:\/\/www.mojabochnia.pl\/?p=107313","og_site_name":"mojabochnia.pl - portal informacyjny","article_publisher":"https:\/\/www.facebook.com\/mojabochnia","article_published_time":"2014-04-09T11:06:55+00:00","og_image":[{"width":660,"height":372,"url":"https:\/\/www.mojabochnia.pl\/wp-content\/uploads\/2014\/04\/misterium_2014_plakat.jpg","type":"image\/jpeg"}],"author":"Pawe\u0142 Michalczyk","twitter_card":"summary_large_image","twitter_misc":{"Written by":"Pawe\u0142 Michalczyk"},"schema":{"@context":"https:\/\/schema.org","@graph":[{"@type":"Article","@id":"https:\/\/www.mojabochnia.pl\/?p=107313#article","isPartOf":{"@id":"https:\/\/www.mojabochnia.pl\/?p=107313"},"author":{"name":"Pawe\u0142 Michalczyk","@id":"https:\/\/www.mojabochnia.pl\/#\/schema\/person\/ea042e4724a77627963f02166828ead4"},"headline":"Mikluszowice: w niedziel\u0119 Misterium M\u0119ki Pa\u0144skiej","datePublished":"2014-04-09T11:06:55+00:00","mainEntityOfPage":{"@id":"https:\/\/www.mojabochnia.pl\/?p=107313"},"wordCount":48,"commentCount":0,"publisher":{"@id":"https:\/\/www.mojabochnia.pl\/#organization"},"image":{"@id":"https:\/\/www.mojabochnia.pl\/?p=107313#primaryimage"},"thumbnailUrl":"https:\/\/www.mojabochnia.pl\/wp-content\/uploads\/2014\/04\/misterium_2014_plakat.jpg","keywords":["mikluszowice","misterium m\u0119ki pa\u0144skiej"],"articleSection":["2_ostatnie","tematyka","\u017bycie religijne"],"inLanguage":"pl-PL","potentialAction":[{"@type":"CommentAction","name":"Comment","target":["https:\/\/www.mojabochnia.pl\/?p=107313#respond"]}]},{"@type":"WebPage","@id":"https:\/\/www.mojabochnia.pl\/?p=107313","url":"https:\/\/www.mojabochnia.pl\/?p=107313","name":"Mikluszowice: w niedziel\u0119 Misterium M\u0119ki Pa\u0144skiej - mojabochnia.pl - portal informacyjny","isPartOf":{"@id":"https:\/\/www.mojabochnia.pl\/#website"},"primaryImageOfPage":{"@id":"https:\/\/www.mojabochnia.pl\/?p=107313#primaryimage"},"image":{"@id":"https:\/\/www.mojabochnia.pl\/?p=107313#primaryimage"},"thumbnailUrl":"https:\/\/www.mojabochnia.pl\/wp-content\/uploads\/2014\/04\/misterium_2014_plakat.jpg","datePublished":"2014-04-09T11:06:55+00:00","breadcrumb":{"@id":"https:\/\/www.mojabochnia.pl\/?p=107313#breadcrumb"},"inLanguage":"pl-PL","potentialAction":[{"@type":"ReadAction","target":["https:\/\/www.mojabochnia.pl\/?p=107313"]}]},{"@type":"ImageObject","inLanguage":"pl-PL","@id":"https:\/\/www.mojabochnia.pl\/?p=107313#primaryimage","url":"https:\/\/www.mojabochnia.pl\/wp-content\/uploads\/2014\/04\/misterium_2014_plakat.jpg","contentUrl":"https:\/\/www.mojabochnia.pl\/wp-content\/uploads\/2014\/04\/misterium_2014_plakat.jpg","width":660,"height":372,"caption":"plakat"},{"@type":"BreadcrumbList","@id":"https:\/\/www.mojabochnia.pl\/?p=107313#breadcrumb","itemListElement":[{"@type":"ListItem","position":1,"name":"Home","item":"https:\/\/www.mojabochnia.pl\/"},{"@type":"ListItem","position":2,"name":"Mikluszowice: w niedziel\u0119 Misterium M\u0119ki Pa\u0144skiej"}]},{"@type":"WebSite","@id":"https:\/\/www.mojabochnia.pl\/#website","url":"https:\/\/www.mojabochnia.pl\/","name":"mojabochnia.pl - portal informacyjny","description":"mojaBochnia to portal informacyjny o Bochni. Codziennie o Bochni piszemy i pokazujemy najwa\u017cniejsze wydarzenia","publisher":{"@id":"https:\/\/www.mojabochnia.pl\/#organization"},"potentialAction":[{"@type":"SearchAction","target":{"@type":"EntryPoint","urlTemplate":"https:\/\/www.mojabochnia.pl\/?s={search_term_string}"},"query-input":{"@type":"PropertyValueSpecification","valueRequired":true,"valueName":"search_term_string"}}],"inLanguage":"pl-PL"},{"@type":"Organization","@id":"https:\/\/www.mojabochnia.pl\/#organization","name":"mojabochnia.pl - portal informacyjny","url":"https:\/\/www.mojabochnia.pl\/","logo":{"@type":"ImageObject","inLanguage":"pl-PL","@id":"https:\/\/www.mojabochnia.pl\/#\/schema\/logo\/image\/","url":"https:\/\/www.mojabochnia.pl\/wp-content\/uploads\/2017\/08\/logo-mb-opt.png","contentUrl":"https:\/\/www.mojabochnia.pl\/wp-content\/uploads\/2017\/08\/logo-mb-opt.png","width":250,"height":48,"caption":"mojabochnia.pl - portal informacyjny"},"image":{"@id":"https:\/\/www.mojabochnia.pl\/#\/schema\/logo\/image\/"},"sameAs":["https:\/\/www.facebook.com\/mojabochnia"]},{"@type":"Person","@id":"https:\/\/www.mojabochnia.pl\/#\/schema\/person\/ea042e4724a77627963f02166828ead4","name":"Pawe\u0142 Michalczyk","url":"https:\/\/www.mojabochnia.pl\/?author=4"}]}},"_links":{"self":[{"href":"https:\/\/www.mojabochnia.pl\/index.php?rest_route=\/wp\/v2\/posts\/107313","targetHints":{"allow":["GET"]}}],"collection":[{"href":"https:\/\/www.mojabochnia.pl\/index.php?rest_route=\/wp\/v2\/posts"}],"about":[{"href":"https:\/\/www.mojabochnia.pl\/index.php?rest_route=\/wp\/v2\/types\/post"}],"author":[{"embeddable":true,"href":"https:\/\/www.mojabochnia.pl\/index.php?rest_route=\/wp\/v2\/users\/4"}],"replies":[{"embeddable":true,"href":"https:\/\/www.mojabochnia.pl\/index.php?rest_route=%2Fwp%2Fv2%2Fcomments&post=107313"}],"version-history":[{"count":1,"href":"https:\/\/www.mojabochnia.pl\/index.php?rest_route=\/wp\/v2\/posts\/107313\/revisions"}],"predecessor-version":[{"id":107314,"href":"https:\/\/www.mojabochnia.pl\/index.php?rest_route=\/wp\/v2\/posts\/107313\/revisions\/107314"}],"wp:featuredmedia":[{"embeddable":true,"href":"https:\/\/www.mojabochnia.pl\/index.php?rest_route=\/wp\/v2\/media\/107315"}],"wp:attachment":[{"href":"https:\/\/www.mojabochnia.pl\/index.php?rest_route=%2Fwp%2Fv2%2Fmedia&parent=107313"}],"wp:term":[{"taxonomy":"category","embeddable":true,"href":"https:\/\/www.mojabochnia.pl\/index.php?rest_route=%2Fwp%2Fv2%2Fcategories&post=107313"},{"taxonomy":"post_tag","embeddable":true,"href":"https:\/\/www.mojabochnia.pl\/index.php?rest_route=%2Fwp%2Fv2%2Ftags&post=107313"}],"curies":[{"name":"wp","href":"https:\/\/api.w.org\/{rel}","templated":true}]}}