{"id":106468,"date":"2014-03-13T09:16:48","date_gmt":"2014-03-13T08:16:48","guid":{"rendered":"http:\/\/www.mojabochnia.pl\/?p=106468"},"modified":"2014-03-13T20:45:54","modified_gmt":"2014-03-13T19:45:54","slug":"plaga-pozarow-traw-staruszka-zaslabla-podczas-gaszenia","status":"publish","type":"post","link":"https:\/\/www.mojabochnia.pl\/?p=106468","title":{"rendered":"Plaga po\u017car\u00f3w traw. Staruszka zas\u0142ab\u0142a podczas gaszenia"},"content":{"rendered":"<p>W tym roku stra\u017cacy zanotowali ju\u017c 29 interwencji zwi\u0105zanych w po\u017carami traw. Szczeg\u00f3lnie niebezpieczne zdarzenie wyst\u0105pi\u0142o w \u015brod\u0105 \u0096 podczas po\u017caru trawy w pobli\u017cu lasu w Nieszkowicach Wielkich. Pr\u00f3b\u0119 gaszenia  po\u017caru trawy podj\u0119li w\u0142a\u015bciciele gruntu, w tym starsza kobieta w wieku 89 lat, kt\u00f3ra wskutek przebywania w strefie zadymienia i podwy\u017cszonej temperatury, zas\u0142ab\u0142a. Stra\u017cacy, po przyje\u017adzie na miejsce zdarzenia udzielili w pierwszej kolejno\u015bci pomocy medycznej poszkodowanej kobiecie &#8211; oceniono stan funkcji \u017cyciowych, oddech, t\u0119tno, podali  tlen. W celu dokonania pe\u0142nej diagnozy wezwano karetk\u0119 pogotowia ratunkowego.<br \/>\n<em><br \/>\nApelujemy gor\u0105co o powstrzymanie si\u0119 od wypalania traw, jest to ca\u0142kowicie niepotrzebne, a opr\u00f3cz znacznych strat materialnych, mo\u017ce doprowadzi\u0107 do tragedii<\/em> &#8211; m\u00f3wi Gerard Wydrych, rzecznik stra\u017cy po\u017carnej w Bochni. <em>Niestety, co roku w takich po\u017carach gin\u0105 te\u017c ludzie &#8211; najcz\u0119\u015bciej ci, kt\u00f3rzy podejmuj\u0105 si\u0119 wypalania. Zazwyczaj bezpo\u015bredni\u0105 przyczyn\u0105 zgonu jest zawa\u0142 serca, udar termiczny lub gwa\u0142towna zmiana kierunku wiatru, a co za tym idzie &#8211; wielko\u015bci p\u0142omienia, co zaskakuje nie\u015bwiadomego wypalacza<\/em> &#8211; dodaje.<\/p>\n<p>Stra\u017cacy zwracaj\u0105 uwag\u0119, \u017ce dym pochodz\u0105cy z wypalania jest bardzo niebezpieczny nie tylko z powodu zatruwania atmosfery. Wypalanie traw nierzadko utrudnia r\u00f3wnie\u017c poruszanie si\u0119 po drogach kierowcom; g\u0119sty dym \u015bciel\u0105cy si\u0119 na drogach ogranicza widoczno\u015b\u0107, w wyniku czego, podobnie jak we mgle, dochodzi do wielu wypadk\u00f3w i kolizji. Wszystko to prowadzi do strat materialnych,     a tak\u017ce osobistych tragedii.<\/p>\n<p>2002 r. w po\u017carze trawy w Brze\u017anicy \u015bmier\u0107 poni\u00f3s\u0142 m\u0119\u017cczyzna (zaczadzenie i zawa\u0142).  W 2011 r. podczas po\u017caru suchej trawy ci\u0119\u017ckiemu  poparzeniu uleg\u0142a 70-letnia kobieta. <em>A musimy pami\u0119ta\u0107, \u017ce jest to tylko cze\u015b\u0107 zdarze\u0144, bo wi\u0119kszo\u015b\u0107 nie jest zg\u0142aszana<\/em> &#8211; kontynuuje Gerard Wydrych.<\/p>\n<p>Wypalanie trawy powoduje zagro\u017cenie dla zdrowia i \u017cycia ludzi, jak r\u00f3wnie\u017c mienia. Niejednokrotnie dochodzi\u0142o podczas wypalania traw do rozprzestrzenienia si\u0119 po\u017caru na s\u0105siednie pola uprawne, jak r\u00f3wnie\u017c budynki. <em>Ka\u017cdego roku ten nieszcz\u0119sny proceder anga\u017cuje du\u017ce si\u0142y i \u015brodki zar\u00f3wno Pa\u0144stwowej Stra\u017cy Po\u017carnej  jak i Ochotniczej, powoduj\u0105c wydatkowanie  \u015brodk\u00f3w finansowych z bud\u017cetu, na kt\u00f3ry wsp\u00f3lnie si\u0119 sk\u0142adamy. Wypalanie jest \u015bwiadectwem braku kultury. Wypalacze kompromituj\u0105 nas jako spo\u0142ecze\u0144stwo w oczach go\u015bci i turyst\u00f3w zagranicznych. Wypalanie traw to zjawisko typowo polskie, nie wyst\u0119puj\u0105ce w Europie Zachodniej<\/em>.<\/p>\n<p>Ka\u017cdy po\u017car, a co za tym idzie &#8211; ka\u017cda interwencja sporo kosztuje. Sam przyjazd stra\u017cy po\u017carnej do ognia kosztuje kilkaset z\u0142otych; w skali kraju s\u0105 to dziesi\u0105tki tysi\u0119cy po\u017car\u00f3w. <em>Koszty to nie tylko wylana woda, spalone paliwo, zu\u017cyty sprz\u0119t. To przede wszystkim ludzkie \u017cycie, zm\u0119czenie, co nie spos\u00f3b okre\u015bli\u0107 w z\u0142ot\u00f3wkach, wi\u0119c trudno sprecyzowa\u0107\/oszacowa\u0107 straty. S\u0105 to na pewno miliony z\u0142otych. Te ogromne sumy pokrywane s\u0105  w ostatecznym rozrachunku z Bud\u017cetu Pa\u0144stwa. Oznacza to, i\u017c to my &#8211; ca\u0142e spo\u0142ecze\u0144stwo &#8211; ponosimy ci\u0119\u017car finansowy walki z po\u017carami. Zapewne ka\u017cdy z nas mia\u0142by ciekawsze propozycje na zagospodarowanie tak wielkich kwot pieni\u0119dzy, kt\u00f3re ka\u017cdego roku &#8222;przemijaj\u0105 z wiatrem&#8221;. Np. mo\u017cna by zakupi\u0107 nowy sprz\u0119t dla stra\u017cak\u00f3w, karetki pogotowia, podreperowa\u0107 s\u0142u\u017cb\u0119 zdrowia, edukacj\u0119&#8230; itd<\/em> &#8211; dodaje Gerard WYdrych.<\/p>\n<p>\u015amier\u0107 w p\u0142omieniach czyha na ptaki. Niszczone s\u0105 miejsca l\u0119gowe wielu gatunk\u00f3w ptak\u00f3w gnie\u017cd\u017c\u0105cych si\u0119 na ziemi lub w strefie krzew\u00f3w. Pal\u0105 si\u0119 r\u00f3wnie\u017c gniazda ju\u017c zasiedlone, a zatem z jajeczkami lub piskl\u0119tami (np. tak lubianych przez nas wszystkich skowronk\u00f3w). Dym uniemo\u017cliwia pszczo\u0142om, trzmielom oblatywanie \u0142\u0105k. Owady te gin\u0105 w p\u0142omieniach, co powoduje zmniejszenie liczby zapylonych kwiat\u00f3w, a w konsekwencji obni\u017cenie plon\u00f3w ro\u015blin.<\/p>\n<p>Nale\u017cy pami\u0119ta\u0107 o kolejnej bardzo wa\u017cnej kwestii: kiedy stra\u017cacy s\u0105 zadysponowani do akcji gaszenia po\u017car\u00f3w traw, \u0142\u0105k i nieu\u017cytk\u00f3w, w tym samym czasie mog\u0105 by\u0107 potrzebni w innym miejscu, np. do ratowania \u017cycia ludzi poszkodowanych w wypadku drogowym czy innym tragicznym zdarzeniu. Zaanga\u017cowanie w akcj\u0119 gaszenia trawy powoduje znaczne wyd\u0142u\u017cenie czasu dojazdu do miejsca zdarzenia, a cz\u0119sto o \u017cyciu cz\u0142owieka decyduj\u0105 minuty.<\/p>\n<p>Za wykroczenia tego typu gro\u017c\u0105 surowe sankcje: Art. 82, \u00a7 1 ustawy z dnia 20 maja 1971r. Kodeksu wykrocze\u0144 (Dz. U. z 1971 Nr 12, poz.114 ze zmianami) \u0096 kara aresztu, nagany lub grzywny, kt\u00f3rej wysoko\u015b\u0107 w my\u015bl art. 24, \u00a7 1 mo\u017ce wynosi\u0107 od 20 do 5000 z\u0142. Art. 163. \u00a7 1 ustawy z dnia 6 czerwca 1997 r. Kodeks karny (Dz. U. z 1997r. Nr 88 poz. 553 ze zmianami) stanowi: <em>\u0084Kto sprowadza zdarzenie, kt\u00f3re zagra\u017ca \u017cyciu lub zdrowiu wielu os\u00f3b albo mieniu w wielkich rozmiarach, maj\u0105ce posta\u0107 po\u017caru, podlega karze pozbawienia wolno\u015bci od roku do lat 10\u0094<\/em>.<\/p>\n<p>W bie\u017c\u0105cym roku, w celu ukarania winnych podpale\u0144 traw prowadzone, b\u0119d\u0105 wzmo\u017cone kontrole policji oraz stra\u017cy miejskiej.<\/p>\n\t  \r\n\t\r\n\t    <div class=\"mb-gallery\">\r\n\t    <a href=\"https:\/\/www.mojabochnia.pl\/?attachment_id=106473\" class=\"\"><img loading=\"lazy\" decoding=\"async\" width=\"100\" height=\"56\" src=\"https:\/\/www.mojabochnia.pl\/wp-content\/uploads\/2014\/03\/IMG_5189-120x67.jpg\" class=\"attachment-100x100 size-100x100\" alt=\"\" srcset=\"https:\/\/www.mojabochnia.pl\/wp-content\/uploads\/2014\/03\/IMG_5189-120x67.jpg 120w, https:\/\/www.mojabochnia.pl\/wp-content\/uploads\/2014\/03\/IMG_5189-468x263.jpg 468w, https:\/\/www.mojabochnia.pl\/wp-content\/uploads\/2014\/03\/IMG_5189.jpg 660w\" sizes=\"auto, (max-width: 100px) 100vw, 100px\" \/><\/a><a href=\"https:\/\/www.mojabochnia.pl\/?attachment_id=106474\" class=\"\"><img loading=\"lazy\" decoding=\"async\" width=\"100\" height=\"56\" src=\"https:\/\/www.mojabochnia.pl\/wp-content\/uploads\/2014\/03\/IMG_5190-120x67.jpg\" class=\"attachment-100x100 size-100x100\" alt=\"\" srcset=\"https:\/\/www.mojabochnia.pl\/wp-content\/uploads\/2014\/03\/IMG_5190-120x67.jpg 120w, https:\/\/www.mojabochnia.pl\/wp-content\/uploads\/2014\/03\/IMG_5190-468x263.jpg 468w, https:\/\/www.mojabochnia.pl\/wp-content\/uploads\/2014\/03\/IMG_5190.jpg 660w\" sizes=\"auto, (max-width: 100px) 100vw, 100px\" \/><\/a><a href=\"https:\/\/www.mojabochnia.pl\/?attachment_id=106475\" class=\"\"><img loading=\"lazy\" decoding=\"async\" width=\"100\" height=\"56\" src=\"https:\/\/www.mojabochnia.pl\/wp-content\/uploads\/2014\/03\/IMG_5192-120x67.jpg\" class=\"attachment-100x100 size-100x100\" alt=\"\" srcset=\"https:\/\/www.mojabochnia.pl\/wp-content\/uploads\/2014\/03\/IMG_5192-120x67.jpg 120w, https:\/\/www.mojabochnia.pl\/wp-content\/uploads\/2014\/03\/IMG_5192-468x264.jpg 468w, https:\/\/www.mojabochnia.pl\/wp-content\/uploads\/2014\/03\/IMG_5192.jpg 660w\" sizes=\"auto, (max-width: 100px) 100vw, 100px\" \/><\/a>\t    <\/div>\r\n\t    ","protected":false},"excerpt":{"rendered":"<p>Jak co roku zacz\u0105\u0142 si\u0119 okres wypalania suchych traw. Proceder ten zabroniony jest przez prawo i powoduje wiele zagro\u017ce\u0144 i strat. Od wielu lat w powiecie boche\u0144skim jest czym\u015b powszednim.<\/p>\n","protected":false},"author":13,"featured_media":106475,"comment_status":"open","ping_status":"closed","sticky":true,"template":"","format":"standard","meta":{"_acf_changed":false,"footnotes":""},"categories":[5,6251,6250],"tags":[17140,17141,3292],"class_list":["post-106468","post","type-post","status-publish","format-standard","has-post-thumbnail","hentry","category-biezace-wydarzenia","category-polityka-i-wydarzenia","category-tematyka","tag-pozar","tag-straz-pozarna","tag-wypalanie-traw","main_tag-straz-pozarna"],"acf":[],"yoast_head":"<!-- This site is optimized with the Yoast SEO plugin v26.9 - https:\/\/yoast.com\/product\/yoast-seo-wordpress\/ -->\n<title>Plaga po\u017car\u00f3w traw. Staruszka zas\u0142ab\u0142a podczas gaszenia - mojabochnia.pl - portal informacyjny<\/title>\n<meta name=\"robots\" content=\"index, follow, max-snippet:-1, max-image-preview:large, max-video-preview:-1\" \/>\n<link rel=\"canonical\" href=\"https:\/\/www.mojabochnia.pl\/?p=106468\" \/>\n<meta property=\"og:locale\" content=\"pl_PL\" \/>\n<meta property=\"og:type\" content=\"article\" \/>\n<meta property=\"og:title\" content=\"Plaga po\u017car\u00f3w traw. Staruszka zas\u0142ab\u0142a podczas gaszenia - mojabochnia.pl - portal informacyjny\" \/>\n<meta property=\"og:description\" content=\"Jak co roku zacz\u0105\u0142 si\u0119 okres wypalania suchych traw. Proceder ten zabroniony jest przez prawo i powoduje wiele zagro\u017ce\u0144 i strat. Od wielu lat w powiecie boche\u0144skim jest czym\u015b powszednim.\" \/>\n<meta property=\"og:url\" content=\"https:\/\/www.mojabochnia.pl\/?p=106468\" \/>\n<meta property=\"og:site_name\" content=\"mojabochnia.pl - portal informacyjny\" \/>\n<meta property=\"article:publisher\" content=\"https:\/\/www.facebook.com\/mojabochnia\" \/>\n<meta property=\"article:published_time\" content=\"2014-03-13T08:16:48+00:00\" \/>\n<meta property=\"article:modified_time\" content=\"2014-03-13T19:45:54+00:00\" \/>\n<meta property=\"og:image\" content=\"https:\/\/www.mojabochnia.pl\/wp-content\/uploads\/2014\/03\/IMG_5192.jpg\" \/>\n\t<meta property=\"og:image:width\" content=\"660\" \/>\n\t<meta property=\"og:image:height\" content=\"373\" \/>\n\t<meta property=\"og:image:type\" content=\"image\/jpeg\" \/>\n<meta name=\"author\" content=\"redakcja\" \/>\n<meta name=\"twitter:card\" content=\"summary_large_image\" \/>\n<meta name=\"twitter:label1\" content=\"Written by\" \/>\n\t<meta name=\"twitter:data1\" content=\"redakcja\" \/>\n\t<meta name=\"twitter:label2\" content=\"Est. reading time\" \/>\n\t<meta name=\"twitter:data2\" content=\"4 minuty\" \/>\n<script type=\"application\/ld+json\" class=\"yoast-schema-graph\">{\"@context\":\"https:\/\/schema.org\",\"@graph\":[{\"@type\":\"Article\",\"@id\":\"https:\/\/www.mojabochnia.pl\/?p=106468#article\",\"isPartOf\":{\"@id\":\"https:\/\/www.mojabochnia.pl\/?p=106468\"},\"author\":{\"name\":\"redakcja\",\"@id\":\"https:\/\/www.mojabochnia.pl\/#\/schema\/person\/7e2f20ead9902216a3384f13606c0ab7\"},\"headline\":\"Plaga po\u017car\u00f3w traw. Staruszka zas\u0142ab\u0142a podczas gaszenia\",\"datePublished\":\"2014-03-13T08:16:48+00:00\",\"dateModified\":\"2014-03-13T19:45:54+00:00\",\"mainEntityOfPage\":{\"@id\":\"https:\/\/www.mojabochnia.pl\/?p=106468\"},\"wordCount\":858,\"commentCount\":0,\"publisher\":{\"@id\":\"https:\/\/www.mojabochnia.pl\/#organization\"},\"image\":{\"@id\":\"https:\/\/www.mojabochnia.pl\/?p=106468#primaryimage\"},\"thumbnailUrl\":\"https:\/\/www.mojabochnia.pl\/wp-content\/uploads\/2014\/03\/IMG_5192.jpg\",\"keywords\":[\"po\u017car\",\"stra\u017c po\u017carna\",\"wypalanie traw\"],\"articleSection\":[\"2_ostatnie\",\"polityka i wydarzenia\",\"tematyka\"],\"inLanguage\":\"pl-PL\",\"potentialAction\":[{\"@type\":\"CommentAction\",\"name\":\"Comment\",\"target\":[\"https:\/\/www.mojabochnia.pl\/?p=106468#respond\"]}]},{\"@type\":\"WebPage\",\"@id\":\"https:\/\/www.mojabochnia.pl\/?p=106468\",\"url\":\"https:\/\/www.mojabochnia.pl\/?p=106468\",\"name\":\"Plaga po\u017car\u00f3w traw. Staruszka zas\u0142ab\u0142a podczas gaszenia - mojabochnia.pl - portal informacyjny\",\"isPartOf\":{\"@id\":\"https:\/\/www.mojabochnia.pl\/#website\"},\"primaryImageOfPage\":{\"@id\":\"https:\/\/www.mojabochnia.pl\/?p=106468#primaryimage\"},\"image\":{\"@id\":\"https:\/\/www.mojabochnia.pl\/?p=106468#primaryimage\"},\"thumbnailUrl\":\"https:\/\/www.mojabochnia.pl\/wp-content\/uploads\/2014\/03\/IMG_5192.jpg\",\"datePublished\":\"2014-03-13T08:16:48+00:00\",\"dateModified\":\"2014-03-13T19:45:54+00:00\",\"breadcrumb\":{\"@id\":\"https:\/\/www.mojabochnia.pl\/?p=106468#breadcrumb\"},\"inLanguage\":\"pl-PL\",\"potentialAction\":[{\"@type\":\"ReadAction\",\"target\":[\"https:\/\/www.mojabochnia.pl\/?p=106468\"]}]},{\"@type\":\"ImageObject\",\"inLanguage\":\"pl-PL\",\"@id\":\"https:\/\/www.mojabochnia.pl\/?p=106468#primaryimage\",\"url\":\"https:\/\/www.mojabochnia.pl\/wp-content\/uploads\/2014\/03\/IMG_5192.jpg\",\"contentUrl\":\"https:\/\/www.mojabochnia.pl\/wp-content\/uploads\/2014\/03\/IMG_5192.jpg\",\"width\":660,\"height\":373,\"caption\":\"z arch. PSP Bochnia\"},{\"@type\":\"BreadcrumbList\",\"@id\":\"https:\/\/www.mojabochnia.pl\/?p=106468#breadcrumb\",\"itemListElement\":[{\"@type\":\"ListItem\",\"position\":1,\"name\":\"Home\",\"item\":\"https:\/\/www.mojabochnia.pl\/\"},{\"@type\":\"ListItem\",\"position\":2,\"name\":\"Plaga po\u017car\u00f3w traw. Staruszka zas\u0142ab\u0142a podczas gaszenia\"}]},{\"@type\":\"WebSite\",\"@id\":\"https:\/\/www.mojabochnia.pl\/#website\",\"url\":\"https:\/\/www.mojabochnia.pl\/\",\"name\":\"mojabochnia.pl - portal informacyjny\",\"description\":\"mojaBochnia to portal informacyjny o Bochni. Codziennie o Bochni piszemy i pokazujemy najwa\u017cniejsze wydarzenia\",\"publisher\":{\"@id\":\"https:\/\/www.mojabochnia.pl\/#organization\"},\"potentialAction\":[{\"@type\":\"SearchAction\",\"target\":{\"@type\":\"EntryPoint\",\"urlTemplate\":\"https:\/\/www.mojabochnia.pl\/?s={search_term_string}\"},\"query-input\":{\"@type\":\"PropertyValueSpecification\",\"valueRequired\":true,\"valueName\":\"search_term_string\"}}],\"inLanguage\":\"pl-PL\"},{\"@type\":\"Organization\",\"@id\":\"https:\/\/www.mojabochnia.pl\/#organization\",\"name\":\"mojabochnia.pl - portal informacyjny\",\"url\":\"https:\/\/www.mojabochnia.pl\/\",\"logo\":{\"@type\":\"ImageObject\",\"inLanguage\":\"pl-PL\",\"@id\":\"https:\/\/www.mojabochnia.pl\/#\/schema\/logo\/image\/\",\"url\":\"https:\/\/www.mojabochnia.pl\/wp-content\/uploads\/2017\/08\/logo-mb-opt.png\",\"contentUrl\":\"https:\/\/www.mojabochnia.pl\/wp-content\/uploads\/2017\/08\/logo-mb-opt.png\",\"width\":250,\"height\":48,\"caption\":\"mojabochnia.pl - portal informacyjny\"},\"image\":{\"@id\":\"https:\/\/www.mojabochnia.pl\/#\/schema\/logo\/image\/\"},\"sameAs\":[\"https:\/\/www.facebook.com\/mojabochnia\"]},{\"@type\":\"Person\",\"@id\":\"https:\/\/www.mojabochnia.pl\/#\/schema\/person\/7e2f20ead9902216a3384f13606c0ab7\",\"name\":\"redakcja\",\"sameAs\":[\"http:\/\/\"],\"url\":\"https:\/\/www.mojabochnia.pl\/?author=13\"}]}<\/script>\n<!-- \/ Yoast SEO plugin. -->","yoast_head_json":{"title":"Plaga po\u017car\u00f3w traw. Staruszka zas\u0142ab\u0142a podczas gaszenia - mojabochnia.pl - portal informacyjny","robots":{"index":"index","follow":"follow","max-snippet":"max-snippet:-1","max-image-preview":"max-image-preview:large","max-video-preview":"max-video-preview:-1"},"canonical":"https:\/\/www.mojabochnia.pl\/?p=106468","og_locale":"pl_PL","og_type":"article","og_title":"Plaga po\u017car\u00f3w traw. Staruszka zas\u0142ab\u0142a podczas gaszenia - mojabochnia.pl - portal informacyjny","og_description":"Jak co roku zacz\u0105\u0142 si\u0119 okres wypalania suchych traw. Proceder ten zabroniony jest przez prawo i powoduje wiele zagro\u017ce\u0144 i strat. Od wielu lat w powiecie boche\u0144skim jest czym\u015b powszednim.","og_url":"https:\/\/www.mojabochnia.pl\/?p=106468","og_site_name":"mojabochnia.pl - portal informacyjny","article_publisher":"https:\/\/www.facebook.com\/mojabochnia","article_published_time":"2014-03-13T08:16:48+00:00","article_modified_time":"2014-03-13T19:45:54+00:00","og_image":[{"width":660,"height":373,"url":"https:\/\/www.mojabochnia.pl\/wp-content\/uploads\/2014\/03\/IMG_5192.jpg","type":"image\/jpeg"}],"author":"redakcja","twitter_card":"summary_large_image","twitter_misc":{"Written by":"redakcja","Est. reading time":"4 minuty"},"schema":{"@context":"https:\/\/schema.org","@graph":[{"@type":"Article","@id":"https:\/\/www.mojabochnia.pl\/?p=106468#article","isPartOf":{"@id":"https:\/\/www.mojabochnia.pl\/?p=106468"},"author":{"name":"redakcja","@id":"https:\/\/www.mojabochnia.pl\/#\/schema\/person\/7e2f20ead9902216a3384f13606c0ab7"},"headline":"Plaga po\u017car\u00f3w traw. Staruszka zas\u0142ab\u0142a podczas gaszenia","datePublished":"2014-03-13T08:16:48+00:00","dateModified":"2014-03-13T19:45:54+00:00","mainEntityOfPage":{"@id":"https:\/\/www.mojabochnia.pl\/?p=106468"},"wordCount":858,"commentCount":0,"publisher":{"@id":"https:\/\/www.mojabochnia.pl\/#organization"},"image":{"@id":"https:\/\/www.mojabochnia.pl\/?p=106468#primaryimage"},"thumbnailUrl":"https:\/\/www.mojabochnia.pl\/wp-content\/uploads\/2014\/03\/IMG_5192.jpg","keywords":["po\u017car","stra\u017c po\u017carna","wypalanie traw"],"articleSection":["2_ostatnie","polityka i wydarzenia","tematyka"],"inLanguage":"pl-PL","potentialAction":[{"@type":"CommentAction","name":"Comment","target":["https:\/\/www.mojabochnia.pl\/?p=106468#respond"]}]},{"@type":"WebPage","@id":"https:\/\/www.mojabochnia.pl\/?p=106468","url":"https:\/\/www.mojabochnia.pl\/?p=106468","name":"Plaga po\u017car\u00f3w traw. Staruszka zas\u0142ab\u0142a podczas gaszenia - mojabochnia.pl - portal informacyjny","isPartOf":{"@id":"https:\/\/www.mojabochnia.pl\/#website"},"primaryImageOfPage":{"@id":"https:\/\/www.mojabochnia.pl\/?p=106468#primaryimage"},"image":{"@id":"https:\/\/www.mojabochnia.pl\/?p=106468#primaryimage"},"thumbnailUrl":"https:\/\/www.mojabochnia.pl\/wp-content\/uploads\/2014\/03\/IMG_5192.jpg","datePublished":"2014-03-13T08:16:48+00:00","dateModified":"2014-03-13T19:45:54+00:00","breadcrumb":{"@id":"https:\/\/www.mojabochnia.pl\/?p=106468#breadcrumb"},"inLanguage":"pl-PL","potentialAction":[{"@type":"ReadAction","target":["https:\/\/www.mojabochnia.pl\/?p=106468"]}]},{"@type":"ImageObject","inLanguage":"pl-PL","@id":"https:\/\/www.mojabochnia.pl\/?p=106468#primaryimage","url":"https:\/\/www.mojabochnia.pl\/wp-content\/uploads\/2014\/03\/IMG_5192.jpg","contentUrl":"https:\/\/www.mojabochnia.pl\/wp-content\/uploads\/2014\/03\/IMG_5192.jpg","width":660,"height":373,"caption":"z arch. PSP Bochnia"},{"@type":"BreadcrumbList","@id":"https:\/\/www.mojabochnia.pl\/?p=106468#breadcrumb","itemListElement":[{"@type":"ListItem","position":1,"name":"Home","item":"https:\/\/www.mojabochnia.pl\/"},{"@type":"ListItem","position":2,"name":"Plaga po\u017car\u00f3w traw. Staruszka zas\u0142ab\u0142a podczas gaszenia"}]},{"@type":"WebSite","@id":"https:\/\/www.mojabochnia.pl\/#website","url":"https:\/\/www.mojabochnia.pl\/","name":"mojabochnia.pl - portal informacyjny","description":"mojaBochnia to portal informacyjny o Bochni. Codziennie o Bochni piszemy i pokazujemy najwa\u017cniejsze wydarzenia","publisher":{"@id":"https:\/\/www.mojabochnia.pl\/#organization"},"potentialAction":[{"@type":"SearchAction","target":{"@type":"EntryPoint","urlTemplate":"https:\/\/www.mojabochnia.pl\/?s={search_term_string}"},"query-input":{"@type":"PropertyValueSpecification","valueRequired":true,"valueName":"search_term_string"}}],"inLanguage":"pl-PL"},{"@type":"Organization","@id":"https:\/\/www.mojabochnia.pl\/#organization","name":"mojabochnia.pl - portal informacyjny","url":"https:\/\/www.mojabochnia.pl\/","logo":{"@type":"ImageObject","inLanguage":"pl-PL","@id":"https:\/\/www.mojabochnia.pl\/#\/schema\/logo\/image\/","url":"https:\/\/www.mojabochnia.pl\/wp-content\/uploads\/2017\/08\/logo-mb-opt.png","contentUrl":"https:\/\/www.mojabochnia.pl\/wp-content\/uploads\/2017\/08\/logo-mb-opt.png","width":250,"height":48,"caption":"mojabochnia.pl - portal informacyjny"},"image":{"@id":"https:\/\/www.mojabochnia.pl\/#\/schema\/logo\/image\/"},"sameAs":["https:\/\/www.facebook.com\/mojabochnia"]},{"@type":"Person","@id":"https:\/\/www.mojabochnia.pl\/#\/schema\/person\/7e2f20ead9902216a3384f13606c0ab7","name":"redakcja","sameAs":["http:\/\/"],"url":"https:\/\/www.mojabochnia.pl\/?author=13"}]}},"_links":{"self":[{"href":"https:\/\/www.mojabochnia.pl\/index.php?rest_route=\/wp\/v2\/posts\/106468","targetHints":{"allow":["GET"]}}],"collection":[{"href":"https:\/\/www.mojabochnia.pl\/index.php?rest_route=\/wp\/v2\/posts"}],"about":[{"href":"https:\/\/www.mojabochnia.pl\/index.php?rest_route=\/wp\/v2\/types\/post"}],"author":[{"embeddable":true,"href":"https:\/\/www.mojabochnia.pl\/index.php?rest_route=\/wp\/v2\/users\/13"}],"replies":[{"embeddable":true,"href":"https:\/\/www.mojabochnia.pl\/index.php?rest_route=%2Fwp%2Fv2%2Fcomments&post=106468"}],"version-history":[{"count":6,"href":"https:\/\/www.mojabochnia.pl\/index.php?rest_route=\/wp\/v2\/posts\/106468\/revisions"}],"predecessor-version":[{"id":106543,"href":"https:\/\/www.mojabochnia.pl\/index.php?rest_route=\/wp\/v2\/posts\/106468\/revisions\/106543"}],"wp:featuredmedia":[{"embeddable":true,"href":"https:\/\/www.mojabochnia.pl\/index.php?rest_route=\/wp\/v2\/media\/106475"}],"wp:attachment":[{"href":"https:\/\/www.mojabochnia.pl\/index.php?rest_route=%2Fwp%2Fv2%2Fmedia&parent=106468"}],"wp:term":[{"taxonomy":"category","embeddable":true,"href":"https:\/\/www.mojabochnia.pl\/index.php?rest_route=%2Fwp%2Fv2%2Fcategories&post=106468"},{"taxonomy":"post_tag","embeddable":true,"href":"https:\/\/www.mojabochnia.pl\/index.php?rest_route=%2Fwp%2Fv2%2Ftags&post=106468"}],"curies":[{"name":"wp","href":"https:\/\/api.w.org\/{rel}","templated":true}]}}