{"id":106298,"date":"2014-03-06T09:08:04","date_gmt":"2014-03-06T08:08:04","guid":{"rendered":"http:\/\/www.mojabochnia.pl\/?p=106298"},"modified":"2014-03-06T09:09:30","modified_gmt":"2014-03-06T08:09:30","slug":"i-lo-debatowali-o-przywroceniu-kary-smierci","status":"publish","type":"post","link":"https:\/\/www.mojabochnia.pl\/?p=106298","title":{"rendered":"I LO: debatowali o przywr\u00f3ceniu kary \u015bmierci"},"content":{"rendered":"<p>Wybrani klubowicze podzieleni na dru\u017cyn\u0119 propozycji i opozycji podj\u0119li polemik\u0119, kt\u00f3rej celem by\u0142o u\u015bwiadomienie m\u0142odzie\u017cy wielowymiarowo\u015bci tej sankcji, nie tylko aspektu prawnego, ale r\u00f3wnie\u017c psychologicznego, policyjnego, wi\u0119ziennego jak i religijnego. Dlatego zaproszeni eksperci w osobach: prawnik Beaty G\u0142owackiej, wikariusza w Parafii \u015awi\u0119tego Miko\u0142aja w Bochni, prezesa Poradni Specjalistycznej i Telefonu Zaufania \u201eArka\u201d ks. Antoniego Mulki, policjanta Zespo\u0142u do spraw Nieletnich i Patologii Wydzia\u0142u Prewencji Komendy Powiatowej Policji w Bochni  asp. szt. Leszka  Machaja, psychologa wi\u0119ziennego Dawida Katolo,  ustosunkowali si\u0119 do poruszanego problemu, r\u00f3wnocze\u015bnie odpowiadaj\u0105c na pytania m\u0142odzie\u017cy. \t<\/p>\n<p>Ca\u0142o\u015b\u0107 realizacji projektu przebiega\u0142a wed\u0142ug planu:<\/p>\n<p>Powitanie i przedstawienie grona ekspert\u00f3w &#8211; dyrektor I LO Jolanta Kruk<\/p>\n<p>Prezentacja multimedialna \u201eKara \u015bmierci na \u015bwiecie\u201d<\/p>\n<p>Przeprowadzenie g\u0142osowania publiczno\u015bci za\/przeciw tezie, w trakcie kt\u00f3rego 53% g\u0142osuj\u0105cych opowiedzia\u0142o si\u0119 za tez\u0105, 47%  by\u0142o przeciw<\/p>\n<p>Debata oksfordzka<\/p>\n<p>G\u0142osowanie publiczno\u015bci za propozycj\u0105 \/ opozycj\u0105 \u2013 ocenie podlega\u0142a warto\u015b\u0107 merytoryczna i przygotowanie uczestnik\u00f3w do debaty, zwyci\u0119\u017cy\u0142a dru\u017cyna propozycji<\/p>\n<p>Wyst\u0105pienia ekspert\u00f3w, podsumowanie przebiegu debaty, odniesienie si\u0119 do kolejnych aspekt\u00f3w poruszanego problemu, odpowiedzi na pytania klubowicz\u00f3w i zgromadzonej m\u0142odzie\u017cy I LO<\/p>\n<p>Og\u0142oszenie wynik\u00f3w g\u0142osowa\u0144, podsumowanie i podzi\u0119kowanie uczestnikom debaty.<\/p>\n\t  \r\n\t\r\n\t    <div class=\"mb-gallery\">\r\n\t    <a href=\"https:\/\/www.mojabochnia.pl\/?attachment_id=106301\" class=\"\"><img loading=\"lazy\" decoding=\"async\" width=\"100\" height=\"56\" src=\"https:\/\/www.mojabochnia.pl\/wp-content\/uploads\/2014\/03\/DSC_0074-120x67.jpg\" class=\"attachment-100x100 size-100x100\" alt=\"\" srcset=\"https:\/\/www.mojabochnia.pl\/wp-content\/uploads\/2014\/03\/DSC_0074-120x67.jpg 120w, https:\/\/www.mojabochnia.pl\/wp-content\/uploads\/2014\/03\/DSC_0074-468x263.jpg 468w, https:\/\/www.mojabochnia.pl\/wp-content\/uploads\/2014\/03\/DSC_0074.jpg 660w\" sizes=\"auto, (max-width: 100px) 100vw, 100px\" \/><\/a><a href=\"https:\/\/www.mojabochnia.pl\/?attachment_id=106302\" class=\"\"><img loading=\"lazy\" decoding=\"async\" width=\"78\" height=\"100\" src=\"https:\/\/www.mojabochnia.pl\/wp-content\/uploads\/2014\/03\/DSC_0214-120x153.jpg\" class=\"attachment-100x100 size-100x100\" alt=\"\" srcset=\"https:\/\/www.mojabochnia.pl\/wp-content\/uploads\/2014\/03\/DSC_0214-120x153.jpg 120w, https:\/\/www.mojabochnia.pl\/wp-content\/uploads\/2014\/03\/DSC_0214.jpg 365w\" sizes=\"auto, (max-width: 78px) 100vw, 78px\" \/><\/a><a href=\"https:\/\/www.mojabochnia.pl\/?attachment_id=106303\" class=\"\"><img loading=\"lazy\" decoding=\"async\" width=\"78\" height=\"100\" src=\"https:\/\/www.mojabochnia.pl\/wp-content\/uploads\/2014\/03\/DSC_0218-120x154.jpg\" class=\"attachment-100x100 size-100x100\" alt=\"\" srcset=\"https:\/\/www.mojabochnia.pl\/wp-content\/uploads\/2014\/03\/DSC_0218-120x154.jpg 120w, https:\/\/www.mojabochnia.pl\/wp-content\/uploads\/2014\/03\/DSC_0218.jpg 364w\" sizes=\"auto, (max-width: 78px) 100vw, 78px\" \/><\/a><a href=\"https:\/\/www.mojabochnia.pl\/?attachment_id=106304\" class=\"\"><img loading=\"lazy\" decoding=\"async\" width=\"100\" height=\"56\" src=\"https:\/\/www.mojabochnia.pl\/wp-content\/uploads\/2014\/03\/DSC_0245-120x67.jpg\" class=\"attachment-100x100 size-100x100\" alt=\"\" srcset=\"https:\/\/www.mojabochnia.pl\/wp-content\/uploads\/2014\/03\/DSC_0245-120x67.jpg 120w, https:\/\/www.mojabochnia.pl\/wp-content\/uploads\/2014\/03\/DSC_0245-468x264.jpg 468w, https:\/\/www.mojabochnia.pl\/wp-content\/uploads\/2014\/03\/DSC_0245.jpg 660w\" sizes=\"auto, (max-width: 100px) 100vw, 100px\" \/><\/a><a href=\"https:\/\/www.mojabochnia.pl\/?attachment_id=106305\" class=\"\"><img loading=\"lazy\" decoding=\"async\" width=\"100\" height=\"56\" src=\"https:\/\/www.mojabochnia.pl\/wp-content\/uploads\/2014\/03\/DSC_0300-120x67.jpg\" class=\"attachment-100x100 size-100x100\" alt=\"\" srcset=\"https:\/\/www.mojabochnia.pl\/wp-content\/uploads\/2014\/03\/DSC_0300-120x67.jpg 120w, https:\/\/www.mojabochnia.pl\/wp-content\/uploads\/2014\/03\/DSC_0300-468x263.jpg 468w, https:\/\/www.mojabochnia.pl\/wp-content\/uploads\/2014\/03\/DSC_0300.jpg 660w\" sizes=\"auto, (max-width: 100px) 100vw, 100px\" \/><\/a><a href=\"https:\/\/www.mojabochnia.pl\/?attachment_id=106306\" class=\"\"><img loading=\"lazy\" decoding=\"async\" width=\"78\" height=\"100\" src=\"https:\/\/www.mojabochnia.pl\/wp-content\/uploads\/2014\/03\/DSC_0388-120x154.jpg\" class=\"attachment-100x100 size-100x100\" alt=\"\" srcset=\"https:\/\/www.mojabochnia.pl\/wp-content\/uploads\/2014\/03\/DSC_0388-120x154.jpg 120w, https:\/\/www.mojabochnia.pl\/wp-content\/uploads\/2014\/03\/DSC_0388.jpg 364w\" sizes=\"auto, (max-width: 78px) 100vw, 78px\" \/><\/a><a href=\"https:\/\/www.mojabochnia.pl\/?attachment_id=106307\" class=\"\"><img loading=\"lazy\" decoding=\"async\" width=\"100\" height=\"56\" src=\"https:\/\/www.mojabochnia.pl\/wp-content\/uploads\/2014\/03\/DSC_0394-120x67.jpg\" class=\"attachment-100x100 size-100x100\" alt=\"\" srcset=\"https:\/\/www.mojabochnia.pl\/wp-content\/uploads\/2014\/03\/DSC_0394-120x67.jpg 120w, https:\/\/www.mojabochnia.pl\/wp-content\/uploads\/2014\/03\/DSC_0394-468x263.jpg 468w, https:\/\/www.mojabochnia.pl\/wp-content\/uploads\/2014\/03\/DSC_0394.jpg 660w\" sizes=\"auto, (max-width: 100px) 100vw, 100px\" \/><\/a><a href=\"https:\/\/www.mojabochnia.pl\/?attachment_id=106308\" class=\"\"><img loading=\"lazy\" decoding=\"async\" width=\"78\" height=\"100\" src=\"https:\/\/www.mojabochnia.pl\/wp-content\/uploads\/2014\/03\/DSC_0414-120x154.jpg\" class=\"attachment-100x100 size-100x100\" alt=\"\" srcset=\"https:\/\/www.mojabochnia.pl\/wp-content\/uploads\/2014\/03\/DSC_0414-120x154.jpg 120w, https:\/\/www.mojabochnia.pl\/wp-content\/uploads\/2014\/03\/DSC_0414.jpg 364w\" sizes=\"auto, (max-width: 78px) 100vw, 78px\" \/><\/a>\t    <\/div>\r\n\t    ","protected":false},"excerpt":{"rendered":"<p>I Liceum Og\u00f3lnokszta\u0142c\u0105ce im. Kr\u00f3la Kazimierza Wielkiego w Bochni 28 lutego sta\u0142o si\u0119 forum wymiany pogl\u0105d\u00f3w na temat kary \u015bmierci, w ramach aktywno\u015bci   Szkolnego Klubu Dyskusyjnego \u201eSemper in altum\u201d. Zosta\u0142a postawiona kontrowersyjna teza, budz\u0105ca skrajne emocje i odczucia: \u201eKara \u015bmierci w Polsce powinna zosta\u0107 przywr\u00f3cona\u201d.<\/p>\n","protected":false},"author":13,"featured_media":106304,"comment_status":"open","ping_status":"closed","sticky":false,"template":"","format":"standard","meta":{"_acf_changed":false,"footnotes":""},"categories":[5,6247,6246,6251,6250],"tags":[17525,1528,13781,17249],"class_list":["post-106298","post","type-post","status-publish","format-standard","has-post-thumbnail","hentry","category-biezace-wydarzenia","category-fotogaleria","category-medium","category-polityka-i-wydarzenia","category-tematyka","tag-debata","tag-ilo","tag-kara-smierci","tag-szkola","main_tag-szkola"],"acf":[],"yoast_head":"<!-- This site is optimized with the Yoast SEO plugin v26.9 - https:\/\/yoast.com\/product\/yoast-seo-wordpress\/ -->\n<title>I LO: debatowali o przywr\u00f3ceniu kary \u015bmierci  - mojabochnia.pl - portal informacyjny<\/title>\n<meta name=\"robots\" content=\"index, follow, max-snippet:-1, max-image-preview:large, max-video-preview:-1\" \/>\n<link rel=\"canonical\" href=\"https:\/\/www.mojabochnia.pl\/?p=106298\" \/>\n<meta property=\"og:locale\" content=\"pl_PL\" \/>\n<meta property=\"og:type\" content=\"article\" \/>\n<meta property=\"og:title\" content=\"I LO: debatowali o przywr\u00f3ceniu kary \u015bmierci  - mojabochnia.pl - portal informacyjny\" \/>\n<meta property=\"og:description\" content=\"I Liceum Og\u00f3lnokszta\u0142c\u0105ce im. Kr\u00f3la Kazimierza Wielkiego w Bochni 28 lutego sta\u0142o si\u0119 forum wymiany pogl\u0105d\u00f3w na temat kary \u015bmierci, w ramach aktywno\u015bci  Szkolnego Klubu Dyskusyjnego \u201eSemper in altum\u201d. Zosta\u0142a postawiona kontrowersyjna teza, budz\u0105ca skrajne emocje i odczucia: \u201eKara \u015bmierci w Polsce powinna zosta\u0107 przywr\u00f3cona\u201d.\" \/>\n<meta property=\"og:url\" content=\"https:\/\/www.mojabochnia.pl\/?p=106298\" \/>\n<meta property=\"og:site_name\" content=\"mojabochnia.pl - portal informacyjny\" \/>\n<meta property=\"article:publisher\" content=\"https:\/\/www.facebook.com\/mojabochnia\" \/>\n<meta property=\"article:published_time\" content=\"2014-03-06T08:08:04+00:00\" \/>\n<meta property=\"article:modified_time\" content=\"2014-03-06T08:09:30+00:00\" \/>\n<meta property=\"og:image\" content=\"https:\/\/www.mojabochnia.pl\/wp-content\/uploads\/2014\/03\/DSC_0245.jpg\" \/>\n\t<meta property=\"og:image:width\" content=\"660\" \/>\n\t<meta property=\"og:image:height\" content=\"373\" \/>\n\t<meta property=\"og:image:type\" content=\"image\/jpeg\" \/>\n<meta name=\"author\" content=\"redakcja\" \/>\n<meta name=\"twitter:card\" content=\"summary_large_image\" \/>\n<meta name=\"twitter:label1\" content=\"Written by\" \/>\n\t<meta name=\"twitter:data1\" content=\"redakcja\" \/>\n\t<meta name=\"twitter:label2\" content=\"Est. reading time\" \/>\n\t<meta name=\"twitter:data2\" content=\"1 minuta\" \/>\n<script type=\"application\/ld+json\" class=\"yoast-schema-graph\">{\"@context\":\"https:\/\/schema.org\",\"@graph\":[{\"@type\":\"Article\",\"@id\":\"https:\/\/www.mojabochnia.pl\/?p=106298#article\",\"isPartOf\":{\"@id\":\"https:\/\/www.mojabochnia.pl\/?p=106298\"},\"author\":{\"name\":\"redakcja\",\"@id\":\"https:\/\/www.mojabochnia.pl\/#\/schema\/person\/7e2f20ead9902216a3384f13606c0ab7\"},\"headline\":\"I LO: debatowali o przywr\u00f3ceniu kary \u015bmierci\",\"datePublished\":\"2014-03-06T08:08:04+00:00\",\"dateModified\":\"2014-03-06T08:09:30+00:00\",\"mainEntityOfPage\":{\"@id\":\"https:\/\/www.mojabochnia.pl\/?p=106298\"},\"wordCount\":231,\"commentCount\":0,\"publisher\":{\"@id\":\"https:\/\/www.mojabochnia.pl\/#organization\"},\"image\":{\"@id\":\"https:\/\/www.mojabochnia.pl\/?p=106298#primaryimage\"},\"thumbnailUrl\":\"https:\/\/www.mojabochnia.pl\/wp-content\/uploads\/2014\/03\/DSC_0245.jpg\",\"keywords\":[\"debata\",\"ILO\",\"kara \u015bmierci\",\"szko\u0142a\"],\"articleSection\":[\"2_ostatnie\",\"fotogaleria\",\"Medium\",\"polityka i wydarzenia\",\"tematyka\"],\"inLanguage\":\"pl-PL\",\"potentialAction\":[{\"@type\":\"CommentAction\",\"name\":\"Comment\",\"target\":[\"https:\/\/www.mojabochnia.pl\/?p=106298#respond\"]}]},{\"@type\":\"WebPage\",\"@id\":\"https:\/\/www.mojabochnia.pl\/?p=106298\",\"url\":\"https:\/\/www.mojabochnia.pl\/?p=106298\",\"name\":\"I LO: debatowali o przywr\u00f3ceniu kary \u015bmierci - mojabochnia.pl - portal informacyjny\",\"isPartOf\":{\"@id\":\"https:\/\/www.mojabochnia.pl\/#website\"},\"primaryImageOfPage\":{\"@id\":\"https:\/\/www.mojabochnia.pl\/?p=106298#primaryimage\"},\"image\":{\"@id\":\"https:\/\/www.mojabochnia.pl\/?p=106298#primaryimage\"},\"thumbnailUrl\":\"https:\/\/www.mojabochnia.pl\/wp-content\/uploads\/2014\/03\/DSC_0245.jpg\",\"datePublished\":\"2014-03-06T08:08:04+00:00\",\"dateModified\":\"2014-03-06T08:09:30+00:00\",\"breadcrumb\":{\"@id\":\"https:\/\/www.mojabochnia.pl\/?p=106298#breadcrumb\"},\"inLanguage\":\"pl-PL\",\"potentialAction\":[{\"@type\":\"ReadAction\",\"target\":[\"https:\/\/www.mojabochnia.pl\/?p=106298\"]}]},{\"@type\":\"ImageObject\",\"inLanguage\":\"pl-PL\",\"@id\":\"https:\/\/www.mojabochnia.pl\/?p=106298#primaryimage\",\"url\":\"https:\/\/www.mojabochnia.pl\/wp-content\/uploads\/2014\/03\/DSC_0245.jpg\",\"contentUrl\":\"https:\/\/www.mojabochnia.pl\/wp-content\/uploads\/2014\/03\/DSC_0245.jpg\",\"width\":660,\"height\":373,\"caption\":\"z arch. plac\u00f3wki\"},{\"@type\":\"BreadcrumbList\",\"@id\":\"https:\/\/www.mojabochnia.pl\/?p=106298#breadcrumb\",\"itemListElement\":[{\"@type\":\"ListItem\",\"position\":1,\"name\":\"Home\",\"item\":\"https:\/\/www.mojabochnia.pl\/\"},{\"@type\":\"ListItem\",\"position\":2,\"name\":\"I LO: debatowali o przywr\u00f3ceniu kary \u015bmierci\"}]},{\"@type\":\"WebSite\",\"@id\":\"https:\/\/www.mojabochnia.pl\/#website\",\"url\":\"https:\/\/www.mojabochnia.pl\/\",\"name\":\"mojabochnia.pl - portal informacyjny\",\"description\":\"mojaBochnia to portal informacyjny o Bochni. Codziennie o Bochni piszemy i pokazujemy najwa\u017cniejsze wydarzenia\",\"publisher\":{\"@id\":\"https:\/\/www.mojabochnia.pl\/#organization\"},\"potentialAction\":[{\"@type\":\"SearchAction\",\"target\":{\"@type\":\"EntryPoint\",\"urlTemplate\":\"https:\/\/www.mojabochnia.pl\/?s={search_term_string}\"},\"query-input\":{\"@type\":\"PropertyValueSpecification\",\"valueRequired\":true,\"valueName\":\"search_term_string\"}}],\"inLanguage\":\"pl-PL\"},{\"@type\":\"Organization\",\"@id\":\"https:\/\/www.mojabochnia.pl\/#organization\",\"name\":\"mojabochnia.pl - portal informacyjny\",\"url\":\"https:\/\/www.mojabochnia.pl\/\",\"logo\":{\"@type\":\"ImageObject\",\"inLanguage\":\"pl-PL\",\"@id\":\"https:\/\/www.mojabochnia.pl\/#\/schema\/logo\/image\/\",\"url\":\"https:\/\/www.mojabochnia.pl\/wp-content\/uploads\/2017\/08\/logo-mb-opt.png\",\"contentUrl\":\"https:\/\/www.mojabochnia.pl\/wp-content\/uploads\/2017\/08\/logo-mb-opt.png\",\"width\":250,\"height\":48,\"caption\":\"mojabochnia.pl - portal informacyjny\"},\"image\":{\"@id\":\"https:\/\/www.mojabochnia.pl\/#\/schema\/logo\/image\/\"},\"sameAs\":[\"https:\/\/www.facebook.com\/mojabochnia\"]},{\"@type\":\"Person\",\"@id\":\"https:\/\/www.mojabochnia.pl\/#\/schema\/person\/7e2f20ead9902216a3384f13606c0ab7\",\"name\":\"redakcja\",\"sameAs\":[\"http:\/\/\"],\"url\":\"https:\/\/www.mojabochnia.pl\/?author=13\"}]}<\/script>\n<!-- \/ Yoast SEO plugin. -->","yoast_head_json":{"title":"I LO: debatowali o przywr\u00f3ceniu kary \u015bmierci  - mojabochnia.pl - portal informacyjny","robots":{"index":"index","follow":"follow","max-snippet":"max-snippet:-1","max-image-preview":"max-image-preview:large","max-video-preview":"max-video-preview:-1"},"canonical":"https:\/\/www.mojabochnia.pl\/?p=106298","og_locale":"pl_PL","og_type":"article","og_title":"I LO: debatowali o przywr\u00f3ceniu kary \u015bmierci  - mojabochnia.pl - portal informacyjny","og_description":"I Liceum Og\u00f3lnokszta\u0142c\u0105ce im. Kr\u00f3la Kazimierza Wielkiego w Bochni 28 lutego sta\u0142o si\u0119 forum wymiany pogl\u0105d\u00f3w na temat kary \u015bmierci, w ramach aktywno\u015bci  Szkolnego Klubu Dyskusyjnego \u201eSemper in altum\u201d. Zosta\u0142a postawiona kontrowersyjna teza, budz\u0105ca skrajne emocje i odczucia: \u201eKara \u015bmierci w Polsce powinna zosta\u0107 przywr\u00f3cona\u201d.","og_url":"https:\/\/www.mojabochnia.pl\/?p=106298","og_site_name":"mojabochnia.pl - portal informacyjny","article_publisher":"https:\/\/www.facebook.com\/mojabochnia","article_published_time":"2014-03-06T08:08:04+00:00","article_modified_time":"2014-03-06T08:09:30+00:00","og_image":[{"width":660,"height":373,"url":"https:\/\/www.mojabochnia.pl\/wp-content\/uploads\/2014\/03\/DSC_0245.jpg","type":"image\/jpeg"}],"author":"redakcja","twitter_card":"summary_large_image","twitter_misc":{"Written by":"redakcja","Est. reading time":"1 minuta"},"schema":{"@context":"https:\/\/schema.org","@graph":[{"@type":"Article","@id":"https:\/\/www.mojabochnia.pl\/?p=106298#article","isPartOf":{"@id":"https:\/\/www.mojabochnia.pl\/?p=106298"},"author":{"name":"redakcja","@id":"https:\/\/www.mojabochnia.pl\/#\/schema\/person\/7e2f20ead9902216a3384f13606c0ab7"},"headline":"I LO: debatowali o przywr\u00f3ceniu kary \u015bmierci","datePublished":"2014-03-06T08:08:04+00:00","dateModified":"2014-03-06T08:09:30+00:00","mainEntityOfPage":{"@id":"https:\/\/www.mojabochnia.pl\/?p=106298"},"wordCount":231,"commentCount":0,"publisher":{"@id":"https:\/\/www.mojabochnia.pl\/#organization"},"image":{"@id":"https:\/\/www.mojabochnia.pl\/?p=106298#primaryimage"},"thumbnailUrl":"https:\/\/www.mojabochnia.pl\/wp-content\/uploads\/2014\/03\/DSC_0245.jpg","keywords":["debata","ILO","kara \u015bmierci","szko\u0142a"],"articleSection":["2_ostatnie","fotogaleria","Medium","polityka i wydarzenia","tematyka"],"inLanguage":"pl-PL","potentialAction":[{"@type":"CommentAction","name":"Comment","target":["https:\/\/www.mojabochnia.pl\/?p=106298#respond"]}]},{"@type":"WebPage","@id":"https:\/\/www.mojabochnia.pl\/?p=106298","url":"https:\/\/www.mojabochnia.pl\/?p=106298","name":"I LO: debatowali o przywr\u00f3ceniu kary \u015bmierci - mojabochnia.pl - portal informacyjny","isPartOf":{"@id":"https:\/\/www.mojabochnia.pl\/#website"},"primaryImageOfPage":{"@id":"https:\/\/www.mojabochnia.pl\/?p=106298#primaryimage"},"image":{"@id":"https:\/\/www.mojabochnia.pl\/?p=106298#primaryimage"},"thumbnailUrl":"https:\/\/www.mojabochnia.pl\/wp-content\/uploads\/2014\/03\/DSC_0245.jpg","datePublished":"2014-03-06T08:08:04+00:00","dateModified":"2014-03-06T08:09:30+00:00","breadcrumb":{"@id":"https:\/\/www.mojabochnia.pl\/?p=106298#breadcrumb"},"inLanguage":"pl-PL","potentialAction":[{"@type":"ReadAction","target":["https:\/\/www.mojabochnia.pl\/?p=106298"]}]},{"@type":"ImageObject","inLanguage":"pl-PL","@id":"https:\/\/www.mojabochnia.pl\/?p=106298#primaryimage","url":"https:\/\/www.mojabochnia.pl\/wp-content\/uploads\/2014\/03\/DSC_0245.jpg","contentUrl":"https:\/\/www.mojabochnia.pl\/wp-content\/uploads\/2014\/03\/DSC_0245.jpg","width":660,"height":373,"caption":"z arch. plac\u00f3wki"},{"@type":"BreadcrumbList","@id":"https:\/\/www.mojabochnia.pl\/?p=106298#breadcrumb","itemListElement":[{"@type":"ListItem","position":1,"name":"Home","item":"https:\/\/www.mojabochnia.pl\/"},{"@type":"ListItem","position":2,"name":"I LO: debatowali o przywr\u00f3ceniu kary \u015bmierci"}]},{"@type":"WebSite","@id":"https:\/\/www.mojabochnia.pl\/#website","url":"https:\/\/www.mojabochnia.pl\/","name":"mojabochnia.pl - portal informacyjny","description":"mojaBochnia to portal informacyjny o Bochni. Codziennie o Bochni piszemy i pokazujemy najwa\u017cniejsze wydarzenia","publisher":{"@id":"https:\/\/www.mojabochnia.pl\/#organization"},"potentialAction":[{"@type":"SearchAction","target":{"@type":"EntryPoint","urlTemplate":"https:\/\/www.mojabochnia.pl\/?s={search_term_string}"},"query-input":{"@type":"PropertyValueSpecification","valueRequired":true,"valueName":"search_term_string"}}],"inLanguage":"pl-PL"},{"@type":"Organization","@id":"https:\/\/www.mojabochnia.pl\/#organization","name":"mojabochnia.pl - portal informacyjny","url":"https:\/\/www.mojabochnia.pl\/","logo":{"@type":"ImageObject","inLanguage":"pl-PL","@id":"https:\/\/www.mojabochnia.pl\/#\/schema\/logo\/image\/","url":"https:\/\/www.mojabochnia.pl\/wp-content\/uploads\/2017\/08\/logo-mb-opt.png","contentUrl":"https:\/\/www.mojabochnia.pl\/wp-content\/uploads\/2017\/08\/logo-mb-opt.png","width":250,"height":48,"caption":"mojabochnia.pl - portal informacyjny"},"image":{"@id":"https:\/\/www.mojabochnia.pl\/#\/schema\/logo\/image\/"},"sameAs":["https:\/\/www.facebook.com\/mojabochnia"]},{"@type":"Person","@id":"https:\/\/www.mojabochnia.pl\/#\/schema\/person\/7e2f20ead9902216a3384f13606c0ab7","name":"redakcja","sameAs":["http:\/\/"],"url":"https:\/\/www.mojabochnia.pl\/?author=13"}]}},"_links":{"self":[{"href":"https:\/\/www.mojabochnia.pl\/index.php?rest_route=\/wp\/v2\/posts\/106298","targetHints":{"allow":["GET"]}}],"collection":[{"href":"https:\/\/www.mojabochnia.pl\/index.php?rest_route=\/wp\/v2\/posts"}],"about":[{"href":"https:\/\/www.mojabochnia.pl\/index.php?rest_route=\/wp\/v2\/types\/post"}],"author":[{"embeddable":true,"href":"https:\/\/www.mojabochnia.pl\/index.php?rest_route=\/wp\/v2\/users\/13"}],"replies":[{"embeddable":true,"href":"https:\/\/www.mojabochnia.pl\/index.php?rest_route=%2Fwp%2Fv2%2Fcomments&post=106298"}],"version-history":[{"count":1,"href":"https:\/\/www.mojabochnia.pl\/index.php?rest_route=\/wp\/v2\/posts\/106298\/revisions"}],"predecessor-version":[{"id":106299,"href":"https:\/\/www.mojabochnia.pl\/index.php?rest_route=\/wp\/v2\/posts\/106298\/revisions\/106299"}],"wp:featuredmedia":[{"embeddable":true,"href":"https:\/\/www.mojabochnia.pl\/index.php?rest_route=\/wp\/v2\/media\/106304"}],"wp:attachment":[{"href":"https:\/\/www.mojabochnia.pl\/index.php?rest_route=%2Fwp%2Fv2%2Fmedia&parent=106298"}],"wp:term":[{"taxonomy":"category","embeddable":true,"href":"https:\/\/www.mojabochnia.pl\/index.php?rest_route=%2Fwp%2Fv2%2Fcategories&post=106298"},{"taxonomy":"post_tag","embeddable":true,"href":"https:\/\/www.mojabochnia.pl\/index.php?rest_route=%2Fwp%2Fv2%2Ftags&post=106298"}],"curies":[{"name":"wp","href":"https:\/\/api.w.org\/{rel}","templated":true}]}}