{"id":105888,"date":"2014-02-21T18:16:01","date_gmt":"2014-02-21T17:16:01","guid":{"rendered":"http:\/\/www.mojabochnia.pl\/?p=105888"},"modified":"2014-02-21T18:16:01","modified_gmt":"2014-02-21T17:16:01","slug":"ekipa-z-bochni-9-raz-wyjedzie-na-gitarowy-rekord-guinnessa","status":"publish","type":"post","link":"https:\/\/www.mojabochnia.pl\/?p=105888","title":{"rendered":"Ekipa z Bochni 9. raz wyjedzie na Gitarowy Rekord Guinnessa"},"content":{"rendered":"<p>Ju\u017c od 9 lat boche\u0144scy gitarzy\u015bci wyruszaj\u0105 w stron\u0119 Wroc\u0142awia, aby wsp\u00f3lnie upami\u0119tni\u0107 Jimiego Hendrixa, a tak\u017ce pobi\u0107 rekord Guinnessa w grze na gitarach. W biciu tego rekordu chodzi o to , aby jak najwi\u0119cej os\u00f3b znajduj\u0105cych si\u0119 w jednym miejscu zagra\u0142o jednocze\u015bnie wyznaczon\u0105 piosenk\u0119. Utworem, kt\u00f3ry rozpoczyna nasz &#8222;koncert&#8221; jest Hey Joe. <\/p>\n<p>Na li\u015bcie piosenek granych przez najwi\u0119ksz\u0105 gitarow\u0105 orkiestr\u0119 s\u0105 tak\u017ce:<\/p>\n<p><em>Voodoo Child<br \/>\nLike a Roling Stone<br \/>\nSmoke on the Water<br \/>\nLittle  wing<br \/>\nThanks Jimi<br \/>\nKiedy by\u0142em ma\u0142ym ch\u0142opcem.<\/em><\/p>\n<p>W tym roku na tej li\u015bcie pojawi si\u0119 r\u00f3wnie\u017c dzie\u0142o zespo\u0142u Animals zatytu\u0142owane <em>House of the rising sun<\/em>.<\/p>\n<p>Boche\u0144ska grupa gitarzyst\u00f3w jest najliczniejsza na tym festiwalu. <em>W ubieg\u0142ym roku pokazali\u015bmy si\u0119 w liczbie oko\u0142o 100 os\u00f3b<\/em> &#8211; m\u00f3wi Katarzyna Lula z II LO w Bochni.<\/p>\n<p>W sobot\u0119 22 lutego Leszek Cicho\u0144ski poprowadzi warsztaty dla tegorocznych uczestnik\u00f3w. Nie s\u0105 to jedyne takie zaj\u0119cia. Przed zbli\u017caj\u0105cym si\u0119 wyjazdem grupa zawi\u0105zuje si\u0119 wcze\u015bniej i \u0107wiczy wybrane utwory.<\/p>\n<p><em>Dla ka\u017cdego uczestnika to du\u017ce prze\u017cycie, zw\u0142aszcza, kiedy kto\u015b wybiera si\u0119 pierwszy raz. Dla tych, kt\u00f3rych muzyka stanowi sens \u017cycia to spotkanie ludzi pozytywnie zakr\u0119conych jest niesamowite. Gdy stanie si\u0119 na wroc\u0142awskim rynku w\u015br\u00f3d t\u0142umu gitarzyst\u00f3w czuje si\u0119 niesamowit\u0105 energi\u0119 i moc muzyki<\/em> &#8211; dodaje.<\/p>\n","protected":false},"excerpt":{"rendered":"<p>Ju\u017c po raz 9. boche\u0144ski autokar gitarzyst\u00f3w wyruszy 1 maja do Wroc\u0142awia na &#8222;Thanks Jimi Festiwal&#8221;. B\u0119dzie w\u00f3wczas bity Gitarowy Rekord Guinnessa.<\/p>\n","protected":false},"author":13,"featured_media":101502,"comment_status":"open","ping_status":"closed","sticky":false,"template":"","format":"standard","meta":{"_acf_changed":false,"footnotes":""},"categories":[5,6251,6250],"tags":[17646,6815,9042],"class_list":["post-105888","post","type-post","status-publish","format-standard","has-post-thumbnail","hentry","category-biezace-wydarzenia","category-polityka-i-wydarzenia","category-tematyka","tag-gitara","tag-gitarowy-rekord-guinness","tag-thanks-jimi-festiwal","main_tag-gitara"],"acf":[],"yoast_head":"<!-- This site is optimized with the Yoast SEO plugin v26.9 - https:\/\/yoast.com\/product\/yoast-seo-wordpress\/ -->\n<title>Ekipa z Bochni 9. raz wyjedzie na Gitarowy Rekord Guinnessa - mojabochnia.pl - portal informacyjny<\/title>\n<meta name=\"robots\" content=\"index, follow, max-snippet:-1, max-image-preview:large, max-video-preview:-1\" \/>\n<link rel=\"canonical\" href=\"https:\/\/www.mojabochnia.pl\/?p=105888\" \/>\n<meta property=\"og:locale\" content=\"pl_PL\" \/>\n<meta property=\"og:type\" content=\"article\" \/>\n<meta property=\"og:title\" content=\"Ekipa z Bochni 9. raz wyjedzie na Gitarowy Rekord Guinnessa - mojabochnia.pl - portal informacyjny\" \/>\n<meta property=\"og:description\" content=\"Ju\u017c po raz 9. boche\u0144ski autokar gitarzyst\u00f3w wyruszy 1 maja do Wroc\u0142awia na &quot;Thanks Jimi Festiwal&quot;. B\u0119dzie w\u00f3wczas bity Gitarowy Rekord Guinnessa.\" \/>\n<meta property=\"og:url\" content=\"https:\/\/www.mojabochnia.pl\/?p=105888\" \/>\n<meta property=\"og:site_name\" content=\"mojabochnia.pl - portal informacyjny\" \/>\n<meta property=\"article:publisher\" content=\"https:\/\/www.facebook.com\/mojabochnia\" \/>\n<meta property=\"article:published_time\" content=\"2014-02-21T17:16:01+00:00\" \/>\n<meta property=\"og:image\" content=\"https:\/\/www.mojabochnia.pl\/wp-content\/uploads\/2013\/12\/IMG_0728.jpg\" \/>\n\t<meta property=\"og:image:width\" content=\"800\" \/>\n\t<meta property=\"og:image:height\" content=\"450\" \/>\n\t<meta property=\"og:image:type\" content=\"image\/jpeg\" \/>\n<meta name=\"author\" content=\"redakcja\" \/>\n<meta name=\"twitter:card\" content=\"summary_large_image\" \/>\n<meta name=\"twitter:label1\" content=\"Written by\" \/>\n\t<meta name=\"twitter:data1\" content=\"redakcja\" \/>\n\t<meta name=\"twitter:label2\" content=\"Est. reading time\" \/>\n\t<meta name=\"twitter:data2\" content=\"1 minuta\" \/>\n<script type=\"application\/ld+json\" class=\"yoast-schema-graph\">{\"@context\":\"https:\/\/schema.org\",\"@graph\":[{\"@type\":\"Article\",\"@id\":\"https:\/\/www.mojabochnia.pl\/?p=105888#article\",\"isPartOf\":{\"@id\":\"https:\/\/www.mojabochnia.pl\/?p=105888\"},\"author\":{\"name\":\"redakcja\",\"@id\":\"https:\/\/www.mojabochnia.pl\/#\/schema\/person\/7e2f20ead9902216a3384f13606c0ab7\"},\"headline\":\"Ekipa z Bochni 9. raz wyjedzie na Gitarowy Rekord Guinnessa\",\"datePublished\":\"2014-02-21T17:16:01+00:00\",\"mainEntityOfPage\":{\"@id\":\"https:\/\/www.mojabochnia.pl\/?p=105888\"},\"wordCount\":253,\"commentCount\":0,\"publisher\":{\"@id\":\"https:\/\/www.mojabochnia.pl\/#organization\"},\"image\":{\"@id\":\"https:\/\/www.mojabochnia.pl\/?p=105888#primaryimage\"},\"thumbnailUrl\":\"https:\/\/www.mojabochnia.pl\/wp-content\/uploads\/2013\/12\/IMG_0728.jpg\",\"keywords\":[\"gitara\",\"Gitarowy Rekord Guinness\",\"thanks jimi festiwal\"],\"articleSection\":[\"2_ostatnie\",\"polityka i wydarzenia\",\"tematyka\"],\"inLanguage\":\"pl-PL\",\"potentialAction\":[{\"@type\":\"CommentAction\",\"name\":\"Comment\",\"target\":[\"https:\/\/www.mojabochnia.pl\/?p=105888#respond\"]}]},{\"@type\":\"WebPage\",\"@id\":\"https:\/\/www.mojabochnia.pl\/?p=105888\",\"url\":\"https:\/\/www.mojabochnia.pl\/?p=105888\",\"name\":\"Ekipa z Bochni 9. raz wyjedzie na Gitarowy Rekord Guinnessa - mojabochnia.pl - portal informacyjny\",\"isPartOf\":{\"@id\":\"https:\/\/www.mojabochnia.pl\/#website\"},\"primaryImageOfPage\":{\"@id\":\"https:\/\/www.mojabochnia.pl\/?p=105888#primaryimage\"},\"image\":{\"@id\":\"https:\/\/www.mojabochnia.pl\/?p=105888#primaryimage\"},\"thumbnailUrl\":\"https:\/\/www.mojabochnia.pl\/wp-content\/uploads\/2013\/12\/IMG_0728.jpg\",\"datePublished\":\"2014-02-21T17:16:01+00:00\",\"breadcrumb\":{\"@id\":\"https:\/\/www.mojabochnia.pl\/?p=105888#breadcrumb\"},\"inLanguage\":\"pl-PL\",\"potentialAction\":[{\"@type\":\"ReadAction\",\"target\":[\"https:\/\/www.mojabochnia.pl\/?p=105888\"]}]},{\"@type\":\"ImageObject\",\"inLanguage\":\"pl-PL\",\"@id\":\"https:\/\/www.mojabochnia.pl\/?p=105888#primaryimage\",\"url\":\"https:\/\/www.mojabochnia.pl\/wp-content\/uploads\/2013\/12\/IMG_0728.jpg\",\"contentUrl\":\"https:\/\/www.mojabochnia.pl\/wp-content\/uploads\/2013\/12\/IMG_0728.jpg\",\"width\":800,\"height\":450,\"caption\":\"P. Michalczyk\"},{\"@type\":\"BreadcrumbList\",\"@id\":\"https:\/\/www.mojabochnia.pl\/?p=105888#breadcrumb\",\"itemListElement\":[{\"@type\":\"ListItem\",\"position\":1,\"name\":\"Home\",\"item\":\"https:\/\/www.mojabochnia.pl\/\"},{\"@type\":\"ListItem\",\"position\":2,\"name\":\"Ekipa z Bochni 9. raz wyjedzie na Gitarowy Rekord Guinnessa\"}]},{\"@type\":\"WebSite\",\"@id\":\"https:\/\/www.mojabochnia.pl\/#website\",\"url\":\"https:\/\/www.mojabochnia.pl\/\",\"name\":\"mojabochnia.pl - portal informacyjny\",\"description\":\"mojaBochnia to portal informacyjny o Bochni. Codziennie o Bochni piszemy i pokazujemy najwa\u017cniejsze wydarzenia\",\"publisher\":{\"@id\":\"https:\/\/www.mojabochnia.pl\/#organization\"},\"potentialAction\":[{\"@type\":\"SearchAction\",\"target\":{\"@type\":\"EntryPoint\",\"urlTemplate\":\"https:\/\/www.mojabochnia.pl\/?s={search_term_string}\"},\"query-input\":{\"@type\":\"PropertyValueSpecification\",\"valueRequired\":true,\"valueName\":\"search_term_string\"}}],\"inLanguage\":\"pl-PL\"},{\"@type\":\"Organization\",\"@id\":\"https:\/\/www.mojabochnia.pl\/#organization\",\"name\":\"mojabochnia.pl - portal informacyjny\",\"url\":\"https:\/\/www.mojabochnia.pl\/\",\"logo\":{\"@type\":\"ImageObject\",\"inLanguage\":\"pl-PL\",\"@id\":\"https:\/\/www.mojabochnia.pl\/#\/schema\/logo\/image\/\",\"url\":\"https:\/\/www.mojabochnia.pl\/wp-content\/uploads\/2017\/08\/logo-mb-opt.png\",\"contentUrl\":\"https:\/\/www.mojabochnia.pl\/wp-content\/uploads\/2017\/08\/logo-mb-opt.png\",\"width\":250,\"height\":48,\"caption\":\"mojabochnia.pl - portal informacyjny\"},\"image\":{\"@id\":\"https:\/\/www.mojabochnia.pl\/#\/schema\/logo\/image\/\"},\"sameAs\":[\"https:\/\/www.facebook.com\/mojabochnia\"]},{\"@type\":\"Person\",\"@id\":\"https:\/\/www.mojabochnia.pl\/#\/schema\/person\/7e2f20ead9902216a3384f13606c0ab7\",\"name\":\"redakcja\",\"sameAs\":[\"http:\/\/\"],\"url\":\"https:\/\/www.mojabochnia.pl\/?author=13\"}]}<\/script>\n<!-- \/ Yoast SEO plugin. -->","yoast_head_json":{"title":"Ekipa z Bochni 9. raz wyjedzie na Gitarowy Rekord Guinnessa - mojabochnia.pl - portal informacyjny","robots":{"index":"index","follow":"follow","max-snippet":"max-snippet:-1","max-image-preview":"max-image-preview:large","max-video-preview":"max-video-preview:-1"},"canonical":"https:\/\/www.mojabochnia.pl\/?p=105888","og_locale":"pl_PL","og_type":"article","og_title":"Ekipa z Bochni 9. raz wyjedzie na Gitarowy Rekord Guinnessa - mojabochnia.pl - portal informacyjny","og_description":"Ju\u017c po raz 9. boche\u0144ski autokar gitarzyst\u00f3w wyruszy 1 maja do Wroc\u0142awia na \"Thanks Jimi Festiwal\". B\u0119dzie w\u00f3wczas bity Gitarowy Rekord Guinnessa.","og_url":"https:\/\/www.mojabochnia.pl\/?p=105888","og_site_name":"mojabochnia.pl - portal informacyjny","article_publisher":"https:\/\/www.facebook.com\/mojabochnia","article_published_time":"2014-02-21T17:16:01+00:00","og_image":[{"width":800,"height":450,"url":"https:\/\/www.mojabochnia.pl\/wp-content\/uploads\/2013\/12\/IMG_0728.jpg","type":"image\/jpeg"}],"author":"redakcja","twitter_card":"summary_large_image","twitter_misc":{"Written by":"redakcja","Est. reading time":"1 minuta"},"schema":{"@context":"https:\/\/schema.org","@graph":[{"@type":"Article","@id":"https:\/\/www.mojabochnia.pl\/?p=105888#article","isPartOf":{"@id":"https:\/\/www.mojabochnia.pl\/?p=105888"},"author":{"name":"redakcja","@id":"https:\/\/www.mojabochnia.pl\/#\/schema\/person\/7e2f20ead9902216a3384f13606c0ab7"},"headline":"Ekipa z Bochni 9. raz wyjedzie na Gitarowy Rekord Guinnessa","datePublished":"2014-02-21T17:16:01+00:00","mainEntityOfPage":{"@id":"https:\/\/www.mojabochnia.pl\/?p=105888"},"wordCount":253,"commentCount":0,"publisher":{"@id":"https:\/\/www.mojabochnia.pl\/#organization"},"image":{"@id":"https:\/\/www.mojabochnia.pl\/?p=105888#primaryimage"},"thumbnailUrl":"https:\/\/www.mojabochnia.pl\/wp-content\/uploads\/2013\/12\/IMG_0728.jpg","keywords":["gitara","Gitarowy Rekord Guinness","thanks jimi festiwal"],"articleSection":["2_ostatnie","polityka i wydarzenia","tematyka"],"inLanguage":"pl-PL","potentialAction":[{"@type":"CommentAction","name":"Comment","target":["https:\/\/www.mojabochnia.pl\/?p=105888#respond"]}]},{"@type":"WebPage","@id":"https:\/\/www.mojabochnia.pl\/?p=105888","url":"https:\/\/www.mojabochnia.pl\/?p=105888","name":"Ekipa z Bochni 9. raz wyjedzie na Gitarowy Rekord Guinnessa - mojabochnia.pl - portal informacyjny","isPartOf":{"@id":"https:\/\/www.mojabochnia.pl\/#website"},"primaryImageOfPage":{"@id":"https:\/\/www.mojabochnia.pl\/?p=105888#primaryimage"},"image":{"@id":"https:\/\/www.mojabochnia.pl\/?p=105888#primaryimage"},"thumbnailUrl":"https:\/\/www.mojabochnia.pl\/wp-content\/uploads\/2013\/12\/IMG_0728.jpg","datePublished":"2014-02-21T17:16:01+00:00","breadcrumb":{"@id":"https:\/\/www.mojabochnia.pl\/?p=105888#breadcrumb"},"inLanguage":"pl-PL","potentialAction":[{"@type":"ReadAction","target":["https:\/\/www.mojabochnia.pl\/?p=105888"]}]},{"@type":"ImageObject","inLanguage":"pl-PL","@id":"https:\/\/www.mojabochnia.pl\/?p=105888#primaryimage","url":"https:\/\/www.mojabochnia.pl\/wp-content\/uploads\/2013\/12\/IMG_0728.jpg","contentUrl":"https:\/\/www.mojabochnia.pl\/wp-content\/uploads\/2013\/12\/IMG_0728.jpg","width":800,"height":450,"caption":"P. Michalczyk"},{"@type":"BreadcrumbList","@id":"https:\/\/www.mojabochnia.pl\/?p=105888#breadcrumb","itemListElement":[{"@type":"ListItem","position":1,"name":"Home","item":"https:\/\/www.mojabochnia.pl\/"},{"@type":"ListItem","position":2,"name":"Ekipa z Bochni 9. raz wyjedzie na Gitarowy Rekord Guinnessa"}]},{"@type":"WebSite","@id":"https:\/\/www.mojabochnia.pl\/#website","url":"https:\/\/www.mojabochnia.pl\/","name":"mojabochnia.pl - portal informacyjny","description":"mojaBochnia to portal informacyjny o Bochni. Codziennie o Bochni piszemy i pokazujemy najwa\u017cniejsze wydarzenia","publisher":{"@id":"https:\/\/www.mojabochnia.pl\/#organization"},"potentialAction":[{"@type":"SearchAction","target":{"@type":"EntryPoint","urlTemplate":"https:\/\/www.mojabochnia.pl\/?s={search_term_string}"},"query-input":{"@type":"PropertyValueSpecification","valueRequired":true,"valueName":"search_term_string"}}],"inLanguage":"pl-PL"},{"@type":"Organization","@id":"https:\/\/www.mojabochnia.pl\/#organization","name":"mojabochnia.pl - portal informacyjny","url":"https:\/\/www.mojabochnia.pl\/","logo":{"@type":"ImageObject","inLanguage":"pl-PL","@id":"https:\/\/www.mojabochnia.pl\/#\/schema\/logo\/image\/","url":"https:\/\/www.mojabochnia.pl\/wp-content\/uploads\/2017\/08\/logo-mb-opt.png","contentUrl":"https:\/\/www.mojabochnia.pl\/wp-content\/uploads\/2017\/08\/logo-mb-opt.png","width":250,"height":48,"caption":"mojabochnia.pl - portal informacyjny"},"image":{"@id":"https:\/\/www.mojabochnia.pl\/#\/schema\/logo\/image\/"},"sameAs":["https:\/\/www.facebook.com\/mojabochnia"]},{"@type":"Person","@id":"https:\/\/www.mojabochnia.pl\/#\/schema\/person\/7e2f20ead9902216a3384f13606c0ab7","name":"redakcja","sameAs":["http:\/\/"],"url":"https:\/\/www.mojabochnia.pl\/?author=13"}]}},"_links":{"self":[{"href":"https:\/\/www.mojabochnia.pl\/index.php?rest_route=\/wp\/v2\/posts\/105888","targetHints":{"allow":["GET"]}}],"collection":[{"href":"https:\/\/www.mojabochnia.pl\/index.php?rest_route=\/wp\/v2\/posts"}],"about":[{"href":"https:\/\/www.mojabochnia.pl\/index.php?rest_route=\/wp\/v2\/types\/post"}],"author":[{"embeddable":true,"href":"https:\/\/www.mojabochnia.pl\/index.php?rest_route=\/wp\/v2\/users\/13"}],"replies":[{"embeddable":true,"href":"https:\/\/www.mojabochnia.pl\/index.php?rest_route=%2Fwp%2Fv2%2Fcomments&post=105888"}],"version-history":[{"count":3,"href":"https:\/\/www.mojabochnia.pl\/index.php?rest_route=\/wp\/v2\/posts\/105888\/revisions"}],"predecessor-version":[{"id":105891,"href":"https:\/\/www.mojabochnia.pl\/index.php?rest_route=\/wp\/v2\/posts\/105888\/revisions\/105891"}],"wp:featuredmedia":[{"embeddable":true,"href":"https:\/\/www.mojabochnia.pl\/index.php?rest_route=\/wp\/v2\/media\/101502"}],"wp:attachment":[{"href":"https:\/\/www.mojabochnia.pl\/index.php?rest_route=%2Fwp%2Fv2%2Fmedia&parent=105888"}],"wp:term":[{"taxonomy":"category","embeddable":true,"href":"https:\/\/www.mojabochnia.pl\/index.php?rest_route=%2Fwp%2Fv2%2Fcategories&post=105888"},{"taxonomy":"post_tag","embeddable":true,"href":"https:\/\/www.mojabochnia.pl\/index.php?rest_route=%2Fwp%2Fv2%2Ftags&post=105888"}],"curies":[{"name":"wp","href":"https:\/\/api.w.org\/{rel}","templated":true}]}}