{"id":105873,"date":"2014-02-21T09:05:40","date_gmt":"2014-02-21T08:05:40","guid":{"rendered":"http:\/\/www.mojabochnia.pl\/?p=105873"},"modified":"2014-02-21T09:07:13","modified_gmt":"2014-02-21T08:07:13","slug":"sprawa-kamienicy-solna-1-do-abw","status":"publish","type":"post","link":"https:\/\/www.mojabochnia.pl\/?p=105873","title":{"rendered":"Sprawa kamienicy Solna 1 do ABW"},"content":{"rendered":"<p>Funkcjonariusze Agencji Bezpiecze\u0144stwa Wewn\u0119trznego mieliby zaj\u0105\u0107 si\u0119 w\u0105tkiem zwi\u0105zku prywatnego przedsi\u0119biorcy ze wspomnian\u0105 kamienic\u0105. Obecnie trwa post\u0119powanie s\u0105dowe maj\u0105ce na celu poszukiwanie spadkobierc\u00f3w nieruchomo\u015bci. Je\u015bli oka\u017ce si\u0119 ono nieskuteczne, zostan\u0105 oni uznani za zmar\u0142ych. Wniosek o zainteresowanie spraw\u0105 ABW zosta\u0142 z\u0142o\u017cony przez radnego Bogdana Kosturkiewicza. <\/p>\n<p><em>Wiadomo, \u017ce ta nieruchomo\u015b\u0107 by\u0142a w posiadaniu samoistnym miasta, miasto p\u0142aci\u0142o podatek od nieruchomo\u015bci, przez szereg lat wykonywa\u0142o okre\u015blone inwestycje. Nagle osoba fizyczna wyst\u0119puje o uznanie za zmar\u0142ych os\u00f3b, kt\u00f3re figuruj\u0105 w B LWH. To \u015bwiadczy o tym, ze przymierza si\u0119 do wyst\u0105pienia o przej\u0119cie tej nieruchomo\u015bci<\/em> \u2013 m\u00f3wi. Radny PiS jest zdziwiony, \u017ce boche\u0144scy s\u0119dziowie nie wy\u0142\u0105czyli si\u0119 z tego post\u0119powania. <em>W przypadku kamienicy przy pl. \u015aw. Kingi 1 si\u0119 wy\u0142\u0105czyli, znam inne sprawy w kt\u00f3rych te\u017c si\u0119 wy\u0142\u0105czyli, nie wiem dlaczego akurat w tej tego nie zrobili<\/em> \u2013 dodaje by\u0142y burmistrz. <\/p>\n<p><em>Szereg dzia\u0142a\u0144 by\u0142o przeze mnie podj\u0119tych w zakresie wyst\u0105pienia o zasiedzenie i one zosta\u0142y wstrzymane przez obecnego burmistrza. Wyst\u0119powa\u0142em do Prokuratorii Generalnej o tzw. zast\u0119pstwo procesowe (wyst\u0119puje si\u0119 tam w\u00f3wczas gdy warto\u015b\u0107 w tym przypadku nieruchomo\u015bci przekracza 1 mln z\u0142, a szacuj\u0119 \u017ce tu jest to warto\u015b\u0107 wi\u0119ksza ni\u017c 1 mln z\u0142). Wszystkie te moje dzia\u0142ania by\u0142y wstrzymane, a na komisji uzyska\u0142em informacj\u0119, \u017ce one s\u0105 kontynuowane i jestem zdumiony tym, co w tej chwili widz\u0119. Okazuje si\u0119, \u017ce oszukano mnie na komisji <\/em>\u2013 dodaje Bogdan Kosturkiewicz. <\/p>\n<p><em>Jest to komisja, kt\u00f3ra ma dba\u0107 o mienie komunalne. Skoro wniosek zosta\u0142 z\u0142o\u017cony przez pana radnego Bogdana Kosturkiewicza, niewa\u017cne jest czy on jest z opozycji. Natomiast pani referent prawna nie umia\u0142a za bardzo skonkretyzowa\u0107, jakie dzia\u0142ania s\u0105 podj\u0119te, \u017ceby t\u0119 kamienic\u0119 uratowa\u0107, miasto przez lata ni\u0105 zawiaduje, wy\u0142o\u017cy\u0142o na ni\u0105 pewne kwoty pieni\u0119dzy, wi\u0119c dlaczego mia\u0142bym si\u0119 np. wstrzyma\u0107. Nie widzia\u0142em powodu. Przecie\u017c wniosek nie jest przeciwko komu\u015b, ale o to, \u017ceby instytucja ABW zbada\u0142a spraw\u0119, czy s\u0105 podstawy do tego, \u017ce pewne osoby wnosz\u0105 o przej\u0119cie tej kamienicy<\/em> \u2013 m\u00f3wi wyja\u015bniaj\u0105c powody swojego g\u0142osowania Kazimierz \u015acis\u0142o, przewodnicz\u0105cy rady miejskiej i szef komisji gospodarki komunalnej i ochrony \u015brodowiska. <\/p>\n<p>Burmistrz Stefan Kolawi\u0144ski uwa\u017ca, \u017ce \u201esprawa dotyczy czego\u015b, co dzieje si\u0119 poza urz\u0119dem\u201d. <em>To nie urz\u0105d wyst\u0119powa\u0142 w sprawie stwierdzenia \u015bmierci w\u0142a\u015bcicieli, wi\u0119c trudno mi si\u0119 do tego odnosi\u0107. To pan W\u0142odarczyk wyst\u0119powa\u0142 z takim wnioskiem. Urz\u0105d jest w tym momencie osob\u0105 zupe\u0142nie postronn\u0105, natomiast mieli\u015bmy obowi\u0105zek wywiesi\u0107 to og\u0142oszenie i ono wisi<\/em> &#8211; m\u00f3wi. <\/p>\n<p>Zapowiadany przez burmistrza wniosek o zasiedzenie kamienicy przez miasto <a href=\"http:\/\/www.mojabochnia.pl\/?p=105375\">nie zosta\u0142 jeszcze z\u0142o\u017cony<\/a>. <em>Nie wiem, kiedy b\u0119dzie z\u0142o\u017cony, prawdopodobnie w przysz\u0142ym tygodniu, ale m\u00f3wi\u0119: prawdopodobnie<\/em> \u2013 zapowiada Stefan Kolawi\u0144ski. <\/p>\n<p>Kamienica przy ul. Solnej 1 powsta\u0142a na pocz\u0105tku XX w., ma 340 metr\u00f3w kwadratowych powierzchni u\u017cytkowej. Z tytu\u0142u dzier\u017cawy tej powierzchni do kasy miejskiej trafia co miesi\u0105c 4,5 tys. z\u0142 brutto. <\/p>\n","protected":false},"excerpt":{"rendered":"<p>B\u0119dzie wniosek o powiadomienie ABW w sprawie kamienicy przy ul. Solnej 1 przez ABW. Tak zdecydowali radni komisji gospodarki komunalnej i ochrony \u015brodowiska. G\u0142osowanie przebieg\u0142o jednog\u0142o\u015bnie.<\/p>\n","protected":false},"author":4,"featured_media":105876,"comment_status":"open","ping_status":"closed","sticky":true,"template":"","format":"standard","meta":{"_acf_changed":false,"footnotes":""},"categories":[5,6251,6250],"tags":[13672,13673,17171,17294,1418,13567,7781,17295],"class_list":["post-105873","post","type-post","status-publish","format-standard","has-post-thumbnail","hentry","category-biezace-wydarzenia","category-polityka-i-wydarzenia","category-tematyka","tag-abw","tag-agencja-bezpieczenstwa-wewnetrznego","tag-bogdan-kosturkiewicz","tag-kamienica","tag-kazimierz-scislo","tag-solna-1","tag-stefan-kolawinski","tag-wladyslaw-wlodarczyk","main_tag-kamienica"],"acf":[],"yoast_head":"<!-- This site is optimized with the Yoast SEO plugin v26.9 - https:\/\/yoast.com\/product\/yoast-seo-wordpress\/ -->\n<title>Sprawa kamienicy Solna 1 do ABW - mojabochnia.pl - portal informacyjny<\/title>\n<meta name=\"robots\" content=\"index, follow, max-snippet:-1, max-image-preview:large, max-video-preview:-1\" \/>\n<link rel=\"canonical\" href=\"https:\/\/www.mojabochnia.pl\/?p=105873\" \/>\n<meta property=\"og:locale\" content=\"pl_PL\" \/>\n<meta property=\"og:type\" content=\"article\" \/>\n<meta property=\"og:title\" content=\"Sprawa kamienicy Solna 1 do ABW - mojabochnia.pl - portal informacyjny\" \/>\n<meta property=\"og:description\" content=\"B\u0119dzie wniosek o powiadomienie ABW w sprawie kamienicy przy ul. Solnej 1 przez ABW. Tak zdecydowali radni komisji gospodarki komunalnej i ochrony \u015brodowiska. G\u0142osowanie przebieg\u0142o jednog\u0142o\u015bnie.\" \/>\n<meta property=\"og:url\" content=\"https:\/\/www.mojabochnia.pl\/?p=105873\" \/>\n<meta property=\"og:site_name\" content=\"mojabochnia.pl - portal informacyjny\" \/>\n<meta property=\"article:publisher\" content=\"https:\/\/www.facebook.com\/mojabochnia\" \/>\n<meta property=\"article:published_time\" content=\"2014-02-21T08:05:40+00:00\" \/>\n<meta property=\"article:modified_time\" content=\"2014-02-21T08:07:13+00:00\" \/>\n<meta property=\"og:image\" content=\"https:\/\/www.mojabochnia.pl\/wp-content\/uploads\/2014\/02\/DSC_0428.jpg\" \/>\n\t<meta property=\"og:image:width\" content=\"660\" \/>\n\t<meta property=\"og:image:height\" content=\"371\" \/>\n\t<meta property=\"og:image:type\" content=\"image\/jpeg\" \/>\n<meta name=\"author\" content=\"Pawe\u0142 Michalczyk\" \/>\n<meta name=\"twitter:card\" content=\"summary_large_image\" \/>\n<meta name=\"twitter:label1\" content=\"Written by\" \/>\n\t<meta name=\"twitter:data1\" content=\"Pawe\u0142 Michalczyk\" \/>\n\t<meta name=\"twitter:label2\" content=\"Est. reading time\" \/>\n\t<meta name=\"twitter:data2\" content=\"3 minuty\" \/>\n<script type=\"application\/ld+json\" class=\"yoast-schema-graph\">{\"@context\":\"https:\/\/schema.org\",\"@graph\":[{\"@type\":\"Article\",\"@id\":\"https:\/\/www.mojabochnia.pl\/?p=105873#article\",\"isPartOf\":{\"@id\":\"https:\/\/www.mojabochnia.pl\/?p=105873\"},\"author\":{\"name\":\"Pawe\u0142 Michalczyk\",\"@id\":\"https:\/\/www.mojabochnia.pl\/#\/schema\/person\/ea042e4724a77627963f02166828ead4\"},\"headline\":\"Sprawa kamienicy Solna 1 do ABW\",\"datePublished\":\"2014-02-21T08:05:40+00:00\",\"dateModified\":\"2014-02-21T08:07:13+00:00\",\"mainEntityOfPage\":{\"@id\":\"https:\/\/www.mojabochnia.pl\/?p=105873\"},\"wordCount\":547,\"commentCount\":0,\"publisher\":{\"@id\":\"https:\/\/www.mojabochnia.pl\/#organization\"},\"image\":{\"@id\":\"https:\/\/www.mojabochnia.pl\/?p=105873#primaryimage\"},\"thumbnailUrl\":\"https:\/\/www.mojabochnia.pl\/wp-content\/uploads\/2014\/02\/DSC_0428.jpg\",\"keywords\":[\"abw\",\"agencja bezpiecze\u0144stwa wewn\u0119trznego\",\"bogdan kosturkiewicz\",\"kamienica\",\"kazimierz \u015bcis\u0142o\",\"solna 1\",\"stefan kolawi\u0144ski\",\"w\u0142adys\u0142aw w\u0142odarczyk\"],\"articleSection\":[\"2_ostatnie\",\"polityka i wydarzenia\",\"tematyka\"],\"inLanguage\":\"pl-PL\",\"potentialAction\":[{\"@type\":\"CommentAction\",\"name\":\"Comment\",\"target\":[\"https:\/\/www.mojabochnia.pl\/?p=105873#respond\"]}]},{\"@type\":\"WebPage\",\"@id\":\"https:\/\/www.mojabochnia.pl\/?p=105873\",\"url\":\"https:\/\/www.mojabochnia.pl\/?p=105873\",\"name\":\"Sprawa kamienicy Solna 1 do ABW - mojabochnia.pl - portal informacyjny\",\"isPartOf\":{\"@id\":\"https:\/\/www.mojabochnia.pl\/#website\"},\"primaryImageOfPage\":{\"@id\":\"https:\/\/www.mojabochnia.pl\/?p=105873#primaryimage\"},\"image\":{\"@id\":\"https:\/\/www.mojabochnia.pl\/?p=105873#primaryimage\"},\"thumbnailUrl\":\"https:\/\/www.mojabochnia.pl\/wp-content\/uploads\/2014\/02\/DSC_0428.jpg\",\"datePublished\":\"2014-02-21T08:05:40+00:00\",\"dateModified\":\"2014-02-21T08:07:13+00:00\",\"breadcrumb\":{\"@id\":\"https:\/\/www.mojabochnia.pl\/?p=105873#breadcrumb\"},\"inLanguage\":\"pl-PL\",\"potentialAction\":[{\"@type\":\"ReadAction\",\"target\":[\"https:\/\/www.mojabochnia.pl\/?p=105873\"]}]},{\"@type\":\"ImageObject\",\"inLanguage\":\"pl-PL\",\"@id\":\"https:\/\/www.mojabochnia.pl\/?p=105873#primaryimage\",\"url\":\"https:\/\/www.mojabochnia.pl\/wp-content\/uploads\/2014\/02\/DSC_0428.jpg\",\"contentUrl\":\"https:\/\/www.mojabochnia.pl\/wp-content\/uploads\/2014\/02\/DSC_0428.jpg\",\"width\":660,\"height\":371,\"caption\":\"P. Michalczyk\"},{\"@type\":\"BreadcrumbList\",\"@id\":\"https:\/\/www.mojabochnia.pl\/?p=105873#breadcrumb\",\"itemListElement\":[{\"@type\":\"ListItem\",\"position\":1,\"name\":\"Home\",\"item\":\"https:\/\/www.mojabochnia.pl\/\"},{\"@type\":\"ListItem\",\"position\":2,\"name\":\"Sprawa kamienicy Solna 1 do ABW\"}]},{\"@type\":\"WebSite\",\"@id\":\"https:\/\/www.mojabochnia.pl\/#website\",\"url\":\"https:\/\/www.mojabochnia.pl\/\",\"name\":\"mojabochnia.pl - portal informacyjny\",\"description\":\"mojaBochnia to portal informacyjny o Bochni. Codziennie o Bochni piszemy i pokazujemy najwa\u017cniejsze wydarzenia\",\"publisher\":{\"@id\":\"https:\/\/www.mojabochnia.pl\/#organization\"},\"potentialAction\":[{\"@type\":\"SearchAction\",\"target\":{\"@type\":\"EntryPoint\",\"urlTemplate\":\"https:\/\/www.mojabochnia.pl\/?s={search_term_string}\"},\"query-input\":{\"@type\":\"PropertyValueSpecification\",\"valueRequired\":true,\"valueName\":\"search_term_string\"}}],\"inLanguage\":\"pl-PL\"},{\"@type\":\"Organization\",\"@id\":\"https:\/\/www.mojabochnia.pl\/#organization\",\"name\":\"mojabochnia.pl - portal informacyjny\",\"url\":\"https:\/\/www.mojabochnia.pl\/\",\"logo\":{\"@type\":\"ImageObject\",\"inLanguage\":\"pl-PL\",\"@id\":\"https:\/\/www.mojabochnia.pl\/#\/schema\/logo\/image\/\",\"url\":\"https:\/\/www.mojabochnia.pl\/wp-content\/uploads\/2017\/08\/logo-mb-opt.png\",\"contentUrl\":\"https:\/\/www.mojabochnia.pl\/wp-content\/uploads\/2017\/08\/logo-mb-opt.png\",\"width\":250,\"height\":48,\"caption\":\"mojabochnia.pl - portal informacyjny\"},\"image\":{\"@id\":\"https:\/\/www.mojabochnia.pl\/#\/schema\/logo\/image\/\"},\"sameAs\":[\"https:\/\/www.facebook.com\/mojabochnia\"]},{\"@type\":\"Person\",\"@id\":\"https:\/\/www.mojabochnia.pl\/#\/schema\/person\/ea042e4724a77627963f02166828ead4\",\"name\":\"Pawe\u0142 Michalczyk\",\"url\":\"https:\/\/www.mojabochnia.pl\/?author=4\"}]}<\/script>\n<!-- \/ Yoast SEO plugin. -->","yoast_head_json":{"title":"Sprawa kamienicy Solna 1 do ABW - mojabochnia.pl - portal informacyjny","robots":{"index":"index","follow":"follow","max-snippet":"max-snippet:-1","max-image-preview":"max-image-preview:large","max-video-preview":"max-video-preview:-1"},"canonical":"https:\/\/www.mojabochnia.pl\/?p=105873","og_locale":"pl_PL","og_type":"article","og_title":"Sprawa kamienicy Solna 1 do ABW - mojabochnia.pl - portal informacyjny","og_description":"B\u0119dzie wniosek o powiadomienie ABW w sprawie kamienicy przy ul. Solnej 1 przez ABW. Tak zdecydowali radni komisji gospodarki komunalnej i ochrony \u015brodowiska. G\u0142osowanie przebieg\u0142o jednog\u0142o\u015bnie.","og_url":"https:\/\/www.mojabochnia.pl\/?p=105873","og_site_name":"mojabochnia.pl - portal informacyjny","article_publisher":"https:\/\/www.facebook.com\/mojabochnia","article_published_time":"2014-02-21T08:05:40+00:00","article_modified_time":"2014-02-21T08:07:13+00:00","og_image":[{"width":660,"height":371,"url":"https:\/\/www.mojabochnia.pl\/wp-content\/uploads\/2014\/02\/DSC_0428.jpg","type":"image\/jpeg"}],"author":"Pawe\u0142 Michalczyk","twitter_card":"summary_large_image","twitter_misc":{"Written by":"Pawe\u0142 Michalczyk","Est. reading time":"3 minuty"},"schema":{"@context":"https:\/\/schema.org","@graph":[{"@type":"Article","@id":"https:\/\/www.mojabochnia.pl\/?p=105873#article","isPartOf":{"@id":"https:\/\/www.mojabochnia.pl\/?p=105873"},"author":{"name":"Pawe\u0142 Michalczyk","@id":"https:\/\/www.mojabochnia.pl\/#\/schema\/person\/ea042e4724a77627963f02166828ead4"},"headline":"Sprawa kamienicy Solna 1 do ABW","datePublished":"2014-02-21T08:05:40+00:00","dateModified":"2014-02-21T08:07:13+00:00","mainEntityOfPage":{"@id":"https:\/\/www.mojabochnia.pl\/?p=105873"},"wordCount":547,"commentCount":0,"publisher":{"@id":"https:\/\/www.mojabochnia.pl\/#organization"},"image":{"@id":"https:\/\/www.mojabochnia.pl\/?p=105873#primaryimage"},"thumbnailUrl":"https:\/\/www.mojabochnia.pl\/wp-content\/uploads\/2014\/02\/DSC_0428.jpg","keywords":["abw","agencja bezpiecze\u0144stwa wewn\u0119trznego","bogdan kosturkiewicz","kamienica","kazimierz \u015bcis\u0142o","solna 1","stefan kolawi\u0144ski","w\u0142adys\u0142aw w\u0142odarczyk"],"articleSection":["2_ostatnie","polityka i wydarzenia","tematyka"],"inLanguage":"pl-PL","potentialAction":[{"@type":"CommentAction","name":"Comment","target":["https:\/\/www.mojabochnia.pl\/?p=105873#respond"]}]},{"@type":"WebPage","@id":"https:\/\/www.mojabochnia.pl\/?p=105873","url":"https:\/\/www.mojabochnia.pl\/?p=105873","name":"Sprawa kamienicy Solna 1 do ABW - mojabochnia.pl - portal informacyjny","isPartOf":{"@id":"https:\/\/www.mojabochnia.pl\/#website"},"primaryImageOfPage":{"@id":"https:\/\/www.mojabochnia.pl\/?p=105873#primaryimage"},"image":{"@id":"https:\/\/www.mojabochnia.pl\/?p=105873#primaryimage"},"thumbnailUrl":"https:\/\/www.mojabochnia.pl\/wp-content\/uploads\/2014\/02\/DSC_0428.jpg","datePublished":"2014-02-21T08:05:40+00:00","dateModified":"2014-02-21T08:07:13+00:00","breadcrumb":{"@id":"https:\/\/www.mojabochnia.pl\/?p=105873#breadcrumb"},"inLanguage":"pl-PL","potentialAction":[{"@type":"ReadAction","target":["https:\/\/www.mojabochnia.pl\/?p=105873"]}]},{"@type":"ImageObject","inLanguage":"pl-PL","@id":"https:\/\/www.mojabochnia.pl\/?p=105873#primaryimage","url":"https:\/\/www.mojabochnia.pl\/wp-content\/uploads\/2014\/02\/DSC_0428.jpg","contentUrl":"https:\/\/www.mojabochnia.pl\/wp-content\/uploads\/2014\/02\/DSC_0428.jpg","width":660,"height":371,"caption":"P. Michalczyk"},{"@type":"BreadcrumbList","@id":"https:\/\/www.mojabochnia.pl\/?p=105873#breadcrumb","itemListElement":[{"@type":"ListItem","position":1,"name":"Home","item":"https:\/\/www.mojabochnia.pl\/"},{"@type":"ListItem","position":2,"name":"Sprawa kamienicy Solna 1 do ABW"}]},{"@type":"WebSite","@id":"https:\/\/www.mojabochnia.pl\/#website","url":"https:\/\/www.mojabochnia.pl\/","name":"mojabochnia.pl - portal informacyjny","description":"mojaBochnia to portal informacyjny o Bochni. Codziennie o Bochni piszemy i pokazujemy najwa\u017cniejsze wydarzenia","publisher":{"@id":"https:\/\/www.mojabochnia.pl\/#organization"},"potentialAction":[{"@type":"SearchAction","target":{"@type":"EntryPoint","urlTemplate":"https:\/\/www.mojabochnia.pl\/?s={search_term_string}"},"query-input":{"@type":"PropertyValueSpecification","valueRequired":true,"valueName":"search_term_string"}}],"inLanguage":"pl-PL"},{"@type":"Organization","@id":"https:\/\/www.mojabochnia.pl\/#organization","name":"mojabochnia.pl - portal informacyjny","url":"https:\/\/www.mojabochnia.pl\/","logo":{"@type":"ImageObject","inLanguage":"pl-PL","@id":"https:\/\/www.mojabochnia.pl\/#\/schema\/logo\/image\/","url":"https:\/\/www.mojabochnia.pl\/wp-content\/uploads\/2017\/08\/logo-mb-opt.png","contentUrl":"https:\/\/www.mojabochnia.pl\/wp-content\/uploads\/2017\/08\/logo-mb-opt.png","width":250,"height":48,"caption":"mojabochnia.pl - portal informacyjny"},"image":{"@id":"https:\/\/www.mojabochnia.pl\/#\/schema\/logo\/image\/"},"sameAs":["https:\/\/www.facebook.com\/mojabochnia"]},{"@type":"Person","@id":"https:\/\/www.mojabochnia.pl\/#\/schema\/person\/ea042e4724a77627963f02166828ead4","name":"Pawe\u0142 Michalczyk","url":"https:\/\/www.mojabochnia.pl\/?author=4"}]}},"_links":{"self":[{"href":"https:\/\/www.mojabochnia.pl\/index.php?rest_route=\/wp\/v2\/posts\/105873","targetHints":{"allow":["GET"]}}],"collection":[{"href":"https:\/\/www.mojabochnia.pl\/index.php?rest_route=\/wp\/v2\/posts"}],"about":[{"href":"https:\/\/www.mojabochnia.pl\/index.php?rest_route=\/wp\/v2\/types\/post"}],"author":[{"embeddable":true,"href":"https:\/\/www.mojabochnia.pl\/index.php?rest_route=\/wp\/v2\/users\/4"}],"replies":[{"embeddable":true,"href":"https:\/\/www.mojabochnia.pl\/index.php?rest_route=%2Fwp%2Fv2%2Fcomments&post=105873"}],"version-history":[{"count":5,"href":"https:\/\/www.mojabochnia.pl\/index.php?rest_route=\/wp\/v2\/posts\/105873\/revisions"}],"predecessor-version":[{"id":105879,"href":"https:\/\/www.mojabochnia.pl\/index.php?rest_route=\/wp\/v2\/posts\/105873\/revisions\/105879"}],"wp:featuredmedia":[{"embeddable":true,"href":"https:\/\/www.mojabochnia.pl\/index.php?rest_route=\/wp\/v2\/media\/105876"}],"wp:attachment":[{"href":"https:\/\/www.mojabochnia.pl\/index.php?rest_route=%2Fwp%2Fv2%2Fmedia&parent=105873"}],"wp:term":[{"taxonomy":"category","embeddable":true,"href":"https:\/\/www.mojabochnia.pl\/index.php?rest_route=%2Fwp%2Fv2%2Fcategories&post=105873"},{"taxonomy":"post_tag","embeddable":true,"href":"https:\/\/www.mojabochnia.pl\/index.php?rest_route=%2Fwp%2Fv2%2Ftags&post=105873"}],"curies":[{"name":"wp","href":"https:\/\/api.w.org\/{rel}","templated":true}]}}