{"id":105853,"date":"2014-02-20T18:30:53","date_gmt":"2014-02-20T17:30:53","guid":{"rendered":"http:\/\/www.mojabochnia.pl\/?p=105853"},"modified":"2014-02-20T18:30:53","modified_gmt":"2014-02-20T17:30:53","slug":"polnocna-pierzeja-rynku-jako-deptak-kawiarniany-wizualizacje","status":"publish","type":"post","link":"https:\/\/www.mojabochnia.pl\/?p=105853","title":{"rendered":"P\u00f3\u0142nocna pierzeja Rynku jako deptak kawiarniany? &#8211; wizualizacje"},"content":{"rendered":"<p>Pomys\u0142odawc\u0105 zamkni\u0119cia dla ruchu ko\u0142owego p\u00f3\u0142nocnej pierzei Rynku i zamienienia jej w deptak kawiarniany jest fundacja Salina Nova. <em>Jako fundacja popieramy i b\u0119dziemy wspiera\u0107 projekt zamkni\u0119cia p\u00f3\u0142nocnej pierzei rynku. Dzi\u0119ki temu utworzymy przestrze\u0144 publiczn\u0105, zwi\u0119kszymy bezpiecze\u0144stwo ruchu pieszego w obr\u0119bie rynku, utworzymy klimat dla mieszka\u0144c\u00f3w, os\u00f3b przejezdnych i turyst\u00f3w. Dzi\u0119ki takim miejscom o\u017cywimy klimat dla drobnego biznesu takiego jak gastronomia, hotelarstwo, drobne rzemios\u0142o <\/em>\u2013 m\u00f3wi jej wiceprezes Artur Lory\u015b (prowadzi on kawiarni\u0119 w centrum Bochni). <\/p>\n<p>Zdaniem przedsi\u0119biorcy, obecnie Bochnia jako miasto staje przed ostatni\u0105 szans\u0105 na zmian\u0119 swojego wizerunku.<em> Je\u015bli nie wykorzystamy wpisania Kopalni Soli w Bochni na list\u0119 dziedzictwa oraz ostatnich dost\u0119pnych \u015brodk\u00f3w unijnych, to bardzo trudno b\u0119dzie nam dor\u00f3wna\u0107 rozwijaj\u0105cym si\u0119 wko\u0142o miejscowo\u015bci\u0105. Jako mieszka\u0144cy miasta powinni\u015bmy w\u0142\u0105cza\u0107 si\u0119 w powstaj\u0105ce procesy urbanistyczne, dzi\u0119ki czemu zyskamy szans\u0119 na o\u017cywienie i zmian\u0119 funkcji obszar\u00f3w, kt\u00f3re utraci\u0142y swoje pierwotne cele i poprzez brak zainteresowania zosta\u0142y zdegradowane<\/em>. <\/p>\n<p>Wiceszef fundacji Salina Nova uwa\u017ca, \u017ce ka\u017cdy obszar podlegaj\u0105cy pod rewitalizacj\u0119 powinien by\u0107 konsultowany ze spo\u0142eczno\u015bci\u0105 lokaln\u0105. <em>Radni lub organizacje pozarz\u0105dowe mog\u0142yby przej\u0105\u0107 role dzielnicowych koordynator\u00f3w do spraw rewitalizacji i wy\u0142awia\u0107 beneficjent\u00f3w z wizj\u0105 i pomys\u0142em. Przygotowane prace zosta\u0142yby poddane g\u0142osowaniu mieszka\u0144com, poniewa\u017c to oni \u017cyj\u0105 tu, pracuj\u0105 i tu chc\u0105 wypoczywa\u0107. Dlatego projekty tego typu nie powinny powstawa\u0107 w zamkni\u0119tych grupach. Jest to element rozwoju spo\u0142ecznego, o kt\u00f3rym decyduj\u0105 i kt\u00f3ry tworz\u0105 mieszka\u0144cy<\/em>. <\/p>\n<p>Przedstawiciele fundacji licz\u0105 r\u00f3wnie\u017c na wprowadzenie w Bochni bud\u017cetu obywatelskiego. <em>Kwota ta mo\u017ce si\u0119ga\u0107 nawet do 10% bud\u017cetu przeznaczonego na inwestycje co daje nam ok. 2 miliony z\u0142otych. Gdyby uda\u0142o si\u0119 takie \u015brodki przesun\u0105\u0107 na kolejny rok lub dwa, mieszka\u0144cy pozyskaliby niema\u0142\u0105 kwot\u0119 do dyspozycji<\/em> &#8211; ocenia Lory\u015b. <\/p>\n<p>Podpisy na li\u015bcie poparcia projektu deptaka kawiarnianego mo\u017cna sk\u0142ada\u0107 w kawiarni Artura Lorysia przy Rynku. Tam r\u00f3wnie\u017c mo\u017cna obejrze\u0107 wizualizacje. <\/p>\n\t  \r\n\t\r\n\t    <div class=\"mb-gallery\">\r\n\t    <a href=\"https:\/\/www.mojabochnia.pl\/?attachment_id=105855\" class=\"\"><img loading=\"lazy\" decoding=\"async\" width=\"100\" height=\"56\" src=\"https:\/\/www.mojabochnia.pl\/wp-content\/uploads\/2014\/02\/fontanna-koniec_flatten11111-001-120x67.jpg\" class=\"attachment-100x100 size-100x100\" alt=\"\" srcset=\"https:\/\/www.mojabochnia.pl\/wp-content\/uploads\/2014\/02\/fontanna-koniec_flatten11111-001-120x67.jpg 120w, https:\/\/www.mojabochnia.pl\/wp-content\/uploads\/2014\/02\/fontanna-koniec_flatten11111-001-468x263.jpg 468w, https:\/\/www.mojabochnia.pl\/wp-content\/uploads\/2014\/02\/fontanna-koniec_flatten11111-001.jpg 660w\" sizes=\"auto, (max-width: 100px) 100vw, 100px\" \/><\/a><a href=\"https:\/\/www.mojabochnia.pl\/?attachment_id=105856\" class=\"\"><img loading=\"lazy\" decoding=\"async\" width=\"100\" height=\"56\" src=\"https:\/\/www.mojabochnia.pl\/wp-content\/uploads\/2014\/02\/fontanna-koniec_flatten11111-002-120x67.jpg\" class=\"attachment-100x100 size-100x100\" alt=\"\" srcset=\"https:\/\/www.mojabochnia.pl\/wp-content\/uploads\/2014\/02\/fontanna-koniec_flatten11111-002-120x67.jpg 120w, https:\/\/www.mojabochnia.pl\/wp-content\/uploads\/2014\/02\/fontanna-koniec_flatten11111-002-468x263.jpg 468w, https:\/\/www.mojabochnia.pl\/wp-content\/uploads\/2014\/02\/fontanna-koniec_flatten11111-002.jpg 660w\" sizes=\"auto, (max-width: 100px) 100vw, 100px\" \/><\/a><a href=\"https:\/\/www.mojabochnia.pl\/?attachment_id=105857\" class=\"\"><img loading=\"lazy\" decoding=\"async\" width=\"100\" height=\"56\" src=\"https:\/\/www.mojabochnia.pl\/wp-content\/uploads\/2014\/02\/noc_final-poprawiony1111-120x67.jpg\" class=\"attachment-100x100 size-100x100\" alt=\"\" srcset=\"https:\/\/www.mojabochnia.pl\/wp-content\/uploads\/2014\/02\/noc_final-poprawiony1111-120x67.jpg 120w, https:\/\/www.mojabochnia.pl\/wp-content\/uploads\/2014\/02\/noc_final-poprawiony1111-468x263.jpg 468w, https:\/\/www.mojabochnia.pl\/wp-content\/uploads\/2014\/02\/noc_final-poprawiony1111.jpg 660w\" sizes=\"auto, (max-width: 100px) 100vw, 100px\" \/><\/a><a href=\"https:\/\/www.mojabochnia.pl\/?attachment_id=105858\" class=\"\"><img loading=\"lazy\" decoding=\"async\" width=\"100\" height=\"56\" src=\"https:\/\/www.mojabochnia.pl\/wp-content\/uploads\/2014\/02\/stolik_poprawiony211111-120x67.jpg\" class=\"attachment-100x100 size-100x100\" alt=\"\" srcset=\"https:\/\/www.mojabochnia.pl\/wp-content\/uploads\/2014\/02\/stolik_poprawiony211111-120x67.jpg 120w, https:\/\/www.mojabochnia.pl\/wp-content\/uploads\/2014\/02\/stolik_poprawiony211111-468x263.jpg 468w, https:\/\/www.mojabochnia.pl\/wp-content\/uploads\/2014\/02\/stolik_poprawiony211111.jpg 660w\" sizes=\"auto, (max-width: 100px) 100vw, 100px\" \/><\/a><a href=\"https:\/\/www.mojabochnia.pl\/?attachment_id=105859\" class=\"\"><img loading=\"lazy\" decoding=\"async\" width=\"78\" height=\"100\" src=\"https:\/\/www.mojabochnia.pl\/wp-content\/uploads\/2014\/02\/wersja_2111111-120x153.jpg\" class=\"attachment-100x100 size-100x100\" alt=\"\" srcset=\"https:\/\/www.mojabochnia.pl\/wp-content\/uploads\/2014\/02\/wersja_2111111-120x153.jpg 120w, https:\/\/www.mojabochnia.pl\/wp-content\/uploads\/2014\/02\/wersja_2111111.jpg 365w\" sizes=\"auto, (max-width: 78px) 100vw, 78px\" \/><\/a>\t    <\/div>\r\n\t    ","protected":false},"excerpt":{"rendered":"<p>Pomys\u0142 utworzenia deptaka kawiarnianego na p\u00f3\u0142nocnej pierzei Rynku doczeka\u0142 si\u0119 wizualizacji. O sprawie pisali\u015bmy ju\u017c na \u0142amach mojaBochnia.pl ju\u017c w grudniu 2013 r. Teraz ka\u017cdy mo\u017ce obejrze\u0107 fotogramy i z\u0142o\u017cy\u0107 swoje poparcie pomys\u0142u. <\/p>\n","protected":false},"author":4,"featured_media":105857,"comment_status":"open","ping_status":"closed","sticky":true,"template":"","format":"standard","meta":{"_acf_changed":false,"footnotes":""},"categories":[5,6247,6246,6251,6250],"tags":[13670,8253,17348],"class_list":["post-105853","post","type-post","status-publish","format-standard","has-post-thumbnail","hentry","category-biezace-wydarzenia","category-fotogaleria","category-medium","category-polityka-i-wydarzenia","category-tematyka","tag-deptak-kawiarniany","tag-pierzeja","tag-rynek","main_tag-rynek"],"acf":[],"yoast_head":"<!-- This site is optimized with the Yoast SEO plugin v26.9 - https:\/\/yoast.com\/product\/yoast-seo-wordpress\/ -->\n<title>P\u00f3\u0142nocna pierzeja Rynku jako deptak kawiarniany? - wizualizacje - mojabochnia.pl - portal informacyjny<\/title>\n<meta name=\"robots\" content=\"index, follow, max-snippet:-1, max-image-preview:large, max-video-preview:-1\" \/>\n<link rel=\"canonical\" href=\"https:\/\/www.mojabochnia.pl\/?p=105853\" \/>\n<meta property=\"og:locale\" content=\"pl_PL\" \/>\n<meta property=\"og:type\" content=\"article\" \/>\n<meta property=\"og:title\" content=\"P\u00f3\u0142nocna pierzeja Rynku jako deptak kawiarniany? - wizualizacje - mojabochnia.pl - portal informacyjny\" \/>\n<meta property=\"og:description\" content=\"Pomys\u0142 utworzenia deptaka kawiarnianego na p\u00f3\u0142nocnej pierzei Rynku doczeka\u0142 si\u0119 wizualizacji. O sprawie pisali\u015bmy ju\u017c na \u0142amach mojaBochnia.pl ju\u017c w grudniu 2013 r. Teraz ka\u017cdy mo\u017ce obejrze\u0107 fotogramy i z\u0142o\u017cy\u0107 swoje poparcie pomys\u0142u.\" \/>\n<meta property=\"og:url\" content=\"https:\/\/www.mojabochnia.pl\/?p=105853\" \/>\n<meta property=\"og:site_name\" content=\"mojabochnia.pl - portal informacyjny\" \/>\n<meta property=\"article:publisher\" content=\"https:\/\/www.facebook.com\/mojabochnia\" \/>\n<meta property=\"article:published_time\" content=\"2014-02-20T17:30:53+00:00\" \/>\n<meta property=\"og:image\" content=\"https:\/\/www.mojabochnia.pl\/wp-content\/uploads\/2014\/02\/noc_final-poprawiony1111.jpg\" \/>\n\t<meta property=\"og:image:width\" content=\"660\" \/>\n\t<meta property=\"og:image:height\" content=\"371\" \/>\n\t<meta property=\"og:image:type\" content=\"image\/jpeg\" \/>\n<meta name=\"author\" content=\"Pawe\u0142 Michalczyk\" \/>\n<meta name=\"twitter:card\" content=\"summary_large_image\" \/>\n<meta name=\"twitter:label1\" content=\"Written by\" \/>\n\t<meta name=\"twitter:data1\" content=\"Pawe\u0142 Michalczyk\" \/>\n\t<meta name=\"twitter:label2\" content=\"Est. reading time\" \/>\n\t<meta name=\"twitter:data2\" content=\"2 minuty\" \/>\n<script type=\"application\/ld+json\" class=\"yoast-schema-graph\">{\"@context\":\"https:\/\/schema.org\",\"@graph\":[{\"@type\":\"Article\",\"@id\":\"https:\/\/www.mojabochnia.pl\/?p=105853#article\",\"isPartOf\":{\"@id\":\"https:\/\/www.mojabochnia.pl\/?p=105853\"},\"author\":{\"name\":\"Pawe\u0142 Michalczyk\",\"@id\":\"https:\/\/www.mojabochnia.pl\/#\/schema\/person\/ea042e4724a77627963f02166828ead4\"},\"headline\":\"P\u00f3\u0142nocna pierzeja Rynku jako deptak kawiarniany? &#8211; wizualizacje\",\"datePublished\":\"2014-02-20T17:30:53+00:00\",\"mainEntityOfPage\":{\"@id\":\"https:\/\/www.mojabochnia.pl\/?p=105853\"},\"wordCount\":364,\"commentCount\":0,\"publisher\":{\"@id\":\"https:\/\/www.mojabochnia.pl\/#organization\"},\"image\":{\"@id\":\"https:\/\/www.mojabochnia.pl\/?p=105853#primaryimage\"},\"thumbnailUrl\":\"https:\/\/www.mojabochnia.pl\/wp-content\/uploads\/2014\/02\/noc_final-poprawiony1111.jpg\",\"keywords\":[\"deptak kawiarniany\",\"pierzeja\",\"rynek\"],\"articleSection\":[\"2_ostatnie\",\"fotogaleria\",\"Medium\",\"polityka i wydarzenia\",\"tematyka\"],\"inLanguage\":\"pl-PL\",\"potentialAction\":[{\"@type\":\"CommentAction\",\"name\":\"Comment\",\"target\":[\"https:\/\/www.mojabochnia.pl\/?p=105853#respond\"]}]},{\"@type\":\"WebPage\",\"@id\":\"https:\/\/www.mojabochnia.pl\/?p=105853\",\"url\":\"https:\/\/www.mojabochnia.pl\/?p=105853\",\"name\":\"P\u00f3\u0142nocna pierzeja Rynku jako deptak kawiarniany? - wizualizacje - mojabochnia.pl - portal informacyjny\",\"isPartOf\":{\"@id\":\"https:\/\/www.mojabochnia.pl\/#website\"},\"primaryImageOfPage\":{\"@id\":\"https:\/\/www.mojabochnia.pl\/?p=105853#primaryimage\"},\"image\":{\"@id\":\"https:\/\/www.mojabochnia.pl\/?p=105853#primaryimage\"},\"thumbnailUrl\":\"https:\/\/www.mojabochnia.pl\/wp-content\/uploads\/2014\/02\/noc_final-poprawiony1111.jpg\",\"datePublished\":\"2014-02-20T17:30:53+00:00\",\"breadcrumb\":{\"@id\":\"https:\/\/www.mojabochnia.pl\/?p=105853#breadcrumb\"},\"inLanguage\":\"pl-PL\",\"potentialAction\":[{\"@type\":\"ReadAction\",\"target\":[\"https:\/\/www.mojabochnia.pl\/?p=105853\"]}]},{\"@type\":\"ImageObject\",\"inLanguage\":\"pl-PL\",\"@id\":\"https:\/\/www.mojabochnia.pl\/?p=105853#primaryimage\",\"url\":\"https:\/\/www.mojabochnia.pl\/wp-content\/uploads\/2014\/02\/noc_final-poprawiony1111.jpg\",\"contentUrl\":\"https:\/\/www.mojabochnia.pl\/wp-content\/uploads\/2014\/02\/noc_final-poprawiony1111.jpg\",\"width\":660,\"height\":371,\"caption\":\"wizualizacje Artura Lorysia\"},{\"@type\":\"BreadcrumbList\",\"@id\":\"https:\/\/www.mojabochnia.pl\/?p=105853#breadcrumb\",\"itemListElement\":[{\"@type\":\"ListItem\",\"position\":1,\"name\":\"Home\",\"item\":\"https:\/\/www.mojabochnia.pl\/\"},{\"@type\":\"ListItem\",\"position\":2,\"name\":\"P\u00f3\u0142nocna pierzeja Rynku jako deptak kawiarniany? &#8211; wizualizacje\"}]},{\"@type\":\"WebSite\",\"@id\":\"https:\/\/www.mojabochnia.pl\/#website\",\"url\":\"https:\/\/www.mojabochnia.pl\/\",\"name\":\"mojabochnia.pl - portal informacyjny\",\"description\":\"mojaBochnia to portal informacyjny o Bochni. Codziennie o Bochni piszemy i pokazujemy najwa\u017cniejsze wydarzenia\",\"publisher\":{\"@id\":\"https:\/\/www.mojabochnia.pl\/#organization\"},\"potentialAction\":[{\"@type\":\"SearchAction\",\"target\":{\"@type\":\"EntryPoint\",\"urlTemplate\":\"https:\/\/www.mojabochnia.pl\/?s={search_term_string}\"},\"query-input\":{\"@type\":\"PropertyValueSpecification\",\"valueRequired\":true,\"valueName\":\"search_term_string\"}}],\"inLanguage\":\"pl-PL\"},{\"@type\":\"Organization\",\"@id\":\"https:\/\/www.mojabochnia.pl\/#organization\",\"name\":\"mojabochnia.pl - portal informacyjny\",\"url\":\"https:\/\/www.mojabochnia.pl\/\",\"logo\":{\"@type\":\"ImageObject\",\"inLanguage\":\"pl-PL\",\"@id\":\"https:\/\/www.mojabochnia.pl\/#\/schema\/logo\/image\/\",\"url\":\"https:\/\/www.mojabochnia.pl\/wp-content\/uploads\/2017\/08\/logo-mb-opt.png\",\"contentUrl\":\"https:\/\/www.mojabochnia.pl\/wp-content\/uploads\/2017\/08\/logo-mb-opt.png\",\"width\":250,\"height\":48,\"caption\":\"mojabochnia.pl - portal informacyjny\"},\"image\":{\"@id\":\"https:\/\/www.mojabochnia.pl\/#\/schema\/logo\/image\/\"},\"sameAs\":[\"https:\/\/www.facebook.com\/mojabochnia\"]},{\"@type\":\"Person\",\"@id\":\"https:\/\/www.mojabochnia.pl\/#\/schema\/person\/ea042e4724a77627963f02166828ead4\",\"name\":\"Pawe\u0142 Michalczyk\",\"url\":\"https:\/\/www.mojabochnia.pl\/?author=4\"}]}<\/script>\n<!-- \/ Yoast SEO plugin. -->","yoast_head_json":{"title":"P\u00f3\u0142nocna pierzeja Rynku jako deptak kawiarniany? - wizualizacje - mojabochnia.pl - portal informacyjny","robots":{"index":"index","follow":"follow","max-snippet":"max-snippet:-1","max-image-preview":"max-image-preview:large","max-video-preview":"max-video-preview:-1"},"canonical":"https:\/\/www.mojabochnia.pl\/?p=105853","og_locale":"pl_PL","og_type":"article","og_title":"P\u00f3\u0142nocna pierzeja Rynku jako deptak kawiarniany? - wizualizacje - mojabochnia.pl - portal informacyjny","og_description":"Pomys\u0142 utworzenia deptaka kawiarnianego na p\u00f3\u0142nocnej pierzei Rynku doczeka\u0142 si\u0119 wizualizacji. O sprawie pisali\u015bmy ju\u017c na \u0142amach mojaBochnia.pl ju\u017c w grudniu 2013 r. Teraz ka\u017cdy mo\u017ce obejrze\u0107 fotogramy i z\u0142o\u017cy\u0107 swoje poparcie pomys\u0142u.","og_url":"https:\/\/www.mojabochnia.pl\/?p=105853","og_site_name":"mojabochnia.pl - portal informacyjny","article_publisher":"https:\/\/www.facebook.com\/mojabochnia","article_published_time":"2014-02-20T17:30:53+00:00","og_image":[{"width":660,"height":371,"url":"https:\/\/www.mojabochnia.pl\/wp-content\/uploads\/2014\/02\/noc_final-poprawiony1111.jpg","type":"image\/jpeg"}],"author":"Pawe\u0142 Michalczyk","twitter_card":"summary_large_image","twitter_misc":{"Written by":"Pawe\u0142 Michalczyk","Est. reading time":"2 minuty"},"schema":{"@context":"https:\/\/schema.org","@graph":[{"@type":"Article","@id":"https:\/\/www.mojabochnia.pl\/?p=105853#article","isPartOf":{"@id":"https:\/\/www.mojabochnia.pl\/?p=105853"},"author":{"name":"Pawe\u0142 Michalczyk","@id":"https:\/\/www.mojabochnia.pl\/#\/schema\/person\/ea042e4724a77627963f02166828ead4"},"headline":"P\u00f3\u0142nocna pierzeja Rynku jako deptak kawiarniany? &#8211; wizualizacje","datePublished":"2014-02-20T17:30:53+00:00","mainEntityOfPage":{"@id":"https:\/\/www.mojabochnia.pl\/?p=105853"},"wordCount":364,"commentCount":0,"publisher":{"@id":"https:\/\/www.mojabochnia.pl\/#organization"},"image":{"@id":"https:\/\/www.mojabochnia.pl\/?p=105853#primaryimage"},"thumbnailUrl":"https:\/\/www.mojabochnia.pl\/wp-content\/uploads\/2014\/02\/noc_final-poprawiony1111.jpg","keywords":["deptak kawiarniany","pierzeja","rynek"],"articleSection":["2_ostatnie","fotogaleria","Medium","polityka i wydarzenia","tematyka"],"inLanguage":"pl-PL","potentialAction":[{"@type":"CommentAction","name":"Comment","target":["https:\/\/www.mojabochnia.pl\/?p=105853#respond"]}]},{"@type":"WebPage","@id":"https:\/\/www.mojabochnia.pl\/?p=105853","url":"https:\/\/www.mojabochnia.pl\/?p=105853","name":"P\u00f3\u0142nocna pierzeja Rynku jako deptak kawiarniany? - wizualizacje - mojabochnia.pl - portal informacyjny","isPartOf":{"@id":"https:\/\/www.mojabochnia.pl\/#website"},"primaryImageOfPage":{"@id":"https:\/\/www.mojabochnia.pl\/?p=105853#primaryimage"},"image":{"@id":"https:\/\/www.mojabochnia.pl\/?p=105853#primaryimage"},"thumbnailUrl":"https:\/\/www.mojabochnia.pl\/wp-content\/uploads\/2014\/02\/noc_final-poprawiony1111.jpg","datePublished":"2014-02-20T17:30:53+00:00","breadcrumb":{"@id":"https:\/\/www.mojabochnia.pl\/?p=105853#breadcrumb"},"inLanguage":"pl-PL","potentialAction":[{"@type":"ReadAction","target":["https:\/\/www.mojabochnia.pl\/?p=105853"]}]},{"@type":"ImageObject","inLanguage":"pl-PL","@id":"https:\/\/www.mojabochnia.pl\/?p=105853#primaryimage","url":"https:\/\/www.mojabochnia.pl\/wp-content\/uploads\/2014\/02\/noc_final-poprawiony1111.jpg","contentUrl":"https:\/\/www.mojabochnia.pl\/wp-content\/uploads\/2014\/02\/noc_final-poprawiony1111.jpg","width":660,"height":371,"caption":"wizualizacje Artura Lorysia"},{"@type":"BreadcrumbList","@id":"https:\/\/www.mojabochnia.pl\/?p=105853#breadcrumb","itemListElement":[{"@type":"ListItem","position":1,"name":"Home","item":"https:\/\/www.mojabochnia.pl\/"},{"@type":"ListItem","position":2,"name":"P\u00f3\u0142nocna pierzeja Rynku jako deptak kawiarniany? &#8211; wizualizacje"}]},{"@type":"WebSite","@id":"https:\/\/www.mojabochnia.pl\/#website","url":"https:\/\/www.mojabochnia.pl\/","name":"mojabochnia.pl - portal informacyjny","description":"mojaBochnia to portal informacyjny o Bochni. Codziennie o Bochni piszemy i pokazujemy najwa\u017cniejsze wydarzenia","publisher":{"@id":"https:\/\/www.mojabochnia.pl\/#organization"},"potentialAction":[{"@type":"SearchAction","target":{"@type":"EntryPoint","urlTemplate":"https:\/\/www.mojabochnia.pl\/?s={search_term_string}"},"query-input":{"@type":"PropertyValueSpecification","valueRequired":true,"valueName":"search_term_string"}}],"inLanguage":"pl-PL"},{"@type":"Organization","@id":"https:\/\/www.mojabochnia.pl\/#organization","name":"mojabochnia.pl - portal informacyjny","url":"https:\/\/www.mojabochnia.pl\/","logo":{"@type":"ImageObject","inLanguage":"pl-PL","@id":"https:\/\/www.mojabochnia.pl\/#\/schema\/logo\/image\/","url":"https:\/\/www.mojabochnia.pl\/wp-content\/uploads\/2017\/08\/logo-mb-opt.png","contentUrl":"https:\/\/www.mojabochnia.pl\/wp-content\/uploads\/2017\/08\/logo-mb-opt.png","width":250,"height":48,"caption":"mojabochnia.pl - portal informacyjny"},"image":{"@id":"https:\/\/www.mojabochnia.pl\/#\/schema\/logo\/image\/"},"sameAs":["https:\/\/www.facebook.com\/mojabochnia"]},{"@type":"Person","@id":"https:\/\/www.mojabochnia.pl\/#\/schema\/person\/ea042e4724a77627963f02166828ead4","name":"Pawe\u0142 Michalczyk","url":"https:\/\/www.mojabochnia.pl\/?author=4"}]}},"_links":{"self":[{"href":"https:\/\/www.mojabochnia.pl\/index.php?rest_route=\/wp\/v2\/posts\/105853","targetHints":{"allow":["GET"]}}],"collection":[{"href":"https:\/\/www.mojabochnia.pl\/index.php?rest_route=\/wp\/v2\/posts"}],"about":[{"href":"https:\/\/www.mojabochnia.pl\/index.php?rest_route=\/wp\/v2\/types\/post"}],"author":[{"embeddable":true,"href":"https:\/\/www.mojabochnia.pl\/index.php?rest_route=\/wp\/v2\/users\/4"}],"replies":[{"embeddable":true,"href":"https:\/\/www.mojabochnia.pl\/index.php?rest_route=%2Fwp%2Fv2%2Fcomments&post=105853"}],"version-history":[{"count":4,"href":"https:\/\/www.mojabochnia.pl\/index.php?rest_route=\/wp\/v2\/posts\/105853\/revisions"}],"predecessor-version":[{"id":105862,"href":"https:\/\/www.mojabochnia.pl\/index.php?rest_route=\/wp\/v2\/posts\/105853\/revisions\/105862"}],"wp:featuredmedia":[{"embeddable":true,"href":"https:\/\/www.mojabochnia.pl\/index.php?rest_route=\/wp\/v2\/media\/105857"}],"wp:attachment":[{"href":"https:\/\/www.mojabochnia.pl\/index.php?rest_route=%2Fwp%2Fv2%2Fmedia&parent=105853"}],"wp:term":[{"taxonomy":"category","embeddable":true,"href":"https:\/\/www.mojabochnia.pl\/index.php?rest_route=%2Fwp%2Fv2%2Fcategories&post=105853"},{"taxonomy":"post_tag","embeddable":true,"href":"https:\/\/www.mojabochnia.pl\/index.php?rest_route=%2Fwp%2Fv2%2Ftags&post=105853"}],"curies":[{"name":"wp","href":"https:\/\/api.w.org\/{rel}","templated":true}]}}