{"id":104566,"date":"2014-01-31T11:13:25","date_gmt":"2014-01-31T10:13:25","guid":{"rendered":"http:\/\/www.mojabochnia.pl\/?p=104566"},"modified":"2014-01-31T17:15:44","modified_gmt":"2014-01-31T16:15:44","slug":"miasto-traci-kamienice-przy-solnej-1","status":"publish","type":"post","link":"https:\/\/www.mojabochnia.pl\/?p=104566","title":{"rendered":"Miasto traci kamienic\u0119 przy Solnej 1?"},"content":{"rendered":"<p>Spraw\u0119 wywo\u0142a\u0142 radny Bogdan Kosturkiewicz w pytaniach do sprawozdania burmistrza z poprzedniego okresu.<em> Mam pytanie dotycz\u0105ce tego, co nie zosta\u0142o w sprawozdaniu uj\u0119te, a o czym cz\u0119\u015b\u0107 mieszka\u0144c\u00f3w naszego miasta do\u015b\u0107 g\u0142o\u015bno m\u00f3wi. Czy pan burmistrz ma jakie\u015b informacje o obecnego stanu prawnego tej nieruchomo\u015bci? Wiemy, \u017ce w tutejszym s\u0105dzie toczy si\u0119 post\u0119powanie w sprawie uznania za zmar\u0142ych kilku os\u00f3b, kt\u00f3re s\u0105 wsp\u00f3\u0142w\u0142a\u015bcicielami. Wiemy, \u017ce pojawia si\u0119 r\u00f3wnie\u017c jedno znane nazwisko w Bochni, znane z tytu\u0142u wcze\u015bniejszego przej\u0119cia kilku kamienic o tzw. nieuregulowanym stanie prawnym, b\u0105d\u017a mieniu porzuconym przez osoby narodowo\u015bci \u017cydowskiej. Czy pan burmistrz m\u00f3g\u0142by nam udzieli\u0107 informacji na ten temat, poniewa\u017c jest to sprawa, kt\u00f3ra bardzo bulwersuje \u015brodowisko boche\u0144skie. Jeste\u015bmy zaniepokojeni, \u017ce po raz kolejny spotykamy si\u0119 z takim dzia\u0142aniem i nie uzyskujemy od pana burmistrza \u017cadnej informacji na ten temat, a wydaje mi si\u0119, \u017ce nie tylko mieszka\u0144cy, ale przede wszystkim jako radni, powinni\u015bmy zosta\u0107 poinformowani co si\u0119 dzieje, je\u015bli chodzi o t\u0119 nieruchomo\u015b\u0107<\/em>. <\/p>\n<p><em>W czasie kiedy by\u0142em burmistrzem, przygotowali\u015bmy dokumentacj\u0119, kt\u00f3ra umo\u017cliwia\u0142a wyst\u0105pienie o zasiedzenie tej nieruchomo\u015bci. Nie ma \u017cadnej sprawy, nie wiadomo nam o jakich\u015b dokumentach o przekazaniu w zarz\u0105d czyli posiadanie zale\u017cne, kt\u00f3re by wy\u0142\u0105cza\u0142o samoistno\u015b\u0107 posiadania. Obawiam si\u0119, czy ta dokumentacja nie wyp\u0142yn\u0119\u0142a z urz\u0119du. Bo sprzeczne informacje, kt\u00f3re pa\u0144stwo przekazuj\u0105 brzmi\u0105 wysoce niepokoj\u0105co, jeszcze bardziej niepokoj\u0105ce b\u0119dzie to, je\u015bli oka\u017ce si\u0119, \u017ce pan burmistrz o tym nie wie<\/em> &#8211; kontynuowa\u0142 radny Bogdan Kosturkiewicz.<\/p>\n<p><em>Na tablicy og\u0142osze\u0144 wisi postanowienie moc\u0105 kt\u00f3rego osoby tam wskazane s\u0105 poszukiwane. W razie bezskutecznych poszukiwa\u0144 zostan\u0105 uznane za zmar\u0142ych. Post\u0119powanie o uznanie jest wszcz\u0119te z wniosku pana W\u0142odarczyka<\/em> \u2013 m\u00f3wi\u0142a Edyta Pruchnik, referent prawna urz\u0119du miasta. <\/p>\n<p><em>Prosz\u0119 mi powiedzie\u0107, jaki jest obecnie stan prawny tej kamienicy, czy pan W\u0142odarczyk wykupi\u0142 udzia\u0142y, od kogo?<\/em> \u2013 dopytywa\u0142 radny Bogdan Kosturkiewicz. <em>Bo tak naprawd\u0119 jeste\u015bmy w posiadaniu, czerpiemy korzy\u015bci finansowe. Mnie zaniepokoi\u0142a kolejna rzecz, \u017ce pan burmistrz nic nie wie o tej sprawie. Pan burmistrz powinien by\u0107 na bie\u017c\u0105co informowany o takiej sytuacji przez osoby czy instytucje, kt\u00f3re zarz\u0105dzaj\u0105 tym mieniem, chodzi mi o BZUK. A pan burmistrz nie mia\u0142 informacji na ten temat i to mnie bardzo martwi<\/em> \u2013 kontynuowa\u0142 radny. Burmistrz Stefan Kolawi\u0144ski zaprzeczy\u0142 jednak s\u0142owom radnego i stwierdzi\u0142, \u017ce o sprawie wie.<\/p>\n<p><em>Przygotowali\u015bmy dokumenty w latach 2008-2010 dotycz\u0105ce nieruchomo\u015bci znajduj\u0105cych si\u0119 w posiadaniu lub zarz\u0105dzie gminy miasta Bochnia. Nie przypominam sobie, aby w tym wypadku dosz\u0142o do posiadania zale\u017cnego. Czy pani zna jakie\u015b dokumenty, kt\u00f3re m\u00f3wi\u0142yby o posiadaniu zale\u017cnym, czyli stwierdza\u0142yby \u017ce jeste\u015bmy tylko zarz\u0105dc\u0105 tej nieruchomo\u015bci? <\/em> &#8211; kontynuowa\u0142 radny.<\/p>\n<p>Wed\u0142ug s\u0142\u00f3w Bogdana Kosturkiewicza, budynek s\u0105siaduj\u0105cy z kamienic\u0105 jego rodziny by\u0142 przed wojn\u0105 w\u0142asno\u015bci\u0105 \u017cydowskiej rodziny. <em>Ci pa\u0144stwo w czasie wojny zagin\u0119li, okaza\u0142o si\u0119, \u017ce jak w wielu przypadkach w tej chwili w spos\u00f3b cudowny si\u0119 znajduj\u0105. Niepokoj\u0105 nas w tej chwili te wszystkie cuda, kt\u00f3re si\u0119 zdarzaj\u0105, \u017ce ludzie kt\u00f3rzy ju\u017c nie \u017cyj\u0105 nagle o\u017cywaj\u0105 i gdzie\u015b si\u0119 znajduj\u0105. Cuda si\u0119 zdarzaj\u0105, wszyscy w to wierzymy, natomiast osi\u0105gali\u015bmy i \u2013 mam nadziej\u0119 \u2013 osi\u0105gamy konkretne korzy\u015bci z tytu\u0142u wynajmu pomieszczenia u\u017cytkowego oraz pomieszcze\u0144 mieszkalnych. Jest to w\u0142asno\u015b\u0107, kt\u00f3r\u0105 si\u0119 zajmujemy, w kt\u00f3r\u0105 do\u015b\u0107 sporo inwestowali\u015bmy, inwestowali r\u00f3wnie\u017c najemcy lokalu mieszkalnego. Np. w latach 90 by\u0142 ca\u0142kowicie wyremontowany i przebudowany strych przeznaczony na pomieszczenia mieszkalne. Je\u015bli dosz\u0142o do posiadania zale\u017cnego, czyli w pewnym momencie skarb pa\u0144stwa przej\u0105\u0142 w zarz\u0105d t\u0119 nieruchomo\u015b\u0107, no to trudno. Posiadanie zale\u017cne wyklucza samoistno\u015b\u0107 posiadania. Natomiast mam pytanie, czy ma pani dokument \u015bwiadcz\u0105cy o posiadaniu zale\u017cnym? <\/em> &#8211; ponowi\u0142 pytanie radny PiS.<\/p>\n<p><em>Nie<\/em> \u2013 odpowiedzia\u0142a urz\u0119dniczka. <em>Czyli mogliby\u015bmy wyst\u0105pi\u0107 jako posiadacz samoistny o przej\u0119cie prawa w\u0142asno\u015bci <\/em>\u2013 skonkludowa\u0142 radny Kosturkiewicz. <\/p>\n<p><em>My\u015bl\u0119, panie burmistrzu, \u017ce nale\u017cy tej sprawie si\u0119 przygl\u0105dn\u0105\u0107. Skoro miasto czerpie z tego zyski, prosi\u0142bym \u017ceby odpowiednie s\u0142u\u017cby czuwa\u0142y nad t\u0105 kamienic\u0105 <\/em>\u2013 powiedzia\u0142 przewodnicz\u0105cy rady miejskiej Kazimierz \u015acis\u0142o. <\/p>\n<p>Radny Bogdan Kosturkiewicz zawnioskowa\u0142, aby na najbli\u017cszym posiedzeniu komisji gospodarki komunalnej przyjrze\u0107 si\u0119 sprawie. <\/p>\n","protected":false},"excerpt":{"rendered":"<p>W trakcie czwartkowej sesji radny Bogdan Kosturkiewicz zada\u0142 kilka pyta\u0144 o stan prawny kamienicy przy ul. Solnej 1. Chodzi o budynek stoj\u0105cy naprzeciwko szybu Sutoris. Obecnie trwa post\u0119powanie maj\u0105ce na celu ustalenie spadkobierc\u00f3w nieruchomo\u015bci. <\/p>\n","protected":false},"author":2,"featured_media":104571,"comment_status":"open","ping_status":"closed","sticky":true,"template":"","format":"standard","meta":{"_acf_changed":false,"footnotes":""},"categories":[5,6251,6250],"tags":[17171,17294,13567,17295,1712],"class_list":["post-104566","post","type-post","status-publish","format-standard","has-post-thumbnail","hentry","category-biezace-wydarzenia","category-polityka-i-wydarzenia","category-tematyka","tag-bogdan-kosturkiewicz","tag-kamienica","tag-solna-1","tag-wladyslaw-wlodarczyk","tag-zasiedzenie","main_tag-kamienica"],"acf":[],"yoast_head":"<!-- This site is optimized with the Yoast SEO plugin v26.9 - https:\/\/yoast.com\/product\/yoast-seo-wordpress\/ -->\n<title>Miasto traci kamienic\u0119 przy Solnej 1? - mojabochnia.pl - portal informacyjny<\/title>\n<meta name=\"robots\" content=\"index, follow, max-snippet:-1, max-image-preview:large, max-video-preview:-1\" \/>\n<link rel=\"canonical\" href=\"https:\/\/www.mojabochnia.pl\/?p=104566\" \/>\n<meta property=\"og:locale\" content=\"pl_PL\" \/>\n<meta property=\"og:type\" content=\"article\" \/>\n<meta property=\"og:title\" content=\"Miasto traci kamienic\u0119 przy Solnej 1? - mojabochnia.pl - portal informacyjny\" \/>\n<meta property=\"og:description\" content=\"W trakcie czwartkowej sesji radny Bogdan Kosturkiewicz zada\u0142 kilka pyta\u0144 o stan prawny kamienicy przy ul. Solnej 1. Chodzi o budynek stoj\u0105cy naprzeciwko szybu Sutoris. Obecnie trwa post\u0119powanie maj\u0105ce na celu ustalenie spadkobierc\u00f3w nieruchomo\u015bci.\" \/>\n<meta property=\"og:url\" content=\"https:\/\/www.mojabochnia.pl\/?p=104566\" \/>\n<meta property=\"og:site_name\" content=\"mojabochnia.pl - portal informacyjny\" \/>\n<meta property=\"article:publisher\" content=\"https:\/\/www.facebook.com\/mojabochnia\" \/>\n<meta property=\"article:published_time\" content=\"2014-01-31T10:13:25+00:00\" \/>\n<meta property=\"article:modified_time\" content=\"2014-01-31T16:15:44+00:00\" \/>\n<meta property=\"og:image\" content=\"https:\/\/www.mojabochnia.pl\/wp-content\/uploads\/2014\/01\/IMG_0016.jpg\" \/>\n\t<meta property=\"og:image:width\" content=\"660\" \/>\n\t<meta property=\"og:image:height\" content=\"371\" \/>\n\t<meta property=\"og:image:type\" content=\"image\/jpeg\" \/>\n<meta name=\"author\" content=\"Jacek Kucharski\" \/>\n<meta name=\"twitter:card\" content=\"summary_large_image\" \/>\n<meta name=\"twitter:label1\" content=\"Written by\" \/>\n\t<meta name=\"twitter:data1\" content=\"Jacek Kucharski\" \/>\n\t<meta name=\"twitter:label2\" content=\"Est. reading time\" \/>\n\t<meta name=\"twitter:data2\" content=\"4 minuty\" \/>\n<script type=\"application\/ld+json\" class=\"yoast-schema-graph\">{\"@context\":\"https:\/\/schema.org\",\"@graph\":[{\"@type\":\"Article\",\"@id\":\"https:\/\/www.mojabochnia.pl\/?p=104566#article\",\"isPartOf\":{\"@id\":\"https:\/\/www.mojabochnia.pl\/?p=104566\"},\"author\":{\"name\":\"Jacek Kucharski\",\"@id\":\"https:\/\/www.mojabochnia.pl\/#\/schema\/person\/cbf2046fc62995d3796f0c0160613698\"},\"headline\":\"Miasto traci kamienic\u0119 przy Solnej 1?\",\"datePublished\":\"2014-01-31T10:13:25+00:00\",\"dateModified\":\"2014-01-31T16:15:44+00:00\",\"mainEntityOfPage\":{\"@id\":\"https:\/\/www.mojabochnia.pl\/?p=104566\"},\"wordCount\":764,\"commentCount\":0,\"publisher\":{\"@id\":\"https:\/\/www.mojabochnia.pl\/#organization\"},\"image\":{\"@id\":\"https:\/\/www.mojabochnia.pl\/?p=104566#primaryimage\"},\"thumbnailUrl\":\"https:\/\/www.mojabochnia.pl\/wp-content\/uploads\/2014\/01\/IMG_0016.jpg\",\"keywords\":[\"bogdan kosturkiewicz\",\"kamienica\",\"solna 1\",\"w\u0142adys\u0142aw w\u0142odarczyk\",\"zasiedzenie\"],\"articleSection\":[\"2_ostatnie\",\"polityka i wydarzenia\",\"tematyka\"],\"inLanguage\":\"pl-PL\",\"potentialAction\":[{\"@type\":\"CommentAction\",\"name\":\"Comment\",\"target\":[\"https:\/\/www.mojabochnia.pl\/?p=104566#respond\"]}]},{\"@type\":\"WebPage\",\"@id\":\"https:\/\/www.mojabochnia.pl\/?p=104566\",\"url\":\"https:\/\/www.mojabochnia.pl\/?p=104566\",\"name\":\"Miasto traci kamienic\u0119 przy Solnej 1? - mojabochnia.pl - portal informacyjny\",\"isPartOf\":{\"@id\":\"https:\/\/www.mojabochnia.pl\/#website\"},\"primaryImageOfPage\":{\"@id\":\"https:\/\/www.mojabochnia.pl\/?p=104566#primaryimage\"},\"image\":{\"@id\":\"https:\/\/www.mojabochnia.pl\/?p=104566#primaryimage\"},\"thumbnailUrl\":\"https:\/\/www.mojabochnia.pl\/wp-content\/uploads\/2014\/01\/IMG_0016.jpg\",\"datePublished\":\"2014-01-31T10:13:25+00:00\",\"dateModified\":\"2014-01-31T16:15:44+00:00\",\"breadcrumb\":{\"@id\":\"https:\/\/www.mojabochnia.pl\/?p=104566#breadcrumb\"},\"inLanguage\":\"pl-PL\",\"potentialAction\":[{\"@type\":\"ReadAction\",\"target\":[\"https:\/\/www.mojabochnia.pl\/?p=104566\"]}]},{\"@type\":\"ImageObject\",\"inLanguage\":\"pl-PL\",\"@id\":\"https:\/\/www.mojabochnia.pl\/?p=104566#primaryimage\",\"url\":\"https:\/\/www.mojabochnia.pl\/wp-content\/uploads\/2014\/01\/IMG_0016.jpg\",\"contentUrl\":\"https:\/\/www.mojabochnia.pl\/wp-content\/uploads\/2014\/01\/IMG_0016.jpg\",\"width\":660,\"height\":371,\"caption\":\"Aleksandra Stolarczyk\"},{\"@type\":\"BreadcrumbList\",\"@id\":\"https:\/\/www.mojabochnia.pl\/?p=104566#breadcrumb\",\"itemListElement\":[{\"@type\":\"ListItem\",\"position\":1,\"name\":\"Home\",\"item\":\"https:\/\/www.mojabochnia.pl\/\"},{\"@type\":\"ListItem\",\"position\":2,\"name\":\"Miasto traci kamienic\u0119 przy Solnej 1?\"}]},{\"@type\":\"WebSite\",\"@id\":\"https:\/\/www.mojabochnia.pl\/#website\",\"url\":\"https:\/\/www.mojabochnia.pl\/\",\"name\":\"mojabochnia.pl - portal informacyjny\",\"description\":\"mojaBochnia to portal informacyjny o Bochni. Codziennie o Bochni piszemy i pokazujemy najwa\u017cniejsze wydarzenia\",\"publisher\":{\"@id\":\"https:\/\/www.mojabochnia.pl\/#organization\"},\"potentialAction\":[{\"@type\":\"SearchAction\",\"target\":{\"@type\":\"EntryPoint\",\"urlTemplate\":\"https:\/\/www.mojabochnia.pl\/?s={search_term_string}\"},\"query-input\":{\"@type\":\"PropertyValueSpecification\",\"valueRequired\":true,\"valueName\":\"search_term_string\"}}],\"inLanguage\":\"pl-PL\"},{\"@type\":\"Organization\",\"@id\":\"https:\/\/www.mojabochnia.pl\/#organization\",\"name\":\"mojabochnia.pl - portal informacyjny\",\"url\":\"https:\/\/www.mojabochnia.pl\/\",\"logo\":{\"@type\":\"ImageObject\",\"inLanguage\":\"pl-PL\",\"@id\":\"https:\/\/www.mojabochnia.pl\/#\/schema\/logo\/image\/\",\"url\":\"https:\/\/www.mojabochnia.pl\/wp-content\/uploads\/2017\/08\/logo-mb-opt.png\",\"contentUrl\":\"https:\/\/www.mojabochnia.pl\/wp-content\/uploads\/2017\/08\/logo-mb-opt.png\",\"width\":250,\"height\":48,\"caption\":\"mojabochnia.pl - portal informacyjny\"},\"image\":{\"@id\":\"https:\/\/www.mojabochnia.pl\/#\/schema\/logo\/image\/\"},\"sameAs\":[\"https:\/\/www.facebook.com\/mojabochnia\"]},{\"@type\":\"Person\",\"@id\":\"https:\/\/www.mojabochnia.pl\/#\/schema\/person\/cbf2046fc62995d3796f0c0160613698\",\"name\":\"Jacek Kucharski\",\"url\":\"https:\/\/www.mojabochnia.pl\/?author=2\"}]}<\/script>\n<!-- \/ Yoast SEO plugin. -->","yoast_head_json":{"title":"Miasto traci kamienic\u0119 przy Solnej 1? - mojabochnia.pl - portal informacyjny","robots":{"index":"index","follow":"follow","max-snippet":"max-snippet:-1","max-image-preview":"max-image-preview:large","max-video-preview":"max-video-preview:-1"},"canonical":"https:\/\/www.mojabochnia.pl\/?p=104566","og_locale":"pl_PL","og_type":"article","og_title":"Miasto traci kamienic\u0119 przy Solnej 1? - mojabochnia.pl - portal informacyjny","og_description":"W trakcie czwartkowej sesji radny Bogdan Kosturkiewicz zada\u0142 kilka pyta\u0144 o stan prawny kamienicy przy ul. Solnej 1. Chodzi o budynek stoj\u0105cy naprzeciwko szybu Sutoris. Obecnie trwa post\u0119powanie maj\u0105ce na celu ustalenie spadkobierc\u00f3w nieruchomo\u015bci.","og_url":"https:\/\/www.mojabochnia.pl\/?p=104566","og_site_name":"mojabochnia.pl - portal informacyjny","article_publisher":"https:\/\/www.facebook.com\/mojabochnia","article_published_time":"2014-01-31T10:13:25+00:00","article_modified_time":"2014-01-31T16:15:44+00:00","og_image":[{"width":660,"height":371,"url":"https:\/\/www.mojabochnia.pl\/wp-content\/uploads\/2014\/01\/IMG_0016.jpg","type":"image\/jpeg"}],"author":"Jacek Kucharski","twitter_card":"summary_large_image","twitter_misc":{"Written by":"Jacek Kucharski","Est. reading time":"4 minuty"},"schema":{"@context":"https:\/\/schema.org","@graph":[{"@type":"Article","@id":"https:\/\/www.mojabochnia.pl\/?p=104566#article","isPartOf":{"@id":"https:\/\/www.mojabochnia.pl\/?p=104566"},"author":{"name":"Jacek Kucharski","@id":"https:\/\/www.mojabochnia.pl\/#\/schema\/person\/cbf2046fc62995d3796f0c0160613698"},"headline":"Miasto traci kamienic\u0119 przy Solnej 1?","datePublished":"2014-01-31T10:13:25+00:00","dateModified":"2014-01-31T16:15:44+00:00","mainEntityOfPage":{"@id":"https:\/\/www.mojabochnia.pl\/?p=104566"},"wordCount":764,"commentCount":0,"publisher":{"@id":"https:\/\/www.mojabochnia.pl\/#organization"},"image":{"@id":"https:\/\/www.mojabochnia.pl\/?p=104566#primaryimage"},"thumbnailUrl":"https:\/\/www.mojabochnia.pl\/wp-content\/uploads\/2014\/01\/IMG_0016.jpg","keywords":["bogdan kosturkiewicz","kamienica","solna 1","w\u0142adys\u0142aw w\u0142odarczyk","zasiedzenie"],"articleSection":["2_ostatnie","polityka i wydarzenia","tematyka"],"inLanguage":"pl-PL","potentialAction":[{"@type":"CommentAction","name":"Comment","target":["https:\/\/www.mojabochnia.pl\/?p=104566#respond"]}]},{"@type":"WebPage","@id":"https:\/\/www.mojabochnia.pl\/?p=104566","url":"https:\/\/www.mojabochnia.pl\/?p=104566","name":"Miasto traci kamienic\u0119 przy Solnej 1? - mojabochnia.pl - portal informacyjny","isPartOf":{"@id":"https:\/\/www.mojabochnia.pl\/#website"},"primaryImageOfPage":{"@id":"https:\/\/www.mojabochnia.pl\/?p=104566#primaryimage"},"image":{"@id":"https:\/\/www.mojabochnia.pl\/?p=104566#primaryimage"},"thumbnailUrl":"https:\/\/www.mojabochnia.pl\/wp-content\/uploads\/2014\/01\/IMG_0016.jpg","datePublished":"2014-01-31T10:13:25+00:00","dateModified":"2014-01-31T16:15:44+00:00","breadcrumb":{"@id":"https:\/\/www.mojabochnia.pl\/?p=104566#breadcrumb"},"inLanguage":"pl-PL","potentialAction":[{"@type":"ReadAction","target":["https:\/\/www.mojabochnia.pl\/?p=104566"]}]},{"@type":"ImageObject","inLanguage":"pl-PL","@id":"https:\/\/www.mojabochnia.pl\/?p=104566#primaryimage","url":"https:\/\/www.mojabochnia.pl\/wp-content\/uploads\/2014\/01\/IMG_0016.jpg","contentUrl":"https:\/\/www.mojabochnia.pl\/wp-content\/uploads\/2014\/01\/IMG_0016.jpg","width":660,"height":371,"caption":"Aleksandra Stolarczyk"},{"@type":"BreadcrumbList","@id":"https:\/\/www.mojabochnia.pl\/?p=104566#breadcrumb","itemListElement":[{"@type":"ListItem","position":1,"name":"Home","item":"https:\/\/www.mojabochnia.pl\/"},{"@type":"ListItem","position":2,"name":"Miasto traci kamienic\u0119 przy Solnej 1?"}]},{"@type":"WebSite","@id":"https:\/\/www.mojabochnia.pl\/#website","url":"https:\/\/www.mojabochnia.pl\/","name":"mojabochnia.pl - portal informacyjny","description":"mojaBochnia to portal informacyjny o Bochni. Codziennie o Bochni piszemy i pokazujemy najwa\u017cniejsze wydarzenia","publisher":{"@id":"https:\/\/www.mojabochnia.pl\/#organization"},"potentialAction":[{"@type":"SearchAction","target":{"@type":"EntryPoint","urlTemplate":"https:\/\/www.mojabochnia.pl\/?s={search_term_string}"},"query-input":{"@type":"PropertyValueSpecification","valueRequired":true,"valueName":"search_term_string"}}],"inLanguage":"pl-PL"},{"@type":"Organization","@id":"https:\/\/www.mojabochnia.pl\/#organization","name":"mojabochnia.pl - portal informacyjny","url":"https:\/\/www.mojabochnia.pl\/","logo":{"@type":"ImageObject","inLanguage":"pl-PL","@id":"https:\/\/www.mojabochnia.pl\/#\/schema\/logo\/image\/","url":"https:\/\/www.mojabochnia.pl\/wp-content\/uploads\/2017\/08\/logo-mb-opt.png","contentUrl":"https:\/\/www.mojabochnia.pl\/wp-content\/uploads\/2017\/08\/logo-mb-opt.png","width":250,"height":48,"caption":"mojabochnia.pl - portal informacyjny"},"image":{"@id":"https:\/\/www.mojabochnia.pl\/#\/schema\/logo\/image\/"},"sameAs":["https:\/\/www.facebook.com\/mojabochnia"]},{"@type":"Person","@id":"https:\/\/www.mojabochnia.pl\/#\/schema\/person\/cbf2046fc62995d3796f0c0160613698","name":"Jacek Kucharski","url":"https:\/\/www.mojabochnia.pl\/?author=2"}]}},"_links":{"self":[{"href":"https:\/\/www.mojabochnia.pl\/index.php?rest_route=\/wp\/v2\/posts\/104566","targetHints":{"allow":["GET"]}}],"collection":[{"href":"https:\/\/www.mojabochnia.pl\/index.php?rest_route=\/wp\/v2\/posts"}],"about":[{"href":"https:\/\/www.mojabochnia.pl\/index.php?rest_route=\/wp\/v2\/types\/post"}],"author":[{"embeddable":true,"href":"https:\/\/www.mojabochnia.pl\/index.php?rest_route=\/wp\/v2\/users\/2"}],"replies":[{"embeddable":true,"href":"https:\/\/www.mojabochnia.pl\/index.php?rest_route=%2Fwp%2Fv2%2Fcomments&post=104566"}],"version-history":[{"count":7,"href":"https:\/\/www.mojabochnia.pl\/index.php?rest_route=\/wp\/v2\/posts\/104566\/revisions"}],"predecessor-version":[{"id":104581,"href":"https:\/\/www.mojabochnia.pl\/index.php?rest_route=\/wp\/v2\/posts\/104566\/revisions\/104581"}],"wp:featuredmedia":[{"embeddable":true,"href":"https:\/\/www.mojabochnia.pl\/index.php?rest_route=\/wp\/v2\/media\/104571"}],"wp:attachment":[{"href":"https:\/\/www.mojabochnia.pl\/index.php?rest_route=%2Fwp%2Fv2%2Fmedia&parent=104566"}],"wp:term":[{"taxonomy":"category","embeddable":true,"href":"https:\/\/www.mojabochnia.pl\/index.php?rest_route=%2Fwp%2Fv2%2Fcategories&post=104566"},{"taxonomy":"post_tag","embeddable":true,"href":"https:\/\/www.mojabochnia.pl\/index.php?rest_route=%2Fwp%2Fv2%2Ftags&post=104566"}],"curies":[{"name":"wp","href":"https:\/\/api.w.org\/{rel}","templated":true}]}}