{"id":104529,"date":"2014-01-31T10:19:57","date_gmt":"2014-01-31T09:19:57","guid":{"rendered":"http:\/\/www.mojabochnia.pl\/?p=104529"},"modified":"2014-01-31T18:12:14","modified_gmt":"2014-01-31T17:12:14","slug":"niepelnosprawni-bawili-sie-w-starym-wisniczu","status":"publish","type":"post","link":"https:\/\/www.mojabochnia.pl\/?p=104529","title":{"rendered":"Niepe\u0142nosprawni bawili si\u0119 w Starym Wi\u015bniczu"},"content":{"rendered":"<p>Byli to podopieczni WTZ z Prosz\u00f3wek, \u0141apanowa, \u0141yszkowic, Str\u00f3\u017c, Sio\u0142kowej, Krakowa, os. G\u00f3rali, pensjonariusze \u015arodowiskowego Domu Samopomocy z Much\u00f3wki, Domu Pomocy Spo\u0142ecznej z  Bochni oraz uczniowie Specjalnego O\u015brodka Szkolno-Wychowawczego z Bochni.<\/p>\n<p>Za sprawy organizacyjne spotkania odpowiedzialny by\u0142 Warsztat Terapii Zaj\u0119ciowej z Prosz\u00f3wek. Natomiast koszty spotkania zosta\u0142y w ca\u0142o\u015bci pokryte przez Krzysztofa Ko\u0142odziejczyka przedsi\u0119biorc\u0119, a zarazem radnego Powiatu Boche\u0144skiego. W oficjalnym rozpocz\u0119ciu balu uczestniczyli: starosta Jacek Paj\u0105k i wicestarosta Tomasz Ca\u0142ka, kt\u00f3rzy podzi\u0119kowali Krzysztofowi Ko\u0142odziejczykowi za systematyczne materialne wsparcie udzielane osobom niepe\u0142nosprawnym.<\/p>\n<p><em>Organizatorzy zabawy zadbali, aby w tym dniu nikomu z bawi\u0105cych si\u0119 os\u00f3b niczego nie brakowa\u0142o. Muzyka sama porywa\u0142a do ta\u0144ca, a przygotowane pyszno\u015bci cieszy\u0142y podniebienia smakoszy. Spotkanie to na d\u0142ugo pozostanie w pami\u0119ci podopiecznych plac\u00f3wek przywo\u0142uj\u0105c pi\u0119kne wspomnienia<\/em> &#8211; m\u00f3wi Katarzyna Fija\u0142 z WTZ Prosz\u00f3wki.<\/p>\n<p><em>W imieniu os\u00f3b bior\u0105cych udzia\u0142 w tegorocznej zabawie pragniemy z\u0142o\u017cy\u0107 serdeczne podzi\u0119kowania panu Krzysztofowi Ko\u0142odziejczykowi za otwarto\u015b\u0107 i serdeczno\u015b\u0107 pod adresem os\u00f3b niepe\u0142nosprawnych. Dzi\u0119kujemy za wszystkie gesty dobroci jakich do\u015bwiadczamy z Pana strony. \u017byczymy wszystkiego co najlepsze w \u017cyciu osobistym i samych sukces\u00f3w w pracy zawodowej<\/em> &#8211; m\u00f3wi Edward Firek, kierownik WTZ w Prosz\u00f3wkach. <\/p>\n\t  \r\n\t\r\n\t    <div class=\"mb-gallery\">\r\n\t    <a href=\"https:\/\/www.mojabochnia.pl\/?attachment_id=104531\" class=\"\"><img loading=\"lazy\" decoding=\"async\" width=\"100\" height=\"56\" src=\"https:\/\/www.mojabochnia.pl\/wp-content\/uploads\/2014\/01\/zabawa-panorama-043-120x67.jpg\" class=\"attachment-100x100 size-100x100\" alt=\"\" srcset=\"https:\/\/www.mojabochnia.pl\/wp-content\/uploads\/2014\/01\/zabawa-panorama-043-120x67.jpg 120w, https:\/\/www.mojabochnia.pl\/wp-content\/uploads\/2014\/01\/zabawa-panorama-043-468x263.jpg 468w, https:\/\/www.mojabochnia.pl\/wp-content\/uploads\/2014\/01\/zabawa-panorama-043.jpg 660w\" sizes=\"auto, (max-width: 100px) 100vw, 100px\" \/><\/a><a href=\"https:\/\/www.mojabochnia.pl\/?attachment_id=104532\" class=\"\"><img loading=\"lazy\" decoding=\"async\" width=\"100\" height=\"56\" src=\"https:\/\/www.mojabochnia.pl\/wp-content\/uploads\/2014\/01\/zabawa-panorama-056-120x67.jpg\" class=\"attachment-100x100 size-100x100\" alt=\"\" srcset=\"https:\/\/www.mojabochnia.pl\/wp-content\/uploads\/2014\/01\/zabawa-panorama-056-120x67.jpg 120w, https:\/\/www.mojabochnia.pl\/wp-content\/uploads\/2014\/01\/zabawa-panorama-056-468x263.jpg 468w, https:\/\/www.mojabochnia.pl\/wp-content\/uploads\/2014\/01\/zabawa-panorama-056.jpg 660w\" sizes=\"auto, (max-width: 100px) 100vw, 100px\" \/><\/a><a href=\"https:\/\/www.mojabochnia.pl\/?attachment_id=104533\" class=\"\"><img loading=\"lazy\" decoding=\"async\" width=\"100\" height=\"56\" src=\"https:\/\/www.mojabochnia.pl\/wp-content\/uploads\/2014\/01\/zabawa-panorama-085-120x67.jpg\" class=\"attachment-100x100 size-100x100\" alt=\"\" srcset=\"https:\/\/www.mojabochnia.pl\/wp-content\/uploads\/2014\/01\/zabawa-panorama-085-120x67.jpg 120w, https:\/\/www.mojabochnia.pl\/wp-content\/uploads\/2014\/01\/zabawa-panorama-085-468x263.jpg 468w, https:\/\/www.mojabochnia.pl\/wp-content\/uploads\/2014\/01\/zabawa-panorama-085.jpg 660w\" sizes=\"auto, (max-width: 100px) 100vw, 100px\" \/><\/a><a href=\"https:\/\/www.mojabochnia.pl\/?attachment_id=104534\" class=\"\"><img loading=\"lazy\" decoding=\"async\" width=\"100\" height=\"56\" src=\"https:\/\/www.mojabochnia.pl\/wp-content\/uploads\/2014\/01\/zabawa-panorama-127-120x67.jpg\" class=\"attachment-100x100 size-100x100\" alt=\"\" srcset=\"https:\/\/www.mojabochnia.pl\/wp-content\/uploads\/2014\/01\/zabawa-panorama-127-120x67.jpg 120w, https:\/\/www.mojabochnia.pl\/wp-content\/uploads\/2014\/01\/zabawa-panorama-127-468x263.jpg 468w, https:\/\/www.mojabochnia.pl\/wp-content\/uploads\/2014\/01\/zabawa-panorama-127.jpg 660w\" sizes=\"auto, (max-width: 100px) 100vw, 100px\" \/><\/a><a href=\"https:\/\/www.mojabochnia.pl\/?attachment_id=104535\" class=\"\"><img loading=\"lazy\" decoding=\"async\" width=\"100\" height=\"56\" src=\"https:\/\/www.mojabochnia.pl\/wp-content\/uploads\/2014\/01\/zabawa-panorama-181-120x67.jpg\" class=\"attachment-100x100 size-100x100\" alt=\"\" srcset=\"https:\/\/www.mojabochnia.pl\/wp-content\/uploads\/2014\/01\/zabawa-panorama-181-120x67.jpg 120w, https:\/\/www.mojabochnia.pl\/wp-content\/uploads\/2014\/01\/zabawa-panorama-181-468x263.jpg 468w, https:\/\/www.mojabochnia.pl\/wp-content\/uploads\/2014\/01\/zabawa-panorama-181.jpg 660w\" sizes=\"auto, (max-width: 100px) 100vw, 100px\" \/><\/a><a href=\"https:\/\/www.mojabochnia.pl\/?attachment_id=104536\" class=\"\"><img loading=\"lazy\" decoding=\"async\" width=\"100\" height=\"56\" src=\"https:\/\/www.mojabochnia.pl\/wp-content\/uploads\/2014\/01\/zabawa-panorama-279-120x67.jpg\" class=\"attachment-100x100 size-100x100\" alt=\"\" srcset=\"https:\/\/www.mojabochnia.pl\/wp-content\/uploads\/2014\/01\/zabawa-panorama-279-120x67.jpg 120w, https:\/\/www.mojabochnia.pl\/wp-content\/uploads\/2014\/01\/zabawa-panorama-279-468x263.jpg 468w, https:\/\/www.mojabochnia.pl\/wp-content\/uploads\/2014\/01\/zabawa-panorama-279.jpg 660w\" sizes=\"auto, (max-width: 100px) 100vw, 100px\" \/><\/a><a href=\"https:\/\/www.mojabochnia.pl\/?attachment_id=104537\" class=\"\"><img loading=\"lazy\" decoding=\"async\" width=\"100\" height=\"56\" src=\"https:\/\/www.mojabochnia.pl\/wp-content\/uploads\/2014\/01\/zabawa-panorama-0431-120x67.jpg\" class=\"attachment-100x100 size-100x100\" alt=\"\" srcset=\"https:\/\/www.mojabochnia.pl\/wp-content\/uploads\/2014\/01\/zabawa-panorama-0431-120x67.jpg 120w, https:\/\/www.mojabochnia.pl\/wp-content\/uploads\/2014\/01\/zabawa-panorama-0431-468x263.jpg 468w, https:\/\/www.mojabochnia.pl\/wp-content\/uploads\/2014\/01\/zabawa-panorama-0431.jpg 660w\" sizes=\"auto, (max-width: 100px) 100vw, 100px\" \/><\/a><a href=\"https:\/\/www.mojabochnia.pl\/?attachment_id=104538\" class=\"\"><img loading=\"lazy\" decoding=\"async\" width=\"100\" height=\"56\" src=\"https:\/\/www.mojabochnia.pl\/wp-content\/uploads\/2014\/01\/zabawa-panorama-0561-120x67.jpg\" class=\"attachment-100x100 size-100x100\" alt=\"\" srcset=\"https:\/\/www.mojabochnia.pl\/wp-content\/uploads\/2014\/01\/zabawa-panorama-0561-120x67.jpg 120w, https:\/\/www.mojabochnia.pl\/wp-content\/uploads\/2014\/01\/zabawa-panorama-0561-468x263.jpg 468w, https:\/\/www.mojabochnia.pl\/wp-content\/uploads\/2014\/01\/zabawa-panorama-0561.jpg 660w\" sizes=\"auto, (max-width: 100px) 100vw, 100px\" \/><\/a><a href=\"https:\/\/www.mojabochnia.pl\/?attachment_id=104539\" class=\"\"><img loading=\"lazy\" decoding=\"async\" width=\"100\" height=\"56\" src=\"https:\/\/www.mojabochnia.pl\/wp-content\/uploads\/2014\/01\/zabawa-panorama-0851-120x67.jpg\" class=\"attachment-100x100 size-100x100\" alt=\"\" srcset=\"https:\/\/www.mojabochnia.pl\/wp-content\/uploads\/2014\/01\/zabawa-panorama-0851-120x67.jpg 120w, https:\/\/www.mojabochnia.pl\/wp-content\/uploads\/2014\/01\/zabawa-panorama-0851-468x263.jpg 468w, https:\/\/www.mojabochnia.pl\/wp-content\/uploads\/2014\/01\/zabawa-panorama-0851.jpg 660w\" sizes=\"auto, (max-width: 100px) 100vw, 100px\" \/><\/a><a href=\"https:\/\/www.mojabochnia.pl\/?attachment_id=104540\" class=\"\"><img loading=\"lazy\" decoding=\"async\" width=\"100\" height=\"56\" src=\"https:\/\/www.mojabochnia.pl\/wp-content\/uploads\/2014\/01\/zabawa-panorama-1271-120x67.jpg\" class=\"attachment-100x100 size-100x100\" alt=\"\" srcset=\"https:\/\/www.mojabochnia.pl\/wp-content\/uploads\/2014\/01\/zabawa-panorama-1271-120x67.jpg 120w, https:\/\/www.mojabochnia.pl\/wp-content\/uploads\/2014\/01\/zabawa-panorama-1271-468x263.jpg 468w, https:\/\/www.mojabochnia.pl\/wp-content\/uploads\/2014\/01\/zabawa-panorama-1271.jpg 660w\" sizes=\"auto, (max-width: 100px) 100vw, 100px\" \/><\/a><a href=\"https:\/\/www.mojabochnia.pl\/?attachment_id=104541\" class=\"\"><img loading=\"lazy\" decoding=\"async\" width=\"100\" height=\"56\" src=\"https:\/\/www.mojabochnia.pl\/wp-content\/uploads\/2014\/01\/zabawa-panorama-1811-120x67.jpg\" class=\"attachment-100x100 size-100x100\" alt=\"\" srcset=\"https:\/\/www.mojabochnia.pl\/wp-content\/uploads\/2014\/01\/zabawa-panorama-1811-120x67.jpg 120w, https:\/\/www.mojabochnia.pl\/wp-content\/uploads\/2014\/01\/zabawa-panorama-1811-468x263.jpg 468w, https:\/\/www.mojabochnia.pl\/wp-content\/uploads\/2014\/01\/zabawa-panorama-1811.jpg 660w\" sizes=\"auto, (max-width: 100px) 100vw, 100px\" \/><\/a><a href=\"https:\/\/www.mojabochnia.pl\/?attachment_id=104542\" class=\"\"><img loading=\"lazy\" decoding=\"async\" width=\"100\" height=\"56\" src=\"https:\/\/www.mojabochnia.pl\/wp-content\/uploads\/2014\/01\/zabawa-panorama-2791-120x67.jpg\" class=\"attachment-100x100 size-100x100\" alt=\"\" srcset=\"https:\/\/www.mojabochnia.pl\/wp-content\/uploads\/2014\/01\/zabawa-panorama-2791-120x67.jpg 120w, https:\/\/www.mojabochnia.pl\/wp-content\/uploads\/2014\/01\/zabawa-panorama-2791-468x263.jpg 468w, https:\/\/www.mojabochnia.pl\/wp-content\/uploads\/2014\/01\/zabawa-panorama-2791.jpg 660w\" sizes=\"auto, (max-width: 100px) 100vw, 100px\" \/><\/a>\t    <\/div>\r\n\t    ","protected":false},"excerpt":{"rendered":"<p>W \u015brod\u0119 29 stycznia odby\u0142a si\u0119 zabawa karnawa\u0142owa dla os\u00f3b niepe\u0142nosprawnych z Warsztat\u00f3w Terapii Zaj\u0119ciowej z terenu Ma\u0142opolski. W zabawie wzi\u0119\u0142o udzia\u0142 200 os\u00f3b.<\/p>\n","protected":false},"author":13,"featured_media":104536,"comment_status":"open","ping_status":"closed","sticky":false,"template":"","format":"standard","meta":{"_acf_changed":false,"footnotes":""},"categories":[5,6247,6246,6251,6250],"tags":[1835,17221,17499,13566],"class_list":["post-104529","post","type-post","status-publish","format-standard","has-post-thumbnail","hentry","category-biezace-wydarzenia","category-fotogaleria","category-medium","category-polityka-i-wydarzenia","category-tematyka","tag-krzysztof-kolodziejczyk","tag-niepelnosprawni","tag-wtz","tag-zabawa-karnawalowa","main_tag-niepelnosprawni"],"acf":[],"yoast_head":"<!-- This site is optimized with the Yoast SEO plugin v26.9 - https:\/\/yoast.com\/product\/yoast-seo-wordpress\/ -->\n<title>Niepe\u0142nosprawni bawili si\u0119 w Starym Wi\u015bniczu  - mojabochnia.pl - portal informacyjny<\/title>\n<meta name=\"robots\" content=\"index, follow, max-snippet:-1, max-image-preview:large, max-video-preview:-1\" \/>\n<link rel=\"canonical\" href=\"https:\/\/www.mojabochnia.pl\/?p=104529\" \/>\n<meta property=\"og:locale\" content=\"pl_PL\" \/>\n<meta property=\"og:type\" content=\"article\" \/>\n<meta property=\"og:title\" content=\"Niepe\u0142nosprawni bawili si\u0119 w Starym Wi\u015bniczu  - mojabochnia.pl - portal informacyjny\" \/>\n<meta property=\"og:description\" content=\"W \u015brod\u0119 29 stycznia odby\u0142a si\u0119 zabawa karnawa\u0142owa dla os\u00f3b niepe\u0142nosprawnych z Warsztat\u00f3w Terapii Zaj\u0119ciowej z terenu Ma\u0142opolski. W zabawie wzi\u0119\u0142o udzia\u0142 200 os\u00f3b.\" \/>\n<meta property=\"og:url\" content=\"https:\/\/www.mojabochnia.pl\/?p=104529\" \/>\n<meta property=\"og:site_name\" content=\"mojabochnia.pl - portal informacyjny\" \/>\n<meta property=\"article:publisher\" content=\"https:\/\/www.facebook.com\/mojabochnia\" \/>\n<meta property=\"article:published_time\" content=\"2014-01-31T09:19:57+00:00\" \/>\n<meta property=\"article:modified_time\" content=\"2014-01-31T17:12:14+00:00\" \/>\n<meta property=\"og:image\" content=\"https:\/\/www.mojabochnia.pl\/wp-content\/uploads\/2014\/01\/zabawa-panorama-279.jpg\" \/>\n\t<meta property=\"og:image:width\" content=\"660\" \/>\n\t<meta property=\"og:image:height\" content=\"372\" \/>\n\t<meta property=\"og:image:type\" content=\"image\/jpeg\" \/>\n<meta name=\"author\" content=\"redakcja\" \/>\n<meta name=\"twitter:card\" content=\"summary_large_image\" \/>\n<meta name=\"twitter:label1\" content=\"Written by\" \/>\n\t<meta name=\"twitter:data1\" content=\"redakcja\" \/>\n\t<meta name=\"twitter:label2\" content=\"Est. reading time\" \/>\n\t<meta name=\"twitter:data2\" content=\"1 minuta\" \/>\n<script type=\"application\/ld+json\" class=\"yoast-schema-graph\">{\"@context\":\"https:\/\/schema.org\",\"@graph\":[{\"@type\":\"Article\",\"@id\":\"https:\/\/www.mojabochnia.pl\/?p=104529#article\",\"isPartOf\":{\"@id\":\"https:\/\/www.mojabochnia.pl\/?p=104529\"},\"author\":{\"name\":\"redakcja\",\"@id\":\"https:\/\/www.mojabochnia.pl\/#\/schema\/person\/7e2f20ead9902216a3384f13606c0ab7\"},\"headline\":\"Niepe\u0142nosprawni bawili si\u0119 w Starym Wi\u015bniczu\",\"datePublished\":\"2014-01-31T09:19:57+00:00\",\"dateModified\":\"2014-01-31T17:12:14+00:00\",\"mainEntityOfPage\":{\"@id\":\"https:\/\/www.mojabochnia.pl\/?p=104529\"},\"wordCount\":237,\"commentCount\":0,\"publisher\":{\"@id\":\"https:\/\/www.mojabochnia.pl\/#organization\"},\"image\":{\"@id\":\"https:\/\/www.mojabochnia.pl\/?p=104529#primaryimage\"},\"thumbnailUrl\":\"https:\/\/www.mojabochnia.pl\/wp-content\/uploads\/2014\/01\/zabawa-panorama-279.jpg\",\"keywords\":[\"krzysztof ko\u0142odziejczyk\",\"niepe\u0142nosprawni\",\"wtz\",\"zabawa karnawa\u0142owa\"],\"articleSection\":[\"2_ostatnie\",\"fotogaleria\",\"Medium\",\"polityka i wydarzenia\",\"tematyka\"],\"inLanguage\":\"pl-PL\",\"potentialAction\":[{\"@type\":\"CommentAction\",\"name\":\"Comment\",\"target\":[\"https:\/\/www.mojabochnia.pl\/?p=104529#respond\"]}]},{\"@type\":\"WebPage\",\"@id\":\"https:\/\/www.mojabochnia.pl\/?p=104529\",\"url\":\"https:\/\/www.mojabochnia.pl\/?p=104529\",\"name\":\"Niepe\u0142nosprawni bawili si\u0119 w Starym Wi\u015bniczu - mojabochnia.pl - portal informacyjny\",\"isPartOf\":{\"@id\":\"https:\/\/www.mojabochnia.pl\/#website\"},\"primaryImageOfPage\":{\"@id\":\"https:\/\/www.mojabochnia.pl\/?p=104529#primaryimage\"},\"image\":{\"@id\":\"https:\/\/www.mojabochnia.pl\/?p=104529#primaryimage\"},\"thumbnailUrl\":\"https:\/\/www.mojabochnia.pl\/wp-content\/uploads\/2014\/01\/zabawa-panorama-279.jpg\",\"datePublished\":\"2014-01-31T09:19:57+00:00\",\"dateModified\":\"2014-01-31T17:12:14+00:00\",\"breadcrumb\":{\"@id\":\"https:\/\/www.mojabochnia.pl\/?p=104529#breadcrumb\"},\"inLanguage\":\"pl-PL\",\"potentialAction\":[{\"@type\":\"ReadAction\",\"target\":[\"https:\/\/www.mojabochnia.pl\/?p=104529\"]}]},{\"@type\":\"ImageObject\",\"inLanguage\":\"pl-PL\",\"@id\":\"https:\/\/www.mojabochnia.pl\/?p=104529#primaryimage\",\"url\":\"https:\/\/www.mojabochnia.pl\/wp-content\/uploads\/2014\/01\/zabawa-panorama-279.jpg\",\"contentUrl\":\"https:\/\/www.mojabochnia.pl\/wp-content\/uploads\/2014\/01\/zabawa-panorama-279.jpg\",\"width\":660,\"height\":372,\"caption\":\"z arch. WTZ Prosz\u00f3wki\"},{\"@type\":\"BreadcrumbList\",\"@id\":\"https:\/\/www.mojabochnia.pl\/?p=104529#breadcrumb\",\"itemListElement\":[{\"@type\":\"ListItem\",\"position\":1,\"name\":\"Home\",\"item\":\"https:\/\/www.mojabochnia.pl\/\"},{\"@type\":\"ListItem\",\"position\":2,\"name\":\"Niepe\u0142nosprawni bawili si\u0119 w Starym Wi\u015bniczu\"}]},{\"@type\":\"WebSite\",\"@id\":\"https:\/\/www.mojabochnia.pl\/#website\",\"url\":\"https:\/\/www.mojabochnia.pl\/\",\"name\":\"mojabochnia.pl - portal informacyjny\",\"description\":\"mojaBochnia to portal informacyjny o Bochni. Codziennie o Bochni piszemy i pokazujemy najwa\u017cniejsze wydarzenia\",\"publisher\":{\"@id\":\"https:\/\/www.mojabochnia.pl\/#organization\"},\"potentialAction\":[{\"@type\":\"SearchAction\",\"target\":{\"@type\":\"EntryPoint\",\"urlTemplate\":\"https:\/\/www.mojabochnia.pl\/?s={search_term_string}\"},\"query-input\":{\"@type\":\"PropertyValueSpecification\",\"valueRequired\":true,\"valueName\":\"search_term_string\"}}],\"inLanguage\":\"pl-PL\"},{\"@type\":\"Organization\",\"@id\":\"https:\/\/www.mojabochnia.pl\/#organization\",\"name\":\"mojabochnia.pl - portal informacyjny\",\"url\":\"https:\/\/www.mojabochnia.pl\/\",\"logo\":{\"@type\":\"ImageObject\",\"inLanguage\":\"pl-PL\",\"@id\":\"https:\/\/www.mojabochnia.pl\/#\/schema\/logo\/image\/\",\"url\":\"https:\/\/www.mojabochnia.pl\/wp-content\/uploads\/2017\/08\/logo-mb-opt.png\",\"contentUrl\":\"https:\/\/www.mojabochnia.pl\/wp-content\/uploads\/2017\/08\/logo-mb-opt.png\",\"width\":250,\"height\":48,\"caption\":\"mojabochnia.pl - portal informacyjny\"},\"image\":{\"@id\":\"https:\/\/www.mojabochnia.pl\/#\/schema\/logo\/image\/\"},\"sameAs\":[\"https:\/\/www.facebook.com\/mojabochnia\"]},{\"@type\":\"Person\",\"@id\":\"https:\/\/www.mojabochnia.pl\/#\/schema\/person\/7e2f20ead9902216a3384f13606c0ab7\",\"name\":\"redakcja\",\"sameAs\":[\"http:\/\/\"],\"url\":\"https:\/\/www.mojabochnia.pl\/?author=13\"}]}<\/script>\n<!-- \/ Yoast SEO plugin. -->","yoast_head_json":{"title":"Niepe\u0142nosprawni bawili si\u0119 w Starym Wi\u015bniczu  - mojabochnia.pl - portal informacyjny","robots":{"index":"index","follow":"follow","max-snippet":"max-snippet:-1","max-image-preview":"max-image-preview:large","max-video-preview":"max-video-preview:-1"},"canonical":"https:\/\/www.mojabochnia.pl\/?p=104529","og_locale":"pl_PL","og_type":"article","og_title":"Niepe\u0142nosprawni bawili si\u0119 w Starym Wi\u015bniczu  - mojabochnia.pl - portal informacyjny","og_description":"W \u015brod\u0119 29 stycznia odby\u0142a si\u0119 zabawa karnawa\u0142owa dla os\u00f3b niepe\u0142nosprawnych z Warsztat\u00f3w Terapii Zaj\u0119ciowej z terenu Ma\u0142opolski. W zabawie wzi\u0119\u0142o udzia\u0142 200 os\u00f3b.","og_url":"https:\/\/www.mojabochnia.pl\/?p=104529","og_site_name":"mojabochnia.pl - portal informacyjny","article_publisher":"https:\/\/www.facebook.com\/mojabochnia","article_published_time":"2014-01-31T09:19:57+00:00","article_modified_time":"2014-01-31T17:12:14+00:00","og_image":[{"width":660,"height":372,"url":"https:\/\/www.mojabochnia.pl\/wp-content\/uploads\/2014\/01\/zabawa-panorama-279.jpg","type":"image\/jpeg"}],"author":"redakcja","twitter_card":"summary_large_image","twitter_misc":{"Written by":"redakcja","Est. reading time":"1 minuta"},"schema":{"@context":"https:\/\/schema.org","@graph":[{"@type":"Article","@id":"https:\/\/www.mojabochnia.pl\/?p=104529#article","isPartOf":{"@id":"https:\/\/www.mojabochnia.pl\/?p=104529"},"author":{"name":"redakcja","@id":"https:\/\/www.mojabochnia.pl\/#\/schema\/person\/7e2f20ead9902216a3384f13606c0ab7"},"headline":"Niepe\u0142nosprawni bawili si\u0119 w Starym Wi\u015bniczu","datePublished":"2014-01-31T09:19:57+00:00","dateModified":"2014-01-31T17:12:14+00:00","mainEntityOfPage":{"@id":"https:\/\/www.mojabochnia.pl\/?p=104529"},"wordCount":237,"commentCount":0,"publisher":{"@id":"https:\/\/www.mojabochnia.pl\/#organization"},"image":{"@id":"https:\/\/www.mojabochnia.pl\/?p=104529#primaryimage"},"thumbnailUrl":"https:\/\/www.mojabochnia.pl\/wp-content\/uploads\/2014\/01\/zabawa-panorama-279.jpg","keywords":["krzysztof ko\u0142odziejczyk","niepe\u0142nosprawni","wtz","zabawa karnawa\u0142owa"],"articleSection":["2_ostatnie","fotogaleria","Medium","polityka i wydarzenia","tematyka"],"inLanguage":"pl-PL","potentialAction":[{"@type":"CommentAction","name":"Comment","target":["https:\/\/www.mojabochnia.pl\/?p=104529#respond"]}]},{"@type":"WebPage","@id":"https:\/\/www.mojabochnia.pl\/?p=104529","url":"https:\/\/www.mojabochnia.pl\/?p=104529","name":"Niepe\u0142nosprawni bawili si\u0119 w Starym Wi\u015bniczu - mojabochnia.pl - portal informacyjny","isPartOf":{"@id":"https:\/\/www.mojabochnia.pl\/#website"},"primaryImageOfPage":{"@id":"https:\/\/www.mojabochnia.pl\/?p=104529#primaryimage"},"image":{"@id":"https:\/\/www.mojabochnia.pl\/?p=104529#primaryimage"},"thumbnailUrl":"https:\/\/www.mojabochnia.pl\/wp-content\/uploads\/2014\/01\/zabawa-panorama-279.jpg","datePublished":"2014-01-31T09:19:57+00:00","dateModified":"2014-01-31T17:12:14+00:00","breadcrumb":{"@id":"https:\/\/www.mojabochnia.pl\/?p=104529#breadcrumb"},"inLanguage":"pl-PL","potentialAction":[{"@type":"ReadAction","target":["https:\/\/www.mojabochnia.pl\/?p=104529"]}]},{"@type":"ImageObject","inLanguage":"pl-PL","@id":"https:\/\/www.mojabochnia.pl\/?p=104529#primaryimage","url":"https:\/\/www.mojabochnia.pl\/wp-content\/uploads\/2014\/01\/zabawa-panorama-279.jpg","contentUrl":"https:\/\/www.mojabochnia.pl\/wp-content\/uploads\/2014\/01\/zabawa-panorama-279.jpg","width":660,"height":372,"caption":"z arch. WTZ Prosz\u00f3wki"},{"@type":"BreadcrumbList","@id":"https:\/\/www.mojabochnia.pl\/?p=104529#breadcrumb","itemListElement":[{"@type":"ListItem","position":1,"name":"Home","item":"https:\/\/www.mojabochnia.pl\/"},{"@type":"ListItem","position":2,"name":"Niepe\u0142nosprawni bawili si\u0119 w Starym Wi\u015bniczu"}]},{"@type":"WebSite","@id":"https:\/\/www.mojabochnia.pl\/#website","url":"https:\/\/www.mojabochnia.pl\/","name":"mojabochnia.pl - portal informacyjny","description":"mojaBochnia to portal informacyjny o Bochni. Codziennie o Bochni piszemy i pokazujemy najwa\u017cniejsze wydarzenia","publisher":{"@id":"https:\/\/www.mojabochnia.pl\/#organization"},"potentialAction":[{"@type":"SearchAction","target":{"@type":"EntryPoint","urlTemplate":"https:\/\/www.mojabochnia.pl\/?s={search_term_string}"},"query-input":{"@type":"PropertyValueSpecification","valueRequired":true,"valueName":"search_term_string"}}],"inLanguage":"pl-PL"},{"@type":"Organization","@id":"https:\/\/www.mojabochnia.pl\/#organization","name":"mojabochnia.pl - portal informacyjny","url":"https:\/\/www.mojabochnia.pl\/","logo":{"@type":"ImageObject","inLanguage":"pl-PL","@id":"https:\/\/www.mojabochnia.pl\/#\/schema\/logo\/image\/","url":"https:\/\/www.mojabochnia.pl\/wp-content\/uploads\/2017\/08\/logo-mb-opt.png","contentUrl":"https:\/\/www.mojabochnia.pl\/wp-content\/uploads\/2017\/08\/logo-mb-opt.png","width":250,"height":48,"caption":"mojabochnia.pl - portal informacyjny"},"image":{"@id":"https:\/\/www.mojabochnia.pl\/#\/schema\/logo\/image\/"},"sameAs":["https:\/\/www.facebook.com\/mojabochnia"]},{"@type":"Person","@id":"https:\/\/www.mojabochnia.pl\/#\/schema\/person\/7e2f20ead9902216a3384f13606c0ab7","name":"redakcja","sameAs":["http:\/\/"],"url":"https:\/\/www.mojabochnia.pl\/?author=13"}]}},"_links":{"self":[{"href":"https:\/\/www.mojabochnia.pl\/index.php?rest_route=\/wp\/v2\/posts\/104529","targetHints":{"allow":["GET"]}}],"collection":[{"href":"https:\/\/www.mojabochnia.pl\/index.php?rest_route=\/wp\/v2\/posts"}],"about":[{"href":"https:\/\/www.mojabochnia.pl\/index.php?rest_route=\/wp\/v2\/types\/post"}],"author":[{"embeddable":true,"href":"https:\/\/www.mojabochnia.pl\/index.php?rest_route=\/wp\/v2\/users\/13"}],"replies":[{"embeddable":true,"href":"https:\/\/www.mojabochnia.pl\/index.php?rest_route=%2Fwp%2Fv2%2Fcomments&post=104529"}],"version-history":[{"count":2,"href":"https:\/\/www.mojabochnia.pl\/index.php?rest_route=\/wp\/v2\/posts\/104529\/revisions"}],"predecessor-version":[{"id":104583,"href":"https:\/\/www.mojabochnia.pl\/index.php?rest_route=\/wp\/v2\/posts\/104529\/revisions\/104583"}],"wp:featuredmedia":[{"embeddable":true,"href":"https:\/\/www.mojabochnia.pl\/index.php?rest_route=\/wp\/v2\/media\/104536"}],"wp:attachment":[{"href":"https:\/\/www.mojabochnia.pl\/index.php?rest_route=%2Fwp%2Fv2%2Fmedia&parent=104529"}],"wp:term":[{"taxonomy":"category","embeddable":true,"href":"https:\/\/www.mojabochnia.pl\/index.php?rest_route=%2Fwp%2Fv2%2Fcategories&post=104529"},{"taxonomy":"post_tag","embeddable":true,"href":"https:\/\/www.mojabochnia.pl\/index.php?rest_route=%2Fwp%2Fv2%2Ftags&post=104529"}],"curies":[{"name":"wp","href":"https:\/\/api.w.org\/{rel}","templated":true}]}}