{"id":104206,"date":"2014-01-26T19:14:45","date_gmt":"2014-01-26T18:14:45","guid":{"rendered":"http:\/\/www.mojabochnia.pl\/?p=104206"},"modified":"2014-01-26T19:14:45","modified_gmt":"2014-01-26T18:14:45","slug":"refleksje-na-niedziele-grzech-rozlamu","status":"publish","type":"post","link":"https:\/\/www.mojabochnia.pl\/?p=104206","title":{"rendered":"Refleksje na niedziel\u0119: Grzech roz\u0142amu"},"content":{"rendered":"<p>Ko\u0144czy si\u0119 w\u0142a\u015bnie w ko\u015bciele tydzie\u0144 modlitw o jedno\u015b\u0107 chrze\u015bcijan. Gdy go obchodzimy, to przede wszystkim przychodz\u0105 nam na my\u015bl historyczne roz\u0142amy chrze\u015bcija\u0144stwa: rok 1054 i 1517. Obydwa te roz\u0142amy mia\u0142y wiele przyczyn. Ale jedna z nich si\u0119 powtarza \u2013 pyszne przekonanie o w\u0142asnej wy\u017cszo\u015bci nad oponentem. A \u015bw. Pawe\u0142 pisa\u0142: \u201eUpominam was, bracia, w imi\u0119 Pana naszego Jezusa Chrystusa, aby\u015bcie byli zgodni, i by nie by\u0142o w\u015br\u00f3d was roz\u0142am\u00f3w\u201d. Adresaci listu do Koryntian m\u00f3wili mi\u0119dzy sob\u0105:  \u201eJa jestem Paw\u0142a, a ja Apollosa; ja jestem Kefasa, a ja Chrystusa\u201d. Czym\u017ce s\u0105 te s\u0142owa jak nie przejawem pychy, por\u00f3wnywaniem si\u0119 i pr\u00f3b\u0105 licytacji? Nie na darmo pycha znajduje si\u0119 na li\u015bcie siedmiu grzech\u00f3w g\u0142\u00f3wnych. Wielokrotnie by\u0142a ona czynnikiem niszcz\u0105cym zbawcz\u0105 dzia\u0142alno\u015b\u0107 Ko\u015bcio\u0142a.<\/p>\n<p>Jednak roz\u0142amy to nie tylko historia. Pycha i deprecjacja innych (uwa\u017canie ich za gorszych) to r\u00f3wnie\u017c grzech naszej codzienno\u015bci.  \u201eNar\u00f3d krocz\u0105cy w ciemno\u015bciach ujrza\u0142 \u015bwiat\u0142o\u015b\u0107 wielk\u0105; nad mieszka\u0144cami kraju mrok\u00f3w \u015bwiat\u0142o zab\u0142ys\u0142o. Pomno\u017cy\u0142e\u015b rado\u015b\u0107, zwi\u0119kszy\u0142e\u015b wesele\u201d. Te s\u0142owa sta\u0142y si\u0119 faktem dzi\u0119ki zbawczej misji Chrystusa i dzi\u0119ki temu, \u017ce jest ona kontynuowana w Ko\u015bciele. Ka\u017cdy z nas by\u0142 cz\u0142owiekiem krocz\u0105cym w ciemno\u015bci. Ale dzi\u0119ki Chrystusowi nie jeste\u015bmy \u2013 bo On jest naszym \u015bwiat\u0142em. Ko\u015bci\u00f3\u0142 niesie to \u015bwiat\u0142o przez \u015bwiat i histori\u0119. Ale grzech zgorszenia, jakim s\u0105 roz\u0142amy, cz\u0119sto utrudnia t\u0119 misj\u0119. Dlatego u schy\u0142ku tygodnia modlitw mo\u017ce warto postawi\u0107 sobie pytanie czy ja nie jestem pyszny? A mo\u017ce ja uwa\u017cam kogo\u015b za gorszego od siebie, bo na przyk\u0142ad ma inne pogl\u0105dy ni\u017c moje? A mo\u017ce z tego powodu nazwa\u0142em kogo\u015b Judaszem, albo zdrajc\u0105 (cho\u0107by w my\u015blach)?<\/p>\n<p>\tPan Jezus zacz\u0105\u0142 swoje nauczanie od s\u0142\u00f3w \u201eNawracajcie si\u0119, albowiem bliskie jest Kr\u00f3lestwo niebieskie\u201d. To jest jedyna droga, zacz\u0105\u0107 od w\u0142asnego nawr\u00f3cenia. Wr\u00f3ci\u0107 do Ewangelii i na nowo zacz\u0105\u0107 ni\u0105 \u017cy\u0107. Nie komentarzem do komentarza, ale S\u0142owem Jezusa. \u201eCzy\u017c Chrystus jest podzielony? Czy\u017c Pawe\u0142 zosta\u0142 za was ukrzy\u017cowany? Czy\u017c w imi\u0119 Paw\u0142a zostali\u015bcie ochrzczeni\u201d. O jak\u017ce za wielk\u0105 cen\u0119 zostali\u015bmy odkupieni.<\/p>\n","protected":false},"excerpt":{"rendered":"<p>W przeddzie\u0144 ofiary krzy\u017cowej sam Jezus modli si\u0119 do Ojca za swoich uczni\u00f3w i za wszystkich wierz\u0105cych w Niego, aby byli jedno, jedn\u0105 \u017cyw\u0105 wsp\u00f3lnot\u0105. Wynika st\u0105d nie tylko obowi\u0105zek d\u0105\u017cenia do jedno\u015bci, ale tak\u017ce odpowiedzialno\u015b\u0107 wobec Boga i wobec Jego zamys\u0142u, spoczywaj\u0105ca na tych, kt\u00f3rzy przez Chrzest staj\u0105 si\u0119 Cia\u0142em Chrystusa \u2014 Cia\u0142em, w kt\u00f3rym winny si\u0119 w pe\u0142ni urzeczywistnia\u0107 pojednanie i komunia. <\/p>\n","protected":false},"author":1165,"featured_media":0,"comment_status":"open","ping_status":"closed","sticky":false,"template":"","format":"standard","meta":{"_acf_changed":false,"footnotes":""},"categories":[5,6250,1342],"tags":[17844,8330,17834,17365],"class_list":["post-104206","post","type-post","status-publish","format-standard","hentry","category-biezace-wydarzenia","category-tematyka","category-zycie-religijne","tag-jezus","tag-refleksja-na-niedziele","tag-refleksje","tag-wiara","main_tag-refleksje-na-niedziele"],"acf":[],"yoast_head":"<!-- This site is optimized with the Yoast SEO plugin v26.9 - https:\/\/yoast.com\/product\/yoast-seo-wordpress\/ -->\n<title>Refleksje na niedziel\u0119: Grzech roz\u0142amu - mojabochnia.pl - portal informacyjny<\/title>\n<meta name=\"robots\" content=\"index, follow, max-snippet:-1, max-image-preview:large, max-video-preview:-1\" \/>\n<link rel=\"canonical\" href=\"https:\/\/www.mojabochnia.pl\/?p=104206\" \/>\n<meta property=\"og:locale\" content=\"pl_PL\" \/>\n<meta property=\"og:type\" content=\"article\" \/>\n<meta property=\"og:title\" content=\"Refleksje na niedziel\u0119: Grzech roz\u0142amu - mojabochnia.pl - portal informacyjny\" \/>\n<meta property=\"og:description\" content=\"W przeddzie\u0144 ofiary krzy\u017cowej sam Jezus modli si\u0119 do Ojca za swoich uczni\u00f3w i za wszystkich wierz\u0105cych w Niego, aby byli jedno, jedn\u0105 \u017cyw\u0105 wsp\u00f3lnot\u0105. Wynika st\u0105d nie tylko obowi\u0105zek d\u0105\u017cenia do jedno\u015bci, ale tak\u017ce odpowiedzialno\u015b\u0107 wobec Boga i wobec Jego zamys\u0142u, spoczywaj\u0105ca na tych, kt\u00f3rzy przez Chrzest staj\u0105 si\u0119 Cia\u0142em Chrystusa \u2014 Cia\u0142em, w kt\u00f3rym winny si\u0119 w pe\u0142ni urzeczywistnia\u0107 pojednanie i komunia.\" \/>\n<meta property=\"og:url\" content=\"https:\/\/www.mojabochnia.pl\/?p=104206\" \/>\n<meta property=\"og:site_name\" content=\"mojabochnia.pl - portal informacyjny\" \/>\n<meta property=\"article:publisher\" content=\"https:\/\/www.facebook.com\/mojabochnia\" \/>\n<meta property=\"article:published_time\" content=\"2014-01-26T18:14:45+00:00\" \/>\n<meta name=\"author\" content=\"Grzegorz P. Bronowski\" \/>\n<meta name=\"twitter:card\" content=\"summary_large_image\" \/>\n<meta name=\"twitter:label1\" content=\"Written by\" \/>\n\t<meta name=\"twitter:data1\" content=\"Grzegorz P. Bronowski\" \/>\n\t<meta name=\"twitter:label2\" content=\"Est. reading time\" \/>\n\t<meta name=\"twitter:data2\" content=\"2 minuty\" \/>\n<script type=\"application\/ld+json\" class=\"yoast-schema-graph\">{\"@context\":\"https:\/\/schema.org\",\"@graph\":[{\"@type\":\"Article\",\"@id\":\"https:\/\/www.mojabochnia.pl\/?p=104206#article\",\"isPartOf\":{\"@id\":\"https:\/\/www.mojabochnia.pl\/?p=104206\"},\"author\":{\"name\":\"Grzegorz P. Bronowski\",\"@id\":\"https:\/\/www.mojabochnia.pl\/#\/schema\/person\/e69284965a8b760e6471c06218b14017\"},\"headline\":\"Refleksje na niedziel\u0119: Grzech roz\u0142amu\",\"datePublished\":\"2014-01-26T18:14:45+00:00\",\"mainEntityOfPage\":{\"@id\":\"https:\/\/www.mojabochnia.pl\/?p=104206\"},\"wordCount\":409,\"commentCount\":0,\"publisher\":{\"@id\":\"https:\/\/www.mojabochnia.pl\/#organization\"},\"keywords\":[\"jezus\",\"refleksja na niedziel\u0119\",\"refleksje\",\"wiara\"],\"articleSection\":[\"2_ostatnie\",\"tematyka\",\"\u017bycie religijne\"],\"inLanguage\":\"pl-PL\",\"potentialAction\":[{\"@type\":\"CommentAction\",\"name\":\"Comment\",\"target\":[\"https:\/\/www.mojabochnia.pl\/?p=104206#respond\"]}]},{\"@type\":\"WebPage\",\"@id\":\"https:\/\/www.mojabochnia.pl\/?p=104206\",\"url\":\"https:\/\/www.mojabochnia.pl\/?p=104206\",\"name\":\"Refleksje na niedziel\u0119: Grzech roz\u0142amu - mojabochnia.pl - portal informacyjny\",\"isPartOf\":{\"@id\":\"https:\/\/www.mojabochnia.pl\/#website\"},\"datePublished\":\"2014-01-26T18:14:45+00:00\",\"breadcrumb\":{\"@id\":\"https:\/\/www.mojabochnia.pl\/?p=104206#breadcrumb\"},\"inLanguage\":\"pl-PL\",\"potentialAction\":[{\"@type\":\"ReadAction\",\"target\":[\"https:\/\/www.mojabochnia.pl\/?p=104206\"]}]},{\"@type\":\"BreadcrumbList\",\"@id\":\"https:\/\/www.mojabochnia.pl\/?p=104206#breadcrumb\",\"itemListElement\":[{\"@type\":\"ListItem\",\"position\":1,\"name\":\"Home\",\"item\":\"https:\/\/www.mojabochnia.pl\/\"},{\"@type\":\"ListItem\",\"position\":2,\"name\":\"Refleksje na niedziel\u0119: Grzech roz\u0142amu\"}]},{\"@type\":\"WebSite\",\"@id\":\"https:\/\/www.mojabochnia.pl\/#website\",\"url\":\"https:\/\/www.mojabochnia.pl\/\",\"name\":\"mojabochnia.pl - portal informacyjny\",\"description\":\"mojaBochnia to portal informacyjny o Bochni. Codziennie o Bochni piszemy i pokazujemy najwa\u017cniejsze wydarzenia\",\"publisher\":{\"@id\":\"https:\/\/www.mojabochnia.pl\/#organization\"},\"potentialAction\":[{\"@type\":\"SearchAction\",\"target\":{\"@type\":\"EntryPoint\",\"urlTemplate\":\"https:\/\/www.mojabochnia.pl\/?s={search_term_string}\"},\"query-input\":{\"@type\":\"PropertyValueSpecification\",\"valueRequired\":true,\"valueName\":\"search_term_string\"}}],\"inLanguage\":\"pl-PL\"},{\"@type\":\"Organization\",\"@id\":\"https:\/\/www.mojabochnia.pl\/#organization\",\"name\":\"mojabochnia.pl - portal informacyjny\",\"url\":\"https:\/\/www.mojabochnia.pl\/\",\"logo\":{\"@type\":\"ImageObject\",\"inLanguage\":\"pl-PL\",\"@id\":\"https:\/\/www.mojabochnia.pl\/#\/schema\/logo\/image\/\",\"url\":\"https:\/\/www.mojabochnia.pl\/wp-content\/uploads\/2017\/08\/logo-mb-opt.png\",\"contentUrl\":\"https:\/\/www.mojabochnia.pl\/wp-content\/uploads\/2017\/08\/logo-mb-opt.png\",\"width\":250,\"height\":48,\"caption\":\"mojabochnia.pl - portal informacyjny\"},\"image\":{\"@id\":\"https:\/\/www.mojabochnia.pl\/#\/schema\/logo\/image\/\"},\"sameAs\":[\"https:\/\/www.facebook.com\/mojabochnia\"]},{\"@type\":\"Person\",\"@id\":\"https:\/\/www.mojabochnia.pl\/#\/schema\/person\/e69284965a8b760e6471c06218b14017\",\"name\":\"Grzegorz P. Bronowski\",\"url\":\"https:\/\/www.mojabochnia.pl\/?author=1165\"}]}<\/script>\n<!-- \/ Yoast SEO plugin. -->","yoast_head_json":{"title":"Refleksje na niedziel\u0119: Grzech roz\u0142amu - mojabochnia.pl - portal informacyjny","robots":{"index":"index","follow":"follow","max-snippet":"max-snippet:-1","max-image-preview":"max-image-preview:large","max-video-preview":"max-video-preview:-1"},"canonical":"https:\/\/www.mojabochnia.pl\/?p=104206","og_locale":"pl_PL","og_type":"article","og_title":"Refleksje na niedziel\u0119: Grzech roz\u0142amu - mojabochnia.pl - portal informacyjny","og_description":"W przeddzie\u0144 ofiary krzy\u017cowej sam Jezus modli si\u0119 do Ojca za swoich uczni\u00f3w i za wszystkich wierz\u0105cych w Niego, aby byli jedno, jedn\u0105 \u017cyw\u0105 wsp\u00f3lnot\u0105. Wynika st\u0105d nie tylko obowi\u0105zek d\u0105\u017cenia do jedno\u015bci, ale tak\u017ce odpowiedzialno\u015b\u0107 wobec Boga i wobec Jego zamys\u0142u, spoczywaj\u0105ca na tych, kt\u00f3rzy przez Chrzest staj\u0105 si\u0119 Cia\u0142em Chrystusa \u2014 Cia\u0142em, w kt\u00f3rym winny si\u0119 w pe\u0142ni urzeczywistnia\u0107 pojednanie i komunia.","og_url":"https:\/\/www.mojabochnia.pl\/?p=104206","og_site_name":"mojabochnia.pl - portal informacyjny","article_publisher":"https:\/\/www.facebook.com\/mojabochnia","article_published_time":"2014-01-26T18:14:45+00:00","author":"Grzegorz P. Bronowski","twitter_card":"summary_large_image","twitter_misc":{"Written by":"Grzegorz P. Bronowski","Est. reading time":"2 minuty"},"schema":{"@context":"https:\/\/schema.org","@graph":[{"@type":"Article","@id":"https:\/\/www.mojabochnia.pl\/?p=104206#article","isPartOf":{"@id":"https:\/\/www.mojabochnia.pl\/?p=104206"},"author":{"name":"Grzegorz P. Bronowski","@id":"https:\/\/www.mojabochnia.pl\/#\/schema\/person\/e69284965a8b760e6471c06218b14017"},"headline":"Refleksje na niedziel\u0119: Grzech roz\u0142amu","datePublished":"2014-01-26T18:14:45+00:00","mainEntityOfPage":{"@id":"https:\/\/www.mojabochnia.pl\/?p=104206"},"wordCount":409,"commentCount":0,"publisher":{"@id":"https:\/\/www.mojabochnia.pl\/#organization"},"keywords":["jezus","refleksja na niedziel\u0119","refleksje","wiara"],"articleSection":["2_ostatnie","tematyka","\u017bycie religijne"],"inLanguage":"pl-PL","potentialAction":[{"@type":"CommentAction","name":"Comment","target":["https:\/\/www.mojabochnia.pl\/?p=104206#respond"]}]},{"@type":"WebPage","@id":"https:\/\/www.mojabochnia.pl\/?p=104206","url":"https:\/\/www.mojabochnia.pl\/?p=104206","name":"Refleksje na niedziel\u0119: Grzech roz\u0142amu - mojabochnia.pl - portal informacyjny","isPartOf":{"@id":"https:\/\/www.mojabochnia.pl\/#website"},"datePublished":"2014-01-26T18:14:45+00:00","breadcrumb":{"@id":"https:\/\/www.mojabochnia.pl\/?p=104206#breadcrumb"},"inLanguage":"pl-PL","potentialAction":[{"@type":"ReadAction","target":["https:\/\/www.mojabochnia.pl\/?p=104206"]}]},{"@type":"BreadcrumbList","@id":"https:\/\/www.mojabochnia.pl\/?p=104206#breadcrumb","itemListElement":[{"@type":"ListItem","position":1,"name":"Home","item":"https:\/\/www.mojabochnia.pl\/"},{"@type":"ListItem","position":2,"name":"Refleksje na niedziel\u0119: Grzech roz\u0142amu"}]},{"@type":"WebSite","@id":"https:\/\/www.mojabochnia.pl\/#website","url":"https:\/\/www.mojabochnia.pl\/","name":"mojabochnia.pl - portal informacyjny","description":"mojaBochnia to portal informacyjny o Bochni. Codziennie o Bochni piszemy i pokazujemy najwa\u017cniejsze wydarzenia","publisher":{"@id":"https:\/\/www.mojabochnia.pl\/#organization"},"potentialAction":[{"@type":"SearchAction","target":{"@type":"EntryPoint","urlTemplate":"https:\/\/www.mojabochnia.pl\/?s={search_term_string}"},"query-input":{"@type":"PropertyValueSpecification","valueRequired":true,"valueName":"search_term_string"}}],"inLanguage":"pl-PL"},{"@type":"Organization","@id":"https:\/\/www.mojabochnia.pl\/#organization","name":"mojabochnia.pl - portal informacyjny","url":"https:\/\/www.mojabochnia.pl\/","logo":{"@type":"ImageObject","inLanguage":"pl-PL","@id":"https:\/\/www.mojabochnia.pl\/#\/schema\/logo\/image\/","url":"https:\/\/www.mojabochnia.pl\/wp-content\/uploads\/2017\/08\/logo-mb-opt.png","contentUrl":"https:\/\/www.mojabochnia.pl\/wp-content\/uploads\/2017\/08\/logo-mb-opt.png","width":250,"height":48,"caption":"mojabochnia.pl - portal informacyjny"},"image":{"@id":"https:\/\/www.mojabochnia.pl\/#\/schema\/logo\/image\/"},"sameAs":["https:\/\/www.facebook.com\/mojabochnia"]},{"@type":"Person","@id":"https:\/\/www.mojabochnia.pl\/#\/schema\/person\/e69284965a8b760e6471c06218b14017","name":"Grzegorz P. Bronowski","url":"https:\/\/www.mojabochnia.pl\/?author=1165"}]}},"_links":{"self":[{"href":"https:\/\/www.mojabochnia.pl\/index.php?rest_route=\/wp\/v2\/posts\/104206","targetHints":{"allow":["GET"]}}],"collection":[{"href":"https:\/\/www.mojabochnia.pl\/index.php?rest_route=\/wp\/v2\/posts"}],"about":[{"href":"https:\/\/www.mojabochnia.pl\/index.php?rest_route=\/wp\/v2\/types\/post"}],"author":[{"embeddable":true,"href":"https:\/\/www.mojabochnia.pl\/index.php?rest_route=\/wp\/v2\/users\/1165"}],"replies":[{"embeddable":true,"href":"https:\/\/www.mojabochnia.pl\/index.php?rest_route=%2Fwp%2Fv2%2Fcomments&post=104206"}],"version-history":[{"count":1,"href":"https:\/\/www.mojabochnia.pl\/index.php?rest_route=\/wp\/v2\/posts\/104206\/revisions"}],"predecessor-version":[{"id":104207,"href":"https:\/\/www.mojabochnia.pl\/index.php?rest_route=\/wp\/v2\/posts\/104206\/revisions\/104207"}],"wp:attachment":[{"href":"https:\/\/www.mojabochnia.pl\/index.php?rest_route=%2Fwp%2Fv2%2Fmedia&parent=104206"}],"wp:term":[{"taxonomy":"category","embeddable":true,"href":"https:\/\/www.mojabochnia.pl\/index.php?rest_route=%2Fwp%2Fv2%2Fcategories&post=104206"},{"taxonomy":"post_tag","embeddable":true,"href":"https:\/\/www.mojabochnia.pl\/index.php?rest_route=%2Fwp%2Fv2%2Ftags&post=104206"}],"curies":[{"name":"wp","href":"https:\/\/api.w.org\/{rel}","templated":true}]}}