{"id":103741,"date":"2014-01-15T15:38:49","date_gmt":"2014-01-15T14:38:49","guid":{"rendered":"http:\/\/www.mojabochnia.pl\/?p=103741"},"modified":"2014-01-16T12:53:52","modified_gmt":"2014-01-16T11:53:52","slug":"umowa-na-4-poziomowy-parking-w-bochni-podpisana","status":"publish","type":"post","link":"https:\/\/www.mojabochnia.pl\/?p=103741","title":{"rendered":"Umowa na 4-poziomowy parking w Bochni podpisana"},"content":{"rendered":"<p>O sprawie informowali\u015bmy ju\u017c wielokrotnie, m.in. <a href=\"http:\/\/www.mojabochnia.pl\/?p=82216\">tutaj<\/a>. 15 stycznia w Tarnowie burmistrz Stefan Kolawi\u0144ski podpisa\u0142 wraz z Romanem Ciepiel\u0105 \u2013 wicemarsza\u0142kiem wojew\u00f3dztwa ma\u0142opolskiego &#8211; pre-umow\u0119 dla projektu \u201eIntegracja transportu kolejowego z transportem zbiorowym lub prywatnym w m. Bochnia\u201d. Znajduje si\u0119 on w Indykatywnym Wykazie Indywidualnych Projekt\u00f3w Kluczowych MRPO.<\/p>\n<p>Projekt dostanie wsp\u00f3\u0142finansowanie ze \u015brodk\u00f3w europejskich w ramach Ma\u0142opolskiego Regionalnego Programu Operacyjnego na lata 2007-2013.<\/p>\n<p>Ca\u0142kowita warto\u015b\u0107 projektu:  12 632 961, 74 z\u0142<br \/>\nWysoko\u015b\u0107 dotacji:\t\t8 758 810 z\u0142 (85% koszt\u00f3w kwalifikowanych)<\/p>\n<p>W ramach inwestycji przewidziano budow\u0119 w\u0119z\u0142a integracyjnego u\u0142atwiaj\u0105cego mieszka\u0144com Bochni i przyjezdnym korzystanie z Kolei Aglomeracyjnej. W ramach w\u0119z\u0142a przewidziano budow\u0119 przede wszystkim:<\/p>\n<p>\u2022\tParkingu Park &#038; Ride  &#8211; kt\u00f3ry b\u0119dzie obiektem czteropoziomowym posiadaj\u0105cym 192 miejsca postojowe dla samochod\u00f3w osobowych,<\/p>\n<p>\u2022\tParkingu Bike &#038; Ride \u2013 tj. parkingu naziemnego z zadaszonymi stanowiskami dla 40 rower\u00f3w 24 motor\u00f3w lub skuter\u00f3w,<\/p>\n<p>\u2022\tZatok postojowych dla samochod\u00f3w osobowych (Kiss &#038; Ride), umo\u017cliwiaj\u0105cych bezkolizyjne zatrzymanie si\u0119 pojazdu podwo\u017c\u0105cego pasa\u017cera,<\/p>\n<p>\u2022\tStanowisk przyjazdowych bus\u00f3w miejskich i regionalnych.<\/p>\n<p>Burmistrz Stefan Kolawi\u0144ski uwa\u017ca, \u017ce parking rozwi\u0105\u017ce problemy dzi\u015b wyst\u0119puj\u0105ce w tej cz\u0119\u015bci Bochni. <em>Nieopodal po\u0142o\u017cona jest hala widowiskowo-sportowa, kt\u00f3ra nie ma prawdziwego zaplecza parkingowego. Wi\u0119c w sytuacji, gdy organizujemy wi\u0119ksz\u0105 imprez\u0119 sportowa czy kulturaln\u0105, mamy mo\u017cliwo\u015b\u0107 wykorzystania tego obiektu, aby samochody nie blokowa\u0142y przejazdu przez ulice s\u0105siaduj\u0105ce z dworcem kolejowym<\/em> \u2013 m\u00f3wi burmistrz. <\/p>\n<p>Projekt jest jednym z projekt\u00f3w pilota\u017cowych realizowanych w porozumieniu z Wojew\u00f3dztwem Ma\u0142opolskim, dotycz\u0105cych budowy parking\u00f3w Park &#038; Ride w ramach systemu transportu zbiorowego (regionalnego). Parkingi zostan\u0105 obj\u0119te systemem informatyczno \u2013 zarz\u0105dzaj\u0105cym budowanym przez Wojew\u00f3dztwo Ma\u0142opolskie w ramach projektu pn.: \u201eMa\u0142opolska Karta Aglomeracyjna \u2013 system zarz\u0105dzania transportem zbiorowym w Wojew\u00f3dztwie Ma\u0142opolskim\u201d (MKA).<\/p>\n<p>Efekty realizacji projektu:<\/p>\n<p>Celem realizacji przedsi\u0119wzi\u0119cia jest zwi\u0119kszenie udzia\u0142u komunikacji zbiorowej w obs\u0142udze ruchu aglomeracyjnego oraz integracj\u0119 komunikacji zbiorowej z komunikacj\u0105 indywidualn\u0105.<\/p>\n<p><em>Planowany projekt pos\u0142u\u017cy zwi\u0119kszeniu efektywno\u015bci organizacji transportu zbiorowego i przyczyni si\u0119 do rozwoju gospodarczego i spo\u0142ecznego miasta oraz wp\u0142ynie na popraw\u0119 stanu \u015brodowiska naturalnego. Utworzenie w\u0119z\u0142a przesiadkowego po\u0142o\u017conego w pobli\u017cu stacji kolejowej pozwoli zintegrowa\u0107 r\u00f3\u017cne rodzaje transportu zbiorowego<\/em> &#8211; m\u00f3wi Maciej Pi\u0105tek, szef promocji miasta.<\/p>\n<p>Na mocy pre-umowy miasto wyst\u0105pi teraz z wnioskiem o dofinansowanie unijne, a nast\u0119pnie ma zosta\u0107 og\u0142oszony przetarg na wykonanie inwestycji w trybie &#8222;zaprojektuj i wybuduj&#8221;. Termin realizacji zaplanowano na koniec 2015 r. <\/p>\n\t  \r\n\t\r\n\t    <div class=\"mb-gallery\">\r\n\t    <a href=\"https:\/\/www.mojabochnia.pl\/?attachment_id=103743\" class=\"\"><img loading=\"lazy\" decoding=\"async\" width=\"100\" height=\"56\" src=\"https:\/\/www.mojabochnia.pl\/wp-content\/uploads\/2014\/01\/2-120x67.jpg\" class=\"attachment-100x100 size-100x100\" alt=\"\" srcset=\"https:\/\/www.mojabochnia.pl\/wp-content\/uploads\/2014\/01\/2-120x67.jpg 120w, https:\/\/www.mojabochnia.pl\/wp-content\/uploads\/2014\/01\/2-468x263.jpg 468w, https:\/\/www.mojabochnia.pl\/wp-content\/uploads\/2014\/01\/2-660x371.jpg 660w, https:\/\/www.mojabochnia.pl\/wp-content\/uploads\/2014\/01\/2.jpg 800w\" sizes=\"auto, (max-width: 100px) 100vw, 100px\" \/><\/a><a href=\"https:\/\/www.mojabochnia.pl\/?attachment_id=103744\" class=\"\"><img loading=\"lazy\" decoding=\"async\" width=\"100\" height=\"56\" src=\"https:\/\/www.mojabochnia.pl\/wp-content\/uploads\/2014\/01\/3-120x67.jpg\" class=\"attachment-100x100 size-100x100\" alt=\"\" srcset=\"https:\/\/www.mojabochnia.pl\/wp-content\/uploads\/2014\/01\/3-120x67.jpg 120w, https:\/\/www.mojabochnia.pl\/wp-content\/uploads\/2014\/01\/3-468x263.jpg 468w, https:\/\/www.mojabochnia.pl\/wp-content\/uploads\/2014\/01\/3-660x371.jpg 660w, https:\/\/www.mojabochnia.pl\/wp-content\/uploads\/2014\/01\/3.jpg 800w\" sizes=\"auto, (max-width: 100px) 100vw, 100px\" \/><\/a><a href=\"https:\/\/www.mojabochnia.pl\/?attachment_id=103745\" class=\"\"><img loading=\"lazy\" decoding=\"async\" width=\"100\" height=\"56\" src=\"https:\/\/www.mojabochnia.pl\/wp-content\/uploads\/2014\/01\/4-120x67.jpg\" class=\"attachment-100x100 size-100x100\" alt=\"\" srcset=\"https:\/\/www.mojabochnia.pl\/wp-content\/uploads\/2014\/01\/4-120x67.jpg 120w, https:\/\/www.mojabochnia.pl\/wp-content\/uploads\/2014\/01\/4-468x263.jpg 468w, https:\/\/www.mojabochnia.pl\/wp-content\/uploads\/2014\/01\/4-660x371.jpg 660w, https:\/\/www.mojabochnia.pl\/wp-content\/uploads\/2014\/01\/4.jpg 800w\" sizes=\"auto, (max-width: 100px) 100vw, 100px\" \/><\/a><a href=\"https:\/\/www.mojabochnia.pl\/?attachment_id=103746\" class=\"\"><img loading=\"lazy\" decoding=\"async\" width=\"100\" height=\"56\" src=\"https:\/\/www.mojabochnia.pl\/wp-content\/uploads\/2014\/01\/5-120x67.jpg\" class=\"attachment-100x100 size-100x100\" alt=\"\" srcset=\"https:\/\/www.mojabochnia.pl\/wp-content\/uploads\/2014\/01\/5-120x67.jpg 120w, https:\/\/www.mojabochnia.pl\/wp-content\/uploads\/2014\/01\/5-468x263.jpg 468w, https:\/\/www.mojabochnia.pl\/wp-content\/uploads\/2014\/01\/5-660x371.jpg 660w, https:\/\/www.mojabochnia.pl\/wp-content\/uploads\/2014\/01\/5.jpg 800w\" sizes=\"auto, (max-width: 100px) 100vw, 100px\" \/><\/a><a href=\"https:\/\/www.mojabochnia.pl\/?attachment_id=103749\" class=\"\"><img loading=\"lazy\" decoding=\"async\" width=\"100\" height=\"56\" src=\"https:\/\/www.mojabochnia.pl\/wp-content\/uploads\/2014\/01\/Przechwytywanie-w-trybie-pe\u0142noekranowym-2012-12-21-135621-6-120x67.jpg\" class=\"attachment-100x100 size-100x100\" alt=\"\" srcset=\"https:\/\/www.mojabochnia.pl\/wp-content\/uploads\/2014\/01\/Przechwytywanie-w-trybie-pe\u0142noekranowym-2012-12-21-135621-6-120x67.jpg 120w, https:\/\/www.mojabochnia.pl\/wp-content\/uploads\/2014\/01\/Przechwytywanie-w-trybie-pe\u0142noekranowym-2012-12-21-135621-6-468x263.jpg 468w, https:\/\/www.mojabochnia.pl\/wp-content\/uploads\/2014\/01\/Przechwytywanie-w-trybie-pe\u0142noekranowym-2012-12-21-135621-6-660x371.jpg 660w, https:\/\/www.mojabochnia.pl\/wp-content\/uploads\/2014\/01\/Przechwytywanie-w-trybie-pe\u0142noekranowym-2012-12-21-135621-6.jpg 800w\" sizes=\"auto, (max-width: 100px) 100vw, 100px\" \/><\/a><a href=\"https:\/\/www.mojabochnia.pl\/?attachment_id=103766\" class=\"\"><img loading=\"lazy\" decoding=\"async\" width=\"100\" height=\"56\" src=\"https:\/\/www.mojabochnia.pl\/wp-content\/uploads\/2014\/01\/Przechwytywanie-w-trybie-pe\u0142noekranowym-2012-12-21-135752-6-120x67.jpg\" class=\"attachment-100x100 size-100x100\" alt=\"\" srcset=\"https:\/\/www.mojabochnia.pl\/wp-content\/uploads\/2014\/01\/Przechwytywanie-w-trybie-pe\u0142noekranowym-2012-12-21-135752-6-120x67.jpg 120w, https:\/\/www.mojabochnia.pl\/wp-content\/uploads\/2014\/01\/Przechwytywanie-w-trybie-pe\u0142noekranowym-2012-12-21-135752-6-468x263.jpg 468w, https:\/\/www.mojabochnia.pl\/wp-content\/uploads\/2014\/01\/Przechwytywanie-w-trybie-pe\u0142noekranowym-2012-12-21-135752-6-660x371.jpg 660w, https:\/\/www.mojabochnia.pl\/wp-content\/uploads\/2014\/01\/Przechwytywanie-w-trybie-pe\u0142noekranowym-2012-12-21-135752-6.jpg 800w\" sizes=\"auto, (max-width: 100px) 100vw, 100px\" \/><\/a><a href=\"https:\/\/www.mojabochnia.pl\/?attachment_id=103767\" class=\"\"><img loading=\"lazy\" decoding=\"async\" width=\"100\" height=\"56\" src=\"https:\/\/www.mojabochnia.pl\/wp-content\/uploads\/2014\/01\/Przechwytywanie-w-trybie-pe\u0142noekranowym-2012-12-21-135752-61-120x67.jpg\" class=\"attachment-100x100 size-100x100\" alt=\"\" srcset=\"https:\/\/www.mojabochnia.pl\/wp-content\/uploads\/2014\/01\/Przechwytywanie-w-trybie-pe\u0142noekranowym-2012-12-21-135752-61-120x67.jpg 120w, https:\/\/www.mojabochnia.pl\/wp-content\/uploads\/2014\/01\/Przechwytywanie-w-trybie-pe\u0142noekranowym-2012-12-21-135752-61-468x263.jpg 468w, https:\/\/www.mojabochnia.pl\/wp-content\/uploads\/2014\/01\/Przechwytywanie-w-trybie-pe\u0142noekranowym-2012-12-21-135752-61-660x371.jpg 660w, https:\/\/www.mojabochnia.pl\/wp-content\/uploads\/2014\/01\/Przechwytywanie-w-trybie-pe\u0142noekranowym-2012-12-21-135752-61.jpg 800w\" sizes=\"auto, (max-width: 100px) 100vw, 100px\" \/><\/a>\t    <\/div>\r\n\t    ","protected":false},"excerpt":{"rendered":"<p>192 miejsca parkingowe powstan\u0105 na 4-poziomowym parkingu obok dworca kolejowego. Opr\u00f3cz tego przewidziano miejsca dla rower\u00f3w i motocykli, a tak\u017ce miejsca do zatrzymywania si\u0119. Wszystko poch\u0142onie ponad 12 mln z\u0142. <\/p>\n","protected":false},"author":13,"featured_media":0,"comment_status":"open","ping_status":"closed","sticky":true,"template":"","format":"standard","meta":{"_acf_changed":false,"footnotes":""},"categories":[5,6247,6246,6251,6250],"tags":[17253,4743,1966,17394,438],"class_list":["post-103741","post","type-post","status-publish","format-standard","hentry","category-biezace-wydarzenia","category-fotogaleria","category-medium","category-polityka-i-wydarzenia","category-tematyka","tag-dotacja","tag-dworzec-kolejowy","tag-mrpo","tag-parking","tag-pkp","main_tag-parking"],"acf":[],"yoast_head":"<!-- This site is optimized with the Yoast SEO plugin v26.9 - https:\/\/yoast.com\/product\/yoast-seo-wordpress\/ -->\n<title>Umowa na 4-poziomowy parking w Bochni podpisana - mojabochnia.pl - portal informacyjny<\/title>\n<meta name=\"robots\" content=\"index, follow, max-snippet:-1, max-image-preview:large, max-video-preview:-1\" \/>\n<link rel=\"canonical\" href=\"https:\/\/www.mojabochnia.pl\/?p=103741\" \/>\n<meta property=\"og:locale\" content=\"pl_PL\" \/>\n<meta property=\"og:type\" content=\"article\" \/>\n<meta property=\"og:title\" content=\"Umowa na 4-poziomowy parking w Bochni podpisana - mojabochnia.pl - portal informacyjny\" \/>\n<meta property=\"og:description\" content=\"192 miejsca parkingowe powstan\u0105 na 4-poziomowym parkingu obok dworca kolejowego. Opr\u00f3cz tego przewidziano miejsca dla rower\u00f3w i motocykli, a tak\u017ce miejsca do zatrzymywania si\u0119. Wszystko poch\u0142onie ponad 12 mln z\u0142.\" \/>\n<meta property=\"og:url\" content=\"https:\/\/www.mojabochnia.pl\/?p=103741\" \/>\n<meta property=\"og:site_name\" content=\"mojabochnia.pl - portal informacyjny\" \/>\n<meta property=\"article:publisher\" content=\"https:\/\/www.facebook.com\/mojabochnia\" \/>\n<meta property=\"article:published_time\" content=\"2014-01-15T14:38:49+00:00\" \/>\n<meta property=\"article:modified_time\" content=\"2014-01-16T11:53:52+00:00\" \/>\n<meta name=\"author\" content=\"redakcja\" \/>\n<meta name=\"twitter:card\" content=\"summary_large_image\" \/>\n<meta name=\"twitter:label1\" content=\"Written by\" \/>\n\t<meta name=\"twitter:data1\" content=\"redakcja\" \/>\n\t<meta name=\"twitter:label2\" content=\"Est. reading time\" \/>\n\t<meta name=\"twitter:data2\" content=\"2 minuty\" \/>\n<script type=\"application\/ld+json\" class=\"yoast-schema-graph\">{\"@context\":\"https:\/\/schema.org\",\"@graph\":[{\"@type\":\"Article\",\"@id\":\"https:\/\/www.mojabochnia.pl\/?p=103741#article\",\"isPartOf\":{\"@id\":\"https:\/\/www.mojabochnia.pl\/?p=103741\"},\"author\":{\"name\":\"redakcja\",\"@id\":\"https:\/\/www.mojabochnia.pl\/#\/schema\/person\/7e2f20ead9902216a3384f13606c0ab7\"},\"headline\":\"Umowa na 4-poziomowy parking w Bochni podpisana\",\"datePublished\":\"2014-01-15T14:38:49+00:00\",\"dateModified\":\"2014-01-16T11:53:52+00:00\",\"mainEntityOfPage\":{\"@id\":\"https:\/\/www.mojabochnia.pl\/?p=103741\"},\"wordCount\":432,\"commentCount\":0,\"publisher\":{\"@id\":\"https:\/\/www.mojabochnia.pl\/#organization\"},\"keywords\":[\"dotacja\",\"dworzec kolejowy\",\"mrpo\",\"parking\",\"PKP\"],\"articleSection\":[\"2_ostatnie\",\"fotogaleria\",\"Medium\",\"polityka i wydarzenia\",\"tematyka\"],\"inLanguage\":\"pl-PL\",\"potentialAction\":[{\"@type\":\"CommentAction\",\"name\":\"Comment\",\"target\":[\"https:\/\/www.mojabochnia.pl\/?p=103741#respond\"]}]},{\"@type\":\"WebPage\",\"@id\":\"https:\/\/www.mojabochnia.pl\/?p=103741\",\"url\":\"https:\/\/www.mojabochnia.pl\/?p=103741\",\"name\":\"Umowa na 4-poziomowy parking w Bochni podpisana - mojabochnia.pl - portal informacyjny\",\"isPartOf\":{\"@id\":\"https:\/\/www.mojabochnia.pl\/#website\"},\"datePublished\":\"2014-01-15T14:38:49+00:00\",\"dateModified\":\"2014-01-16T11:53:52+00:00\",\"breadcrumb\":{\"@id\":\"https:\/\/www.mojabochnia.pl\/?p=103741#breadcrumb\"},\"inLanguage\":\"pl-PL\",\"potentialAction\":[{\"@type\":\"ReadAction\",\"target\":[\"https:\/\/www.mojabochnia.pl\/?p=103741\"]}]},{\"@type\":\"BreadcrumbList\",\"@id\":\"https:\/\/www.mojabochnia.pl\/?p=103741#breadcrumb\",\"itemListElement\":[{\"@type\":\"ListItem\",\"position\":1,\"name\":\"Home\",\"item\":\"https:\/\/www.mojabochnia.pl\/\"},{\"@type\":\"ListItem\",\"position\":2,\"name\":\"Umowa na 4-poziomowy parking w Bochni podpisana\"}]},{\"@type\":\"WebSite\",\"@id\":\"https:\/\/www.mojabochnia.pl\/#website\",\"url\":\"https:\/\/www.mojabochnia.pl\/\",\"name\":\"mojabochnia.pl - portal informacyjny\",\"description\":\"mojaBochnia to portal informacyjny o Bochni. Codziennie o Bochni piszemy i pokazujemy najwa\u017cniejsze wydarzenia\",\"publisher\":{\"@id\":\"https:\/\/www.mojabochnia.pl\/#organization\"},\"potentialAction\":[{\"@type\":\"SearchAction\",\"target\":{\"@type\":\"EntryPoint\",\"urlTemplate\":\"https:\/\/www.mojabochnia.pl\/?s={search_term_string}\"},\"query-input\":{\"@type\":\"PropertyValueSpecification\",\"valueRequired\":true,\"valueName\":\"search_term_string\"}}],\"inLanguage\":\"pl-PL\"},{\"@type\":\"Organization\",\"@id\":\"https:\/\/www.mojabochnia.pl\/#organization\",\"name\":\"mojabochnia.pl - portal informacyjny\",\"url\":\"https:\/\/www.mojabochnia.pl\/\",\"logo\":{\"@type\":\"ImageObject\",\"inLanguage\":\"pl-PL\",\"@id\":\"https:\/\/www.mojabochnia.pl\/#\/schema\/logo\/image\/\",\"url\":\"https:\/\/www.mojabochnia.pl\/wp-content\/uploads\/2017\/08\/logo-mb-opt.png\",\"contentUrl\":\"https:\/\/www.mojabochnia.pl\/wp-content\/uploads\/2017\/08\/logo-mb-opt.png\",\"width\":250,\"height\":48,\"caption\":\"mojabochnia.pl - portal informacyjny\"},\"image\":{\"@id\":\"https:\/\/www.mojabochnia.pl\/#\/schema\/logo\/image\/\"},\"sameAs\":[\"https:\/\/www.facebook.com\/mojabochnia\"]},{\"@type\":\"Person\",\"@id\":\"https:\/\/www.mojabochnia.pl\/#\/schema\/person\/7e2f20ead9902216a3384f13606c0ab7\",\"name\":\"redakcja\",\"sameAs\":[\"http:\/\/\"],\"url\":\"https:\/\/www.mojabochnia.pl\/?author=13\"}]}<\/script>\n<!-- \/ Yoast SEO plugin. -->","yoast_head_json":{"title":"Umowa na 4-poziomowy parking w Bochni podpisana - mojabochnia.pl - portal informacyjny","robots":{"index":"index","follow":"follow","max-snippet":"max-snippet:-1","max-image-preview":"max-image-preview:large","max-video-preview":"max-video-preview:-1"},"canonical":"https:\/\/www.mojabochnia.pl\/?p=103741","og_locale":"pl_PL","og_type":"article","og_title":"Umowa na 4-poziomowy parking w Bochni podpisana - mojabochnia.pl - portal informacyjny","og_description":"192 miejsca parkingowe powstan\u0105 na 4-poziomowym parkingu obok dworca kolejowego. Opr\u00f3cz tego przewidziano miejsca dla rower\u00f3w i motocykli, a tak\u017ce miejsca do zatrzymywania si\u0119. Wszystko poch\u0142onie ponad 12 mln z\u0142.","og_url":"https:\/\/www.mojabochnia.pl\/?p=103741","og_site_name":"mojabochnia.pl - portal informacyjny","article_publisher":"https:\/\/www.facebook.com\/mojabochnia","article_published_time":"2014-01-15T14:38:49+00:00","article_modified_time":"2014-01-16T11:53:52+00:00","author":"redakcja","twitter_card":"summary_large_image","twitter_misc":{"Written by":"redakcja","Est. reading time":"2 minuty"},"schema":{"@context":"https:\/\/schema.org","@graph":[{"@type":"Article","@id":"https:\/\/www.mojabochnia.pl\/?p=103741#article","isPartOf":{"@id":"https:\/\/www.mojabochnia.pl\/?p=103741"},"author":{"name":"redakcja","@id":"https:\/\/www.mojabochnia.pl\/#\/schema\/person\/7e2f20ead9902216a3384f13606c0ab7"},"headline":"Umowa na 4-poziomowy parking w Bochni podpisana","datePublished":"2014-01-15T14:38:49+00:00","dateModified":"2014-01-16T11:53:52+00:00","mainEntityOfPage":{"@id":"https:\/\/www.mojabochnia.pl\/?p=103741"},"wordCount":432,"commentCount":0,"publisher":{"@id":"https:\/\/www.mojabochnia.pl\/#organization"},"keywords":["dotacja","dworzec kolejowy","mrpo","parking","PKP"],"articleSection":["2_ostatnie","fotogaleria","Medium","polityka i wydarzenia","tematyka"],"inLanguage":"pl-PL","potentialAction":[{"@type":"CommentAction","name":"Comment","target":["https:\/\/www.mojabochnia.pl\/?p=103741#respond"]}]},{"@type":"WebPage","@id":"https:\/\/www.mojabochnia.pl\/?p=103741","url":"https:\/\/www.mojabochnia.pl\/?p=103741","name":"Umowa na 4-poziomowy parking w Bochni podpisana - mojabochnia.pl - portal informacyjny","isPartOf":{"@id":"https:\/\/www.mojabochnia.pl\/#website"},"datePublished":"2014-01-15T14:38:49+00:00","dateModified":"2014-01-16T11:53:52+00:00","breadcrumb":{"@id":"https:\/\/www.mojabochnia.pl\/?p=103741#breadcrumb"},"inLanguage":"pl-PL","potentialAction":[{"@type":"ReadAction","target":["https:\/\/www.mojabochnia.pl\/?p=103741"]}]},{"@type":"BreadcrumbList","@id":"https:\/\/www.mojabochnia.pl\/?p=103741#breadcrumb","itemListElement":[{"@type":"ListItem","position":1,"name":"Home","item":"https:\/\/www.mojabochnia.pl\/"},{"@type":"ListItem","position":2,"name":"Umowa na 4-poziomowy parking w Bochni podpisana"}]},{"@type":"WebSite","@id":"https:\/\/www.mojabochnia.pl\/#website","url":"https:\/\/www.mojabochnia.pl\/","name":"mojabochnia.pl - portal informacyjny","description":"mojaBochnia to portal informacyjny o Bochni. Codziennie o Bochni piszemy i pokazujemy najwa\u017cniejsze wydarzenia","publisher":{"@id":"https:\/\/www.mojabochnia.pl\/#organization"},"potentialAction":[{"@type":"SearchAction","target":{"@type":"EntryPoint","urlTemplate":"https:\/\/www.mojabochnia.pl\/?s={search_term_string}"},"query-input":{"@type":"PropertyValueSpecification","valueRequired":true,"valueName":"search_term_string"}}],"inLanguage":"pl-PL"},{"@type":"Organization","@id":"https:\/\/www.mojabochnia.pl\/#organization","name":"mojabochnia.pl - portal informacyjny","url":"https:\/\/www.mojabochnia.pl\/","logo":{"@type":"ImageObject","inLanguage":"pl-PL","@id":"https:\/\/www.mojabochnia.pl\/#\/schema\/logo\/image\/","url":"https:\/\/www.mojabochnia.pl\/wp-content\/uploads\/2017\/08\/logo-mb-opt.png","contentUrl":"https:\/\/www.mojabochnia.pl\/wp-content\/uploads\/2017\/08\/logo-mb-opt.png","width":250,"height":48,"caption":"mojabochnia.pl - portal informacyjny"},"image":{"@id":"https:\/\/www.mojabochnia.pl\/#\/schema\/logo\/image\/"},"sameAs":["https:\/\/www.facebook.com\/mojabochnia"]},{"@type":"Person","@id":"https:\/\/www.mojabochnia.pl\/#\/schema\/person\/7e2f20ead9902216a3384f13606c0ab7","name":"redakcja","sameAs":["http:\/\/"],"url":"https:\/\/www.mojabochnia.pl\/?author=13"}]}},"_links":{"self":[{"href":"https:\/\/www.mojabochnia.pl\/index.php?rest_route=\/wp\/v2\/posts\/103741","targetHints":{"allow":["GET"]}}],"collection":[{"href":"https:\/\/www.mojabochnia.pl\/index.php?rest_route=\/wp\/v2\/posts"}],"about":[{"href":"https:\/\/www.mojabochnia.pl\/index.php?rest_route=\/wp\/v2\/types\/post"}],"author":[{"embeddable":true,"href":"https:\/\/www.mojabochnia.pl\/index.php?rest_route=\/wp\/v2\/users\/13"}],"replies":[{"embeddable":true,"href":"https:\/\/www.mojabochnia.pl\/index.php?rest_route=%2Fwp%2Fv2%2Fcomments&post=103741"}],"version-history":[{"count":12,"href":"https:\/\/www.mojabochnia.pl\/index.php?rest_route=\/wp\/v2\/posts\/103741\/revisions"}],"predecessor-version":[{"id":103800,"href":"https:\/\/www.mojabochnia.pl\/index.php?rest_route=\/wp\/v2\/posts\/103741\/revisions\/103800"}],"wp:attachment":[{"href":"https:\/\/www.mojabochnia.pl\/index.php?rest_route=%2Fwp%2Fv2%2Fmedia&parent=103741"}],"wp:term":[{"taxonomy":"category","embeddable":true,"href":"https:\/\/www.mojabochnia.pl\/index.php?rest_route=%2Fwp%2Fv2%2Fcategories&post=103741"},{"taxonomy":"post_tag","embeddable":true,"href":"https:\/\/www.mojabochnia.pl\/index.php?rest_route=%2Fwp%2Fv2%2Ftags&post=103741"}],"curies":[{"name":"wp","href":"https:\/\/api.w.org\/{rel}","templated":true}]}}