{"id":103723,"date":"2014-01-15T13:54:59","date_gmt":"2014-01-15T12:54:59","guid":{"rendered":"http:\/\/www.mojabochnia.pl\/?p=103723"},"modified":"2014-01-17T09:49:41","modified_gmt":"2014-01-17T08:49:41","slug":"t-calka-o-%e2%80%9egender-samorzady-powinny-zorganizowac-spotkania","status":"publish","type":"post","link":"https:\/\/www.mojabochnia.pl\/?p=103723","title":{"rendered":"T. Ca\u0142ka o \u201eideologii gender\u201d: samorz\u0105dy powinny zorganizowa\u0107 spotkania"},"content":{"rendered":"<p>Zdaniem pos\u0142a Jana Ziobro, kt\u00f3ry jest wiceprzewodnicz\u0105cym zespo\u0142u parlamentarnego \u201eStop ideologii gender\u201d, sprawy nie nale\u017cy bagatelizowa\u0107. <em>Celem tego zespo\u0142u jest wprowadzenie takich rozwi\u0105za\u0144 legislacyjnych, kt\u00f3re wymusz\u0105 na rz\u0105dzie promocj\u0119 normalnego, zdrowego modelu rodziny, ale przede wszystkim zaprzestania promowania tej szkodliwej ideologii, zaprzestania jej testowania na dzieciach. Wiemy, \u017ce bodaj w 83 przedszkolach w Polsce za\u0142o\u017cenia tej ideologii s\u0105 testowane. Jedn\u0105 z zabaw, kt\u00f3re s\u0105 wprowadzane dzi\u0119ki dyrektywom r\u00f3wno\u015bciowym Unii Europejskiej jest przebieranie dziewczynek za ch\u0142opc\u00f3w, potem ch\u0142opc\u00f3w za dziewczynki. Ta osoba sama ma decydowa\u0107, jak\u0105 p\u0142e\u0107 reprezentuj\u0105 w danym momencie. Najgorsze jest jednak to, i\u017c z niekt\u00f3rych zaj\u0119\u0107 rodzice nie mog\u0105 sami zrezygnowa\u0107, s\u0105 za to nak\u0142adane kary pieni\u0119\u017cne <\/em>\u2013 m\u00f3wi\u0142 pose\u0142 Jan Ziobro. <\/p>\n<p><em>Jest to ideologia bardzo szkodliwa, niszcz\u0105ca nar\u00f3d. Widzimy, \u017ce to jest jeszcze bardziej niszcz\u0105ce, je\u017celi m\u00f3wi si\u0119 o tym najm\u0142odszemu pokoleniu, dzieciom i m\u0142odzie\u017cy. Tutaj jest jaki\u015b zamiar, jaki\u015b cel kogo\u015b, kogo jeszcze nie bardzo widzimy personalnie, ale ten kto\u015b ju\u017c tam jest z ty\u0142u za nami. Dowiemy si\u0119 po pewnym czasie, bo ju\u017c pewne rzeczy i dociekania wskazuj\u0105, sk\u0105d to przychodzi, kto za tym stoi itd. Chcemy uchroni\u0107 rodzin\u0119 przed tym wszystkim i wspom\u00f3c ludzi normalnie my\u015bl\u0105cych<\/em> \u2013 m\u00f3wi\u0142 w Bochni pose\u0142 J\u00f3zef Rojek.<\/p>\n<p>Zdaniem Tomasza Ca\u0142ki, wicestarosty boche\u0144skiego, samorz\u0105dy gminne powinny zapobiega\u0107 wdro\u017ceniu do szkolnych program\u00f3w element\u00f3w &#8222;ideologii gender&#8221;. <em>Wiele z tych os\u00f3b nie zna tego tematu, dlatego uwa\u017cam \u017ce samorz\u0105dy powinny zorganizowa\u0107 spotkania celem wyja\u015bnienia, przeanalizowania tego istotnego problemu. Pami\u0119tajmy, \u017ce Polska zawsze by\u0142a przyk\u0142adem w Europie pod wzgl\u0119dem rodziny. \u017byczy\u0142bym sobie, \u017ceby to nie zosta\u0142o zepsute, cho\u0107 niekt\u00f3rym krajom na tym w\u0142a\u015bnie zale\u017cy. Przez rodzin\u0119, dbanie o ni\u0105 i jej rozumienie Polska by\u0142a uznawana za lidera w Europie. Nie tra\u0107my tego pierwszego miejsca <\/em>\u2013 m\u00f3wi\u0142 wicestarosta. <\/p>\n<p>Niebawem w Bochni ma si\u0119 odby\u0107 spotkanie z udzia\u0142em Beaty Kempy, przewodnicz\u0105cej zespo\u0142u parlamentarnego \u201eStop ideologii gender\u201d.<\/p>\n\t  \r\n\t\r\n\t    <div class=\"mb-gallery\">\r\n\t    <a href=\"https:\/\/www.mojabochnia.pl\/?attachment_id=103726\" class=\"\"><img loading=\"lazy\" decoding=\"async\" width=\"100\" height=\"56\" src=\"https:\/\/www.mojabochnia.pl\/wp-content\/uploads\/2014\/01\/IMG_3676-120x67.jpg\" class=\"attachment-100x100 size-100x100\" alt=\"\" srcset=\"https:\/\/www.mojabochnia.pl\/wp-content\/uploads\/2014\/01\/IMG_3676-120x67.jpg 120w, https:\/\/www.mojabochnia.pl\/wp-content\/uploads\/2014\/01\/IMG_3676-468x263.jpg 468w, https:\/\/www.mojabochnia.pl\/wp-content\/uploads\/2014\/01\/IMG_3676-660x371.jpg 660w, https:\/\/www.mojabochnia.pl\/wp-content\/uploads\/2014\/01\/IMG_3676.jpg 800w\" sizes=\"auto, (max-width: 100px) 100vw, 100px\" \/><\/a><a href=\"https:\/\/www.mojabochnia.pl\/?attachment_id=103727\" class=\"\"><img loading=\"lazy\" decoding=\"async\" width=\"100\" height=\"56\" src=\"https:\/\/www.mojabochnia.pl\/wp-content\/uploads\/2014\/01\/IMG_3685-120x67.jpg\" class=\"attachment-100x100 size-100x100\" alt=\"\" srcset=\"https:\/\/www.mojabochnia.pl\/wp-content\/uploads\/2014\/01\/IMG_3685-120x67.jpg 120w, https:\/\/www.mojabochnia.pl\/wp-content\/uploads\/2014\/01\/IMG_3685-468x263.jpg 468w, https:\/\/www.mojabochnia.pl\/wp-content\/uploads\/2014\/01\/IMG_3685-660x371.jpg 660w, https:\/\/www.mojabochnia.pl\/wp-content\/uploads\/2014\/01\/IMG_3685.jpg 800w\" sizes=\"auto, (max-width: 100px) 100vw, 100px\" \/><\/a><a href=\"https:\/\/www.mojabochnia.pl\/?attachment_id=103728\" class=\"\"><img loading=\"lazy\" decoding=\"async\" width=\"100\" height=\"56\" src=\"https:\/\/www.mojabochnia.pl\/wp-content\/uploads\/2014\/01\/IMG_3686-120x67.jpg\" class=\"attachment-100x100 size-100x100\" alt=\"\" srcset=\"https:\/\/www.mojabochnia.pl\/wp-content\/uploads\/2014\/01\/IMG_3686-120x67.jpg 120w, https:\/\/www.mojabochnia.pl\/wp-content\/uploads\/2014\/01\/IMG_3686-468x263.jpg 468w, https:\/\/www.mojabochnia.pl\/wp-content\/uploads\/2014\/01\/IMG_3686-660x371.jpg 660w, https:\/\/www.mojabochnia.pl\/wp-content\/uploads\/2014\/01\/IMG_3686.jpg 800w\" sizes=\"auto, (max-width: 100px) 100vw, 100px\" \/><\/a><a href=\"https:\/\/www.mojabochnia.pl\/?attachment_id=103729\" class=\"\"><img loading=\"lazy\" decoding=\"async\" width=\"100\" height=\"56\" src=\"https:\/\/www.mojabochnia.pl\/wp-content\/uploads\/2014\/01\/IMG_3692-120x67.jpg\" class=\"attachment-100x100 size-100x100\" alt=\"\" srcset=\"https:\/\/www.mojabochnia.pl\/wp-content\/uploads\/2014\/01\/IMG_3692-120x67.jpg 120w, https:\/\/www.mojabochnia.pl\/wp-content\/uploads\/2014\/01\/IMG_3692-468x263.jpg 468w, https:\/\/www.mojabochnia.pl\/wp-content\/uploads\/2014\/01\/IMG_3692-660x371.jpg 660w, https:\/\/www.mojabochnia.pl\/wp-content\/uploads\/2014\/01\/IMG_3692.jpg 800w\" sizes=\"auto, (max-width: 100px) 100vw, 100px\" \/><\/a>\t    <\/div>\r\n\t    ","protected":false},"excerpt":{"rendered":"<p>Wicestarosta Tomasz Ca\u0142ka w imieniu Solidarnej Polski apeluje do samorz\u0105dowc\u00f3w o zablokowanie dost\u0119pu &#8222;ideologii gender&#8221; do szk\u00f3\u0142 i przedszkoli. Powsta\u0142y niedawno zesp\u00f3\u0142 parlamentarny \u201eStop ideologii gender\u201d zacz\u0105\u0142 omawia\u0107 podj\u0119t\u0105 przez siebie problematyk\u0119 w regionach. <\/p>\n","protected":false},"author":4,"featured_media":0,"comment_status":"open","ping_status":"closed","sticky":true,"template":"","format":"standard","meta":{"_acf_changed":false,"footnotes":""},"categories":[5,6251,6250],"tags":[13480,13481,10545,10546,17457,10544,17347],"class_list":["post-103723","post","type-post","status-publish","format-standard","hentry","category-biezace-wydarzenia","category-polityka-i-wydarzenia","category-tematyka","tag-gender","tag-ideologia-gender","tag-jan-ziobro","tag-jozef-rojek","tag-polityka","tag-solidarna-polska","tag-tomasz-calka","main_tag-polityka"],"acf":[],"yoast_head":"<!-- This site is optimized with the Yoast SEO plugin v26.9 - https:\/\/yoast.com\/product\/yoast-seo-wordpress\/ -->\n<title>T. Ca\u0142ka o \u201eideologii gender\u201d: samorz\u0105dy powinny zorganizowa\u0107 spotkania - mojabochnia.pl - portal informacyjny<\/title>\n<meta name=\"robots\" content=\"index, follow, max-snippet:-1, max-image-preview:large, max-video-preview:-1\" \/>\n<link rel=\"canonical\" href=\"https:\/\/www.mojabochnia.pl\/?p=103723\" \/>\n<meta property=\"og:locale\" content=\"pl_PL\" \/>\n<meta property=\"og:type\" content=\"article\" \/>\n<meta property=\"og:title\" content=\"T. Ca\u0142ka o \u201eideologii gender\u201d: samorz\u0105dy powinny zorganizowa\u0107 spotkania - mojabochnia.pl - portal informacyjny\" \/>\n<meta property=\"og:description\" content=\"Wicestarosta Tomasz Ca\u0142ka w imieniu Solidarnej Polski apeluje do samorz\u0105dowc\u00f3w o zablokowanie dost\u0119pu &quot;ideologii gender&quot; do szk\u00f3\u0142 i przedszkoli. Powsta\u0142y niedawno zesp\u00f3\u0142 parlamentarny \u201eStop ideologii gender\u201d zacz\u0105\u0142 omawia\u0107 podj\u0119t\u0105 przez siebie problematyk\u0119 w regionach.\" \/>\n<meta property=\"og:url\" content=\"https:\/\/www.mojabochnia.pl\/?p=103723\" \/>\n<meta property=\"og:site_name\" content=\"mojabochnia.pl - portal informacyjny\" \/>\n<meta property=\"article:publisher\" content=\"https:\/\/www.facebook.com\/mojabochnia\" \/>\n<meta property=\"article:published_time\" content=\"2014-01-15T12:54:59+00:00\" \/>\n<meta property=\"article:modified_time\" content=\"2014-01-17T08:49:41+00:00\" \/>\n<meta name=\"author\" content=\"Pawe\u0142 Michalczyk\" \/>\n<meta name=\"twitter:card\" content=\"summary_large_image\" \/>\n<meta name=\"twitter:label1\" content=\"Written by\" \/>\n\t<meta name=\"twitter:data1\" content=\"Pawe\u0142 Michalczyk\" \/>\n\t<meta name=\"twitter:label2\" content=\"Est. reading time\" \/>\n\t<meta name=\"twitter:data2\" content=\"2 minuty\" \/>\n<script type=\"application\/ld+json\" class=\"yoast-schema-graph\">{\"@context\":\"https:\/\/schema.org\",\"@graph\":[{\"@type\":\"Article\",\"@id\":\"https:\/\/www.mojabochnia.pl\/?p=103723#article\",\"isPartOf\":{\"@id\":\"https:\/\/www.mojabochnia.pl\/?p=103723\"},\"author\":{\"name\":\"Pawe\u0142 Michalczyk\",\"@id\":\"https:\/\/www.mojabochnia.pl\/#\/schema\/person\/ea042e4724a77627963f02166828ead4\"},\"headline\":\"T. Ca\u0142ka o \u201eideologii gender\u201d: samorz\u0105dy powinny zorganizowa\u0107 spotkania\",\"datePublished\":\"2014-01-15T12:54:59+00:00\",\"dateModified\":\"2014-01-17T08:49:41+00:00\",\"mainEntityOfPage\":{\"@id\":\"https:\/\/www.mojabochnia.pl\/?p=103723\"},\"wordCount\":373,\"commentCount\":0,\"publisher\":{\"@id\":\"https:\/\/www.mojabochnia.pl\/#organization\"},\"keywords\":[\"gender\",\"ideologia gender\",\"jan ziobro\",\"j\u00f3zef rojek\",\"polityka\",\"solidarna polska\",\"tomasz ca\u0142ka\"],\"articleSection\":[\"2_ostatnie\",\"polityka i wydarzenia\",\"tematyka\"],\"inLanguage\":\"pl-PL\",\"potentialAction\":[{\"@type\":\"CommentAction\",\"name\":\"Comment\",\"target\":[\"https:\/\/www.mojabochnia.pl\/?p=103723#respond\"]}]},{\"@type\":\"WebPage\",\"@id\":\"https:\/\/www.mojabochnia.pl\/?p=103723\",\"url\":\"https:\/\/www.mojabochnia.pl\/?p=103723\",\"name\":\"T. Ca\u0142ka o \u201eideologii gender\u201d: samorz\u0105dy powinny zorganizowa\u0107 spotkania - mojabochnia.pl - portal informacyjny\",\"isPartOf\":{\"@id\":\"https:\/\/www.mojabochnia.pl\/#website\"},\"datePublished\":\"2014-01-15T12:54:59+00:00\",\"dateModified\":\"2014-01-17T08:49:41+00:00\",\"breadcrumb\":{\"@id\":\"https:\/\/www.mojabochnia.pl\/?p=103723#breadcrumb\"},\"inLanguage\":\"pl-PL\",\"potentialAction\":[{\"@type\":\"ReadAction\",\"target\":[\"https:\/\/www.mojabochnia.pl\/?p=103723\"]}]},{\"@type\":\"BreadcrumbList\",\"@id\":\"https:\/\/www.mojabochnia.pl\/?p=103723#breadcrumb\",\"itemListElement\":[{\"@type\":\"ListItem\",\"position\":1,\"name\":\"Home\",\"item\":\"https:\/\/www.mojabochnia.pl\/\"},{\"@type\":\"ListItem\",\"position\":2,\"name\":\"T. Ca\u0142ka o \u201eideologii gender\u201d: samorz\u0105dy powinny zorganizowa\u0107 spotkania\"}]},{\"@type\":\"WebSite\",\"@id\":\"https:\/\/www.mojabochnia.pl\/#website\",\"url\":\"https:\/\/www.mojabochnia.pl\/\",\"name\":\"mojabochnia.pl - portal informacyjny\",\"description\":\"mojaBochnia to portal informacyjny o Bochni. Codziennie o Bochni piszemy i pokazujemy najwa\u017cniejsze wydarzenia\",\"publisher\":{\"@id\":\"https:\/\/www.mojabochnia.pl\/#organization\"},\"potentialAction\":[{\"@type\":\"SearchAction\",\"target\":{\"@type\":\"EntryPoint\",\"urlTemplate\":\"https:\/\/www.mojabochnia.pl\/?s={search_term_string}\"},\"query-input\":{\"@type\":\"PropertyValueSpecification\",\"valueRequired\":true,\"valueName\":\"search_term_string\"}}],\"inLanguage\":\"pl-PL\"},{\"@type\":\"Organization\",\"@id\":\"https:\/\/www.mojabochnia.pl\/#organization\",\"name\":\"mojabochnia.pl - portal informacyjny\",\"url\":\"https:\/\/www.mojabochnia.pl\/\",\"logo\":{\"@type\":\"ImageObject\",\"inLanguage\":\"pl-PL\",\"@id\":\"https:\/\/www.mojabochnia.pl\/#\/schema\/logo\/image\/\",\"url\":\"https:\/\/www.mojabochnia.pl\/wp-content\/uploads\/2017\/08\/logo-mb-opt.png\",\"contentUrl\":\"https:\/\/www.mojabochnia.pl\/wp-content\/uploads\/2017\/08\/logo-mb-opt.png\",\"width\":250,\"height\":48,\"caption\":\"mojabochnia.pl - portal informacyjny\"},\"image\":{\"@id\":\"https:\/\/www.mojabochnia.pl\/#\/schema\/logo\/image\/\"},\"sameAs\":[\"https:\/\/www.facebook.com\/mojabochnia\"]},{\"@type\":\"Person\",\"@id\":\"https:\/\/www.mojabochnia.pl\/#\/schema\/person\/ea042e4724a77627963f02166828ead4\",\"name\":\"Pawe\u0142 Michalczyk\",\"url\":\"https:\/\/www.mojabochnia.pl\/?author=4\"}]}<\/script>\n<!-- \/ Yoast SEO plugin. -->","yoast_head_json":{"title":"T. Ca\u0142ka o \u201eideologii gender\u201d: samorz\u0105dy powinny zorganizowa\u0107 spotkania - mojabochnia.pl - portal informacyjny","robots":{"index":"index","follow":"follow","max-snippet":"max-snippet:-1","max-image-preview":"max-image-preview:large","max-video-preview":"max-video-preview:-1"},"canonical":"https:\/\/www.mojabochnia.pl\/?p=103723","og_locale":"pl_PL","og_type":"article","og_title":"T. Ca\u0142ka o \u201eideologii gender\u201d: samorz\u0105dy powinny zorganizowa\u0107 spotkania - mojabochnia.pl - portal informacyjny","og_description":"Wicestarosta Tomasz Ca\u0142ka w imieniu Solidarnej Polski apeluje do samorz\u0105dowc\u00f3w o zablokowanie dost\u0119pu \"ideologii gender\" do szk\u00f3\u0142 i przedszkoli. Powsta\u0142y niedawno zesp\u00f3\u0142 parlamentarny \u201eStop ideologii gender\u201d zacz\u0105\u0142 omawia\u0107 podj\u0119t\u0105 przez siebie problematyk\u0119 w regionach.","og_url":"https:\/\/www.mojabochnia.pl\/?p=103723","og_site_name":"mojabochnia.pl - portal informacyjny","article_publisher":"https:\/\/www.facebook.com\/mojabochnia","article_published_time":"2014-01-15T12:54:59+00:00","article_modified_time":"2014-01-17T08:49:41+00:00","author":"Pawe\u0142 Michalczyk","twitter_card":"summary_large_image","twitter_misc":{"Written by":"Pawe\u0142 Michalczyk","Est. reading time":"2 minuty"},"schema":{"@context":"https:\/\/schema.org","@graph":[{"@type":"Article","@id":"https:\/\/www.mojabochnia.pl\/?p=103723#article","isPartOf":{"@id":"https:\/\/www.mojabochnia.pl\/?p=103723"},"author":{"name":"Pawe\u0142 Michalczyk","@id":"https:\/\/www.mojabochnia.pl\/#\/schema\/person\/ea042e4724a77627963f02166828ead4"},"headline":"T. Ca\u0142ka o \u201eideologii gender\u201d: samorz\u0105dy powinny zorganizowa\u0107 spotkania","datePublished":"2014-01-15T12:54:59+00:00","dateModified":"2014-01-17T08:49:41+00:00","mainEntityOfPage":{"@id":"https:\/\/www.mojabochnia.pl\/?p=103723"},"wordCount":373,"commentCount":0,"publisher":{"@id":"https:\/\/www.mojabochnia.pl\/#organization"},"keywords":["gender","ideologia gender","jan ziobro","j\u00f3zef rojek","polityka","solidarna polska","tomasz ca\u0142ka"],"articleSection":["2_ostatnie","polityka i wydarzenia","tematyka"],"inLanguage":"pl-PL","potentialAction":[{"@type":"CommentAction","name":"Comment","target":["https:\/\/www.mojabochnia.pl\/?p=103723#respond"]}]},{"@type":"WebPage","@id":"https:\/\/www.mojabochnia.pl\/?p=103723","url":"https:\/\/www.mojabochnia.pl\/?p=103723","name":"T. Ca\u0142ka o \u201eideologii gender\u201d: samorz\u0105dy powinny zorganizowa\u0107 spotkania - mojabochnia.pl - portal informacyjny","isPartOf":{"@id":"https:\/\/www.mojabochnia.pl\/#website"},"datePublished":"2014-01-15T12:54:59+00:00","dateModified":"2014-01-17T08:49:41+00:00","breadcrumb":{"@id":"https:\/\/www.mojabochnia.pl\/?p=103723#breadcrumb"},"inLanguage":"pl-PL","potentialAction":[{"@type":"ReadAction","target":["https:\/\/www.mojabochnia.pl\/?p=103723"]}]},{"@type":"BreadcrumbList","@id":"https:\/\/www.mojabochnia.pl\/?p=103723#breadcrumb","itemListElement":[{"@type":"ListItem","position":1,"name":"Home","item":"https:\/\/www.mojabochnia.pl\/"},{"@type":"ListItem","position":2,"name":"T. Ca\u0142ka o \u201eideologii gender\u201d: samorz\u0105dy powinny zorganizowa\u0107 spotkania"}]},{"@type":"WebSite","@id":"https:\/\/www.mojabochnia.pl\/#website","url":"https:\/\/www.mojabochnia.pl\/","name":"mojabochnia.pl - portal informacyjny","description":"mojaBochnia to portal informacyjny o Bochni. Codziennie o Bochni piszemy i pokazujemy najwa\u017cniejsze wydarzenia","publisher":{"@id":"https:\/\/www.mojabochnia.pl\/#organization"},"potentialAction":[{"@type":"SearchAction","target":{"@type":"EntryPoint","urlTemplate":"https:\/\/www.mojabochnia.pl\/?s={search_term_string}"},"query-input":{"@type":"PropertyValueSpecification","valueRequired":true,"valueName":"search_term_string"}}],"inLanguage":"pl-PL"},{"@type":"Organization","@id":"https:\/\/www.mojabochnia.pl\/#organization","name":"mojabochnia.pl - portal informacyjny","url":"https:\/\/www.mojabochnia.pl\/","logo":{"@type":"ImageObject","inLanguage":"pl-PL","@id":"https:\/\/www.mojabochnia.pl\/#\/schema\/logo\/image\/","url":"https:\/\/www.mojabochnia.pl\/wp-content\/uploads\/2017\/08\/logo-mb-opt.png","contentUrl":"https:\/\/www.mojabochnia.pl\/wp-content\/uploads\/2017\/08\/logo-mb-opt.png","width":250,"height":48,"caption":"mojabochnia.pl - portal informacyjny"},"image":{"@id":"https:\/\/www.mojabochnia.pl\/#\/schema\/logo\/image\/"},"sameAs":["https:\/\/www.facebook.com\/mojabochnia"]},{"@type":"Person","@id":"https:\/\/www.mojabochnia.pl\/#\/schema\/person\/ea042e4724a77627963f02166828ead4","name":"Pawe\u0142 Michalczyk","url":"https:\/\/www.mojabochnia.pl\/?author=4"}]}},"_links":{"self":[{"href":"https:\/\/www.mojabochnia.pl\/index.php?rest_route=\/wp\/v2\/posts\/103723","targetHints":{"allow":["GET"]}}],"collection":[{"href":"https:\/\/www.mojabochnia.pl\/index.php?rest_route=\/wp\/v2\/posts"}],"about":[{"href":"https:\/\/www.mojabochnia.pl\/index.php?rest_route=\/wp\/v2\/types\/post"}],"author":[{"embeddable":true,"href":"https:\/\/www.mojabochnia.pl\/index.php?rest_route=\/wp\/v2\/users\/4"}],"replies":[{"embeddable":true,"href":"https:\/\/www.mojabochnia.pl\/index.php?rest_route=%2Fwp%2Fv2%2Fcomments&post=103723"}],"version-history":[{"count":11,"href":"https:\/\/www.mojabochnia.pl\/index.php?rest_route=\/wp\/v2\/posts\/103723\/revisions"}],"predecessor-version":[{"id":103883,"href":"https:\/\/www.mojabochnia.pl\/index.php?rest_route=\/wp\/v2\/posts\/103723\/revisions\/103883"}],"wp:attachment":[{"href":"https:\/\/www.mojabochnia.pl\/index.php?rest_route=%2Fwp%2Fv2%2Fmedia&parent=103723"}],"wp:term":[{"taxonomy":"category","embeddable":true,"href":"https:\/\/www.mojabochnia.pl\/index.php?rest_route=%2Fwp%2Fv2%2Fcategories&post=103723"},{"taxonomy":"post_tag","embeddable":true,"href":"https:\/\/www.mojabochnia.pl\/index.php?rest_route=%2Fwp%2Fv2%2Ftags&post=103723"}],"curies":[{"name":"wp","href":"https:\/\/api.w.org\/{rel}","templated":true}]}}