{"id":103675,"date":"2014-01-15T07:26:58","date_gmt":"2014-01-15T06:26:58","guid":{"rendered":"http:\/\/www.mojabochnia.pl\/?p=103675"},"modified":"2014-01-17T12:44:31","modified_gmt":"2014-01-17T11:44:31","slug":"nasza-pozytywka-zaprasza-na-latajacy-krag","status":"publish","type":"post","link":"https:\/\/www.mojabochnia.pl\/?p=103675","title":{"rendered":"Lataj\u0105cy Kr\u0105g w Naszej Pozytywce"},"content":{"rendered":"<p><em>Zapraszamy wszystkie kobiety, kt\u00f3re prowadz\u0105 lub my\u015bl\u0105 o prowadzeniu w\u0142asnego bizesu. 22 stycznia panie spotkaj\u0105 si\u0119 w\u0142a\u015bnie w Naszej Pozytywce o godz. 18. Lataj\u0105ce Kr\u0119gi w Bochni prowadz\u0105 za\u0142o\u017cycielki bloga Qukeria.pl promuj\u0105cego inicjatywy tw\u00f3rc\u00f3w z bran\u017cy kreatywnej<\/em> &#8211; m\u00f3wi Sylwia Szczupak, psycholog. <\/p>\n<p><em>Budynek przy ul. Windakiewicza wygl\u0105da troch\u0119 jak zameczek z bajki, kt\u00f3ry wewn\u0105trz zachwyca dzieci kolorow\u0105 przestrzeni\u0105 do zabawy. Przygotowuj\u0105c kolejne spotkanie Lataj\u0105cych Kr\u0119g\u00f3w, dowiedzia\u0142y\u015bmy si\u0119, \u017ce jest to nie tylko przestrze\u0144 dla dzieci. Beata i Monika chc\u0105 promowa\u0107 ide\u0119 budowania dobrych relacji rodzic\u00f3w z dzieckiem. Jednym z pomys\u0142\u00f3w s\u0105 zaj\u0119cia dla 2-3 latk\u00f3w i ich rodzic\u00f3w, podczas kt\u00f3rych dziecko uczy si\u0119 nowych rzeczy, a rodzic dodaje odwagi i zarazem daje poczucie bezpiecze\u0144stwa i komfortu. Wtedy dziecko uczy si\u0119 najwi\u0119cej<\/em> &#8211; dodaje. <\/p>\n<p>Powsta\u0142 tak\u017ce Klub \u015awiadomego Rodzica, czyli comiesi\u0119czne bezp\u0142atne spotkania z psychologiem \u2013 Mart\u0105 Bogacz. <em>I zn\u00f3w mamy tutaj przestrze\u0144 do wymiany do\u015bwiadcze\u0144, gdzie istotne s\u0105 zar\u00f3wno porady specjalisty, jak i rozmowy rodzic\u00f3w mi\u0119dzy sob\u0105. O czym? O trudno\u015bciach wychowania dzieci i o sposobach reagowania w taki spos\u00f3b, by relacja blisko\u015bci nie zosta\u0142a zaburzona. Ka\u017cdy rodzic wie, \u017ce jest to delikatna sfera, dlatego warto zacz\u0105\u0107 budowa\u0107 j\u0105 najwcze\u015bniej, jak to tylko mo\u017cliwe. Ta relacja zaczyna si\u0119 przecie\u017c ju\u017c w momencie, gdy dziecko si\u0119 rodzi, a tu najwa\u017cniejsze jest poczucie bezpiecze\u0144stwa, kt\u00f3re otrzymuje w fizycznym kontakcie z matk\u0105. Jak\u017ce inna jest ta relacja, kiedy ma\u0142e dziecko jest noszone i przytulane, od tej, gdy wi\u0119cej czasu sp\u0119dza np. w w\u00f3zku. Chusty do noszenia dzieci to jeszcze zupe\u0142nie nowy temat, ale coraz cz\u0119\u015bciej kobiety wybieraj\u0105 ten w\u0142a\u015bnie spos\u00f3b. Dla dziecka jest on bardziej zdrowy i naturalny, na co dowodem jest fakt, \u017ce dziecko noszone w chu\u015bcie rzadziej p\u0142acze. Na warsztaty z wi\u0105zania chust z certyfikowanym doradc\u0105 r\u00f3wnie\u017c zaprasza Nasza Pozytywka<\/em>. <\/p>\n<p>Miejsce, w kt\u00f3rym nied\u0142ugo spotka si\u0119 kobiecy Lataj\u0105cy Kr\u0105g, na co dzie\u0144 zaprasza dzieci w r\u00f3\u017cnym wieku na zaj\u0119cia plastyczne, muzyczne i ruchowe, na nauk\u0119 j\u0119zyk\u00f3w, na zaj\u0119cia przygotowuj\u0105ce do szko\u0142y czyli \u201eOkienko na \u015awiat\u201d oraz po prostu do korzystania z sali zabaw, gdzie mog\u0105 da\u0107 upust swojej energii. <\/p>\n<p>Najbli\u017csze spotkania w Akademii Rozwoju Nasza Pozytywka:<\/p>\n<p>Warsztaty z okazji Dnia Babci i Dziadka: 18.01.14, godz. 11. Prosimy o telefoniczne zg\u0142oszenie udzia\u0142u do dnia 16 stycznia: Monika 603-480-179, Beata 607-615-753. Wst\u0119p wolny.<\/p>\n<p>Lataj\u0105cy Kr\u0105g: 22.01.14, godz. 18. Rejestracja niewymagana. Wst\u0119p wolny.<\/p>\n<p>Wi\u0119cej informacji na: www.naszapozytywka.pl<\/p>\n<p>Facebook: <a onclick=\"javascript:pageTracker._trackPageview('\/outgoing\/www.facebook.com\/groups\/577821392266062\/?fref=ts');\"  href=\"https:\/\/www.facebook.com\/groups\/577821392266062\/?fref=ts\">Lataj\u0105ce Kr\u0119gi Bochnia<\/a><\/p>\n","protected":false},"excerpt":{"rendered":"<p>Ju\u017c wkr\u00f3tce w Bochni b\u0119dzie okazja do poznania Beaty i Moniki, kt\u00f3re prowadz\u0105 Nasz\u0105 Pozytywk\u0119. B\u0119d\u0105 one bohaterkami drugiego boche\u0144skiego Lataj\u0105cego Kr\u0119gu. Spotkania te r\u00f3wnie\u017c stwarzaj\u0105 przestrze\u0144 do wymiany do\u015bwiadcze\u0144 i budowy dobrych relacji, tym razem biznesowych. <\/p>\n","protected":false},"author":13,"featured_media":0,"comment_status":"open","ping_status":"closed","sticky":false,"template":"","format":"standard","meta":{"_acf_changed":false,"footnotes":""},"categories":[5,6251,6250],"tags":[17326,12360,17165],"class_list":["post-103675","post","type-post","status-publish","format-standard","hentry","category-biezace-wydarzenia","category-polityka-i-wydarzenia","category-tematyka","tag-dzieci","tag-nasza-pozytywka","tag-warsztaty","main_tag-warsztaty"],"acf":[],"yoast_head":"<!-- This site is optimized with the Yoast SEO plugin v26.9 - https:\/\/yoast.com\/product\/yoast-seo-wordpress\/ -->\n<title>Lataj\u0105cy Kr\u0105g w Naszej Pozytywce - mojabochnia.pl - portal informacyjny<\/title>\n<meta name=\"robots\" content=\"index, follow, max-snippet:-1, max-image-preview:large, max-video-preview:-1\" \/>\n<link rel=\"canonical\" href=\"https:\/\/www.mojabochnia.pl\/?p=103675\" \/>\n<meta property=\"og:locale\" content=\"pl_PL\" \/>\n<meta property=\"og:type\" content=\"article\" \/>\n<meta property=\"og:title\" content=\"Lataj\u0105cy Kr\u0105g w Naszej Pozytywce - mojabochnia.pl - portal informacyjny\" \/>\n<meta property=\"og:description\" content=\"Ju\u017c wkr\u00f3tce w Bochni b\u0119dzie okazja do poznania Beaty i Moniki, kt\u00f3re prowadz\u0105 Nasz\u0105 Pozytywk\u0119. B\u0119d\u0105 one bohaterkami drugiego boche\u0144skiego Lataj\u0105cego Kr\u0119gu. Spotkania te r\u00f3wnie\u017c stwarzaj\u0105 przestrze\u0144 do wymiany do\u015bwiadcze\u0144 i budowy dobrych relacji, tym razem biznesowych.\" \/>\n<meta property=\"og:url\" content=\"https:\/\/www.mojabochnia.pl\/?p=103675\" \/>\n<meta property=\"og:site_name\" content=\"mojabochnia.pl - portal informacyjny\" \/>\n<meta property=\"article:publisher\" content=\"https:\/\/www.facebook.com\/mojabochnia\" \/>\n<meta property=\"article:published_time\" content=\"2014-01-15T06:26:58+00:00\" \/>\n<meta property=\"article:modified_time\" content=\"2014-01-17T11:44:31+00:00\" \/>\n<meta name=\"author\" content=\"redakcja\" \/>\n<meta name=\"twitter:card\" content=\"summary_large_image\" \/>\n<meta name=\"twitter:label1\" content=\"Written by\" \/>\n\t<meta name=\"twitter:data1\" content=\"redakcja\" \/>\n\t<meta name=\"twitter:label2\" content=\"Est. reading time\" \/>\n\t<meta name=\"twitter:data2\" content=\"2 minuty\" \/>\n<script type=\"application\/ld+json\" class=\"yoast-schema-graph\">{\"@context\":\"https:\/\/schema.org\",\"@graph\":[{\"@type\":\"Article\",\"@id\":\"https:\/\/www.mojabochnia.pl\/?p=103675#article\",\"isPartOf\":{\"@id\":\"https:\/\/www.mojabochnia.pl\/?p=103675\"},\"author\":{\"name\":\"redakcja\",\"@id\":\"https:\/\/www.mojabochnia.pl\/#\/schema\/person\/7e2f20ead9902216a3384f13606c0ab7\"},\"headline\":\"Lataj\u0105cy Kr\u0105g w Naszej Pozytywce\",\"datePublished\":\"2014-01-15T06:26:58+00:00\",\"dateModified\":\"2014-01-17T11:44:31+00:00\",\"mainEntityOfPage\":{\"@id\":\"https:\/\/www.mojabochnia.pl\/?p=103675\"},\"wordCount\":475,\"commentCount\":0,\"publisher\":{\"@id\":\"https:\/\/www.mojabochnia.pl\/#organization\"},\"keywords\":[\"dzieci\",\"nasza pozytywka\",\"warsztaty\"],\"articleSection\":[\"2_ostatnie\",\"polityka i wydarzenia\",\"tematyka\"],\"inLanguage\":\"pl-PL\",\"potentialAction\":[{\"@type\":\"CommentAction\",\"name\":\"Comment\",\"target\":[\"https:\/\/www.mojabochnia.pl\/?p=103675#respond\"]}]},{\"@type\":\"WebPage\",\"@id\":\"https:\/\/www.mojabochnia.pl\/?p=103675\",\"url\":\"https:\/\/www.mojabochnia.pl\/?p=103675\",\"name\":\"Lataj\u0105cy Kr\u0105g w Naszej Pozytywce - mojabochnia.pl - portal informacyjny\",\"isPartOf\":{\"@id\":\"https:\/\/www.mojabochnia.pl\/#website\"},\"datePublished\":\"2014-01-15T06:26:58+00:00\",\"dateModified\":\"2014-01-17T11:44:31+00:00\",\"breadcrumb\":{\"@id\":\"https:\/\/www.mojabochnia.pl\/?p=103675#breadcrumb\"},\"inLanguage\":\"pl-PL\",\"potentialAction\":[{\"@type\":\"ReadAction\",\"target\":[\"https:\/\/www.mojabochnia.pl\/?p=103675\"]}]},{\"@type\":\"BreadcrumbList\",\"@id\":\"https:\/\/www.mojabochnia.pl\/?p=103675#breadcrumb\",\"itemListElement\":[{\"@type\":\"ListItem\",\"position\":1,\"name\":\"Home\",\"item\":\"https:\/\/www.mojabochnia.pl\/\"},{\"@type\":\"ListItem\",\"position\":2,\"name\":\"Lataj\u0105cy Kr\u0105g w Naszej Pozytywce\"}]},{\"@type\":\"WebSite\",\"@id\":\"https:\/\/www.mojabochnia.pl\/#website\",\"url\":\"https:\/\/www.mojabochnia.pl\/\",\"name\":\"mojabochnia.pl - portal informacyjny\",\"description\":\"mojaBochnia to portal informacyjny o Bochni. Codziennie o Bochni piszemy i pokazujemy najwa\u017cniejsze wydarzenia\",\"publisher\":{\"@id\":\"https:\/\/www.mojabochnia.pl\/#organization\"},\"potentialAction\":[{\"@type\":\"SearchAction\",\"target\":{\"@type\":\"EntryPoint\",\"urlTemplate\":\"https:\/\/www.mojabochnia.pl\/?s={search_term_string}\"},\"query-input\":{\"@type\":\"PropertyValueSpecification\",\"valueRequired\":true,\"valueName\":\"search_term_string\"}}],\"inLanguage\":\"pl-PL\"},{\"@type\":\"Organization\",\"@id\":\"https:\/\/www.mojabochnia.pl\/#organization\",\"name\":\"mojabochnia.pl - portal informacyjny\",\"url\":\"https:\/\/www.mojabochnia.pl\/\",\"logo\":{\"@type\":\"ImageObject\",\"inLanguage\":\"pl-PL\",\"@id\":\"https:\/\/www.mojabochnia.pl\/#\/schema\/logo\/image\/\",\"url\":\"https:\/\/www.mojabochnia.pl\/wp-content\/uploads\/2017\/08\/logo-mb-opt.png\",\"contentUrl\":\"https:\/\/www.mojabochnia.pl\/wp-content\/uploads\/2017\/08\/logo-mb-opt.png\",\"width\":250,\"height\":48,\"caption\":\"mojabochnia.pl - portal informacyjny\"},\"image\":{\"@id\":\"https:\/\/www.mojabochnia.pl\/#\/schema\/logo\/image\/\"},\"sameAs\":[\"https:\/\/www.facebook.com\/mojabochnia\"]},{\"@type\":\"Person\",\"@id\":\"https:\/\/www.mojabochnia.pl\/#\/schema\/person\/7e2f20ead9902216a3384f13606c0ab7\",\"name\":\"redakcja\",\"sameAs\":[\"http:\/\/\"],\"url\":\"https:\/\/www.mojabochnia.pl\/?author=13\"}]}<\/script>\n<!-- \/ Yoast SEO plugin. -->","yoast_head_json":{"title":"Lataj\u0105cy Kr\u0105g w Naszej Pozytywce - mojabochnia.pl - portal informacyjny","robots":{"index":"index","follow":"follow","max-snippet":"max-snippet:-1","max-image-preview":"max-image-preview:large","max-video-preview":"max-video-preview:-1"},"canonical":"https:\/\/www.mojabochnia.pl\/?p=103675","og_locale":"pl_PL","og_type":"article","og_title":"Lataj\u0105cy Kr\u0105g w Naszej Pozytywce - mojabochnia.pl - portal informacyjny","og_description":"Ju\u017c wkr\u00f3tce w Bochni b\u0119dzie okazja do poznania Beaty i Moniki, kt\u00f3re prowadz\u0105 Nasz\u0105 Pozytywk\u0119. B\u0119d\u0105 one bohaterkami drugiego boche\u0144skiego Lataj\u0105cego Kr\u0119gu. Spotkania te r\u00f3wnie\u017c stwarzaj\u0105 przestrze\u0144 do wymiany do\u015bwiadcze\u0144 i budowy dobrych relacji, tym razem biznesowych.","og_url":"https:\/\/www.mojabochnia.pl\/?p=103675","og_site_name":"mojabochnia.pl - portal informacyjny","article_publisher":"https:\/\/www.facebook.com\/mojabochnia","article_published_time":"2014-01-15T06:26:58+00:00","article_modified_time":"2014-01-17T11:44:31+00:00","author":"redakcja","twitter_card":"summary_large_image","twitter_misc":{"Written by":"redakcja","Est. reading time":"2 minuty"},"schema":{"@context":"https:\/\/schema.org","@graph":[{"@type":"Article","@id":"https:\/\/www.mojabochnia.pl\/?p=103675#article","isPartOf":{"@id":"https:\/\/www.mojabochnia.pl\/?p=103675"},"author":{"name":"redakcja","@id":"https:\/\/www.mojabochnia.pl\/#\/schema\/person\/7e2f20ead9902216a3384f13606c0ab7"},"headline":"Lataj\u0105cy Kr\u0105g w Naszej Pozytywce","datePublished":"2014-01-15T06:26:58+00:00","dateModified":"2014-01-17T11:44:31+00:00","mainEntityOfPage":{"@id":"https:\/\/www.mojabochnia.pl\/?p=103675"},"wordCount":475,"commentCount":0,"publisher":{"@id":"https:\/\/www.mojabochnia.pl\/#organization"},"keywords":["dzieci","nasza pozytywka","warsztaty"],"articleSection":["2_ostatnie","polityka i wydarzenia","tematyka"],"inLanguage":"pl-PL","potentialAction":[{"@type":"CommentAction","name":"Comment","target":["https:\/\/www.mojabochnia.pl\/?p=103675#respond"]}]},{"@type":"WebPage","@id":"https:\/\/www.mojabochnia.pl\/?p=103675","url":"https:\/\/www.mojabochnia.pl\/?p=103675","name":"Lataj\u0105cy Kr\u0105g w Naszej Pozytywce - mojabochnia.pl - portal informacyjny","isPartOf":{"@id":"https:\/\/www.mojabochnia.pl\/#website"},"datePublished":"2014-01-15T06:26:58+00:00","dateModified":"2014-01-17T11:44:31+00:00","breadcrumb":{"@id":"https:\/\/www.mojabochnia.pl\/?p=103675#breadcrumb"},"inLanguage":"pl-PL","potentialAction":[{"@type":"ReadAction","target":["https:\/\/www.mojabochnia.pl\/?p=103675"]}]},{"@type":"BreadcrumbList","@id":"https:\/\/www.mojabochnia.pl\/?p=103675#breadcrumb","itemListElement":[{"@type":"ListItem","position":1,"name":"Home","item":"https:\/\/www.mojabochnia.pl\/"},{"@type":"ListItem","position":2,"name":"Lataj\u0105cy Kr\u0105g w Naszej Pozytywce"}]},{"@type":"WebSite","@id":"https:\/\/www.mojabochnia.pl\/#website","url":"https:\/\/www.mojabochnia.pl\/","name":"mojabochnia.pl - portal informacyjny","description":"mojaBochnia to portal informacyjny o Bochni. Codziennie o Bochni piszemy i pokazujemy najwa\u017cniejsze wydarzenia","publisher":{"@id":"https:\/\/www.mojabochnia.pl\/#organization"},"potentialAction":[{"@type":"SearchAction","target":{"@type":"EntryPoint","urlTemplate":"https:\/\/www.mojabochnia.pl\/?s={search_term_string}"},"query-input":{"@type":"PropertyValueSpecification","valueRequired":true,"valueName":"search_term_string"}}],"inLanguage":"pl-PL"},{"@type":"Organization","@id":"https:\/\/www.mojabochnia.pl\/#organization","name":"mojabochnia.pl - portal informacyjny","url":"https:\/\/www.mojabochnia.pl\/","logo":{"@type":"ImageObject","inLanguage":"pl-PL","@id":"https:\/\/www.mojabochnia.pl\/#\/schema\/logo\/image\/","url":"https:\/\/www.mojabochnia.pl\/wp-content\/uploads\/2017\/08\/logo-mb-opt.png","contentUrl":"https:\/\/www.mojabochnia.pl\/wp-content\/uploads\/2017\/08\/logo-mb-opt.png","width":250,"height":48,"caption":"mojabochnia.pl - portal informacyjny"},"image":{"@id":"https:\/\/www.mojabochnia.pl\/#\/schema\/logo\/image\/"},"sameAs":["https:\/\/www.facebook.com\/mojabochnia"]},{"@type":"Person","@id":"https:\/\/www.mojabochnia.pl\/#\/schema\/person\/7e2f20ead9902216a3384f13606c0ab7","name":"redakcja","sameAs":["http:\/\/"],"url":"https:\/\/www.mojabochnia.pl\/?author=13"}]}},"_links":{"self":[{"href":"https:\/\/www.mojabochnia.pl\/index.php?rest_route=\/wp\/v2\/posts\/103675","targetHints":{"allow":["GET"]}}],"collection":[{"href":"https:\/\/www.mojabochnia.pl\/index.php?rest_route=\/wp\/v2\/posts"}],"about":[{"href":"https:\/\/www.mojabochnia.pl\/index.php?rest_route=\/wp\/v2\/types\/post"}],"author":[{"embeddable":true,"href":"https:\/\/www.mojabochnia.pl\/index.php?rest_route=\/wp\/v2\/users\/13"}],"replies":[{"embeddable":true,"href":"https:\/\/www.mojabochnia.pl\/index.php?rest_route=%2Fwp%2Fv2%2Fcomments&post=103675"}],"version-history":[{"count":3,"href":"https:\/\/www.mojabochnia.pl\/index.php?rest_route=\/wp\/v2\/posts\/103675\/revisions"}],"predecessor-version":[{"id":103926,"href":"https:\/\/www.mojabochnia.pl\/index.php?rest_route=\/wp\/v2\/posts\/103675\/revisions\/103926"}],"wp:attachment":[{"href":"https:\/\/www.mojabochnia.pl\/index.php?rest_route=%2Fwp%2Fv2%2Fmedia&parent=103675"}],"wp:term":[{"taxonomy":"category","embeddable":true,"href":"https:\/\/www.mojabochnia.pl\/index.php?rest_route=%2Fwp%2Fv2%2Fcategories&post=103675"},{"taxonomy":"post_tag","embeddable":true,"href":"https:\/\/www.mojabochnia.pl\/index.php?rest_route=%2Fwp%2Fv2%2Ftags&post=103675"}],"curies":[{"name":"wp","href":"https:\/\/api.w.org\/{rel}","templated":true}]}}