{"id":103367,"date":"2014-01-13T10:16:26","date_gmt":"2014-01-13T09:16:26","guid":{"rendered":"http:\/\/www.mojabochnia.pl\/?p=103367"},"modified":"2014-01-13T10:26:22","modified_gmt":"2014-01-13T09:26:22","slug":"16-latka-potracona-w-proszowkach-nie-zyje","status":"publish","type":"post","link":"https:\/\/www.mojabochnia.pl\/?p=103367","title":{"rendered":"16-latka potr\u0105cona w Prosz\u00f3wkach nie \u017cyje"},"content":{"rendered":"<p>Przypomnijmy, do wypadku dosz\u0142o 23 grudnia o godzinie 16:00 na drodze wojew\u00f3dzkiej nr 965 w Prosz\u00f3wkach. Uczennic\u0119 I LO w Bochni potr\u0105ci\u0142 na oznakowanym przej\u015bciu dla pieszych seat cordoba prowadzony przez 23-letniego m\u0119\u017cczyzn\u0119. Poszkodowana natychmiast zosta\u0142a odwieziona do szpitala \u015bmig\u0142owcem. <\/p>\n<p>Leczenie ci\u0119\u017cko rannej Kingi wymaga\u0142o du\u017cej ilo\u015bci krwi do przetoczenia. Znajomi i przyjaciele dziewczyny szybko zorganizowali akcj\u0119 internetow\u0105 zach\u0119caj\u0105c\u0105 do oddawania krwi. Niestety, mimo tak wielu form wsparcia, 16-latki nie uda\u0142o si\u0119 uratowa\u0107. Zmar\u0142a nie odzyskuj\u0105c przytomno\u015bci 11 stycznia. <\/p>\n<p>Do tej pory prokuratura nie postawi\u0142a zarzut\u00f3w kierowcy samochodu. Prokuratura Rejonowa w Bochni prowadzi post\u0119powanie przygotowawcze. <em>Prokurator zarz\u0105dza dzisiaj przeprowadzenie sekcji zw\u0142ok dziewczyny, aby ustali\u0107, co by\u0142o bezpo\u015brednia przyczyn\u0105 jej \u015bmierci, czy mia\u0142o to zwi\u0105zek z obra\u017ceniami, jakich w\u00f3wczas dozna\u0142a. Natomiast post\u0119powanie do chwili obecnej prowadzone jest &#8222;w sprawie&#8221;, jeszcze nikomu nie przedstawiono zarzut\u00f3w<\/em> &#8211; m\u00f3wi El\u017cbieta Potoczek-Bara, rzecznik Prokuratury Okr\u0119gowej w Tarnowie. <\/p>\n","protected":false},"excerpt":{"rendered":"<p>16-letnia Kinga, kt\u00f3ra pod koniec grudnia zosta\u0142a potr\u0105cona na przej\u015bciu dla pieszych obok szko\u0142y w Prosz\u00f3wkach, nie \u017cyje. Mimo kilkutygodniowej troski lekarzy oraz pomocy ludzi dobrej woli, dziewczyna zmar\u0142a w szpitalu w Krakowie. <\/p>\n","protected":false},"author":4,"featured_media":0,"comment_status":"open","ping_status":"closed","sticky":false,"template":"","format":"standard","meta":{"_acf_changed":false,"footnotes":""},"categories":[5,6251,6250],"tags":[789,17155,17361,17323],"class_list":["post-103367","post","type-post","status-publish","format-standard","hentry","category-biezace-wydarzenia","category-polityka-i-wydarzenia","category-tematyka","tag-pieszy","tag-policja","tag-potracenie","tag-smierc","main_tag-policja"],"acf":[],"yoast_head":"<!-- This site is optimized with the Yoast SEO plugin v26.9 - https:\/\/yoast.com\/product\/yoast-seo-wordpress\/ -->\n<title>16-latka potr\u0105cona w Prosz\u00f3wkach nie \u017cyje - mojabochnia.pl - portal informacyjny<\/title>\n<meta name=\"robots\" content=\"index, follow, max-snippet:-1, max-image-preview:large, max-video-preview:-1\" \/>\n<link rel=\"canonical\" href=\"https:\/\/www.mojabochnia.pl\/?p=103367\" \/>\n<meta property=\"og:locale\" content=\"pl_PL\" \/>\n<meta property=\"og:type\" content=\"article\" \/>\n<meta property=\"og:title\" content=\"16-latka potr\u0105cona w Prosz\u00f3wkach nie \u017cyje - mojabochnia.pl - portal informacyjny\" \/>\n<meta property=\"og:description\" content=\"16-letnia Kinga, kt\u00f3ra pod koniec grudnia zosta\u0142a potr\u0105cona na przej\u015bciu dla pieszych obok szko\u0142y w Prosz\u00f3wkach, nie \u017cyje. Mimo kilkutygodniowej troski lekarzy oraz pomocy ludzi dobrej woli, dziewczyna zmar\u0142a w szpitalu w Krakowie.\" \/>\n<meta property=\"og:url\" content=\"https:\/\/www.mojabochnia.pl\/?p=103367\" \/>\n<meta property=\"og:site_name\" content=\"mojabochnia.pl - portal informacyjny\" \/>\n<meta property=\"article:publisher\" content=\"https:\/\/www.facebook.com\/mojabochnia\" \/>\n<meta property=\"article:published_time\" content=\"2014-01-13T09:16:26+00:00\" \/>\n<meta property=\"article:modified_time\" content=\"2014-01-13T09:26:22+00:00\" \/>\n<meta name=\"author\" content=\"Pawe\u0142 Michalczyk\" \/>\n<meta name=\"twitter:card\" content=\"summary_large_image\" \/>\n<meta name=\"twitter:label1\" content=\"Written by\" \/>\n\t<meta name=\"twitter:data1\" content=\"Pawe\u0142 Michalczyk\" \/>\n\t<meta name=\"twitter:label2\" content=\"Est. reading time\" \/>\n\t<meta name=\"twitter:data2\" content=\"1 minuta\" \/>\n<script type=\"application\/ld+json\" class=\"yoast-schema-graph\">{\"@context\":\"https:\/\/schema.org\",\"@graph\":[{\"@type\":\"Article\",\"@id\":\"https:\/\/www.mojabochnia.pl\/?p=103367#article\",\"isPartOf\":{\"@id\":\"https:\/\/www.mojabochnia.pl\/?p=103367\"},\"author\":{\"name\":\"Pawe\u0142 Michalczyk\",\"@id\":\"https:\/\/www.mojabochnia.pl\/#\/schema\/person\/ea042e4724a77627963f02166828ead4\"},\"headline\":\"16-latka potr\u0105cona w Prosz\u00f3wkach nie \u017cyje\",\"datePublished\":\"2014-01-13T09:16:26+00:00\",\"dateModified\":\"2014-01-13T09:26:22+00:00\",\"mainEntityOfPage\":{\"@id\":\"https:\/\/www.mojabochnia.pl\/?p=103367\"},\"wordCount\":181,\"commentCount\":0,\"publisher\":{\"@id\":\"https:\/\/www.mojabochnia.pl\/#organization\"},\"keywords\":[\"pieszy\",\"policja\",\"potr\u0105cenie\",\"\u015bmier\u0107\"],\"articleSection\":[\"2_ostatnie\",\"polityka i wydarzenia\",\"tematyka\"],\"inLanguage\":\"pl-PL\",\"potentialAction\":[{\"@type\":\"CommentAction\",\"name\":\"Comment\",\"target\":[\"https:\/\/www.mojabochnia.pl\/?p=103367#respond\"]}]},{\"@type\":\"WebPage\",\"@id\":\"https:\/\/www.mojabochnia.pl\/?p=103367\",\"url\":\"https:\/\/www.mojabochnia.pl\/?p=103367\",\"name\":\"16-latka potr\u0105cona w Prosz\u00f3wkach nie \u017cyje - mojabochnia.pl - portal informacyjny\",\"isPartOf\":{\"@id\":\"https:\/\/www.mojabochnia.pl\/#website\"},\"datePublished\":\"2014-01-13T09:16:26+00:00\",\"dateModified\":\"2014-01-13T09:26:22+00:00\",\"breadcrumb\":{\"@id\":\"https:\/\/www.mojabochnia.pl\/?p=103367#breadcrumb\"},\"inLanguage\":\"pl-PL\",\"potentialAction\":[{\"@type\":\"ReadAction\",\"target\":[\"https:\/\/www.mojabochnia.pl\/?p=103367\"]}]},{\"@type\":\"BreadcrumbList\",\"@id\":\"https:\/\/www.mojabochnia.pl\/?p=103367#breadcrumb\",\"itemListElement\":[{\"@type\":\"ListItem\",\"position\":1,\"name\":\"Home\",\"item\":\"https:\/\/www.mojabochnia.pl\/\"},{\"@type\":\"ListItem\",\"position\":2,\"name\":\"16-latka potr\u0105cona w Prosz\u00f3wkach nie \u017cyje\"}]},{\"@type\":\"WebSite\",\"@id\":\"https:\/\/www.mojabochnia.pl\/#website\",\"url\":\"https:\/\/www.mojabochnia.pl\/\",\"name\":\"mojabochnia.pl - portal informacyjny\",\"description\":\"mojaBochnia to portal informacyjny o Bochni. Codziennie o Bochni piszemy i pokazujemy najwa\u017cniejsze wydarzenia\",\"publisher\":{\"@id\":\"https:\/\/www.mojabochnia.pl\/#organization\"},\"potentialAction\":[{\"@type\":\"SearchAction\",\"target\":{\"@type\":\"EntryPoint\",\"urlTemplate\":\"https:\/\/www.mojabochnia.pl\/?s={search_term_string}\"},\"query-input\":{\"@type\":\"PropertyValueSpecification\",\"valueRequired\":true,\"valueName\":\"search_term_string\"}}],\"inLanguage\":\"pl-PL\"},{\"@type\":\"Organization\",\"@id\":\"https:\/\/www.mojabochnia.pl\/#organization\",\"name\":\"mojabochnia.pl - portal informacyjny\",\"url\":\"https:\/\/www.mojabochnia.pl\/\",\"logo\":{\"@type\":\"ImageObject\",\"inLanguage\":\"pl-PL\",\"@id\":\"https:\/\/www.mojabochnia.pl\/#\/schema\/logo\/image\/\",\"url\":\"https:\/\/www.mojabochnia.pl\/wp-content\/uploads\/2017\/08\/logo-mb-opt.png\",\"contentUrl\":\"https:\/\/www.mojabochnia.pl\/wp-content\/uploads\/2017\/08\/logo-mb-opt.png\",\"width\":250,\"height\":48,\"caption\":\"mojabochnia.pl - portal informacyjny\"},\"image\":{\"@id\":\"https:\/\/www.mojabochnia.pl\/#\/schema\/logo\/image\/\"},\"sameAs\":[\"https:\/\/www.facebook.com\/mojabochnia\"]},{\"@type\":\"Person\",\"@id\":\"https:\/\/www.mojabochnia.pl\/#\/schema\/person\/ea042e4724a77627963f02166828ead4\",\"name\":\"Pawe\u0142 Michalczyk\",\"url\":\"https:\/\/www.mojabochnia.pl\/?author=4\"}]}<\/script>\n<!-- \/ Yoast SEO plugin. -->","yoast_head_json":{"title":"16-latka potr\u0105cona w Prosz\u00f3wkach nie \u017cyje - mojabochnia.pl - portal informacyjny","robots":{"index":"index","follow":"follow","max-snippet":"max-snippet:-1","max-image-preview":"max-image-preview:large","max-video-preview":"max-video-preview:-1"},"canonical":"https:\/\/www.mojabochnia.pl\/?p=103367","og_locale":"pl_PL","og_type":"article","og_title":"16-latka potr\u0105cona w Prosz\u00f3wkach nie \u017cyje - mojabochnia.pl - portal informacyjny","og_description":"16-letnia Kinga, kt\u00f3ra pod koniec grudnia zosta\u0142a potr\u0105cona na przej\u015bciu dla pieszych obok szko\u0142y w Prosz\u00f3wkach, nie \u017cyje. Mimo kilkutygodniowej troski lekarzy oraz pomocy ludzi dobrej woli, dziewczyna zmar\u0142a w szpitalu w Krakowie.","og_url":"https:\/\/www.mojabochnia.pl\/?p=103367","og_site_name":"mojabochnia.pl - portal informacyjny","article_publisher":"https:\/\/www.facebook.com\/mojabochnia","article_published_time":"2014-01-13T09:16:26+00:00","article_modified_time":"2014-01-13T09:26:22+00:00","author":"Pawe\u0142 Michalczyk","twitter_card":"summary_large_image","twitter_misc":{"Written by":"Pawe\u0142 Michalczyk","Est. reading time":"1 minuta"},"schema":{"@context":"https:\/\/schema.org","@graph":[{"@type":"Article","@id":"https:\/\/www.mojabochnia.pl\/?p=103367#article","isPartOf":{"@id":"https:\/\/www.mojabochnia.pl\/?p=103367"},"author":{"name":"Pawe\u0142 Michalczyk","@id":"https:\/\/www.mojabochnia.pl\/#\/schema\/person\/ea042e4724a77627963f02166828ead4"},"headline":"16-latka potr\u0105cona w Prosz\u00f3wkach nie \u017cyje","datePublished":"2014-01-13T09:16:26+00:00","dateModified":"2014-01-13T09:26:22+00:00","mainEntityOfPage":{"@id":"https:\/\/www.mojabochnia.pl\/?p=103367"},"wordCount":181,"commentCount":0,"publisher":{"@id":"https:\/\/www.mojabochnia.pl\/#organization"},"keywords":["pieszy","policja","potr\u0105cenie","\u015bmier\u0107"],"articleSection":["2_ostatnie","polityka i wydarzenia","tematyka"],"inLanguage":"pl-PL","potentialAction":[{"@type":"CommentAction","name":"Comment","target":["https:\/\/www.mojabochnia.pl\/?p=103367#respond"]}]},{"@type":"WebPage","@id":"https:\/\/www.mojabochnia.pl\/?p=103367","url":"https:\/\/www.mojabochnia.pl\/?p=103367","name":"16-latka potr\u0105cona w Prosz\u00f3wkach nie \u017cyje - mojabochnia.pl - portal informacyjny","isPartOf":{"@id":"https:\/\/www.mojabochnia.pl\/#website"},"datePublished":"2014-01-13T09:16:26+00:00","dateModified":"2014-01-13T09:26:22+00:00","breadcrumb":{"@id":"https:\/\/www.mojabochnia.pl\/?p=103367#breadcrumb"},"inLanguage":"pl-PL","potentialAction":[{"@type":"ReadAction","target":["https:\/\/www.mojabochnia.pl\/?p=103367"]}]},{"@type":"BreadcrumbList","@id":"https:\/\/www.mojabochnia.pl\/?p=103367#breadcrumb","itemListElement":[{"@type":"ListItem","position":1,"name":"Home","item":"https:\/\/www.mojabochnia.pl\/"},{"@type":"ListItem","position":2,"name":"16-latka potr\u0105cona w Prosz\u00f3wkach nie \u017cyje"}]},{"@type":"WebSite","@id":"https:\/\/www.mojabochnia.pl\/#website","url":"https:\/\/www.mojabochnia.pl\/","name":"mojabochnia.pl - portal informacyjny","description":"mojaBochnia to portal informacyjny o Bochni. Codziennie o Bochni piszemy i pokazujemy najwa\u017cniejsze wydarzenia","publisher":{"@id":"https:\/\/www.mojabochnia.pl\/#organization"},"potentialAction":[{"@type":"SearchAction","target":{"@type":"EntryPoint","urlTemplate":"https:\/\/www.mojabochnia.pl\/?s={search_term_string}"},"query-input":{"@type":"PropertyValueSpecification","valueRequired":true,"valueName":"search_term_string"}}],"inLanguage":"pl-PL"},{"@type":"Organization","@id":"https:\/\/www.mojabochnia.pl\/#organization","name":"mojabochnia.pl - portal informacyjny","url":"https:\/\/www.mojabochnia.pl\/","logo":{"@type":"ImageObject","inLanguage":"pl-PL","@id":"https:\/\/www.mojabochnia.pl\/#\/schema\/logo\/image\/","url":"https:\/\/www.mojabochnia.pl\/wp-content\/uploads\/2017\/08\/logo-mb-opt.png","contentUrl":"https:\/\/www.mojabochnia.pl\/wp-content\/uploads\/2017\/08\/logo-mb-opt.png","width":250,"height":48,"caption":"mojabochnia.pl - portal informacyjny"},"image":{"@id":"https:\/\/www.mojabochnia.pl\/#\/schema\/logo\/image\/"},"sameAs":["https:\/\/www.facebook.com\/mojabochnia"]},{"@type":"Person","@id":"https:\/\/www.mojabochnia.pl\/#\/schema\/person\/ea042e4724a77627963f02166828ead4","name":"Pawe\u0142 Michalczyk","url":"https:\/\/www.mojabochnia.pl\/?author=4"}]}},"_links":{"self":[{"href":"https:\/\/www.mojabochnia.pl\/index.php?rest_route=\/wp\/v2\/posts\/103367","targetHints":{"allow":["GET"]}}],"collection":[{"href":"https:\/\/www.mojabochnia.pl\/index.php?rest_route=\/wp\/v2\/posts"}],"about":[{"href":"https:\/\/www.mojabochnia.pl\/index.php?rest_route=\/wp\/v2\/types\/post"}],"author":[{"embeddable":true,"href":"https:\/\/www.mojabochnia.pl\/index.php?rest_route=\/wp\/v2\/users\/4"}],"replies":[{"embeddable":true,"href":"https:\/\/www.mojabochnia.pl\/index.php?rest_route=%2Fwp%2Fv2%2Fcomments&post=103367"}],"version-history":[{"count":6,"href":"https:\/\/www.mojabochnia.pl\/index.php?rest_route=\/wp\/v2\/posts\/103367\/revisions"}],"predecessor-version":[{"id":103373,"href":"https:\/\/www.mojabochnia.pl\/index.php?rest_route=\/wp\/v2\/posts\/103367\/revisions\/103373"}],"wp:attachment":[{"href":"https:\/\/www.mojabochnia.pl\/index.php?rest_route=%2Fwp%2Fv2%2Fmedia&parent=103367"}],"wp:term":[{"taxonomy":"category","embeddable":true,"href":"https:\/\/www.mojabochnia.pl\/index.php?rest_route=%2Fwp%2Fv2%2Fcategories&post=103367"},{"taxonomy":"post_tag","embeddable":true,"href":"https:\/\/www.mojabochnia.pl\/index.php?rest_route=%2Fwp%2Fv2%2Ftags&post=103367"}],"curies":[{"name":"wp","href":"https:\/\/api.w.org\/{rel}","templated":true}]}}