{"id":101721,"date":"2013-12-13T14:15:00","date_gmt":"2013-12-13T13:15:00","guid":{"rendered":"http:\/\/www.mojabochnia.pl\/?p=101721"},"modified":"2013-12-13T14:15:00","modified_gmt":"2013-12-13T13:15:00","slug":"pkp-wprowadza-ulatwienia-dla-podroznych","status":"publish","type":"post","link":"https:\/\/www.mojabochnia.pl\/?p=101721","title":{"rendered":"PKP wprowadza u\u0142atwienia dla podr\u00f3\u017cnych"},"content":{"rendered":"<p>Na sieci kolejowej zarz\u0105dzanej przez PLK jest ok. 2,5 tys. czynnych stacji i przystank\u00f3w, z kt\u00f3rych ponad 1,2 tys. wyposa\u017conych jest w urz\u0105dzenia do wyg\u0142aszania zapowiedzi g\u0142osowych, a na 60 s\u0105 zamontowane urz\u0105dzenia do wy\u015bwietlania dynamicznej informacji pasa\u017cerskiej. W niedziel\u0119 (15 grudnia br.) zarz\u0105dca infrastruktury przejmie kontrol\u0119 nad wyg\u0142aszaniem komunikat\u00f3w w 80 lokalizacjach, w kt\u00f3rych dotychczas t\u0119 us\u0142ug\u0119 \u015bwiadczyli przewo\u017anicy. Po przej\u0119ciu przez PLK obowi\u0105zku wyg\u0142aszania komunikat\u00f3w dla pasa\u017cer\u00f3w na dworcach i peronach, za ca\u0142y system informacji b\u0119dzie odpowiada\u0142 jeden podmiot. Takie same standardy informowania obowi\u0105zuj\u0105 tak\u017ce na trzech warszawskich dworcach: Warszawa Centralna, Warszawa \u015ar\u00f3dmie\u015bcie i Warszawa Wile\u0144ska, gdzie ze wzgl\u0119du na uwarunkowania techniczne informacj\u0105 pasa\u017cersk\u0105 zarz\u0105dza\u0107 jeszcze b\u0119dzie PKP S.A.<br \/>\n<strong><br \/>\nJednolita i czytelna informacja<\/strong><\/p>\n<p>Wraz z przej\u0119ciem przez Polskie Linie Kolejowe odpowiedzialno\u015bci za informacj\u0119 pasa\u017cersk\u0105 wprowadzony zosta\u0142 jednolity standard zapowiedzi, uzgodniony z przewo\u017anikami i uwzgl\u0119dniaj\u0105cy normy Unii Europejskiej. Dzi\u0119ki temu podr\u00f3\u017cni otrzymaj\u0105 jednolite i czytelne informacje na temat odje\u017cd\u017caj\u0105cych poci\u0105g\u00f3w. Kontynuowany b\u0119dzie r\u00f3wnie\u017c proces ujednolicania oznakowania na dworcach i peronach (jednakowe tablice z oznaczeniami m.in. numer\u00f3w peron\u00f3w, nazw przystank\u00f3w oraz stacji kolejowych). <\/p>\n<p><strong>Komunikaty pod kontrol\u0105<\/strong><\/p>\n<p>Gwarancj\u0105 jako\u015bci informacji przekazywanych pasa\u017cerom na dworcach i peronach b\u0119dzie system weryfikacji SLA (Service Level Agreement), kt\u00f3ry okre\u015bla m.in. kary umowne dla operator\u00f3w za niew\u0142a\u015bciwe wyg\u0142aszanie komunikat\u00f3w. Ich poprawno\u015b\u0107 b\u0119dzie na bie\u017c\u0105co kontrolowana przez ok. 100 pracownik\u00f3w Polskich Linii Kolejowych w ca\u0142ej Polsce. Dodatkowo w ramach przygotowa\u0144 do przej\u0119cia odpowiedzialno\u015bci za informacj\u0119 pasa\u017cersk\u0105 wszyscy pracownicy odpowiedzialni za \u015bwiadczenie tej us\u0142ugi przeszli weryfikacj\u0119 oraz odpowiednie szkolenia. Weryfikacja polega\u0142a na sprawdzeniu znajomo\u015bci rozk\u0142adu jazdy i praktycznych umiej\u0119tno\u015bci wyg\u0142aszania komunikat\u00f3w oraz obs\u0142ugi urz\u0105dze\u0144 do prezentacji informacji wizualnej.<br \/>\n<strong><br \/>\nInformacja na bie\u017c\u0105co<\/strong><\/p>\n<p>Od roku PLK odpowiada ju\u017c za plakatow\u0105 informacj\u0119 o ruchu poci\u0105g\u00f3w. Odpowiednie plakaty z rozk\u0142adem jazdy wywieszane s\u0105 na wszystkich stacjach i dworcach. Dodatkowo istnieje mo\u017cliwo\u015b\u0107 pobrania i wydrukowania ze strony internetowej http:\/\/rozklad.plk-sa.pl plakatu z rozk\u0142adem jazdy dla ka\u017cdej stacji i przystanku w Polsce. Wszelkie zmiany i korekty rozk\u0142adu s\u0105 publikowane przez PLK na 21 dni przed ich wprowadzeniem. <\/p>\n","protected":false},"excerpt":{"rendered":"<p>PKP Polskie Linie Kolejowe S.A. przejmuje zarz\u0105dzanie informacj\u0105 pasa\u017cersk\u0105 na sieci kolejowej. Od niedzieli 15 grudnia ka\u017cdy poci\u0105g b\u0119dzie mia\u0142 jednolit\u0105 i czyteln\u0105 zapowied\u017a na wyposa\u017conych w nag\u0142o\u015bnienie stacjach, przystankach i dworcach kolejowych w ca\u0142ej Polsce. Informacje na wy\u015bwietlaczach b\u0119d\u0105 prezentowane wed\u0142ug tego samego standardu.<\/p>\n","protected":false},"author":13,"featured_media":0,"comment_status":"open","ping_status":"closed","sticky":false,"template":"","format":"standard","meta":{"_acf_changed":false,"footnotes":""},"categories":[5,6251,6250],"tags":[438,2444,615],"class_list":["post-101721","post","type-post","status-publish","format-standard","hentry","category-biezace-wydarzenia","category-polityka-i-wydarzenia","category-tematyka","tag-pkp","tag-pociag","tag-rozklad-jazdy","main_tag-pkp-2"],"acf":[],"yoast_head":"<!-- This site is optimized with the Yoast SEO plugin v26.9 - https:\/\/yoast.com\/product\/yoast-seo-wordpress\/ -->\n<title>PKP wprowadza u\u0142atwienia dla podr\u00f3\u017cnych - mojabochnia.pl - portal informacyjny<\/title>\n<meta name=\"robots\" content=\"index, follow, max-snippet:-1, max-image-preview:large, max-video-preview:-1\" \/>\n<link rel=\"canonical\" href=\"https:\/\/www.mojabochnia.pl\/?p=101721\" \/>\n<meta property=\"og:locale\" content=\"pl_PL\" \/>\n<meta property=\"og:type\" content=\"article\" \/>\n<meta property=\"og:title\" content=\"PKP wprowadza u\u0142atwienia dla podr\u00f3\u017cnych - mojabochnia.pl - portal informacyjny\" \/>\n<meta property=\"og:description\" content=\"PKP Polskie Linie Kolejowe S.A. przejmuje zarz\u0105dzanie informacj\u0105 pasa\u017cersk\u0105 na sieci kolejowej. Od niedzieli 15 grudnia ka\u017cdy poci\u0105g b\u0119dzie mia\u0142 jednolit\u0105 i czyteln\u0105 zapowied\u017a na wyposa\u017conych w nag\u0142o\u015bnienie stacjach, przystankach i dworcach kolejowych w ca\u0142ej Polsce. Informacje na wy\u015bwietlaczach b\u0119d\u0105 prezentowane wed\u0142ug tego samego standardu.\" \/>\n<meta property=\"og:url\" content=\"https:\/\/www.mojabochnia.pl\/?p=101721\" \/>\n<meta property=\"og:site_name\" content=\"mojabochnia.pl - portal informacyjny\" \/>\n<meta property=\"article:publisher\" content=\"https:\/\/www.facebook.com\/mojabochnia\" \/>\n<meta property=\"article:published_time\" content=\"2013-12-13T13:15:00+00:00\" \/>\n<meta name=\"author\" content=\"redakcja\" \/>\n<meta name=\"twitter:card\" content=\"summary_large_image\" \/>\n<meta name=\"twitter:label1\" content=\"Written by\" \/>\n\t<meta name=\"twitter:data1\" content=\"redakcja\" \/>\n\t<meta name=\"twitter:label2\" content=\"Est. reading time\" \/>\n\t<meta name=\"twitter:data2\" content=\"2 minuty\" \/>\n<script type=\"application\/ld+json\" class=\"yoast-schema-graph\">{\"@context\":\"https:\/\/schema.org\",\"@graph\":[{\"@type\":\"Article\",\"@id\":\"https:\/\/www.mojabochnia.pl\/?p=101721#article\",\"isPartOf\":{\"@id\":\"https:\/\/www.mojabochnia.pl\/?p=101721\"},\"author\":{\"name\":\"redakcja\",\"@id\":\"https:\/\/www.mojabochnia.pl\/#\/schema\/person\/7e2f20ead9902216a3384f13606c0ab7\"},\"headline\":\"PKP wprowadza u\u0142atwienia dla podr\u00f3\u017cnych\",\"datePublished\":\"2013-12-13T13:15:00+00:00\",\"mainEntityOfPage\":{\"@id\":\"https:\/\/www.mojabochnia.pl\/?p=101721\"},\"wordCount\":414,\"commentCount\":0,\"publisher\":{\"@id\":\"https:\/\/www.mojabochnia.pl\/#organization\"},\"keywords\":[\"PKP\",\"poci\u0105g\",\"rozk\u0142ad jazdy\"],\"articleSection\":[\"2_ostatnie\",\"polityka i wydarzenia\",\"tematyka\"],\"inLanguage\":\"pl-PL\",\"potentialAction\":[{\"@type\":\"CommentAction\",\"name\":\"Comment\",\"target\":[\"https:\/\/www.mojabochnia.pl\/?p=101721#respond\"]}]},{\"@type\":\"WebPage\",\"@id\":\"https:\/\/www.mojabochnia.pl\/?p=101721\",\"url\":\"https:\/\/www.mojabochnia.pl\/?p=101721\",\"name\":\"PKP wprowadza u\u0142atwienia dla podr\u00f3\u017cnych - mojabochnia.pl - portal informacyjny\",\"isPartOf\":{\"@id\":\"https:\/\/www.mojabochnia.pl\/#website\"},\"datePublished\":\"2013-12-13T13:15:00+00:00\",\"breadcrumb\":{\"@id\":\"https:\/\/www.mojabochnia.pl\/?p=101721#breadcrumb\"},\"inLanguage\":\"pl-PL\",\"potentialAction\":[{\"@type\":\"ReadAction\",\"target\":[\"https:\/\/www.mojabochnia.pl\/?p=101721\"]}]},{\"@type\":\"BreadcrumbList\",\"@id\":\"https:\/\/www.mojabochnia.pl\/?p=101721#breadcrumb\",\"itemListElement\":[{\"@type\":\"ListItem\",\"position\":1,\"name\":\"Home\",\"item\":\"https:\/\/www.mojabochnia.pl\/\"},{\"@type\":\"ListItem\",\"position\":2,\"name\":\"PKP wprowadza u\u0142atwienia dla podr\u00f3\u017cnych\"}]},{\"@type\":\"WebSite\",\"@id\":\"https:\/\/www.mojabochnia.pl\/#website\",\"url\":\"https:\/\/www.mojabochnia.pl\/\",\"name\":\"mojabochnia.pl - portal informacyjny\",\"description\":\"mojaBochnia to portal informacyjny o Bochni. Codziennie o Bochni piszemy i pokazujemy najwa\u017cniejsze wydarzenia\",\"publisher\":{\"@id\":\"https:\/\/www.mojabochnia.pl\/#organization\"},\"potentialAction\":[{\"@type\":\"SearchAction\",\"target\":{\"@type\":\"EntryPoint\",\"urlTemplate\":\"https:\/\/www.mojabochnia.pl\/?s={search_term_string}\"},\"query-input\":{\"@type\":\"PropertyValueSpecification\",\"valueRequired\":true,\"valueName\":\"search_term_string\"}}],\"inLanguage\":\"pl-PL\"},{\"@type\":\"Organization\",\"@id\":\"https:\/\/www.mojabochnia.pl\/#organization\",\"name\":\"mojabochnia.pl - portal informacyjny\",\"url\":\"https:\/\/www.mojabochnia.pl\/\",\"logo\":{\"@type\":\"ImageObject\",\"inLanguage\":\"pl-PL\",\"@id\":\"https:\/\/www.mojabochnia.pl\/#\/schema\/logo\/image\/\",\"url\":\"https:\/\/www.mojabochnia.pl\/wp-content\/uploads\/2017\/08\/logo-mb-opt.png\",\"contentUrl\":\"https:\/\/www.mojabochnia.pl\/wp-content\/uploads\/2017\/08\/logo-mb-opt.png\",\"width\":250,\"height\":48,\"caption\":\"mojabochnia.pl - portal informacyjny\"},\"image\":{\"@id\":\"https:\/\/www.mojabochnia.pl\/#\/schema\/logo\/image\/\"},\"sameAs\":[\"https:\/\/www.facebook.com\/mojabochnia\"]},{\"@type\":\"Person\",\"@id\":\"https:\/\/www.mojabochnia.pl\/#\/schema\/person\/7e2f20ead9902216a3384f13606c0ab7\",\"name\":\"redakcja\",\"sameAs\":[\"http:\/\/\"],\"url\":\"https:\/\/www.mojabochnia.pl\/?author=13\"}]}<\/script>\n<!-- \/ Yoast SEO plugin. -->","yoast_head_json":{"title":"PKP wprowadza u\u0142atwienia dla podr\u00f3\u017cnych - mojabochnia.pl - portal informacyjny","robots":{"index":"index","follow":"follow","max-snippet":"max-snippet:-1","max-image-preview":"max-image-preview:large","max-video-preview":"max-video-preview:-1"},"canonical":"https:\/\/www.mojabochnia.pl\/?p=101721","og_locale":"pl_PL","og_type":"article","og_title":"PKP wprowadza u\u0142atwienia dla podr\u00f3\u017cnych - mojabochnia.pl - portal informacyjny","og_description":"PKP Polskie Linie Kolejowe S.A. przejmuje zarz\u0105dzanie informacj\u0105 pasa\u017cersk\u0105 na sieci kolejowej. Od niedzieli 15 grudnia ka\u017cdy poci\u0105g b\u0119dzie mia\u0142 jednolit\u0105 i czyteln\u0105 zapowied\u017a na wyposa\u017conych w nag\u0142o\u015bnienie stacjach, przystankach i dworcach kolejowych w ca\u0142ej Polsce. Informacje na wy\u015bwietlaczach b\u0119d\u0105 prezentowane wed\u0142ug tego samego standardu.","og_url":"https:\/\/www.mojabochnia.pl\/?p=101721","og_site_name":"mojabochnia.pl - portal informacyjny","article_publisher":"https:\/\/www.facebook.com\/mojabochnia","article_published_time":"2013-12-13T13:15:00+00:00","author":"redakcja","twitter_card":"summary_large_image","twitter_misc":{"Written by":"redakcja","Est. reading time":"2 minuty"},"schema":{"@context":"https:\/\/schema.org","@graph":[{"@type":"Article","@id":"https:\/\/www.mojabochnia.pl\/?p=101721#article","isPartOf":{"@id":"https:\/\/www.mojabochnia.pl\/?p=101721"},"author":{"name":"redakcja","@id":"https:\/\/www.mojabochnia.pl\/#\/schema\/person\/7e2f20ead9902216a3384f13606c0ab7"},"headline":"PKP wprowadza u\u0142atwienia dla podr\u00f3\u017cnych","datePublished":"2013-12-13T13:15:00+00:00","mainEntityOfPage":{"@id":"https:\/\/www.mojabochnia.pl\/?p=101721"},"wordCount":414,"commentCount":0,"publisher":{"@id":"https:\/\/www.mojabochnia.pl\/#organization"},"keywords":["PKP","poci\u0105g","rozk\u0142ad jazdy"],"articleSection":["2_ostatnie","polityka i wydarzenia","tematyka"],"inLanguage":"pl-PL","potentialAction":[{"@type":"CommentAction","name":"Comment","target":["https:\/\/www.mojabochnia.pl\/?p=101721#respond"]}]},{"@type":"WebPage","@id":"https:\/\/www.mojabochnia.pl\/?p=101721","url":"https:\/\/www.mojabochnia.pl\/?p=101721","name":"PKP wprowadza u\u0142atwienia dla podr\u00f3\u017cnych - mojabochnia.pl - portal informacyjny","isPartOf":{"@id":"https:\/\/www.mojabochnia.pl\/#website"},"datePublished":"2013-12-13T13:15:00+00:00","breadcrumb":{"@id":"https:\/\/www.mojabochnia.pl\/?p=101721#breadcrumb"},"inLanguage":"pl-PL","potentialAction":[{"@type":"ReadAction","target":["https:\/\/www.mojabochnia.pl\/?p=101721"]}]},{"@type":"BreadcrumbList","@id":"https:\/\/www.mojabochnia.pl\/?p=101721#breadcrumb","itemListElement":[{"@type":"ListItem","position":1,"name":"Home","item":"https:\/\/www.mojabochnia.pl\/"},{"@type":"ListItem","position":2,"name":"PKP wprowadza u\u0142atwienia dla podr\u00f3\u017cnych"}]},{"@type":"WebSite","@id":"https:\/\/www.mojabochnia.pl\/#website","url":"https:\/\/www.mojabochnia.pl\/","name":"mojabochnia.pl - portal informacyjny","description":"mojaBochnia to portal informacyjny o Bochni. Codziennie o Bochni piszemy i pokazujemy najwa\u017cniejsze wydarzenia","publisher":{"@id":"https:\/\/www.mojabochnia.pl\/#organization"},"potentialAction":[{"@type":"SearchAction","target":{"@type":"EntryPoint","urlTemplate":"https:\/\/www.mojabochnia.pl\/?s={search_term_string}"},"query-input":{"@type":"PropertyValueSpecification","valueRequired":true,"valueName":"search_term_string"}}],"inLanguage":"pl-PL"},{"@type":"Organization","@id":"https:\/\/www.mojabochnia.pl\/#organization","name":"mojabochnia.pl - portal informacyjny","url":"https:\/\/www.mojabochnia.pl\/","logo":{"@type":"ImageObject","inLanguage":"pl-PL","@id":"https:\/\/www.mojabochnia.pl\/#\/schema\/logo\/image\/","url":"https:\/\/www.mojabochnia.pl\/wp-content\/uploads\/2017\/08\/logo-mb-opt.png","contentUrl":"https:\/\/www.mojabochnia.pl\/wp-content\/uploads\/2017\/08\/logo-mb-opt.png","width":250,"height":48,"caption":"mojabochnia.pl - portal informacyjny"},"image":{"@id":"https:\/\/www.mojabochnia.pl\/#\/schema\/logo\/image\/"},"sameAs":["https:\/\/www.facebook.com\/mojabochnia"]},{"@type":"Person","@id":"https:\/\/www.mojabochnia.pl\/#\/schema\/person\/7e2f20ead9902216a3384f13606c0ab7","name":"redakcja","sameAs":["http:\/\/"],"url":"https:\/\/www.mojabochnia.pl\/?author=13"}]}},"_links":{"self":[{"href":"https:\/\/www.mojabochnia.pl\/index.php?rest_route=\/wp\/v2\/posts\/101721","targetHints":{"allow":["GET"]}}],"collection":[{"href":"https:\/\/www.mojabochnia.pl\/index.php?rest_route=\/wp\/v2\/posts"}],"about":[{"href":"https:\/\/www.mojabochnia.pl\/index.php?rest_route=\/wp\/v2\/types\/post"}],"author":[{"embeddable":true,"href":"https:\/\/www.mojabochnia.pl\/index.php?rest_route=\/wp\/v2\/users\/13"}],"replies":[{"embeddable":true,"href":"https:\/\/www.mojabochnia.pl\/index.php?rest_route=%2Fwp%2Fv2%2Fcomments&post=101721"}],"version-history":[{"count":3,"href":"https:\/\/www.mojabochnia.pl\/index.php?rest_route=\/wp\/v2\/posts\/101721\/revisions"}],"predecessor-version":[{"id":101725,"href":"https:\/\/www.mojabochnia.pl\/index.php?rest_route=\/wp\/v2\/posts\/101721\/revisions\/101725"}],"wp:attachment":[{"href":"https:\/\/www.mojabochnia.pl\/index.php?rest_route=%2Fwp%2Fv2%2Fmedia&parent=101721"}],"wp:term":[{"taxonomy":"category","embeddable":true,"href":"https:\/\/www.mojabochnia.pl\/index.php?rest_route=%2Fwp%2Fv2%2Fcategories&post=101721"},{"taxonomy":"post_tag","embeddable":true,"href":"https:\/\/www.mojabochnia.pl\/index.php?rest_route=%2Fwp%2Fv2%2Ftags&post=101721"}],"curies":[{"name":"wp","href":"https:\/\/api.w.org\/{rel}","templated":true}]}}