{"id":101566,"date":"2013-12-11T15:25:58","date_gmt":"2013-12-11T14:25:58","guid":{"rendered":"http:\/\/www.mojabochnia.pl\/?p=101566"},"modified":"2013-12-11T15:25:58","modified_gmt":"2013-12-11T14:25:58","slug":"dom-pomocy-spolecznej-o-wysokim-standardzie","status":"publish","type":"post","link":"https:\/\/www.mojabochnia.pl\/?p=101566","title":{"rendered":"Dom Pomocy Spo\u0142ecznej o wysokim standardzie"},"content":{"rendered":"<p>Do tych dzia\u0142a\u0144 nale\u017c\u0105 realizowane przez plac\u00f3wk\u0119 projekty. Projekt p.n. \u201eReorganizacja dom\u00f3w pomocy spo\u0142ecznej w oparciu o model du\u0144ski\u201d. <em>Projekt ten pom\u00f3g\u0142 tworzy\u0107 Dom, w kt\u00f3rym mieszka\u0144cy s\u0105 bardziej samodzielni,  swobodni, niezale\u017cni i maj\u0105 wi\u0119kszy wp\u0142yw na swoje \u017cycie. Da\u0142 nowe mo\u017cliwo\u015bci i szans\u0119 stworzenia jeszcze lepszych warunk\u00f3w \u017cycia podopiecznym, podniesienia jako\u015bci \u015bwiadczonych us\u0142ug oraz standard\u00f3w pracy personelu. Projekt \u201eUwierzy\u0107 w siebie\u201d w ca\u0142o\u015bci finansowany z funduszy unijnych. Realizowane w ramach projektu wsparcie, kt\u00f3re mia\u0142o charakter wielorakich, kompleksowych i systematycznych oddzia\u0142ywa\u0144 w zakresie aktywnej integracji spo\u0142ecznej, przy wykorzystaniu wybranych instrument\u00f3w aktywizacji zdrowotnej, spo\u0142ecznej, edukacyjnej i zawodowej &#8211; pozwoli\u0142o uczestnikom odkry\u0107 sw\u00f3j potencja\u0142 i uwierzy\u0107 w siebie, a przez to poprawi\u0107 jako\u015b\u0107 ich \u017cycia<\/em> &#8211; podaje Sabina Kierepka z boche\u0144skiego starostwa.<\/p>\n<p>Certyfikat Euro Renoma jest na bie\u017c\u0105co aktualizowany, co s\u0142u\u017cy ci\u0105g\u0142ej weryfikacji jako\u015bci danego podmiotu.<em>W dzia\u0142ania s\u0142u\u017c\u0105ce poprawie jako\u015bci \u017cycia mieszka\u0144c\u00f3w DPS wpisuje si\u0119 prowadzona obecnie budowa nowego budynku, do kt\u00f3rego przeprowadz\u0105 si\u0119 podopieczni w podesz\u0142ym wieku.  Na finiszu s\u0105 prace wyko\u0144czeniowe, wykonano ju\u017c wszystkie prace budowlane, a w chwili obecnej trwaj\u0105 prace wyko\u0144czeniowe wewn\u0105trz budynku polegaj\u0105ce m.in. na uk\u0142adaniu p\u0142ytek, monta\u017cu instalacji. Pozosta\u0142y jeszcze prace przy uporz\u0105dkowaniu i zagospodarowaniu terenu wok\u00f3\u0142 obiektu oraz wyposa\u017ceniu budynku<\/em>.<\/p>\n<p>Nowy budynek DPS docelowo przeznaczony b\u0119dzie dla 90 pensjonariuszy i pe\u0142ni\u0142 b\u0119dzie funkcj\u0119 sta\u0142ego pobytu dla os\u00f3b starszych, przewlekle i nieuleczalnie chorych. Pensjonariusze zamieszkiwa\u0107 b\u0119d\u0105 w jedno- i dwuosobowych pokojach oraz zespo\u0142ach dwupokojowych z \u0142azienkami. Nowy obiekt dostosowany b\u0119dzie do obowi\u0105zuj\u0105cych standard\u00f3w i potrzeb u\u017cytkownik\u00f3w. Koszt inwestycji wynosi 6 031 841,25 z\u0142, przy czym warto\u015b\u0107 dofinansowania wynosi 3 000 000,00 z\u0142 w ramach MRPO na lata 2007-2013, a wk\u0142ad Powiatu Boche\u0144skiego to 3 031 841,25 z\u0142. Budowa zostanie zako\u0144czona w 2014 roku.<\/p>\n\t  \r\n\t\r\n\t    <div class=\"mb-gallery\">\r\n\t    <a href=\"https:\/\/www.mojabochnia.pl\/?attachment_id=101568\" class=\"\"><img loading=\"lazy\" decoding=\"async\" width=\"100\" height=\"56\" src=\"https:\/\/www.mojabochnia.pl\/wp-content\/uploads\/2013\/12\/DSC_5058-001-120x67.jpg\" class=\"attachment-100x100 size-100x100\" alt=\"\" srcset=\"https:\/\/www.mojabochnia.pl\/wp-content\/uploads\/2013\/12\/DSC_5058-001-120x67.jpg 120w, https:\/\/www.mojabochnia.pl\/wp-content\/uploads\/2013\/12\/DSC_5058-001-468x263.jpg 468w, https:\/\/www.mojabochnia.pl\/wp-content\/uploads\/2013\/12\/DSC_5058-001-660x371.jpg 660w, https:\/\/www.mojabochnia.pl\/wp-content\/uploads\/2013\/12\/DSC_5058-001.jpg 800w\" sizes=\"auto, (max-width: 100px) 100vw, 100px\" \/><\/a><a href=\"https:\/\/www.mojabochnia.pl\/?attachment_id=101569\" class=\"\"><img loading=\"lazy\" decoding=\"async\" width=\"100\" height=\"56\" src=\"https:\/\/www.mojabochnia.pl\/wp-content\/uploads\/2013\/12\/DSC_5059-001-120x67.jpg\" class=\"attachment-100x100 size-100x100\" alt=\"\" srcset=\"https:\/\/www.mojabochnia.pl\/wp-content\/uploads\/2013\/12\/DSC_5059-001-120x67.jpg 120w, https:\/\/www.mojabochnia.pl\/wp-content\/uploads\/2013\/12\/DSC_5059-001-468x263.jpg 468w, https:\/\/www.mojabochnia.pl\/wp-content\/uploads\/2013\/12\/DSC_5059-001-660x371.jpg 660w, https:\/\/www.mojabochnia.pl\/wp-content\/uploads\/2013\/12\/DSC_5059-001.jpg 800w\" sizes=\"auto, (max-width: 100px) 100vw, 100px\" \/><\/a><a href=\"https:\/\/www.mojabochnia.pl\/?attachment_id=101570\" class=\"\"><img loading=\"lazy\" decoding=\"async\" width=\"100\" height=\"56\" src=\"https:\/\/www.mojabochnia.pl\/wp-content\/uploads\/2013\/12\/DSC_5060-001-120x67.jpg\" class=\"attachment-100x100 size-100x100\" alt=\"\" srcset=\"https:\/\/www.mojabochnia.pl\/wp-content\/uploads\/2013\/12\/DSC_5060-001-120x67.jpg 120w, https:\/\/www.mojabochnia.pl\/wp-content\/uploads\/2013\/12\/DSC_5060-001-468x263.jpg 468w, https:\/\/www.mojabochnia.pl\/wp-content\/uploads\/2013\/12\/DSC_5060-001-660x371.jpg 660w, https:\/\/www.mojabochnia.pl\/wp-content\/uploads\/2013\/12\/DSC_5060-001.jpg 800w\" sizes=\"auto, (max-width: 100px) 100vw, 100px\" \/><\/a><a href=\"https:\/\/www.mojabochnia.pl\/?attachment_id=101571\" class=\"\"><img loading=\"lazy\" decoding=\"async\" width=\"100\" height=\"56\" src=\"https:\/\/www.mojabochnia.pl\/wp-content\/uploads\/2013\/12\/DSC_5061-001-120x67.jpg\" class=\"attachment-100x100 size-100x100\" alt=\"\" srcset=\"https:\/\/www.mojabochnia.pl\/wp-content\/uploads\/2013\/12\/DSC_5061-001-120x67.jpg 120w, https:\/\/www.mojabochnia.pl\/wp-content\/uploads\/2013\/12\/DSC_5061-001-468x263.jpg 468w, https:\/\/www.mojabochnia.pl\/wp-content\/uploads\/2013\/12\/DSC_5061-001-660x371.jpg 660w, https:\/\/www.mojabochnia.pl\/wp-content\/uploads\/2013\/12\/DSC_5061-001.jpg 800w\" sizes=\"auto, (max-width: 100px) 100vw, 100px\" \/><\/a><a href=\"https:\/\/www.mojabochnia.pl\/?attachment_id=101572\" class=\"\"><img loading=\"lazy\" decoding=\"async\" width=\"100\" height=\"56\" src=\"https:\/\/www.mojabochnia.pl\/wp-content\/uploads\/2013\/12\/DSC_5062-001-120x67.jpg\" class=\"attachment-100x100 size-100x100\" alt=\"\" srcset=\"https:\/\/www.mojabochnia.pl\/wp-content\/uploads\/2013\/12\/DSC_5062-001-120x67.jpg 120w, https:\/\/www.mojabochnia.pl\/wp-content\/uploads\/2013\/12\/DSC_5062-001-468x263.jpg 468w, https:\/\/www.mojabochnia.pl\/wp-content\/uploads\/2013\/12\/DSC_5062-001-660x371.jpg 660w, https:\/\/www.mojabochnia.pl\/wp-content\/uploads\/2013\/12\/DSC_5062-001.jpg 800w\" sizes=\"auto, (max-width: 100px) 100vw, 100px\" \/><\/a><a href=\"https:\/\/www.mojabochnia.pl\/?attachment_id=101573\" class=\"\"><img loading=\"lazy\" decoding=\"async\" width=\"100\" height=\"56\" src=\"https:\/\/www.mojabochnia.pl\/wp-content\/uploads\/2013\/12\/DSC_5063-001-120x67.jpg\" class=\"attachment-100x100 size-100x100\" alt=\"\" srcset=\"https:\/\/www.mojabochnia.pl\/wp-content\/uploads\/2013\/12\/DSC_5063-001-120x67.jpg 120w, https:\/\/www.mojabochnia.pl\/wp-content\/uploads\/2013\/12\/DSC_5063-001-468x263.jpg 468w, https:\/\/www.mojabochnia.pl\/wp-content\/uploads\/2013\/12\/DSC_5063-001-660x371.jpg 660w, https:\/\/www.mojabochnia.pl\/wp-content\/uploads\/2013\/12\/DSC_5063-001.jpg 800w\" sizes=\"auto, (max-width: 100px) 100vw, 100px\" \/><\/a><a href=\"https:\/\/www.mojabochnia.pl\/?attachment_id=101574\" class=\"\"><img loading=\"lazy\" decoding=\"async\" width=\"100\" height=\"56\" src=\"https:\/\/www.mojabochnia.pl\/wp-content\/uploads\/2013\/12\/DSC_5064-001-120x67.jpg\" class=\"attachment-100x100 size-100x100\" alt=\"\" srcset=\"https:\/\/www.mojabochnia.pl\/wp-content\/uploads\/2013\/12\/DSC_5064-001-120x67.jpg 120w, https:\/\/www.mojabochnia.pl\/wp-content\/uploads\/2013\/12\/DSC_5064-001-468x263.jpg 468w, https:\/\/www.mojabochnia.pl\/wp-content\/uploads\/2013\/12\/DSC_5064-001-660x371.jpg 660w, https:\/\/www.mojabochnia.pl\/wp-content\/uploads\/2013\/12\/DSC_5064-001.jpg 800w\" sizes=\"auto, (max-width: 100px) 100vw, 100px\" \/><\/a><a href=\"https:\/\/www.mojabochnia.pl\/?attachment_id=101575\" class=\"\"><img loading=\"lazy\" decoding=\"async\" width=\"100\" height=\"56\" src=\"https:\/\/www.mojabochnia.pl\/wp-content\/uploads\/2013\/12\/DSC_5066-001-120x67.jpg\" class=\"attachment-100x100 size-100x100\" alt=\"\" srcset=\"https:\/\/www.mojabochnia.pl\/wp-content\/uploads\/2013\/12\/DSC_5066-001-120x67.jpg 120w, https:\/\/www.mojabochnia.pl\/wp-content\/uploads\/2013\/12\/DSC_5066-001-468x263.jpg 468w, https:\/\/www.mojabochnia.pl\/wp-content\/uploads\/2013\/12\/DSC_5066-001-660x371.jpg 660w, https:\/\/www.mojabochnia.pl\/wp-content\/uploads\/2013\/12\/DSC_5066-001.jpg 800w\" sizes=\"auto, (max-width: 100px) 100vw, 100px\" \/><\/a><a href=\"https:\/\/www.mojabochnia.pl\/?attachment_id=101576\" class=\"\"><img loading=\"lazy\" decoding=\"async\" width=\"100\" height=\"56\" src=\"https:\/\/www.mojabochnia.pl\/wp-content\/uploads\/2013\/12\/DSC_5069-001-120x67.jpg\" class=\"attachment-100x100 size-100x100\" alt=\"\" srcset=\"https:\/\/www.mojabochnia.pl\/wp-content\/uploads\/2013\/12\/DSC_5069-001-120x67.jpg 120w, https:\/\/www.mojabochnia.pl\/wp-content\/uploads\/2013\/12\/DSC_5069-001-468x263.jpg 468w, https:\/\/www.mojabochnia.pl\/wp-content\/uploads\/2013\/12\/DSC_5069-001-660x371.jpg 660w, https:\/\/www.mojabochnia.pl\/wp-content\/uploads\/2013\/12\/DSC_5069-001.jpg 800w\" sizes=\"auto, (max-width: 100px) 100vw, 100px\" \/><\/a>\t    <\/div>\r\n\t    ","protected":false},"excerpt":{"rendered":"<p>Dom Pomocy Spo\u0142ecznej uzyska\u0142 w tym roku certyfikat Euro Renoma oraz wpis do Europejskiego Rejestru Renomowanych. Na to wyr\u00f3\u017cnienie wp\u0142yn\u0119\u0142y szczeg\u00f3lne osi\u0105gni\u0119cia w dzia\u0142aniach zmierzaj\u0105cych do poprawy jako\u015bci \u017cycia os\u00f3b w podesz\u0142ym wieku, niepe\u0142nosprawnych oraz przewlekle psychicznie chorych, mieszka\u0144c\u00f3w DPS.<\/p>\n","protected":false},"author":13,"featured_media":0,"comment_status":"open","ping_status":"closed","sticky":false,"template":"","format":"standard","meta":{"_acf_changed":false,"footnotes":""},"categories":[5,6247,6246,6251,6250],"tags":[916,2024,17253,17857],"class_list":["post-101566","post","type-post","status-publish","format-standard","hentry","category-biezace-wydarzenia","category-fotogaleria","category-medium","category-polityka-i-wydarzenia","category-tematyka","tag-certyfikat","tag-dom-pomocy-spolecznej","tag-dotacja","tag-dps","main_tag-dps"],"acf":[],"yoast_head":"<!-- This site is optimized with the Yoast SEO plugin v26.9 - https:\/\/yoast.com\/product\/yoast-seo-wordpress\/ -->\n<title>Dom Pomocy Spo\u0142ecznej o wysokim standardzie - mojabochnia.pl - portal informacyjny<\/title>\n<meta name=\"robots\" content=\"index, follow, max-snippet:-1, max-image-preview:large, max-video-preview:-1\" \/>\n<link rel=\"canonical\" href=\"https:\/\/www.mojabochnia.pl\/?p=101566\" \/>\n<meta property=\"og:locale\" content=\"pl_PL\" \/>\n<meta property=\"og:type\" content=\"article\" \/>\n<meta property=\"og:title\" content=\"Dom Pomocy Spo\u0142ecznej o wysokim standardzie - mojabochnia.pl - portal informacyjny\" \/>\n<meta property=\"og:description\" content=\"Dom Pomocy Spo\u0142ecznej uzyska\u0142 w tym roku certyfikat Euro Renoma oraz wpis do Europejskiego Rejestru Renomowanych. Na to wyr\u00f3\u017cnienie wp\u0142yn\u0119\u0142y szczeg\u00f3lne osi\u0105gni\u0119cia w dzia\u0142aniach zmierzaj\u0105cych do poprawy jako\u015bci \u017cycia os\u00f3b w podesz\u0142ym wieku, niepe\u0142nosprawnych oraz przewlekle psychicznie chorych, mieszka\u0144c\u00f3w DPS.\" \/>\n<meta property=\"og:url\" content=\"https:\/\/www.mojabochnia.pl\/?p=101566\" \/>\n<meta property=\"og:site_name\" content=\"mojabochnia.pl - portal informacyjny\" \/>\n<meta property=\"article:publisher\" content=\"https:\/\/www.facebook.com\/mojabochnia\" \/>\n<meta property=\"article:published_time\" content=\"2013-12-11T14:25:58+00:00\" \/>\n<meta name=\"author\" content=\"redakcja\" \/>\n<meta name=\"twitter:card\" content=\"summary_large_image\" \/>\n<meta name=\"twitter:label1\" content=\"Written by\" \/>\n\t<meta name=\"twitter:data1\" content=\"redakcja\" \/>\n\t<meta name=\"twitter:label2\" content=\"Est. reading time\" \/>\n\t<meta name=\"twitter:data2\" content=\"2 minuty\" \/>\n<script type=\"application\/ld+json\" class=\"yoast-schema-graph\">{\"@context\":\"https:\/\/schema.org\",\"@graph\":[{\"@type\":\"Article\",\"@id\":\"https:\/\/www.mojabochnia.pl\/?p=101566#article\",\"isPartOf\":{\"@id\":\"https:\/\/www.mojabochnia.pl\/?p=101566\"},\"author\":{\"name\":\"redakcja\",\"@id\":\"https:\/\/www.mojabochnia.pl\/#\/schema\/person\/7e2f20ead9902216a3384f13606c0ab7\"},\"headline\":\"Dom Pomocy Spo\u0142ecznej o wysokim standardzie\",\"datePublished\":\"2013-12-11T14:25:58+00:00\",\"mainEntityOfPage\":{\"@id\":\"https:\/\/www.mojabochnia.pl\/?p=101566\"},\"wordCount\":344,\"commentCount\":0,\"publisher\":{\"@id\":\"https:\/\/www.mojabochnia.pl\/#organization\"},\"keywords\":[\"certyfikat\",\"dom pomocy spo\u0142ecznej\",\"dotacja\",\"dps\"],\"articleSection\":[\"2_ostatnie\",\"fotogaleria\",\"Medium\",\"polityka i wydarzenia\",\"tematyka\"],\"inLanguage\":\"pl-PL\",\"potentialAction\":[{\"@type\":\"CommentAction\",\"name\":\"Comment\",\"target\":[\"https:\/\/www.mojabochnia.pl\/?p=101566#respond\"]}]},{\"@type\":\"WebPage\",\"@id\":\"https:\/\/www.mojabochnia.pl\/?p=101566\",\"url\":\"https:\/\/www.mojabochnia.pl\/?p=101566\",\"name\":\"Dom Pomocy Spo\u0142ecznej o wysokim standardzie - mojabochnia.pl - portal informacyjny\",\"isPartOf\":{\"@id\":\"https:\/\/www.mojabochnia.pl\/#website\"},\"datePublished\":\"2013-12-11T14:25:58+00:00\",\"breadcrumb\":{\"@id\":\"https:\/\/www.mojabochnia.pl\/?p=101566#breadcrumb\"},\"inLanguage\":\"pl-PL\",\"potentialAction\":[{\"@type\":\"ReadAction\",\"target\":[\"https:\/\/www.mojabochnia.pl\/?p=101566\"]}]},{\"@type\":\"BreadcrumbList\",\"@id\":\"https:\/\/www.mojabochnia.pl\/?p=101566#breadcrumb\",\"itemListElement\":[{\"@type\":\"ListItem\",\"position\":1,\"name\":\"Home\",\"item\":\"https:\/\/www.mojabochnia.pl\/\"},{\"@type\":\"ListItem\",\"position\":2,\"name\":\"Dom Pomocy Spo\u0142ecznej o wysokim standardzie\"}]},{\"@type\":\"WebSite\",\"@id\":\"https:\/\/www.mojabochnia.pl\/#website\",\"url\":\"https:\/\/www.mojabochnia.pl\/\",\"name\":\"mojabochnia.pl - portal informacyjny\",\"description\":\"mojaBochnia to portal informacyjny o Bochni. Codziennie o Bochni piszemy i pokazujemy najwa\u017cniejsze wydarzenia\",\"publisher\":{\"@id\":\"https:\/\/www.mojabochnia.pl\/#organization\"},\"potentialAction\":[{\"@type\":\"SearchAction\",\"target\":{\"@type\":\"EntryPoint\",\"urlTemplate\":\"https:\/\/www.mojabochnia.pl\/?s={search_term_string}\"},\"query-input\":{\"@type\":\"PropertyValueSpecification\",\"valueRequired\":true,\"valueName\":\"search_term_string\"}}],\"inLanguage\":\"pl-PL\"},{\"@type\":\"Organization\",\"@id\":\"https:\/\/www.mojabochnia.pl\/#organization\",\"name\":\"mojabochnia.pl - portal informacyjny\",\"url\":\"https:\/\/www.mojabochnia.pl\/\",\"logo\":{\"@type\":\"ImageObject\",\"inLanguage\":\"pl-PL\",\"@id\":\"https:\/\/www.mojabochnia.pl\/#\/schema\/logo\/image\/\",\"url\":\"https:\/\/www.mojabochnia.pl\/wp-content\/uploads\/2017\/08\/logo-mb-opt.png\",\"contentUrl\":\"https:\/\/www.mojabochnia.pl\/wp-content\/uploads\/2017\/08\/logo-mb-opt.png\",\"width\":250,\"height\":48,\"caption\":\"mojabochnia.pl - portal informacyjny\"},\"image\":{\"@id\":\"https:\/\/www.mojabochnia.pl\/#\/schema\/logo\/image\/\"},\"sameAs\":[\"https:\/\/www.facebook.com\/mojabochnia\"]},{\"@type\":\"Person\",\"@id\":\"https:\/\/www.mojabochnia.pl\/#\/schema\/person\/7e2f20ead9902216a3384f13606c0ab7\",\"name\":\"redakcja\",\"sameAs\":[\"http:\/\/\"],\"url\":\"https:\/\/www.mojabochnia.pl\/?author=13\"}]}<\/script>\n<!-- \/ Yoast SEO plugin. -->","yoast_head_json":{"title":"Dom Pomocy Spo\u0142ecznej o wysokim standardzie - mojabochnia.pl - portal informacyjny","robots":{"index":"index","follow":"follow","max-snippet":"max-snippet:-1","max-image-preview":"max-image-preview:large","max-video-preview":"max-video-preview:-1"},"canonical":"https:\/\/www.mojabochnia.pl\/?p=101566","og_locale":"pl_PL","og_type":"article","og_title":"Dom Pomocy Spo\u0142ecznej o wysokim standardzie - mojabochnia.pl - portal informacyjny","og_description":"Dom Pomocy Spo\u0142ecznej uzyska\u0142 w tym roku certyfikat Euro Renoma oraz wpis do Europejskiego Rejestru Renomowanych. Na to wyr\u00f3\u017cnienie wp\u0142yn\u0119\u0142y szczeg\u00f3lne osi\u0105gni\u0119cia w dzia\u0142aniach zmierzaj\u0105cych do poprawy jako\u015bci \u017cycia os\u00f3b w podesz\u0142ym wieku, niepe\u0142nosprawnych oraz przewlekle psychicznie chorych, mieszka\u0144c\u00f3w DPS.","og_url":"https:\/\/www.mojabochnia.pl\/?p=101566","og_site_name":"mojabochnia.pl - portal informacyjny","article_publisher":"https:\/\/www.facebook.com\/mojabochnia","article_published_time":"2013-12-11T14:25:58+00:00","author":"redakcja","twitter_card":"summary_large_image","twitter_misc":{"Written by":"redakcja","Est. reading time":"2 minuty"},"schema":{"@context":"https:\/\/schema.org","@graph":[{"@type":"Article","@id":"https:\/\/www.mojabochnia.pl\/?p=101566#article","isPartOf":{"@id":"https:\/\/www.mojabochnia.pl\/?p=101566"},"author":{"name":"redakcja","@id":"https:\/\/www.mojabochnia.pl\/#\/schema\/person\/7e2f20ead9902216a3384f13606c0ab7"},"headline":"Dom Pomocy Spo\u0142ecznej o wysokim standardzie","datePublished":"2013-12-11T14:25:58+00:00","mainEntityOfPage":{"@id":"https:\/\/www.mojabochnia.pl\/?p=101566"},"wordCount":344,"commentCount":0,"publisher":{"@id":"https:\/\/www.mojabochnia.pl\/#organization"},"keywords":["certyfikat","dom pomocy spo\u0142ecznej","dotacja","dps"],"articleSection":["2_ostatnie","fotogaleria","Medium","polityka i wydarzenia","tematyka"],"inLanguage":"pl-PL","potentialAction":[{"@type":"CommentAction","name":"Comment","target":["https:\/\/www.mojabochnia.pl\/?p=101566#respond"]}]},{"@type":"WebPage","@id":"https:\/\/www.mojabochnia.pl\/?p=101566","url":"https:\/\/www.mojabochnia.pl\/?p=101566","name":"Dom Pomocy Spo\u0142ecznej o wysokim standardzie - mojabochnia.pl - portal informacyjny","isPartOf":{"@id":"https:\/\/www.mojabochnia.pl\/#website"},"datePublished":"2013-12-11T14:25:58+00:00","breadcrumb":{"@id":"https:\/\/www.mojabochnia.pl\/?p=101566#breadcrumb"},"inLanguage":"pl-PL","potentialAction":[{"@type":"ReadAction","target":["https:\/\/www.mojabochnia.pl\/?p=101566"]}]},{"@type":"BreadcrumbList","@id":"https:\/\/www.mojabochnia.pl\/?p=101566#breadcrumb","itemListElement":[{"@type":"ListItem","position":1,"name":"Home","item":"https:\/\/www.mojabochnia.pl\/"},{"@type":"ListItem","position":2,"name":"Dom Pomocy Spo\u0142ecznej o wysokim standardzie"}]},{"@type":"WebSite","@id":"https:\/\/www.mojabochnia.pl\/#website","url":"https:\/\/www.mojabochnia.pl\/","name":"mojabochnia.pl - portal informacyjny","description":"mojaBochnia to portal informacyjny o Bochni. Codziennie o Bochni piszemy i pokazujemy najwa\u017cniejsze wydarzenia","publisher":{"@id":"https:\/\/www.mojabochnia.pl\/#organization"},"potentialAction":[{"@type":"SearchAction","target":{"@type":"EntryPoint","urlTemplate":"https:\/\/www.mojabochnia.pl\/?s={search_term_string}"},"query-input":{"@type":"PropertyValueSpecification","valueRequired":true,"valueName":"search_term_string"}}],"inLanguage":"pl-PL"},{"@type":"Organization","@id":"https:\/\/www.mojabochnia.pl\/#organization","name":"mojabochnia.pl - portal informacyjny","url":"https:\/\/www.mojabochnia.pl\/","logo":{"@type":"ImageObject","inLanguage":"pl-PL","@id":"https:\/\/www.mojabochnia.pl\/#\/schema\/logo\/image\/","url":"https:\/\/www.mojabochnia.pl\/wp-content\/uploads\/2017\/08\/logo-mb-opt.png","contentUrl":"https:\/\/www.mojabochnia.pl\/wp-content\/uploads\/2017\/08\/logo-mb-opt.png","width":250,"height":48,"caption":"mojabochnia.pl - portal informacyjny"},"image":{"@id":"https:\/\/www.mojabochnia.pl\/#\/schema\/logo\/image\/"},"sameAs":["https:\/\/www.facebook.com\/mojabochnia"]},{"@type":"Person","@id":"https:\/\/www.mojabochnia.pl\/#\/schema\/person\/7e2f20ead9902216a3384f13606c0ab7","name":"redakcja","sameAs":["http:\/\/"],"url":"https:\/\/www.mojabochnia.pl\/?author=13"}]}},"_links":{"self":[{"href":"https:\/\/www.mojabochnia.pl\/index.php?rest_route=\/wp\/v2\/posts\/101566","targetHints":{"allow":["GET"]}}],"collection":[{"href":"https:\/\/www.mojabochnia.pl\/index.php?rest_route=\/wp\/v2\/posts"}],"about":[{"href":"https:\/\/www.mojabochnia.pl\/index.php?rest_route=\/wp\/v2\/types\/post"}],"author":[{"embeddable":true,"href":"https:\/\/www.mojabochnia.pl\/index.php?rest_route=\/wp\/v2\/users\/13"}],"replies":[{"embeddable":true,"href":"https:\/\/www.mojabochnia.pl\/index.php?rest_route=%2Fwp%2Fv2%2Fcomments&post=101566"}],"version-history":[{"count":4,"href":"https:\/\/www.mojabochnia.pl\/index.php?rest_route=\/wp\/v2\/posts\/101566\/revisions"}],"predecessor-version":[{"id":101579,"href":"https:\/\/www.mojabochnia.pl\/index.php?rest_route=\/wp\/v2\/posts\/101566\/revisions\/101579"}],"wp:attachment":[{"href":"https:\/\/www.mojabochnia.pl\/index.php?rest_route=%2Fwp%2Fv2%2Fmedia&parent=101566"}],"wp:term":[{"taxonomy":"category","embeddable":true,"href":"https:\/\/www.mojabochnia.pl\/index.php?rest_route=%2Fwp%2Fv2%2Fcategories&post=101566"},{"taxonomy":"post_tag","embeddable":true,"href":"https:\/\/www.mojabochnia.pl\/index.php?rest_route=%2Fwp%2Fv2%2Ftags&post=101566"}],"curies":[{"name":"wp","href":"https:\/\/api.w.org\/{rel}","templated":true}]}}