{"id":101561,"date":"2013-12-11T15:06:47","date_gmt":"2013-12-11T14:06:47","guid":{"rendered":"http:\/\/www.mojabochnia.pl\/?p=101561"},"modified":"2013-12-11T15:06:47","modified_gmt":"2013-12-11T14:06:47","slug":"buczkow-matka-z-zakazem-zblizania-sie-do-corki","status":"publish","type":"post","link":"https:\/\/www.mojabochnia.pl\/?p=101561","title":{"rendered":"Buczk\u00f3w: matka z zakazem zbli\u017cania si\u0119 do c\u00f3rki"},"content":{"rendered":"<p>Mieszka\u0144cy Buczkowa nie dowierzaj\u0105 temu, co sta\u0142o si\u0119 w ich miejscowo\u015bci. <em>To jest karygodne, nie powinno mie\u0107 miejsca. Dlaczego gmina do tego dopu\u015bci\u0142a, przecie\u017c ta rodzina bra\u0142a jakie\u015b pieni\u0105dze. Matce chyba nie dawali, bo ona te\u017c niepe\u0142nosprawna. Gmina powinna co miesi\u0105c sprawdza\u0107 czy te pieni\u0105dze id\u0105 na dobre cele, powinni te\u017c sprawdzi\u0107 warunki ich \u017cycia. To jest te\u017c wina w\u00f3jta<\/em> \u2013 uwa\u017ca jeden z mieszka\u0144c\u00f3w. <\/p>\n<p>W\u00f3jt J\u00f3zef  S\u0142onina przyznaje, \u017ce obecna sytuacja nie przynosi gminie chluby. <em>Mamy do\u015bwiadczenie, \u017ce nie mo\u017cna ufa\u0107 nawet cz\u0142onkom rodziny, gdy zajmuj\u0105 si\u0119 swoimi bliskimi. Nie m\u00f3wi\u0119 ju\u017c o samych prawnych aspektach, ale o moralnych. Ingerencja jednak jest potrzebna, bo samo zapytanie, jak wygl\u0105da sytuacja, nie wystarcza. Trzeba kontrol\u0119 z opieki spo\u0142ecznej zag\u0119\u015bci\u0107, \u017ceby podobnych sytuacji na przysz\u0142o\u015b\u0107 nie by\u0142o<\/em> \u2013 m\u00f3wi w\u00f3jt.<\/p>\n<p>J\u00f3zef S\u0142onina nie zamierza wyci\u0105ga\u0107 konsekwencji wobec swoich podw\u0142adnych z Gminnego O\u015brodka Pomocy Spo\u0142ecznej. <em>Prokurator nie przedstawi\u0142 zarzut\u00f3w pracownikom tylko pr\u00f3buje przedstawi\u0107 osobie odpowiedzialnej. Trudno pewnie osobie o w\u0105tpliwym zdrowiu psychicznym przedstawi\u0107 zarzuty, by\u0142em tym zdziwiony, ale opr\u00f3cz tej matki i c\u00f3rki mieszka tam jeszcze siostra z m\u0119\u017cem i z dzie\u0107mi. To s\u0105 ludzie pe\u0142noletni i je\u015bli nie radzili sobie z tymi cz\u0142onkami rodziny, to powinni t\u0119 informacj\u0119 przes\u0142a\u0107 do nas <\/em>\u2013 dodaje w\u00f3jt Rzezawy. <\/p>\n<p>Ewa Longa, pracownik socjalny Gminnego O\u015brodka Pomocy w Rzezawie mia\u0142a kontakt z rodzin\u0105 z Buczkowa. <em>Ta rodzina by\u0142a obj\u0119ta pomoc\u0105 dora\u017an\u0105. By\u0142a zabezpieczona finansowo. Obie panie, zar\u00f3wno matka, jak i c\u00f3rka, mia\u0142y rent\u0119 socjaln\u0105, wyp\u0142acali\u015bmy zasi\u0142ki piel\u0119gnacyjne i pomocy finansowej jako takiej nie udzielali\u015bmy, bo tam pieni\u0105dze by\u0142y. W 2009 r. bodaj\u017ce kupowali\u015bmy im w\u0119giel<\/em>. <\/p>\n<p>Wed\u0142ug pracownicy GOPS, dwiema niepe\u0142nosprawnymi umys\u0142owo kobietami opiekowa\u0142a si\u0119 siostra Marii P. <em>W grudniu 2012 r. mieli\u015bmy zg\u0142oszenie, \u017ce nigdzie na wsi tych pa\u0144 nie wida\u0107. Pojecha\u0142y\u015bmy tam. By\u0142a zima, by\u0142o zimno, panie mia\u0142y zabezpieczony nocleg, mia\u0142y ciep\u0142y posi\u0142ek, problem by\u0142 z myciem, z higien\u0105. Pani Maria mia\u0142a specyficzny charakter i ci\u0119\u017cko by\u0142o do niej dotrze\u0107, wi\u0119c zaproponowa\u0142y\u015bmy siostrze dom pomocy spo\u0142ecznej dla obu pa\u0144. Powiedzia\u0142a, \u017ce jak nie da sobie rady, to zg\u0142osi<\/em>. <\/p>\n<p>Ewa Longa podkre\u015bla, \u017ce podczas wywiadu \u015brodowiskowego nie zauwa\u017cy\u0142a nic niepokoj\u0105cego. <em>Owszem, one chodzi\u0142y do tej szopy w ci\u0105gu dnia. By\u0142 tam piec, w kt\u00f3rym gotowa\u0142y si\u0119 ziemniaki dla drobiu, ale spa\u0107 i je\u015b\u0107 przychodzi\u0142y do domu. W kwietniu siostra pani Marii odwiedzi\u0142a nas w zupe\u0142nie innej sprawie i poruszy\u0142y\u015bmy temat domu pomocy spo\u0142ecznej. Pani Irena powiedzia\u0142a: \u201edaje rad\u0119, je\u017celi nie dam rady, b\u0119dziemy za\u0142atwia\u0107 dom pomocy\u201d. Na pewno, gdyby ta pani zg\u0142osi\u0142a telefonicznie, \u017ce nie daje rady, \u017ce co\u015b si\u0119 tam dzieje, na pewno te panie by\u0142yby ju\u017c w domu pomocy spo\u0142ecznej i do tego nieszcz\u0119\u015bcia by nie dosz\u0142o<\/em> \u2013 kontynuuje pracownica socjalna z GOPS-u w Rzezawie. <\/p>\n<p><em>Zarzuca nam si\u0119, \u017ce by\u0142y jakie\u015b anonimy i nie reagowali\u015bmy. Nic takiego nie by\u0142o. Mog\u0119 z ca\u0142\u0105 stanowczo\u015bci\u0105 powiedzie\u0107, \u017ce by\u0142o jedno jedyne zg\u0142oszenie. Na ka\u017cdy anonim, na ka\u017cdy telefon natychmiast jedziemy. Na naszym terenie to pierwszy taki przypadek, \u017ce dzia\u0142o si\u0119 co\u015b takiego, o czym by\u015bmy nie wiedzieli. Je\u017celi b\u0119dzie trzeba, ju\u017c za\u0142atwiamy dom pomocy. Mamy ustn\u0105 umow\u0119 z boche\u0144sk\u0105 plac\u00f3wk\u0105, je\u015bli b\u0119dzie sygna\u0142 \u017ceby przyjecha\u0107, to jedziemy. Sprawa ju\u017c tak daleko si\u0119 posun\u0119\u0142a, \u017ce dom pomocy dla tej pani, a w przysz\u0142o\u015bci dla jej c\u00f3rki b\u0119dzie nieunikniony<\/em> &#8211; uwa\u017ca Ewa Longa. <\/p>\n<p>Maria P. po tym, jak <a href=\"http:\/\/www.mojabochnia.pl\/?p=101496\">we wtorek us\u0142ysza\u0142a prokuratorskie zarzuty<\/a>, zosta\u0142a zwolniona z aresztu. <em>Zosta\u0142 wobec niej zastosowany \u015brodek zapobiegawczy w postaci zakazu zbli\u017cania si\u0119 na odleg\u0142o\u015b\u0107 pi\u0119ciu metr\u00f3w do upo\u015bledzonej c\u00f3rki oraz zakaz kontaktowania si\u0119 z ni\u0105. Po czynno\u015bciach w prokuraturze kobieta zosta\u0142a zwolniona i zamieszkuje razem ze swoj\u0105 siostr\u0105 w miejscowo\u015bci Buczk\u00f3w <\/em>\u2013 m\u00f3wi sier\u017c. sztab. \u0141ukasz Ostr\u0119ga, rzecznik boche\u0144skiej policji. <\/p>\n","protected":false},"excerpt":{"rendered":"<p>64-letnia Maria P. dosta\u0142a zakaz zbli\u017cania si\u0119 do w\u0142asnej c\u00f3rki. Tak zdecydowa\u0142 s\u0105d. 24-letnia dziewczyna by\u0142a przetrzymywana w stajni. W niedziel\u0119 w tragicznym stanie zdrowia zabra\u0142o j\u0105 pogotowie. Z powodu powsta\u0142ej martwicy konieczne by\u0142o amputowanie po\u015bladka oraz cz\u0119\u015bci uda. <\/p>\n","protected":false},"author":4,"featured_media":0,"comment_status":"open","ping_status":"closed","sticky":true,"template":"","format":"standard","meta":{"_acf_changed":false,"footnotes":""},"categories":[5,6251,6250],"tags":[17257,17221,17448],"class_list":["post-101561","post","type-post","status-publish","format-standard","hentry","category-biezace-wydarzenia","category-polityka-i-wydarzenia","category-tematyka","tag-buczkow","tag-niepelnosprawni","tag-zarzuty","main_tag-buczkow"],"acf":[],"yoast_head":"<!-- This site is optimized with the Yoast SEO plugin v26.9 - https:\/\/yoast.com\/product\/yoast-seo-wordpress\/ -->\n<title>Buczk\u00f3w: matka z zakazem zbli\u017cania si\u0119 do c\u00f3rki - mojabochnia.pl - portal informacyjny<\/title>\n<meta name=\"robots\" content=\"index, follow, max-snippet:-1, max-image-preview:large, max-video-preview:-1\" \/>\n<link rel=\"canonical\" href=\"https:\/\/www.mojabochnia.pl\/?p=101561\" \/>\n<meta property=\"og:locale\" content=\"pl_PL\" \/>\n<meta property=\"og:type\" content=\"article\" \/>\n<meta property=\"og:title\" content=\"Buczk\u00f3w: matka z zakazem zbli\u017cania si\u0119 do c\u00f3rki - mojabochnia.pl - portal informacyjny\" \/>\n<meta property=\"og:description\" content=\"64-letnia Maria P. dosta\u0142a zakaz zbli\u017cania si\u0119 do w\u0142asnej c\u00f3rki. Tak zdecydowa\u0142 s\u0105d. 24-letnia dziewczyna by\u0142a przetrzymywana w stajni. W niedziel\u0119 w tragicznym stanie zdrowia zabra\u0142o j\u0105 pogotowie. Z powodu powsta\u0142ej martwicy konieczne by\u0142o amputowanie po\u015bladka oraz cz\u0119\u015bci uda.\" \/>\n<meta property=\"og:url\" content=\"https:\/\/www.mojabochnia.pl\/?p=101561\" \/>\n<meta property=\"og:site_name\" content=\"mojabochnia.pl - portal informacyjny\" \/>\n<meta property=\"article:publisher\" content=\"https:\/\/www.facebook.com\/mojabochnia\" \/>\n<meta property=\"article:published_time\" content=\"2013-12-11T14:06:47+00:00\" \/>\n<meta name=\"author\" content=\"Pawe\u0142 Michalczyk\" \/>\n<meta name=\"twitter:card\" content=\"summary_large_image\" \/>\n<meta name=\"twitter:label1\" content=\"Written by\" \/>\n\t<meta name=\"twitter:data1\" content=\"Pawe\u0142 Michalczyk\" \/>\n\t<meta name=\"twitter:label2\" content=\"Est. reading time\" \/>\n\t<meta name=\"twitter:data2\" content=\"4 minuty\" \/>\n<script type=\"application\/ld+json\" class=\"yoast-schema-graph\">{\"@context\":\"https:\/\/schema.org\",\"@graph\":[{\"@type\":\"Article\",\"@id\":\"https:\/\/www.mojabochnia.pl\/?p=101561#article\",\"isPartOf\":{\"@id\":\"https:\/\/www.mojabochnia.pl\/?p=101561\"},\"author\":{\"name\":\"Pawe\u0142 Michalczyk\",\"@id\":\"https:\/\/www.mojabochnia.pl\/#\/schema\/person\/ea042e4724a77627963f02166828ead4\"},\"headline\":\"Buczk\u00f3w: matka z zakazem zbli\u017cania si\u0119 do c\u00f3rki\",\"datePublished\":\"2013-12-11T14:06:47+00:00\",\"mainEntityOfPage\":{\"@id\":\"https:\/\/www.mojabochnia.pl\/?p=101561\"},\"wordCount\":752,\"commentCount\":0,\"publisher\":{\"@id\":\"https:\/\/www.mojabochnia.pl\/#organization\"},\"keywords\":[\"buczk\u00f3w\",\"niepe\u0142nosprawni\",\"zarzuty\"],\"articleSection\":[\"2_ostatnie\",\"polityka i wydarzenia\",\"tematyka\"],\"inLanguage\":\"pl-PL\",\"potentialAction\":[{\"@type\":\"CommentAction\",\"name\":\"Comment\",\"target\":[\"https:\/\/www.mojabochnia.pl\/?p=101561#respond\"]}]},{\"@type\":\"WebPage\",\"@id\":\"https:\/\/www.mojabochnia.pl\/?p=101561\",\"url\":\"https:\/\/www.mojabochnia.pl\/?p=101561\",\"name\":\"Buczk\u00f3w: matka z zakazem zbli\u017cania si\u0119 do c\u00f3rki - mojabochnia.pl - portal informacyjny\",\"isPartOf\":{\"@id\":\"https:\/\/www.mojabochnia.pl\/#website\"},\"datePublished\":\"2013-12-11T14:06:47+00:00\",\"breadcrumb\":{\"@id\":\"https:\/\/www.mojabochnia.pl\/?p=101561#breadcrumb\"},\"inLanguage\":\"pl-PL\",\"potentialAction\":[{\"@type\":\"ReadAction\",\"target\":[\"https:\/\/www.mojabochnia.pl\/?p=101561\"]}]},{\"@type\":\"BreadcrumbList\",\"@id\":\"https:\/\/www.mojabochnia.pl\/?p=101561#breadcrumb\",\"itemListElement\":[{\"@type\":\"ListItem\",\"position\":1,\"name\":\"Home\",\"item\":\"https:\/\/www.mojabochnia.pl\/\"},{\"@type\":\"ListItem\",\"position\":2,\"name\":\"Buczk\u00f3w: matka z zakazem zbli\u017cania si\u0119 do c\u00f3rki\"}]},{\"@type\":\"WebSite\",\"@id\":\"https:\/\/www.mojabochnia.pl\/#website\",\"url\":\"https:\/\/www.mojabochnia.pl\/\",\"name\":\"mojabochnia.pl - portal informacyjny\",\"description\":\"mojaBochnia to portal informacyjny o Bochni. Codziennie o Bochni piszemy i pokazujemy najwa\u017cniejsze wydarzenia\",\"publisher\":{\"@id\":\"https:\/\/www.mojabochnia.pl\/#organization\"},\"potentialAction\":[{\"@type\":\"SearchAction\",\"target\":{\"@type\":\"EntryPoint\",\"urlTemplate\":\"https:\/\/www.mojabochnia.pl\/?s={search_term_string}\"},\"query-input\":{\"@type\":\"PropertyValueSpecification\",\"valueRequired\":true,\"valueName\":\"search_term_string\"}}],\"inLanguage\":\"pl-PL\"},{\"@type\":\"Organization\",\"@id\":\"https:\/\/www.mojabochnia.pl\/#organization\",\"name\":\"mojabochnia.pl - portal informacyjny\",\"url\":\"https:\/\/www.mojabochnia.pl\/\",\"logo\":{\"@type\":\"ImageObject\",\"inLanguage\":\"pl-PL\",\"@id\":\"https:\/\/www.mojabochnia.pl\/#\/schema\/logo\/image\/\",\"url\":\"https:\/\/www.mojabochnia.pl\/wp-content\/uploads\/2017\/08\/logo-mb-opt.png\",\"contentUrl\":\"https:\/\/www.mojabochnia.pl\/wp-content\/uploads\/2017\/08\/logo-mb-opt.png\",\"width\":250,\"height\":48,\"caption\":\"mojabochnia.pl - portal informacyjny\"},\"image\":{\"@id\":\"https:\/\/www.mojabochnia.pl\/#\/schema\/logo\/image\/\"},\"sameAs\":[\"https:\/\/www.facebook.com\/mojabochnia\"]},{\"@type\":\"Person\",\"@id\":\"https:\/\/www.mojabochnia.pl\/#\/schema\/person\/ea042e4724a77627963f02166828ead4\",\"name\":\"Pawe\u0142 Michalczyk\",\"url\":\"https:\/\/www.mojabochnia.pl\/?author=4\"}]}<\/script>\n<!-- \/ Yoast SEO plugin. -->","yoast_head_json":{"title":"Buczk\u00f3w: matka z zakazem zbli\u017cania si\u0119 do c\u00f3rki - mojabochnia.pl - portal informacyjny","robots":{"index":"index","follow":"follow","max-snippet":"max-snippet:-1","max-image-preview":"max-image-preview:large","max-video-preview":"max-video-preview:-1"},"canonical":"https:\/\/www.mojabochnia.pl\/?p=101561","og_locale":"pl_PL","og_type":"article","og_title":"Buczk\u00f3w: matka z zakazem zbli\u017cania si\u0119 do c\u00f3rki - mojabochnia.pl - portal informacyjny","og_description":"64-letnia Maria P. dosta\u0142a zakaz zbli\u017cania si\u0119 do w\u0142asnej c\u00f3rki. Tak zdecydowa\u0142 s\u0105d. 24-letnia dziewczyna by\u0142a przetrzymywana w stajni. W niedziel\u0119 w tragicznym stanie zdrowia zabra\u0142o j\u0105 pogotowie. Z powodu powsta\u0142ej martwicy konieczne by\u0142o amputowanie po\u015bladka oraz cz\u0119\u015bci uda.","og_url":"https:\/\/www.mojabochnia.pl\/?p=101561","og_site_name":"mojabochnia.pl - portal informacyjny","article_publisher":"https:\/\/www.facebook.com\/mojabochnia","article_published_time":"2013-12-11T14:06:47+00:00","author":"Pawe\u0142 Michalczyk","twitter_card":"summary_large_image","twitter_misc":{"Written by":"Pawe\u0142 Michalczyk","Est. reading time":"4 minuty"},"schema":{"@context":"https:\/\/schema.org","@graph":[{"@type":"Article","@id":"https:\/\/www.mojabochnia.pl\/?p=101561#article","isPartOf":{"@id":"https:\/\/www.mojabochnia.pl\/?p=101561"},"author":{"name":"Pawe\u0142 Michalczyk","@id":"https:\/\/www.mojabochnia.pl\/#\/schema\/person\/ea042e4724a77627963f02166828ead4"},"headline":"Buczk\u00f3w: matka z zakazem zbli\u017cania si\u0119 do c\u00f3rki","datePublished":"2013-12-11T14:06:47+00:00","mainEntityOfPage":{"@id":"https:\/\/www.mojabochnia.pl\/?p=101561"},"wordCount":752,"commentCount":0,"publisher":{"@id":"https:\/\/www.mojabochnia.pl\/#organization"},"keywords":["buczk\u00f3w","niepe\u0142nosprawni","zarzuty"],"articleSection":["2_ostatnie","polityka i wydarzenia","tematyka"],"inLanguage":"pl-PL","potentialAction":[{"@type":"CommentAction","name":"Comment","target":["https:\/\/www.mojabochnia.pl\/?p=101561#respond"]}]},{"@type":"WebPage","@id":"https:\/\/www.mojabochnia.pl\/?p=101561","url":"https:\/\/www.mojabochnia.pl\/?p=101561","name":"Buczk\u00f3w: matka z zakazem zbli\u017cania si\u0119 do c\u00f3rki - mojabochnia.pl - portal informacyjny","isPartOf":{"@id":"https:\/\/www.mojabochnia.pl\/#website"},"datePublished":"2013-12-11T14:06:47+00:00","breadcrumb":{"@id":"https:\/\/www.mojabochnia.pl\/?p=101561#breadcrumb"},"inLanguage":"pl-PL","potentialAction":[{"@type":"ReadAction","target":["https:\/\/www.mojabochnia.pl\/?p=101561"]}]},{"@type":"BreadcrumbList","@id":"https:\/\/www.mojabochnia.pl\/?p=101561#breadcrumb","itemListElement":[{"@type":"ListItem","position":1,"name":"Home","item":"https:\/\/www.mojabochnia.pl\/"},{"@type":"ListItem","position":2,"name":"Buczk\u00f3w: matka z zakazem zbli\u017cania si\u0119 do c\u00f3rki"}]},{"@type":"WebSite","@id":"https:\/\/www.mojabochnia.pl\/#website","url":"https:\/\/www.mojabochnia.pl\/","name":"mojabochnia.pl - portal informacyjny","description":"mojaBochnia to portal informacyjny o Bochni. Codziennie o Bochni piszemy i pokazujemy najwa\u017cniejsze wydarzenia","publisher":{"@id":"https:\/\/www.mojabochnia.pl\/#organization"},"potentialAction":[{"@type":"SearchAction","target":{"@type":"EntryPoint","urlTemplate":"https:\/\/www.mojabochnia.pl\/?s={search_term_string}"},"query-input":{"@type":"PropertyValueSpecification","valueRequired":true,"valueName":"search_term_string"}}],"inLanguage":"pl-PL"},{"@type":"Organization","@id":"https:\/\/www.mojabochnia.pl\/#organization","name":"mojabochnia.pl - portal informacyjny","url":"https:\/\/www.mojabochnia.pl\/","logo":{"@type":"ImageObject","inLanguage":"pl-PL","@id":"https:\/\/www.mojabochnia.pl\/#\/schema\/logo\/image\/","url":"https:\/\/www.mojabochnia.pl\/wp-content\/uploads\/2017\/08\/logo-mb-opt.png","contentUrl":"https:\/\/www.mojabochnia.pl\/wp-content\/uploads\/2017\/08\/logo-mb-opt.png","width":250,"height":48,"caption":"mojabochnia.pl - portal informacyjny"},"image":{"@id":"https:\/\/www.mojabochnia.pl\/#\/schema\/logo\/image\/"},"sameAs":["https:\/\/www.facebook.com\/mojabochnia"]},{"@type":"Person","@id":"https:\/\/www.mojabochnia.pl\/#\/schema\/person\/ea042e4724a77627963f02166828ead4","name":"Pawe\u0142 Michalczyk","url":"https:\/\/www.mojabochnia.pl\/?author=4"}]}},"_links":{"self":[{"href":"https:\/\/www.mojabochnia.pl\/index.php?rest_route=\/wp\/v2\/posts\/101561","targetHints":{"allow":["GET"]}}],"collection":[{"href":"https:\/\/www.mojabochnia.pl\/index.php?rest_route=\/wp\/v2\/posts"}],"about":[{"href":"https:\/\/www.mojabochnia.pl\/index.php?rest_route=\/wp\/v2\/types\/post"}],"author":[{"embeddable":true,"href":"https:\/\/www.mojabochnia.pl\/index.php?rest_route=\/wp\/v2\/users\/4"}],"replies":[{"embeddable":true,"href":"https:\/\/www.mojabochnia.pl\/index.php?rest_route=%2Fwp%2Fv2%2Fcomments&post=101561"}],"version-history":[{"count":3,"href":"https:\/\/www.mojabochnia.pl\/index.php?rest_route=\/wp\/v2\/posts\/101561\/revisions"}],"predecessor-version":[{"id":101565,"href":"https:\/\/www.mojabochnia.pl\/index.php?rest_route=\/wp\/v2\/posts\/101561\/revisions\/101565"}],"wp:attachment":[{"href":"https:\/\/www.mojabochnia.pl\/index.php?rest_route=%2Fwp%2Fv2%2Fmedia&parent=101561"}],"wp:term":[{"taxonomy":"category","embeddable":true,"href":"https:\/\/www.mojabochnia.pl\/index.php?rest_route=%2Fwp%2Fv2%2Fcategories&post=101561"},{"taxonomy":"post_tag","embeddable":true,"href":"https:\/\/www.mojabochnia.pl\/index.php?rest_route=%2Fwp%2Fv2%2Ftags&post=101561"}],"curies":[{"name":"wp","href":"https:\/\/api.w.org\/{rel}","templated":true}]}}