{"id":101556,"date":"2013-12-11T14:34:21","date_gmt":"2013-12-11T13:34:21","guid":{"rendered":"http:\/\/www.mojabochnia.pl\/?p=101556"},"modified":"2013-12-12T08:54:49","modified_gmt":"2013-12-12T07:54:49","slug":"wmuruja-kamien-wegielny-pod-nowa-straznice","status":"publish","type":"post","link":"https:\/\/www.mojabochnia.pl\/?p=101556","title":{"rendered":"Wmuruj\u0105 kamie\u0144 w\u0119gielny pod now\u0105 stra\u017cnic\u0119, przyb\u0119dzie minister spraw wewn\u0119trznych"},"content":{"rendered":"<p><strong>Przebieg uroczysto\u015bci:<\/strong><\/p>\n<p>12:00 Rozpocz\u0119cie uroczystego apelu.<\/p>\n<p>12:05 Przem\u00f3wienie Ma\u0142opolskiego Komendanta Wojew\u00f3dzkiego PSP w Bochni<\/p>\n<p>12:15 Wr\u0119czenie nominacji na wy\u017csze stopnie s\u0142u\u017cbowe.<\/p>\n<p>12:25 Podpisanie aktu erekcyjnego, po\u015bwi\u0119cenie oraz wmurowanie kamienia w\u0119gielnego.<\/p>\n<p>12:45 Przem\u00f3wienia zaproszonych go\u015bci.<\/p>\n<p>W uroczysto\u015bci  maj\u0105 wzi\u0105\u0107 udzia\u0142  Minister Spraw Wewn\u0119trznych, Zast\u0119pca Ministra, Komendant G\u0142\u00f3wny PSP, Wojewoda Ma\u0142opolski, Starosta Boche\u0144ski, pos\u0142owie, senatorowie.<\/p>\n","protected":false},"excerpt":{"rendered":"<p>W pi\u0105tek w Bochni odb\u0119dzie si\u0119 uroczysto\u015b\u0107 wmurowania kamienia w\u0119gielnego pod now\u0105 stra\u017cnic\u0119. W uroczysto\u015bciach we\u017amie udzia\u0142 m.in. Bart\u0142omiej Sienkiewicz, Minister Spraw Wewn\u0119trznych. <\/p>\n","protected":false},"author":13,"featured_media":0,"comment_status":"open","ping_status":"closed","sticky":false,"template":"","format":"standard","meta":{"_acf_changed":false,"footnotes":""},"categories":[5,6251,6250],"tags":[17216,3971,17141,18041],"class_list":["post-101556","post","type-post","status-publish","format-standard","hentry","category-biezace-wydarzenia","category-polityka-i-wydarzenia","category-tematyka","tag-inwestycja","tag-komendant-powiatowy-panstwowej-strazy-pozarnej","tag-straz-pozarna","tag-straznica","main_tag-straz-pozarna"],"acf":[],"yoast_head":"<!-- This site is optimized with the Yoast SEO plugin v26.9 - https:\/\/yoast.com\/product\/yoast-seo-wordpress\/ -->\n<title>Wmuruj\u0105 kamie\u0144 w\u0119gielny pod now\u0105 stra\u017cnic\u0119, przyb\u0119dzie minister spraw wewn\u0119trznych - mojabochnia.pl - portal informacyjny<\/title>\n<meta name=\"robots\" content=\"index, follow, max-snippet:-1, max-image-preview:large, max-video-preview:-1\" \/>\n<link rel=\"canonical\" href=\"https:\/\/www.mojabochnia.pl\/?p=101556\" \/>\n<meta property=\"og:locale\" content=\"pl_PL\" \/>\n<meta property=\"og:type\" content=\"article\" \/>\n<meta property=\"og:title\" content=\"Wmuruj\u0105 kamie\u0144 w\u0119gielny pod now\u0105 stra\u017cnic\u0119, przyb\u0119dzie minister spraw wewn\u0119trznych - mojabochnia.pl - portal informacyjny\" \/>\n<meta property=\"og:description\" content=\"W pi\u0105tek w Bochni odb\u0119dzie si\u0119 uroczysto\u015b\u0107 wmurowania kamienia w\u0119gielnego pod now\u0105 stra\u017cnic\u0119. W uroczysto\u015bciach we\u017amie udzia\u0142 m.in. Bart\u0142omiej Sienkiewicz, Minister Spraw Wewn\u0119trznych.\" \/>\n<meta property=\"og:url\" content=\"https:\/\/www.mojabochnia.pl\/?p=101556\" \/>\n<meta property=\"og:site_name\" content=\"mojabochnia.pl - portal informacyjny\" \/>\n<meta property=\"article:publisher\" content=\"https:\/\/www.facebook.com\/mojabochnia\" \/>\n<meta property=\"article:published_time\" content=\"2013-12-11T13:34:21+00:00\" \/>\n<meta property=\"article:modified_time\" content=\"2013-12-12T07:54:49+00:00\" \/>\n<meta name=\"author\" content=\"redakcja\" \/>\n<meta name=\"twitter:card\" content=\"summary_large_image\" \/>\n<meta name=\"twitter:label1\" content=\"Written by\" \/>\n\t<meta name=\"twitter:data1\" content=\"redakcja\" \/>\n<script type=\"application\/ld+json\" class=\"yoast-schema-graph\">{\"@context\":\"https:\/\/schema.org\",\"@graph\":[{\"@type\":\"Article\",\"@id\":\"https:\/\/www.mojabochnia.pl\/?p=101556#article\",\"isPartOf\":{\"@id\":\"https:\/\/www.mojabochnia.pl\/?p=101556\"},\"author\":{\"name\":\"redakcja\",\"@id\":\"https:\/\/www.mojabochnia.pl\/#\/schema\/person\/7e2f20ead9902216a3384f13606c0ab7\"},\"headline\":\"Wmuruj\u0105 kamie\u0144 w\u0119gielny pod now\u0105 stra\u017cnic\u0119, przyb\u0119dzie minister spraw wewn\u0119trznych\",\"datePublished\":\"2013-12-11T13:34:21+00:00\",\"dateModified\":\"2013-12-12T07:54:49+00:00\",\"mainEntityOfPage\":{\"@id\":\"https:\/\/www.mojabochnia.pl\/?p=101556\"},\"wordCount\":83,\"commentCount\":0,\"publisher\":{\"@id\":\"https:\/\/www.mojabochnia.pl\/#organization\"},\"keywords\":[\"inwestycja\",\"Komendant Powiatowy Pa\u0144stwowej Stra\u017cy Po\u017carnej\",\"stra\u017c po\u017carna\",\"stra\u017cnica\"],\"articleSection\":[\"2_ostatnie\",\"polityka i wydarzenia\",\"tematyka\"],\"inLanguage\":\"pl-PL\",\"potentialAction\":[{\"@type\":\"CommentAction\",\"name\":\"Comment\",\"target\":[\"https:\/\/www.mojabochnia.pl\/?p=101556#respond\"]}]},{\"@type\":\"WebPage\",\"@id\":\"https:\/\/www.mojabochnia.pl\/?p=101556\",\"url\":\"https:\/\/www.mojabochnia.pl\/?p=101556\",\"name\":\"Wmuruj\u0105 kamie\u0144 w\u0119gielny pod now\u0105 stra\u017cnic\u0119, przyb\u0119dzie minister spraw wewn\u0119trznych - mojabochnia.pl - portal informacyjny\",\"isPartOf\":{\"@id\":\"https:\/\/www.mojabochnia.pl\/#website\"},\"datePublished\":\"2013-12-11T13:34:21+00:00\",\"dateModified\":\"2013-12-12T07:54:49+00:00\",\"breadcrumb\":{\"@id\":\"https:\/\/www.mojabochnia.pl\/?p=101556#breadcrumb\"},\"inLanguage\":\"pl-PL\",\"potentialAction\":[{\"@type\":\"ReadAction\",\"target\":[\"https:\/\/www.mojabochnia.pl\/?p=101556\"]}]},{\"@type\":\"BreadcrumbList\",\"@id\":\"https:\/\/www.mojabochnia.pl\/?p=101556#breadcrumb\",\"itemListElement\":[{\"@type\":\"ListItem\",\"position\":1,\"name\":\"Home\",\"item\":\"https:\/\/www.mojabochnia.pl\/\"},{\"@type\":\"ListItem\",\"position\":2,\"name\":\"Wmuruj\u0105 kamie\u0144 w\u0119gielny pod now\u0105 stra\u017cnic\u0119, przyb\u0119dzie minister spraw wewn\u0119trznych\"}]},{\"@type\":\"WebSite\",\"@id\":\"https:\/\/www.mojabochnia.pl\/#website\",\"url\":\"https:\/\/www.mojabochnia.pl\/\",\"name\":\"mojabochnia.pl - portal informacyjny\",\"description\":\"mojaBochnia to portal informacyjny o Bochni. Codziennie o Bochni piszemy i pokazujemy najwa\u017cniejsze wydarzenia\",\"publisher\":{\"@id\":\"https:\/\/www.mojabochnia.pl\/#organization\"},\"potentialAction\":[{\"@type\":\"SearchAction\",\"target\":{\"@type\":\"EntryPoint\",\"urlTemplate\":\"https:\/\/www.mojabochnia.pl\/?s={search_term_string}\"},\"query-input\":{\"@type\":\"PropertyValueSpecification\",\"valueRequired\":true,\"valueName\":\"search_term_string\"}}],\"inLanguage\":\"pl-PL\"},{\"@type\":\"Organization\",\"@id\":\"https:\/\/www.mojabochnia.pl\/#organization\",\"name\":\"mojabochnia.pl - portal informacyjny\",\"url\":\"https:\/\/www.mojabochnia.pl\/\",\"logo\":{\"@type\":\"ImageObject\",\"inLanguage\":\"pl-PL\",\"@id\":\"https:\/\/www.mojabochnia.pl\/#\/schema\/logo\/image\/\",\"url\":\"https:\/\/www.mojabochnia.pl\/wp-content\/uploads\/2017\/08\/logo-mb-opt.png\",\"contentUrl\":\"https:\/\/www.mojabochnia.pl\/wp-content\/uploads\/2017\/08\/logo-mb-opt.png\",\"width\":250,\"height\":48,\"caption\":\"mojabochnia.pl - portal informacyjny\"},\"image\":{\"@id\":\"https:\/\/www.mojabochnia.pl\/#\/schema\/logo\/image\/\"},\"sameAs\":[\"https:\/\/www.facebook.com\/mojabochnia\"]},{\"@type\":\"Person\",\"@id\":\"https:\/\/www.mojabochnia.pl\/#\/schema\/person\/7e2f20ead9902216a3384f13606c0ab7\",\"name\":\"redakcja\",\"sameAs\":[\"http:\/\/\"],\"url\":\"https:\/\/www.mojabochnia.pl\/?author=13\"}]}<\/script>\n<!-- \/ Yoast SEO plugin. -->","yoast_head_json":{"title":"Wmuruj\u0105 kamie\u0144 w\u0119gielny pod now\u0105 stra\u017cnic\u0119, przyb\u0119dzie minister spraw wewn\u0119trznych - mojabochnia.pl - portal informacyjny","robots":{"index":"index","follow":"follow","max-snippet":"max-snippet:-1","max-image-preview":"max-image-preview:large","max-video-preview":"max-video-preview:-1"},"canonical":"https:\/\/www.mojabochnia.pl\/?p=101556","og_locale":"pl_PL","og_type":"article","og_title":"Wmuruj\u0105 kamie\u0144 w\u0119gielny pod now\u0105 stra\u017cnic\u0119, przyb\u0119dzie minister spraw wewn\u0119trznych - mojabochnia.pl - portal informacyjny","og_description":"W pi\u0105tek w Bochni odb\u0119dzie si\u0119 uroczysto\u015b\u0107 wmurowania kamienia w\u0119gielnego pod now\u0105 stra\u017cnic\u0119. W uroczysto\u015bciach we\u017amie udzia\u0142 m.in. Bart\u0142omiej Sienkiewicz, Minister Spraw Wewn\u0119trznych.","og_url":"https:\/\/www.mojabochnia.pl\/?p=101556","og_site_name":"mojabochnia.pl - portal informacyjny","article_publisher":"https:\/\/www.facebook.com\/mojabochnia","article_published_time":"2013-12-11T13:34:21+00:00","article_modified_time":"2013-12-12T07:54:49+00:00","author":"redakcja","twitter_card":"summary_large_image","twitter_misc":{"Written by":"redakcja"},"schema":{"@context":"https:\/\/schema.org","@graph":[{"@type":"Article","@id":"https:\/\/www.mojabochnia.pl\/?p=101556#article","isPartOf":{"@id":"https:\/\/www.mojabochnia.pl\/?p=101556"},"author":{"name":"redakcja","@id":"https:\/\/www.mojabochnia.pl\/#\/schema\/person\/7e2f20ead9902216a3384f13606c0ab7"},"headline":"Wmuruj\u0105 kamie\u0144 w\u0119gielny pod now\u0105 stra\u017cnic\u0119, przyb\u0119dzie minister spraw wewn\u0119trznych","datePublished":"2013-12-11T13:34:21+00:00","dateModified":"2013-12-12T07:54:49+00:00","mainEntityOfPage":{"@id":"https:\/\/www.mojabochnia.pl\/?p=101556"},"wordCount":83,"commentCount":0,"publisher":{"@id":"https:\/\/www.mojabochnia.pl\/#organization"},"keywords":["inwestycja","Komendant Powiatowy Pa\u0144stwowej Stra\u017cy Po\u017carnej","stra\u017c po\u017carna","stra\u017cnica"],"articleSection":["2_ostatnie","polityka i wydarzenia","tematyka"],"inLanguage":"pl-PL","potentialAction":[{"@type":"CommentAction","name":"Comment","target":["https:\/\/www.mojabochnia.pl\/?p=101556#respond"]}]},{"@type":"WebPage","@id":"https:\/\/www.mojabochnia.pl\/?p=101556","url":"https:\/\/www.mojabochnia.pl\/?p=101556","name":"Wmuruj\u0105 kamie\u0144 w\u0119gielny pod now\u0105 stra\u017cnic\u0119, przyb\u0119dzie minister spraw wewn\u0119trznych - mojabochnia.pl - portal informacyjny","isPartOf":{"@id":"https:\/\/www.mojabochnia.pl\/#website"},"datePublished":"2013-12-11T13:34:21+00:00","dateModified":"2013-12-12T07:54:49+00:00","breadcrumb":{"@id":"https:\/\/www.mojabochnia.pl\/?p=101556#breadcrumb"},"inLanguage":"pl-PL","potentialAction":[{"@type":"ReadAction","target":["https:\/\/www.mojabochnia.pl\/?p=101556"]}]},{"@type":"BreadcrumbList","@id":"https:\/\/www.mojabochnia.pl\/?p=101556#breadcrumb","itemListElement":[{"@type":"ListItem","position":1,"name":"Home","item":"https:\/\/www.mojabochnia.pl\/"},{"@type":"ListItem","position":2,"name":"Wmuruj\u0105 kamie\u0144 w\u0119gielny pod now\u0105 stra\u017cnic\u0119, przyb\u0119dzie minister spraw wewn\u0119trznych"}]},{"@type":"WebSite","@id":"https:\/\/www.mojabochnia.pl\/#website","url":"https:\/\/www.mojabochnia.pl\/","name":"mojabochnia.pl - portal informacyjny","description":"mojaBochnia to portal informacyjny o Bochni. Codziennie o Bochni piszemy i pokazujemy najwa\u017cniejsze wydarzenia","publisher":{"@id":"https:\/\/www.mojabochnia.pl\/#organization"},"potentialAction":[{"@type":"SearchAction","target":{"@type":"EntryPoint","urlTemplate":"https:\/\/www.mojabochnia.pl\/?s={search_term_string}"},"query-input":{"@type":"PropertyValueSpecification","valueRequired":true,"valueName":"search_term_string"}}],"inLanguage":"pl-PL"},{"@type":"Organization","@id":"https:\/\/www.mojabochnia.pl\/#organization","name":"mojabochnia.pl - portal informacyjny","url":"https:\/\/www.mojabochnia.pl\/","logo":{"@type":"ImageObject","inLanguage":"pl-PL","@id":"https:\/\/www.mojabochnia.pl\/#\/schema\/logo\/image\/","url":"https:\/\/www.mojabochnia.pl\/wp-content\/uploads\/2017\/08\/logo-mb-opt.png","contentUrl":"https:\/\/www.mojabochnia.pl\/wp-content\/uploads\/2017\/08\/logo-mb-opt.png","width":250,"height":48,"caption":"mojabochnia.pl - portal informacyjny"},"image":{"@id":"https:\/\/www.mojabochnia.pl\/#\/schema\/logo\/image\/"},"sameAs":["https:\/\/www.facebook.com\/mojabochnia"]},{"@type":"Person","@id":"https:\/\/www.mojabochnia.pl\/#\/schema\/person\/7e2f20ead9902216a3384f13606c0ab7","name":"redakcja","sameAs":["http:\/\/"],"url":"https:\/\/www.mojabochnia.pl\/?author=13"}]}},"_links":{"self":[{"href":"https:\/\/www.mojabochnia.pl\/index.php?rest_route=\/wp\/v2\/posts\/101556","targetHints":{"allow":["GET"]}}],"collection":[{"href":"https:\/\/www.mojabochnia.pl\/index.php?rest_route=\/wp\/v2\/posts"}],"about":[{"href":"https:\/\/www.mojabochnia.pl\/index.php?rest_route=\/wp\/v2\/types\/post"}],"author":[{"embeddable":true,"href":"https:\/\/www.mojabochnia.pl\/index.php?rest_route=\/wp\/v2\/users\/13"}],"replies":[{"embeddable":true,"href":"https:\/\/www.mojabochnia.pl\/index.php?rest_route=%2Fwp%2Fv2%2Fcomments&post=101556"}],"version-history":[{"count":5,"href":"https:\/\/www.mojabochnia.pl\/index.php?rest_route=\/wp\/v2\/posts\/101556\/revisions"}],"predecessor-version":[{"id":101583,"href":"https:\/\/www.mojabochnia.pl\/index.php?rest_route=\/wp\/v2\/posts\/101556\/revisions\/101583"}],"wp:attachment":[{"href":"https:\/\/www.mojabochnia.pl\/index.php?rest_route=%2Fwp%2Fv2%2Fmedia&parent=101556"}],"wp:term":[{"taxonomy":"category","embeddable":true,"href":"https:\/\/www.mojabochnia.pl\/index.php?rest_route=%2Fwp%2Fv2%2Fcategories&post=101556"},{"taxonomy":"post_tag","embeddable":true,"href":"https:\/\/www.mojabochnia.pl\/index.php?rest_route=%2Fwp%2Fv2%2Ftags&post=101556"}],"curies":[{"name":"wp","href":"https:\/\/api.w.org\/{rel}","templated":true}]}}