{"id":101439,"date":"2013-12-10T08:36:02","date_gmt":"2013-12-10T07:36:02","guid":{"rendered":"http:\/\/www.mojabochnia.pl\/?p=101439"},"modified":"2013-12-10T08:36:02","modified_gmt":"2013-12-10T07:36:02","slug":"gm-bochnia-podatki-bez-zmian-%e2%80%9eto-nie-jest-przedwyborcza-zagrywka","status":"publish","type":"post","link":"https:\/\/www.mojabochnia.pl\/?p=101439","title":{"rendered":"Gm. Bochnia: podatki bez zmian. \u201eTo nie jest przedwyborcza zagrywka\u201d"},"content":{"rendered":"<p><em>W 2014 roku w Gminie Bochnia nie ulegn\u0105 zmianie stawki gminnych podatk\u00f3w od nieruchomo\u015bci, mimo \u017ce ministerstwo finans\u00f3w co roku zach\u0119ca do ich podnoszenia, przynajmniej o stop\u0119 inflacji. Nie zmieni si\u0119 tak\u017ce stawka podatku rolnego<\/em> &#8211; podaje urz\u0105d gminy Bochnia. <\/p>\n<p><em>To nie jest przedwyborcza zagrywka. W ubieg\u0142ym roku nasz samorz\u0105d  r\u00f3wnie\u017c nie zmienia\u0142 podatk\u00f3w, tak wi\u0119c w przysz\u0142ym roku nadal b\u0119d\u0105 obowi\u0105zywa\u0107 stawki uchwalone w listopadzie 2011 roku. Wychodzimy bowiem  z za\u0142o\u017cenia, \u017ce sytuacja materialna mieszka\u0144c\u00f3w wsi i ma\u0142ych miasteczek od kilku lat pogarsza si\u0119, g\u0142\u00f3wnie ze wzgl\u0119du na masowe bezrobocie i ci\u0105g\u0142e podwy\u017cki cen energii i gazu. W tym roku w wielu gospodarstwach dodatkowo wyst\u0105pi\u0142y straty po lokalnych kataklizmach <\/em>\u2013 m\u00f3wi w\u00f3jt Jerzy Lysy.<\/p>\n<p>W poprzedniej kadencji w\u00f3jt i Rada Gminy Bochnia nie zmieniali stawek podatku przez kolejne 4 lata (2008-2011). W obecnej kadencji wprowadzono tak\u017ce istotn\u0105 ulg\u0119 podatkow\u0105 dla podmiot\u00f3w gospodarczych, kt\u00f3re utrzymuj\u0105 lub tworz\u0105 nowe miejsca pracy. Wymiar podatku dla nich obni\u017cy\u0107 mo\u017cna o 5% za ka\u017cde, nowo utworzone miejsce pracy, lecz nie wi\u0119cej ni\u017c 2 tys. z\u0142 za 1 miejsce. W przypadku utrzymywania istniej\u0105cych miejsc pracy obni\u017cka mo\u017ce wynie\u015b\u0107 do 1 tys. z\u0142 za miejsce.<\/p>\n<p><em>Niewysokie stawki podatkowe, ulgi stosowane przez samorz\u0105d, a tak\u017ce fakt, \u017ce dla ca\u0142ej gminy posiadamy plan przestrzennego zagospodarowania sprawiaj\u0105, \u017ce coraz cz\u0119\u015bciej w\u0142a\u015bciciele firm lokuj\u0105 u nas swoje zak\u0142ady<\/em> \u2013 dodaje w\u00f3jt.<\/p>\n<p>Urz\u0119dnicy gminy Bochnia podkre\u015blaj\u0105 r\u00f3wnie\u017c, \u017ce wprowadzony ustaw\u0105 w lipcu b.r. \u201epodatek \u015bmieciowy\u201d w boche\u0144skiej gminie przyj\u0119to na najni\u017cszym poziomie w powiecie, ustalaj\u0105c korzystniejsze stawki dla rodzin wielodzietnych i wielopokoleniowych.<\/p>\n","protected":false},"excerpt":{"rendered":"<p>Gmina Bochnia ustali\u0142a stawki podatkowe na 2014 r. na dotychczasowym poziomie. Tak\u0105 decyzj\u0119 podj\u0119li radni. W\u0142adze zwracaj\u0105 uwag\u0119, \u017ce to nie pierwsza taka sytuacja. \u201eTo nie jest przedwyborcza zagrywka\u201d &#8211; zapewnia w\u00f3jt Jerzy Lysy. <\/p>\n","protected":false},"author":13,"featured_media":0,"comment_status":"open","ping_status":"closed","sticky":false,"template":"","format":"standard","meta":{"_acf_changed":false,"footnotes":""},"categories":[5,6251,6250],"tags":[17225,17215,17880,17477],"class_list":["post-101439","post","type-post","status-publish","format-standard","hentry","category-biezace-wydarzenia","category-polityka-i-wydarzenia","category-tematyka","tag-gmina-bochnia","tag-jerzy-lysy","tag-podatek","tag-podatki","main_tag-gmina-bochnia"],"acf":[],"yoast_head":"<!-- This site is optimized with the Yoast SEO plugin v26.9 - https:\/\/yoast.com\/product\/yoast-seo-wordpress\/ -->\n<title>Gm. Bochnia: podatki bez zmian. \u201eTo nie jest przedwyborcza zagrywka\u201d - mojabochnia.pl - portal informacyjny<\/title>\n<meta name=\"robots\" content=\"index, follow, max-snippet:-1, max-image-preview:large, max-video-preview:-1\" \/>\n<link rel=\"canonical\" href=\"https:\/\/www.mojabochnia.pl\/?p=101439\" \/>\n<meta property=\"og:locale\" content=\"pl_PL\" \/>\n<meta property=\"og:type\" content=\"article\" \/>\n<meta property=\"og:title\" content=\"Gm. Bochnia: podatki bez zmian. \u201eTo nie jest przedwyborcza zagrywka\u201d - mojabochnia.pl - portal informacyjny\" \/>\n<meta property=\"og:description\" content=\"Gmina Bochnia ustali\u0142a stawki podatkowe na 2014 r. na dotychczasowym poziomie. Tak\u0105 decyzj\u0119 podj\u0119li radni. W\u0142adze zwracaj\u0105 uwag\u0119, \u017ce to nie pierwsza taka sytuacja. \u201eTo nie jest przedwyborcza zagrywka\u201d - zapewnia w\u00f3jt Jerzy Lysy.\" \/>\n<meta property=\"og:url\" content=\"https:\/\/www.mojabochnia.pl\/?p=101439\" \/>\n<meta property=\"og:site_name\" content=\"mojabochnia.pl - portal informacyjny\" \/>\n<meta property=\"article:publisher\" content=\"https:\/\/www.facebook.com\/mojabochnia\" \/>\n<meta property=\"article:published_time\" content=\"2013-12-10T07:36:02+00:00\" \/>\n<meta name=\"author\" content=\"redakcja\" \/>\n<meta name=\"twitter:card\" content=\"summary_large_image\" \/>\n<meta name=\"twitter:label1\" content=\"Written by\" \/>\n\t<meta name=\"twitter:data1\" content=\"redakcja\" \/>\n\t<meta name=\"twitter:label2\" content=\"Est. reading time\" \/>\n\t<meta name=\"twitter:data2\" content=\"1 minuta\" \/>\n<script type=\"application\/ld+json\" class=\"yoast-schema-graph\">{\"@context\":\"https:\/\/schema.org\",\"@graph\":[{\"@type\":\"Article\",\"@id\":\"https:\/\/www.mojabochnia.pl\/?p=101439#article\",\"isPartOf\":{\"@id\":\"https:\/\/www.mojabochnia.pl\/?p=101439\"},\"author\":{\"name\":\"redakcja\",\"@id\":\"https:\/\/www.mojabochnia.pl\/#\/schema\/person\/7e2f20ead9902216a3384f13606c0ab7\"},\"headline\":\"Gm. Bochnia: podatki bez zmian. \u201eTo nie jest przedwyborcza zagrywka\u201d\",\"datePublished\":\"2013-12-10T07:36:02+00:00\",\"mainEntityOfPage\":{\"@id\":\"https:\/\/www.mojabochnia.pl\/?p=101439\"},\"wordCount\":307,\"commentCount\":0,\"publisher\":{\"@id\":\"https:\/\/www.mojabochnia.pl\/#organization\"},\"keywords\":[\"gmina bochnia\",\"jerzy lysy\",\"podatek\",\"podatki\"],\"articleSection\":[\"2_ostatnie\",\"polityka i wydarzenia\",\"tematyka\"],\"inLanguage\":\"pl-PL\",\"potentialAction\":[{\"@type\":\"CommentAction\",\"name\":\"Comment\",\"target\":[\"https:\/\/www.mojabochnia.pl\/?p=101439#respond\"]}]},{\"@type\":\"WebPage\",\"@id\":\"https:\/\/www.mojabochnia.pl\/?p=101439\",\"url\":\"https:\/\/www.mojabochnia.pl\/?p=101439\",\"name\":\"Gm. Bochnia: podatki bez zmian. \u201eTo nie jest przedwyborcza zagrywka\u201d - mojabochnia.pl - portal informacyjny\",\"isPartOf\":{\"@id\":\"https:\/\/www.mojabochnia.pl\/#website\"},\"datePublished\":\"2013-12-10T07:36:02+00:00\",\"breadcrumb\":{\"@id\":\"https:\/\/www.mojabochnia.pl\/?p=101439#breadcrumb\"},\"inLanguage\":\"pl-PL\",\"potentialAction\":[{\"@type\":\"ReadAction\",\"target\":[\"https:\/\/www.mojabochnia.pl\/?p=101439\"]}]},{\"@type\":\"BreadcrumbList\",\"@id\":\"https:\/\/www.mojabochnia.pl\/?p=101439#breadcrumb\",\"itemListElement\":[{\"@type\":\"ListItem\",\"position\":1,\"name\":\"Home\",\"item\":\"https:\/\/www.mojabochnia.pl\/\"},{\"@type\":\"ListItem\",\"position\":2,\"name\":\"Gm. Bochnia: podatki bez zmian. \u201eTo nie jest przedwyborcza zagrywka\u201d\"}]},{\"@type\":\"WebSite\",\"@id\":\"https:\/\/www.mojabochnia.pl\/#website\",\"url\":\"https:\/\/www.mojabochnia.pl\/\",\"name\":\"mojabochnia.pl - portal informacyjny\",\"description\":\"mojaBochnia to portal informacyjny o Bochni. Codziennie o Bochni piszemy i pokazujemy najwa\u017cniejsze wydarzenia\",\"publisher\":{\"@id\":\"https:\/\/www.mojabochnia.pl\/#organization\"},\"potentialAction\":[{\"@type\":\"SearchAction\",\"target\":{\"@type\":\"EntryPoint\",\"urlTemplate\":\"https:\/\/www.mojabochnia.pl\/?s={search_term_string}\"},\"query-input\":{\"@type\":\"PropertyValueSpecification\",\"valueRequired\":true,\"valueName\":\"search_term_string\"}}],\"inLanguage\":\"pl-PL\"},{\"@type\":\"Organization\",\"@id\":\"https:\/\/www.mojabochnia.pl\/#organization\",\"name\":\"mojabochnia.pl - portal informacyjny\",\"url\":\"https:\/\/www.mojabochnia.pl\/\",\"logo\":{\"@type\":\"ImageObject\",\"inLanguage\":\"pl-PL\",\"@id\":\"https:\/\/www.mojabochnia.pl\/#\/schema\/logo\/image\/\",\"url\":\"https:\/\/www.mojabochnia.pl\/wp-content\/uploads\/2017\/08\/logo-mb-opt.png\",\"contentUrl\":\"https:\/\/www.mojabochnia.pl\/wp-content\/uploads\/2017\/08\/logo-mb-opt.png\",\"width\":250,\"height\":48,\"caption\":\"mojabochnia.pl - portal informacyjny\"},\"image\":{\"@id\":\"https:\/\/www.mojabochnia.pl\/#\/schema\/logo\/image\/\"},\"sameAs\":[\"https:\/\/www.facebook.com\/mojabochnia\"]},{\"@type\":\"Person\",\"@id\":\"https:\/\/www.mojabochnia.pl\/#\/schema\/person\/7e2f20ead9902216a3384f13606c0ab7\",\"name\":\"redakcja\",\"sameAs\":[\"http:\/\/\"],\"url\":\"https:\/\/www.mojabochnia.pl\/?author=13\"}]}<\/script>\n<!-- \/ Yoast SEO plugin. -->","yoast_head_json":{"title":"Gm. Bochnia: podatki bez zmian. \u201eTo nie jest przedwyborcza zagrywka\u201d - mojabochnia.pl - portal informacyjny","robots":{"index":"index","follow":"follow","max-snippet":"max-snippet:-1","max-image-preview":"max-image-preview:large","max-video-preview":"max-video-preview:-1"},"canonical":"https:\/\/www.mojabochnia.pl\/?p=101439","og_locale":"pl_PL","og_type":"article","og_title":"Gm. Bochnia: podatki bez zmian. \u201eTo nie jest przedwyborcza zagrywka\u201d - mojabochnia.pl - portal informacyjny","og_description":"Gmina Bochnia ustali\u0142a stawki podatkowe na 2014 r. na dotychczasowym poziomie. Tak\u0105 decyzj\u0119 podj\u0119li radni. W\u0142adze zwracaj\u0105 uwag\u0119, \u017ce to nie pierwsza taka sytuacja. \u201eTo nie jest przedwyborcza zagrywka\u201d - zapewnia w\u00f3jt Jerzy Lysy.","og_url":"https:\/\/www.mojabochnia.pl\/?p=101439","og_site_name":"mojabochnia.pl - portal informacyjny","article_publisher":"https:\/\/www.facebook.com\/mojabochnia","article_published_time":"2013-12-10T07:36:02+00:00","author":"redakcja","twitter_card":"summary_large_image","twitter_misc":{"Written by":"redakcja","Est. reading time":"1 minuta"},"schema":{"@context":"https:\/\/schema.org","@graph":[{"@type":"Article","@id":"https:\/\/www.mojabochnia.pl\/?p=101439#article","isPartOf":{"@id":"https:\/\/www.mojabochnia.pl\/?p=101439"},"author":{"name":"redakcja","@id":"https:\/\/www.mojabochnia.pl\/#\/schema\/person\/7e2f20ead9902216a3384f13606c0ab7"},"headline":"Gm. Bochnia: podatki bez zmian. \u201eTo nie jest przedwyborcza zagrywka\u201d","datePublished":"2013-12-10T07:36:02+00:00","mainEntityOfPage":{"@id":"https:\/\/www.mojabochnia.pl\/?p=101439"},"wordCount":307,"commentCount":0,"publisher":{"@id":"https:\/\/www.mojabochnia.pl\/#organization"},"keywords":["gmina bochnia","jerzy lysy","podatek","podatki"],"articleSection":["2_ostatnie","polityka i wydarzenia","tematyka"],"inLanguage":"pl-PL","potentialAction":[{"@type":"CommentAction","name":"Comment","target":["https:\/\/www.mojabochnia.pl\/?p=101439#respond"]}]},{"@type":"WebPage","@id":"https:\/\/www.mojabochnia.pl\/?p=101439","url":"https:\/\/www.mojabochnia.pl\/?p=101439","name":"Gm. Bochnia: podatki bez zmian. \u201eTo nie jest przedwyborcza zagrywka\u201d - mojabochnia.pl - portal informacyjny","isPartOf":{"@id":"https:\/\/www.mojabochnia.pl\/#website"},"datePublished":"2013-12-10T07:36:02+00:00","breadcrumb":{"@id":"https:\/\/www.mojabochnia.pl\/?p=101439#breadcrumb"},"inLanguage":"pl-PL","potentialAction":[{"@type":"ReadAction","target":["https:\/\/www.mojabochnia.pl\/?p=101439"]}]},{"@type":"BreadcrumbList","@id":"https:\/\/www.mojabochnia.pl\/?p=101439#breadcrumb","itemListElement":[{"@type":"ListItem","position":1,"name":"Home","item":"https:\/\/www.mojabochnia.pl\/"},{"@type":"ListItem","position":2,"name":"Gm. Bochnia: podatki bez zmian. \u201eTo nie jest przedwyborcza zagrywka\u201d"}]},{"@type":"WebSite","@id":"https:\/\/www.mojabochnia.pl\/#website","url":"https:\/\/www.mojabochnia.pl\/","name":"mojabochnia.pl - portal informacyjny","description":"mojaBochnia to portal informacyjny o Bochni. Codziennie o Bochni piszemy i pokazujemy najwa\u017cniejsze wydarzenia","publisher":{"@id":"https:\/\/www.mojabochnia.pl\/#organization"},"potentialAction":[{"@type":"SearchAction","target":{"@type":"EntryPoint","urlTemplate":"https:\/\/www.mojabochnia.pl\/?s={search_term_string}"},"query-input":{"@type":"PropertyValueSpecification","valueRequired":true,"valueName":"search_term_string"}}],"inLanguage":"pl-PL"},{"@type":"Organization","@id":"https:\/\/www.mojabochnia.pl\/#organization","name":"mojabochnia.pl - portal informacyjny","url":"https:\/\/www.mojabochnia.pl\/","logo":{"@type":"ImageObject","inLanguage":"pl-PL","@id":"https:\/\/www.mojabochnia.pl\/#\/schema\/logo\/image\/","url":"https:\/\/www.mojabochnia.pl\/wp-content\/uploads\/2017\/08\/logo-mb-opt.png","contentUrl":"https:\/\/www.mojabochnia.pl\/wp-content\/uploads\/2017\/08\/logo-mb-opt.png","width":250,"height":48,"caption":"mojabochnia.pl - portal informacyjny"},"image":{"@id":"https:\/\/www.mojabochnia.pl\/#\/schema\/logo\/image\/"},"sameAs":["https:\/\/www.facebook.com\/mojabochnia"]},{"@type":"Person","@id":"https:\/\/www.mojabochnia.pl\/#\/schema\/person\/7e2f20ead9902216a3384f13606c0ab7","name":"redakcja","sameAs":["http:\/\/"],"url":"https:\/\/www.mojabochnia.pl\/?author=13"}]}},"_links":{"self":[{"href":"https:\/\/www.mojabochnia.pl\/index.php?rest_route=\/wp\/v2\/posts\/101439","targetHints":{"allow":["GET"]}}],"collection":[{"href":"https:\/\/www.mojabochnia.pl\/index.php?rest_route=\/wp\/v2\/posts"}],"about":[{"href":"https:\/\/www.mojabochnia.pl\/index.php?rest_route=\/wp\/v2\/types\/post"}],"author":[{"embeddable":true,"href":"https:\/\/www.mojabochnia.pl\/index.php?rest_route=\/wp\/v2\/users\/13"}],"replies":[{"embeddable":true,"href":"https:\/\/www.mojabochnia.pl\/index.php?rest_route=%2Fwp%2Fv2%2Fcomments&post=101439"}],"version-history":[{"count":3,"href":"https:\/\/www.mojabochnia.pl\/index.php?rest_route=\/wp\/v2\/posts\/101439\/revisions"}],"predecessor-version":[{"id":101443,"href":"https:\/\/www.mojabochnia.pl\/index.php?rest_route=\/wp\/v2\/posts\/101439\/revisions\/101443"}],"wp:attachment":[{"href":"https:\/\/www.mojabochnia.pl\/index.php?rest_route=%2Fwp%2Fv2%2Fmedia&parent=101439"}],"wp:term":[{"taxonomy":"category","embeddable":true,"href":"https:\/\/www.mojabochnia.pl\/index.php?rest_route=%2Fwp%2Fv2%2Fcategories&post=101439"},{"taxonomy":"post_tag","embeddable":true,"href":"https:\/\/www.mojabochnia.pl\/index.php?rest_route=%2Fwp%2Fv2%2Ftags&post=101439"}],"curies":[{"name":"wp","href":"https:\/\/api.w.org\/{rel}","templated":true}]}}