{"id":101319,"date":"2013-12-06T10:55:36","date_gmt":"2013-12-06T09:55:36","guid":{"rendered":"http:\/\/www.mojabochnia.pl\/?p=101319"},"modified":"2013-12-06T10:55:36","modified_gmt":"2013-12-06T09:55:36","slug":"caritas-apeluje-do-przedsiebiorcow-o-przekazywanie-zywnosci","status":"publish","type":"post","link":"https:\/\/www.mojabochnia.pl\/?p=101319","title":{"rendered":"Caritas apeluje do przedsi\u0119biorc\u00f3w o przekazywanie \u017cywno\u015bci"},"content":{"rendered":"<p><em>Wolontariusze Caritas mogliby odbiera\u0107 produkty nawet co kilka dni. Przedsi\u0119biorcy, kt\u00f3rzy chc\u0105 przekaza\u0107 tak\u0105 darowizn\u0119, od pa\u017adziernika mog\u0105 to robi\u0107 bez konieczno\u015bci naliczania VAT-u.  Ich pomoc jest bardzo potrzebna, poniewa\u017c prawdopodobnie mo\u017ce wyst\u0105pi\u0107 przerwa w dostawie \u017cywo\u015bci unijnej, z kt\u00f3rej m.in. korzystaj\u0105 podopieczni Caritas<\/em> \u2013 podaje ks. Ryszard St. Nowak, rzecznik Biskupa Tarnowskiego. <\/p>\n<p>Od pa\u017adziernika zmieni\u0142y si\u0119 przepisy i sklepy spo\u017cywcze mog\u0105 przekazywa\u0107 darowizn\u0119 bez p\u0142acenia VAT-u. Odbiorcami takiej \u017cywno\u015bci mog\u0105 by\u0107 organizacje po\u017cytku publicznego, a jest ni\u0105 w\u0142a\u015bnie Caritas Diecezji Tarnowskiej. <\/p>\n<p><em>Jeste\u015bmy zainteresowani pozyskiwaniem \u017cywno\u015bci, kt\u00f3ra dotychczas bardzo cz\u0119sto by\u0142a niszczona. Szacuje si\u0119, \u017ce codziennie utylizowano w Ma\u0142opolsce ok. 7 ton \u017cywno\u015bci. Chc\u0105c j\u0105 przekaza\u0107, przedsi\u0119biorcy musieli odprowadzi\u0107 podatek VAT. Wielu to si\u0119 nie op\u0142aca\u0142o. Poniewa\u017c zmieni\u0142y si\u0119 przepisy chcemy \u017cywno\u015b\u0107 pozyskiwa\u0107 i przekazywa\u0107 do parafii i naszych plac\u00f3wek, gdzie codziennie przychodz\u0105 ludzie potrzebuj\u0105cy. Apeluj\u0119 o wsp\u00f3\u0142prac\u0119 do w\u0142a\u015bcicieli du\u017cych sieci handlowych oraz ma\u0142ych sklep\u00f3w<\/em> &#8211; m\u00f3wi ks. Ryszard Podsto\u0142owicz dyrektor Caritas Diecezji Tarnowskiej. <\/p>\n<p>Przekazywana \u017cywno\u015b\u0107 nie mo\u017ce by\u0107 przeterminowana. Mas\u0142o, \u015bmietana, jogurty czy sery z ko\u0144cz\u0105cym si\u0119 terminem przydatno\u015bci do spo\u017cycia b\u0119d\u0105 szybko wykorzystywane m.in. w kuchniach Caritas. Pomoc handlowc\u00f3w i hurtownik\u00f3w jest bardzo wa\u017cna, poniewa\u017c ko\u0144czy si\u0119 dostawa produkt\u00f3w w ramach programu PEAD. Jest on skierowany do najubo\u017cszych mieszka\u0144c\u00f3w Unii Europejskiej z nadwy\u017cek \u017cywno\u015bci unijnej. <\/p>\n<p>W Bochni od lat pe\u0142nowarto\u015bciow\u0105 \u017cywno\u015b\u0107 na rzecz potrzebuj\u0105cych funduje Spo\u0142em PSS. <em>Przekazywali\u015bmy na rzecz Caritas dzia\u0142aj\u0105cych na terenie miasta Bochni r\u00f3\u017cnego rodzaju wsparcie szczeg\u00f3lnie w okresie \u015bwi\u0105t Bo\u017cego Narodzenia i Wielkiej Nocy i przekazywa\u0107 b\u0119dziemy to w dalszym ci\u0105gu. Nie robimy tego w celu osi\u0105gni\u0119cia jakiejkolwiek korzy\u015bci, ale \u017ceby pom\u00f3c najbiedniejszym podzieli\u0107 si\u0119 z nimi tym, co mamy. Zach\u0119camy do tego typu akcji tak\u017ce innych przedsi\u0119biorc\u00f3w<\/em> \u2013 m\u00f3wi Adam Sosnowiec, prezes zarz\u0105du sp\u00f3\u0142dzielni.<\/p>\n<p>W tym roku Caritas Diecezji Tarnowskiej otrzyma\u0142a 905 ton \u017cywno\u015bci z Unii Europejskiej. To szesna\u015bcie produkt\u00f3w m.in. m\u0105ka, makaron, sery, kasza, dania mi\u0119sne w puszkach. W programie uczestniczy 208 parafii a \u017cywno\u015b\u0107 trafia w sumie do ponad 42 tys. os\u00f3b potrzebuj\u0105cych. Warto\u015b\u0107 \u017cywno\u015bci to ponad 2 mln 760 tys. z\u0142. Produkty b\u0119d\u0105 jeszcze rozprowadzane do 28 lutego 2014 r. Po tym terminie prawdopodobnie wyst\u0105pi chwilowa przerwa. <\/p>\n<p><em>W zwi\u0105zku z nowym bud\u017cetem Unii Europejskiej na lata 2014 \u2013 2020 trzeba przygotowa\u0107 nowy program pomocy dla potrzebuj\u0105cych. W jakiej b\u0119dzie on formie \u2013 tego jeszcze nie wiemy<\/em> \u2013 m\u00f3wi Jerzy Pikul koordynator programu pomocy \u017cywno\u015bciowej Caritas Diecezji Tarnowskiej. <\/p>\n<p>Tarnowska Caritas korzysta z programu PEAD od 2004 roku. Dotychczas do prawie 400 tys. os\u00f3b potrzebuj\u0105cych trafi\u0142o 7 tys. 392 tony \u017cywno\u015bci o warto\u015bci ponad 20 mln z\u0142. <\/p>\n","protected":false},"excerpt":{"rendered":"<p>Caritas Diecezji Tarnowskiej apeluje do przedsi\u0119biorc\u00f3w  prowadz\u0105cych sklepy spo\u017cywcze i hurtownie,  aby przekazywali jej pe\u0142nowarto\u015bciow\u0105 \u017cywno\u015b\u0107 z ko\u0144cz\u0105cym si\u0119 terminem wa\u017cno\u015bci. <\/p>\n","protected":false},"author":13,"featured_media":0,"comment_status":"open","ping_status":"closed","sticky":false,"template":"","format":"standard","meta":{"_acf_changed":false,"footnotes":""},"categories":[5,6250,1342],"tags":[17307,396,5425],"class_list":["post-101319","post","type-post","status-publish","format-standard","hentry","category-biezace-wydarzenia","category-tematyka","category-zycie-religijne","tag-caritas","tag-spolem-pss","tag-zywnosc","main_tag-dozywianie"],"acf":[],"yoast_head":"<!-- This site is optimized with the Yoast SEO plugin v26.9 - https:\/\/yoast.com\/product\/yoast-seo-wordpress\/ -->\n<title>Caritas apeluje do przedsi\u0119biorc\u00f3w o przekazywanie \u017cywno\u015bci  - mojabochnia.pl - portal informacyjny<\/title>\n<meta name=\"robots\" content=\"index, follow, max-snippet:-1, max-image-preview:large, max-video-preview:-1\" \/>\n<link rel=\"canonical\" href=\"https:\/\/www.mojabochnia.pl\/?p=101319\" \/>\n<meta property=\"og:locale\" content=\"pl_PL\" \/>\n<meta property=\"og:type\" content=\"article\" \/>\n<meta property=\"og:title\" content=\"Caritas apeluje do przedsi\u0119biorc\u00f3w o przekazywanie \u017cywno\u015bci  - mojabochnia.pl - portal informacyjny\" \/>\n<meta property=\"og:description\" content=\"Caritas Diecezji Tarnowskiej apeluje do przedsi\u0119biorc\u00f3w prowadz\u0105cych sklepy spo\u017cywcze i hurtownie, aby przekazywali jej pe\u0142nowarto\u015bciow\u0105 \u017cywno\u015b\u0107 z ko\u0144cz\u0105cym si\u0119 terminem wa\u017cno\u015bci.\" \/>\n<meta property=\"og:url\" content=\"https:\/\/www.mojabochnia.pl\/?p=101319\" \/>\n<meta property=\"og:site_name\" content=\"mojabochnia.pl - portal informacyjny\" \/>\n<meta property=\"article:publisher\" content=\"https:\/\/www.facebook.com\/mojabochnia\" \/>\n<meta property=\"article:published_time\" content=\"2013-12-06T09:55:36+00:00\" \/>\n<meta name=\"author\" content=\"redakcja\" \/>\n<meta name=\"twitter:card\" content=\"summary_large_image\" \/>\n<meta name=\"twitter:label1\" content=\"Written by\" \/>\n\t<meta name=\"twitter:data1\" content=\"redakcja\" \/>\n\t<meta name=\"twitter:label2\" content=\"Est. reading time\" \/>\n\t<meta name=\"twitter:data2\" content=\"3 minuty\" \/>\n<script type=\"application\/ld+json\" class=\"yoast-schema-graph\">{\"@context\":\"https:\/\/schema.org\",\"@graph\":[{\"@type\":\"Article\",\"@id\":\"https:\/\/www.mojabochnia.pl\/?p=101319#article\",\"isPartOf\":{\"@id\":\"https:\/\/www.mojabochnia.pl\/?p=101319\"},\"author\":{\"name\":\"redakcja\",\"@id\":\"https:\/\/www.mojabochnia.pl\/#\/schema\/person\/7e2f20ead9902216a3384f13606c0ab7\"},\"headline\":\"Caritas apeluje do przedsi\u0119biorc\u00f3w o przekazywanie \u017cywno\u015bci\",\"datePublished\":\"2013-12-06T09:55:36+00:00\",\"mainEntityOfPage\":{\"@id\":\"https:\/\/www.mojabochnia.pl\/?p=101319\"},\"wordCount\":510,\"commentCount\":0,\"publisher\":{\"@id\":\"https:\/\/www.mojabochnia.pl\/#organization\"},\"keywords\":[\"caritas\",\"spo\u0142em PSS\",\"\u017cywno\u015b\u0107\"],\"articleSection\":[\"2_ostatnie\",\"tematyka\",\"\u017bycie religijne\"],\"inLanguage\":\"pl-PL\",\"potentialAction\":[{\"@type\":\"CommentAction\",\"name\":\"Comment\",\"target\":[\"https:\/\/www.mojabochnia.pl\/?p=101319#respond\"]}]},{\"@type\":\"WebPage\",\"@id\":\"https:\/\/www.mojabochnia.pl\/?p=101319\",\"url\":\"https:\/\/www.mojabochnia.pl\/?p=101319\",\"name\":\"Caritas apeluje do przedsi\u0119biorc\u00f3w o przekazywanie \u017cywno\u015bci - mojabochnia.pl - portal informacyjny\",\"isPartOf\":{\"@id\":\"https:\/\/www.mojabochnia.pl\/#website\"},\"datePublished\":\"2013-12-06T09:55:36+00:00\",\"breadcrumb\":{\"@id\":\"https:\/\/www.mojabochnia.pl\/?p=101319#breadcrumb\"},\"inLanguage\":\"pl-PL\",\"potentialAction\":[{\"@type\":\"ReadAction\",\"target\":[\"https:\/\/www.mojabochnia.pl\/?p=101319\"]}]},{\"@type\":\"BreadcrumbList\",\"@id\":\"https:\/\/www.mojabochnia.pl\/?p=101319#breadcrumb\",\"itemListElement\":[{\"@type\":\"ListItem\",\"position\":1,\"name\":\"Home\",\"item\":\"https:\/\/www.mojabochnia.pl\/\"},{\"@type\":\"ListItem\",\"position\":2,\"name\":\"Caritas apeluje do przedsi\u0119biorc\u00f3w o przekazywanie \u017cywno\u015bci\"}]},{\"@type\":\"WebSite\",\"@id\":\"https:\/\/www.mojabochnia.pl\/#website\",\"url\":\"https:\/\/www.mojabochnia.pl\/\",\"name\":\"mojabochnia.pl - portal informacyjny\",\"description\":\"mojaBochnia to portal informacyjny o Bochni. Codziennie o Bochni piszemy i pokazujemy najwa\u017cniejsze wydarzenia\",\"publisher\":{\"@id\":\"https:\/\/www.mojabochnia.pl\/#organization\"},\"potentialAction\":[{\"@type\":\"SearchAction\",\"target\":{\"@type\":\"EntryPoint\",\"urlTemplate\":\"https:\/\/www.mojabochnia.pl\/?s={search_term_string}\"},\"query-input\":{\"@type\":\"PropertyValueSpecification\",\"valueRequired\":true,\"valueName\":\"search_term_string\"}}],\"inLanguage\":\"pl-PL\"},{\"@type\":\"Organization\",\"@id\":\"https:\/\/www.mojabochnia.pl\/#organization\",\"name\":\"mojabochnia.pl - portal informacyjny\",\"url\":\"https:\/\/www.mojabochnia.pl\/\",\"logo\":{\"@type\":\"ImageObject\",\"inLanguage\":\"pl-PL\",\"@id\":\"https:\/\/www.mojabochnia.pl\/#\/schema\/logo\/image\/\",\"url\":\"https:\/\/www.mojabochnia.pl\/wp-content\/uploads\/2017\/08\/logo-mb-opt.png\",\"contentUrl\":\"https:\/\/www.mojabochnia.pl\/wp-content\/uploads\/2017\/08\/logo-mb-opt.png\",\"width\":250,\"height\":48,\"caption\":\"mojabochnia.pl - portal informacyjny\"},\"image\":{\"@id\":\"https:\/\/www.mojabochnia.pl\/#\/schema\/logo\/image\/\"},\"sameAs\":[\"https:\/\/www.facebook.com\/mojabochnia\"]},{\"@type\":\"Person\",\"@id\":\"https:\/\/www.mojabochnia.pl\/#\/schema\/person\/7e2f20ead9902216a3384f13606c0ab7\",\"name\":\"redakcja\",\"sameAs\":[\"http:\/\/\"],\"url\":\"https:\/\/www.mojabochnia.pl\/?author=13\"}]}<\/script>\n<!-- \/ Yoast SEO plugin. -->","yoast_head_json":{"title":"Caritas apeluje do przedsi\u0119biorc\u00f3w o przekazywanie \u017cywno\u015bci  - mojabochnia.pl - portal informacyjny","robots":{"index":"index","follow":"follow","max-snippet":"max-snippet:-1","max-image-preview":"max-image-preview:large","max-video-preview":"max-video-preview:-1"},"canonical":"https:\/\/www.mojabochnia.pl\/?p=101319","og_locale":"pl_PL","og_type":"article","og_title":"Caritas apeluje do przedsi\u0119biorc\u00f3w o przekazywanie \u017cywno\u015bci  - mojabochnia.pl - portal informacyjny","og_description":"Caritas Diecezji Tarnowskiej apeluje do przedsi\u0119biorc\u00f3w prowadz\u0105cych sklepy spo\u017cywcze i hurtownie, aby przekazywali jej pe\u0142nowarto\u015bciow\u0105 \u017cywno\u015b\u0107 z ko\u0144cz\u0105cym si\u0119 terminem wa\u017cno\u015bci.","og_url":"https:\/\/www.mojabochnia.pl\/?p=101319","og_site_name":"mojabochnia.pl - portal informacyjny","article_publisher":"https:\/\/www.facebook.com\/mojabochnia","article_published_time":"2013-12-06T09:55:36+00:00","author":"redakcja","twitter_card":"summary_large_image","twitter_misc":{"Written by":"redakcja","Est. reading time":"3 minuty"},"schema":{"@context":"https:\/\/schema.org","@graph":[{"@type":"Article","@id":"https:\/\/www.mojabochnia.pl\/?p=101319#article","isPartOf":{"@id":"https:\/\/www.mojabochnia.pl\/?p=101319"},"author":{"name":"redakcja","@id":"https:\/\/www.mojabochnia.pl\/#\/schema\/person\/7e2f20ead9902216a3384f13606c0ab7"},"headline":"Caritas apeluje do przedsi\u0119biorc\u00f3w o przekazywanie \u017cywno\u015bci","datePublished":"2013-12-06T09:55:36+00:00","mainEntityOfPage":{"@id":"https:\/\/www.mojabochnia.pl\/?p=101319"},"wordCount":510,"commentCount":0,"publisher":{"@id":"https:\/\/www.mojabochnia.pl\/#organization"},"keywords":["caritas","spo\u0142em PSS","\u017cywno\u015b\u0107"],"articleSection":["2_ostatnie","tematyka","\u017bycie religijne"],"inLanguage":"pl-PL","potentialAction":[{"@type":"CommentAction","name":"Comment","target":["https:\/\/www.mojabochnia.pl\/?p=101319#respond"]}]},{"@type":"WebPage","@id":"https:\/\/www.mojabochnia.pl\/?p=101319","url":"https:\/\/www.mojabochnia.pl\/?p=101319","name":"Caritas apeluje do przedsi\u0119biorc\u00f3w o przekazywanie \u017cywno\u015bci - mojabochnia.pl - portal informacyjny","isPartOf":{"@id":"https:\/\/www.mojabochnia.pl\/#website"},"datePublished":"2013-12-06T09:55:36+00:00","breadcrumb":{"@id":"https:\/\/www.mojabochnia.pl\/?p=101319#breadcrumb"},"inLanguage":"pl-PL","potentialAction":[{"@type":"ReadAction","target":["https:\/\/www.mojabochnia.pl\/?p=101319"]}]},{"@type":"BreadcrumbList","@id":"https:\/\/www.mojabochnia.pl\/?p=101319#breadcrumb","itemListElement":[{"@type":"ListItem","position":1,"name":"Home","item":"https:\/\/www.mojabochnia.pl\/"},{"@type":"ListItem","position":2,"name":"Caritas apeluje do przedsi\u0119biorc\u00f3w o przekazywanie \u017cywno\u015bci"}]},{"@type":"WebSite","@id":"https:\/\/www.mojabochnia.pl\/#website","url":"https:\/\/www.mojabochnia.pl\/","name":"mojabochnia.pl - portal informacyjny","description":"mojaBochnia to portal informacyjny o Bochni. Codziennie o Bochni piszemy i pokazujemy najwa\u017cniejsze wydarzenia","publisher":{"@id":"https:\/\/www.mojabochnia.pl\/#organization"},"potentialAction":[{"@type":"SearchAction","target":{"@type":"EntryPoint","urlTemplate":"https:\/\/www.mojabochnia.pl\/?s={search_term_string}"},"query-input":{"@type":"PropertyValueSpecification","valueRequired":true,"valueName":"search_term_string"}}],"inLanguage":"pl-PL"},{"@type":"Organization","@id":"https:\/\/www.mojabochnia.pl\/#organization","name":"mojabochnia.pl - portal informacyjny","url":"https:\/\/www.mojabochnia.pl\/","logo":{"@type":"ImageObject","inLanguage":"pl-PL","@id":"https:\/\/www.mojabochnia.pl\/#\/schema\/logo\/image\/","url":"https:\/\/www.mojabochnia.pl\/wp-content\/uploads\/2017\/08\/logo-mb-opt.png","contentUrl":"https:\/\/www.mojabochnia.pl\/wp-content\/uploads\/2017\/08\/logo-mb-opt.png","width":250,"height":48,"caption":"mojabochnia.pl - portal informacyjny"},"image":{"@id":"https:\/\/www.mojabochnia.pl\/#\/schema\/logo\/image\/"},"sameAs":["https:\/\/www.facebook.com\/mojabochnia"]},{"@type":"Person","@id":"https:\/\/www.mojabochnia.pl\/#\/schema\/person\/7e2f20ead9902216a3384f13606c0ab7","name":"redakcja","sameAs":["http:\/\/"],"url":"https:\/\/www.mojabochnia.pl\/?author=13"}]}},"_links":{"self":[{"href":"https:\/\/www.mojabochnia.pl\/index.php?rest_route=\/wp\/v2\/posts\/101319","targetHints":{"allow":["GET"]}}],"collection":[{"href":"https:\/\/www.mojabochnia.pl\/index.php?rest_route=\/wp\/v2\/posts"}],"about":[{"href":"https:\/\/www.mojabochnia.pl\/index.php?rest_route=\/wp\/v2\/types\/post"}],"author":[{"embeddable":true,"href":"https:\/\/www.mojabochnia.pl\/index.php?rest_route=\/wp\/v2\/users\/13"}],"replies":[{"embeddable":true,"href":"https:\/\/www.mojabochnia.pl\/index.php?rest_route=%2Fwp%2Fv2%2Fcomments&post=101319"}],"version-history":[{"count":6,"href":"https:\/\/www.mojabochnia.pl\/index.php?rest_route=\/wp\/v2\/posts\/101319\/revisions"}],"predecessor-version":[{"id":101326,"href":"https:\/\/www.mojabochnia.pl\/index.php?rest_route=\/wp\/v2\/posts\/101319\/revisions\/101326"}],"wp:attachment":[{"href":"https:\/\/www.mojabochnia.pl\/index.php?rest_route=%2Fwp%2Fv2%2Fmedia&parent=101319"}],"wp:term":[{"taxonomy":"category","embeddable":true,"href":"https:\/\/www.mojabochnia.pl\/index.php?rest_route=%2Fwp%2Fv2%2Fcategories&post=101319"},{"taxonomy":"post_tag","embeddable":true,"href":"https:\/\/www.mojabochnia.pl\/index.php?rest_route=%2Fwp%2Fv2%2Ftags&post=101319"}],"curies":[{"name":"wp","href":"https:\/\/api.w.org\/{rel}","templated":true}]}}