{"id":101303,"date":"2013-12-06T10:31:13","date_gmt":"2013-12-06T09:31:13","guid":{"rendered":"http:\/\/www.mojabochnia.pl\/?p=101303"},"modified":"2013-12-06T10:31:13","modified_gmt":"2013-12-06T09:31:13","slug":"sp-nr-7-xvii-ogolnopolski-konkurs-poezji-religijnej","status":"publish","type":"post","link":"https:\/\/www.mojabochnia.pl\/?p=101303","title":{"rendered":"SP nr 7: XVII Og\u00f3lnopolski Konkurs Poezji Religijnej"},"content":{"rendered":"<p>Przes\u0142uchania odbywa\u0142y si\u0119 w dw\u00f3ch kategoriach wiekowych: klasy I \u2013 III oraz IV \u2013 VI. Komisja konkursowa  w sk\u0142adzie: Agata  Rynduch, Anna Konieczna, Dorota  Czarnecka, ks. mgr Bart\u0142omiej Bodziany, ks. mgr  Bogus\u0142aw Tokarz, ks. mgr Wojciech Bro\u017cek, ks. proboszcz Krzysztof W\u0105cha\u0142a, mia\u0142a twardy orzech do zgryzienia. <\/p>\n<p>Wszyscy uczestnicy konkursu wykazali si\u0119 bowiem nie tylko talentem recytatorskim, ale i aktorskim. Jury ocenia\u0142o wyst\u0119py dzieci bior\u0105c pod uwag\u0119: dob\u00f3r repertuaru, interpretacj\u0119 utworu, kultur\u0119 s\u0142owa, jak r\u00f3wnie\u017c og\u00f3lny wyraz artystyczny. <\/p>\n<p>Do fina\u0142u konkursu, kt\u00f3ry odb\u0119dzie si\u0119 12 i 13 grudnia 2013 r. w Uzdrowisku Kopalna Soli w Bochni komisja zakwalifikowa\u0142a troje uczni\u00f3w z ka\u017cdej kategorii.<\/p>\n<p>W kategorii klas I \u2013 III:<br \/>\nI miejsce \u2013 Bart\u0142omiej Tobiasz (Zesp\u00f3\u0142 Szk\u00f3\u0142 w Starym Wi\u015bniczu)<br \/>\nII miejsce \u2013 Kornelia Korta  (Zesp\u00f3\u0142 Szk\u00f3\u0142 w Nowym Wi\u015bniczu)<br \/>\nIII miejsce \u2013 Magdalena Duch (Zesp\u00f3l Szk\u00f3\u0142 w Kobylu)<\/p>\n<p>Wyr\u00f3\u017cnienia klas I \u2013 III:<br \/>\n Kinga \u015aliwa  (Publiczna Szko\u0142a Podstawowa nr 4 w Bochni)<br \/>\nJulia Jewu\u0142a (Zesp\u00f3\u0142 Szk\u00f3\u0142 w Nowym Wi\u015bniczu)<br \/>\nJulia Ja\u0142owiecka \u2013 Paruch (Publiczna Szko\u0142a Podstawowa w \u017begocinie)<\/p>\n<p>W kategorii klas IV \u2013 VI:<br \/>\nI miejsce \u2013 Natalia Wide\u0142ka (Zesp\u00f3\u0142 Szk\u00f3\u0142 w Starym Wi\u015bniczu)<br \/>\nII miejsce \u2013 Krzysztof Sroka (Publiczna Szko\u0142a Podstawowa nr 7 w Bochni)<br \/>\nIII miejsce \u2013 Anastazja Styrna (Publiczna Szko\u0142a Podstawowa nr 7 w Bochni)<br \/>\nIII miejsce \u2013 Weronika Put (Zesp\u00f3\u0142 Szk\u00f3\u0142 w Starym Wi\u015bniczu)<\/p>\n<p>Wyr\u00f3\u017cnienia klasy IV &#8211; VI:<br \/>\nAleksandra Bana\u015b (Publiczna Szko\u0142a Podstawowa w \u017begocinie)<br \/>\nJakub Sk\u00f3rn\u00f3g (Publiczna Szko\u0142a Podstawowa w Much\u00f3wce).<\/p>\n\t  \r\n\t\r\n\t    <div class=\"mb-gallery\">\r\n\t    <a href=\"https:\/\/www.mojabochnia.pl\/?attachment_id=101306\" class=\"\"><img loading=\"lazy\" decoding=\"async\" width=\"100\" height=\"56\" src=\"https:\/\/www.mojabochnia.pl\/wp-content\/uploads\/2013\/12\/1-120x67.jpg\" class=\"attachment-100x100 size-100x100\" alt=\"\" srcset=\"https:\/\/www.mojabochnia.pl\/wp-content\/uploads\/2013\/12\/1-120x67.jpg 120w, https:\/\/www.mojabochnia.pl\/wp-content\/uploads\/2013\/12\/1-468x263.jpg 468w, https:\/\/www.mojabochnia.pl\/wp-content\/uploads\/2013\/12\/1-660x371.jpg 660w, https:\/\/www.mojabochnia.pl\/wp-content\/uploads\/2013\/12\/1.jpg 800w\" sizes=\"auto, (max-width: 100px) 100vw, 100px\" \/><\/a><a href=\"https:\/\/www.mojabochnia.pl\/?attachment_id=101307\" class=\"\"><img loading=\"lazy\" decoding=\"async\" width=\"100\" height=\"56\" src=\"https:\/\/www.mojabochnia.pl\/wp-content\/uploads\/2013\/12\/21-120x67.jpg\" class=\"attachment-100x100 size-100x100\" alt=\"\" srcset=\"https:\/\/www.mojabochnia.pl\/wp-content\/uploads\/2013\/12\/21-120x67.jpg 120w, https:\/\/www.mojabochnia.pl\/wp-content\/uploads\/2013\/12\/21-468x263.jpg 468w, https:\/\/www.mojabochnia.pl\/wp-content\/uploads\/2013\/12\/21-660x371.jpg 660w, https:\/\/www.mojabochnia.pl\/wp-content\/uploads\/2013\/12\/21.jpg 800w\" sizes=\"auto, (max-width: 100px) 100vw, 100px\" \/><\/a><a href=\"https:\/\/www.mojabochnia.pl\/?attachment_id=101308\" class=\"\"><img loading=\"lazy\" decoding=\"async\" width=\"100\" height=\"56\" src=\"https:\/\/www.mojabochnia.pl\/wp-content\/uploads\/2013\/12\/31-120x67.jpg\" class=\"attachment-100x100 size-100x100\" alt=\"\" srcset=\"https:\/\/www.mojabochnia.pl\/wp-content\/uploads\/2013\/12\/31-120x67.jpg 120w, https:\/\/www.mojabochnia.pl\/wp-content\/uploads\/2013\/12\/31-468x263.jpg 468w, https:\/\/www.mojabochnia.pl\/wp-content\/uploads\/2013\/12\/31-660x371.jpg 660w, https:\/\/www.mojabochnia.pl\/wp-content\/uploads\/2013\/12\/31.jpg 800w\" sizes=\"auto, (max-width: 100px) 100vw, 100px\" \/><\/a><a href=\"https:\/\/www.mojabochnia.pl\/?attachment_id=101309\" class=\"\"><img loading=\"lazy\" decoding=\"async\" width=\"100\" height=\"56\" src=\"https:\/\/www.mojabochnia.pl\/wp-content\/uploads\/2013\/12\/4-120x67.jpg\" class=\"attachment-100x100 size-100x100\" alt=\"\" srcset=\"https:\/\/www.mojabochnia.pl\/wp-content\/uploads\/2013\/12\/4-120x67.jpg 120w, https:\/\/www.mojabochnia.pl\/wp-content\/uploads\/2013\/12\/4-468x263.jpg 468w, https:\/\/www.mojabochnia.pl\/wp-content\/uploads\/2013\/12\/4-660x371.jpg 660w, https:\/\/www.mojabochnia.pl\/wp-content\/uploads\/2013\/12\/4.jpg 800w\" sizes=\"auto, (max-width: 100px) 100vw, 100px\" \/><\/a><a href=\"https:\/\/www.mojabochnia.pl\/?attachment_id=101310\" class=\"\"><img loading=\"lazy\" decoding=\"async\" width=\"100\" height=\"56\" src=\"https:\/\/www.mojabochnia.pl\/wp-content\/uploads\/2013\/12\/5-120x67.jpg\" class=\"attachment-100x100 size-100x100\" alt=\"\" srcset=\"https:\/\/www.mojabochnia.pl\/wp-content\/uploads\/2013\/12\/5-120x67.jpg 120w, https:\/\/www.mojabochnia.pl\/wp-content\/uploads\/2013\/12\/5-468x263.jpg 468w, https:\/\/www.mojabochnia.pl\/wp-content\/uploads\/2013\/12\/5-660x371.jpg 660w, https:\/\/www.mojabochnia.pl\/wp-content\/uploads\/2013\/12\/5.jpg 800w\" sizes=\"auto, (max-width: 100px) 100vw, 100px\" \/><\/a>\t    <\/div>\r\n\t    ","protected":false},"excerpt":{"rendered":"<p>2 grudnia w Publicznej Szkole Podstawowej nr 7 im. Jana Paw\u0142a II w Bochni odby\u0142 si\u0119 etap rejonowy XVII Og\u00f3lnopolskiego Konkursu Poezji Religijnej \u201ePier\u015bcie\u0144 \u015awi\u0119tej Kingi\u201d. W konkursie og\u00f3\u0142em wzi\u0119\u0142o udzia\u0142 106 uczestnik\u00f3w boche\u0144skich i gminnych szk\u00f3\u0142 podstawowych, kt\u00f3rzy w eliminacjach szkolnych wykazali si\u0119 najlepszymi umiej\u0119tno\u015bciami recytatorskimi. <\/p>\n","protected":false},"author":13,"featured_media":0,"comment_status":"open","ping_status":"closed","sticky":false,"template":"","format":"standard","meta":{"_acf_changed":false,"footnotes":""},"categories":[5,6247,6246,6251,6250],"tags":[17122,17678,17541,17249,387],"class_list":["post-101303","post","type-post","status-publish","format-standard","hentry","category-biezace-wydarzenia","category-fotogaleria","category-medium","category-polityka-i-wydarzenia","category-tematyka","tag-konkurs","tag-konkurs-recytatorski","tag-poezja","tag-szkola","tag-szkola-podstawowa-nr-7","main_tag-szkola"],"acf":[],"yoast_head":"<!-- This site is optimized with the Yoast SEO plugin v26.9 - https:\/\/yoast.com\/product\/yoast-seo-wordpress\/ -->\n<title>SP nr 7: XVII Og\u00f3lnopolski Konkurs Poezji Religijnej - mojabochnia.pl - portal informacyjny<\/title>\n<meta name=\"robots\" content=\"index, follow, max-snippet:-1, max-image-preview:large, max-video-preview:-1\" \/>\n<link rel=\"canonical\" href=\"https:\/\/www.mojabochnia.pl\/?p=101303\" \/>\n<meta property=\"og:locale\" content=\"pl_PL\" \/>\n<meta property=\"og:type\" content=\"article\" \/>\n<meta property=\"og:title\" content=\"SP nr 7: XVII Og\u00f3lnopolski Konkurs Poezji Religijnej - mojabochnia.pl - portal informacyjny\" \/>\n<meta property=\"og:description\" content=\"2 grudnia w Publicznej Szkole Podstawowej nr 7 im. Jana Paw\u0142a II w Bochni odby\u0142 si\u0119 etap rejonowy XVII Og\u00f3lnopolskiego Konkursu Poezji Religijnej \u201ePier\u015bcie\u0144 \u015awi\u0119tej Kingi\u201d. W konkursie og\u00f3\u0142em wzi\u0119\u0142o udzia\u0142 106 uczestnik\u00f3w boche\u0144skich i gminnych szk\u00f3\u0142 podstawowych, kt\u00f3rzy w eliminacjach szkolnych wykazali si\u0119 najlepszymi umiej\u0119tno\u015bciami recytatorskimi.\" \/>\n<meta property=\"og:url\" content=\"https:\/\/www.mojabochnia.pl\/?p=101303\" \/>\n<meta property=\"og:site_name\" content=\"mojabochnia.pl - portal informacyjny\" \/>\n<meta property=\"article:publisher\" content=\"https:\/\/www.facebook.com\/mojabochnia\" \/>\n<meta property=\"article:published_time\" content=\"2013-12-06T09:31:13+00:00\" \/>\n<meta name=\"author\" content=\"redakcja\" \/>\n<meta name=\"twitter:card\" content=\"summary_large_image\" \/>\n<meta name=\"twitter:label1\" content=\"Written by\" \/>\n\t<meta name=\"twitter:data1\" content=\"redakcja\" \/>\n\t<meta name=\"twitter:label2\" content=\"Est. reading time\" \/>\n\t<meta name=\"twitter:data2\" content=\"1 minuta\" \/>\n<script type=\"application\/ld+json\" class=\"yoast-schema-graph\">{\"@context\":\"https:\/\/schema.org\",\"@graph\":[{\"@type\":\"Article\",\"@id\":\"https:\/\/www.mojabochnia.pl\/?p=101303#article\",\"isPartOf\":{\"@id\":\"https:\/\/www.mojabochnia.pl\/?p=101303\"},\"author\":{\"name\":\"redakcja\",\"@id\":\"https:\/\/www.mojabochnia.pl\/#\/schema\/person\/7e2f20ead9902216a3384f13606c0ab7\"},\"headline\":\"SP nr 7: XVII Og\u00f3lnopolski Konkurs Poezji Religijnej\",\"datePublished\":\"2013-12-06T09:31:13+00:00\",\"mainEntityOfPage\":{\"@id\":\"https:\/\/www.mojabochnia.pl\/?p=101303\"},\"wordCount\":269,\"commentCount\":0,\"publisher\":{\"@id\":\"https:\/\/www.mojabochnia.pl\/#organization\"},\"keywords\":[\"konkurs\",\"konkurs recytatorski\",\"poezja\",\"szko\u0142a\",\"szko\u0142a podstawowa nr 7\"],\"articleSection\":[\"2_ostatnie\",\"fotogaleria\",\"Medium\",\"polityka i wydarzenia\",\"tematyka\"],\"inLanguage\":\"pl-PL\",\"potentialAction\":[{\"@type\":\"CommentAction\",\"name\":\"Comment\",\"target\":[\"https:\/\/www.mojabochnia.pl\/?p=101303#respond\"]}]},{\"@type\":\"WebPage\",\"@id\":\"https:\/\/www.mojabochnia.pl\/?p=101303\",\"url\":\"https:\/\/www.mojabochnia.pl\/?p=101303\",\"name\":\"SP nr 7: XVII Og\u00f3lnopolski Konkurs Poezji Religijnej - mojabochnia.pl - portal informacyjny\",\"isPartOf\":{\"@id\":\"https:\/\/www.mojabochnia.pl\/#website\"},\"datePublished\":\"2013-12-06T09:31:13+00:00\",\"breadcrumb\":{\"@id\":\"https:\/\/www.mojabochnia.pl\/?p=101303#breadcrumb\"},\"inLanguage\":\"pl-PL\",\"potentialAction\":[{\"@type\":\"ReadAction\",\"target\":[\"https:\/\/www.mojabochnia.pl\/?p=101303\"]}]},{\"@type\":\"BreadcrumbList\",\"@id\":\"https:\/\/www.mojabochnia.pl\/?p=101303#breadcrumb\",\"itemListElement\":[{\"@type\":\"ListItem\",\"position\":1,\"name\":\"Home\",\"item\":\"https:\/\/www.mojabochnia.pl\/\"},{\"@type\":\"ListItem\",\"position\":2,\"name\":\"SP nr 7: XVII Og\u00f3lnopolski Konkurs Poezji Religijnej\"}]},{\"@type\":\"WebSite\",\"@id\":\"https:\/\/www.mojabochnia.pl\/#website\",\"url\":\"https:\/\/www.mojabochnia.pl\/\",\"name\":\"mojabochnia.pl - portal informacyjny\",\"description\":\"mojaBochnia to portal informacyjny o Bochni. Codziennie o Bochni piszemy i pokazujemy najwa\u017cniejsze wydarzenia\",\"publisher\":{\"@id\":\"https:\/\/www.mojabochnia.pl\/#organization\"},\"potentialAction\":[{\"@type\":\"SearchAction\",\"target\":{\"@type\":\"EntryPoint\",\"urlTemplate\":\"https:\/\/www.mojabochnia.pl\/?s={search_term_string}\"},\"query-input\":{\"@type\":\"PropertyValueSpecification\",\"valueRequired\":true,\"valueName\":\"search_term_string\"}}],\"inLanguage\":\"pl-PL\"},{\"@type\":\"Organization\",\"@id\":\"https:\/\/www.mojabochnia.pl\/#organization\",\"name\":\"mojabochnia.pl - portal informacyjny\",\"url\":\"https:\/\/www.mojabochnia.pl\/\",\"logo\":{\"@type\":\"ImageObject\",\"inLanguage\":\"pl-PL\",\"@id\":\"https:\/\/www.mojabochnia.pl\/#\/schema\/logo\/image\/\",\"url\":\"https:\/\/www.mojabochnia.pl\/wp-content\/uploads\/2017\/08\/logo-mb-opt.png\",\"contentUrl\":\"https:\/\/www.mojabochnia.pl\/wp-content\/uploads\/2017\/08\/logo-mb-opt.png\",\"width\":250,\"height\":48,\"caption\":\"mojabochnia.pl - portal informacyjny\"},\"image\":{\"@id\":\"https:\/\/www.mojabochnia.pl\/#\/schema\/logo\/image\/\"},\"sameAs\":[\"https:\/\/www.facebook.com\/mojabochnia\"]},{\"@type\":\"Person\",\"@id\":\"https:\/\/www.mojabochnia.pl\/#\/schema\/person\/7e2f20ead9902216a3384f13606c0ab7\",\"name\":\"redakcja\",\"sameAs\":[\"http:\/\/\"],\"url\":\"https:\/\/www.mojabochnia.pl\/?author=13\"}]}<\/script>\n<!-- \/ Yoast SEO plugin. -->","yoast_head_json":{"title":"SP nr 7: XVII Og\u00f3lnopolski Konkurs Poezji Religijnej - mojabochnia.pl - portal informacyjny","robots":{"index":"index","follow":"follow","max-snippet":"max-snippet:-1","max-image-preview":"max-image-preview:large","max-video-preview":"max-video-preview:-1"},"canonical":"https:\/\/www.mojabochnia.pl\/?p=101303","og_locale":"pl_PL","og_type":"article","og_title":"SP nr 7: XVII Og\u00f3lnopolski Konkurs Poezji Religijnej - mojabochnia.pl - portal informacyjny","og_description":"2 grudnia w Publicznej Szkole Podstawowej nr 7 im. Jana Paw\u0142a II w Bochni odby\u0142 si\u0119 etap rejonowy XVII Og\u00f3lnopolskiego Konkursu Poezji Religijnej \u201ePier\u015bcie\u0144 \u015awi\u0119tej Kingi\u201d. W konkursie og\u00f3\u0142em wzi\u0119\u0142o udzia\u0142 106 uczestnik\u00f3w boche\u0144skich i gminnych szk\u00f3\u0142 podstawowych, kt\u00f3rzy w eliminacjach szkolnych wykazali si\u0119 najlepszymi umiej\u0119tno\u015bciami recytatorskimi.","og_url":"https:\/\/www.mojabochnia.pl\/?p=101303","og_site_name":"mojabochnia.pl - portal informacyjny","article_publisher":"https:\/\/www.facebook.com\/mojabochnia","article_published_time":"2013-12-06T09:31:13+00:00","author":"redakcja","twitter_card":"summary_large_image","twitter_misc":{"Written by":"redakcja","Est. reading time":"1 minuta"},"schema":{"@context":"https:\/\/schema.org","@graph":[{"@type":"Article","@id":"https:\/\/www.mojabochnia.pl\/?p=101303#article","isPartOf":{"@id":"https:\/\/www.mojabochnia.pl\/?p=101303"},"author":{"name":"redakcja","@id":"https:\/\/www.mojabochnia.pl\/#\/schema\/person\/7e2f20ead9902216a3384f13606c0ab7"},"headline":"SP nr 7: XVII Og\u00f3lnopolski Konkurs Poezji Religijnej","datePublished":"2013-12-06T09:31:13+00:00","mainEntityOfPage":{"@id":"https:\/\/www.mojabochnia.pl\/?p=101303"},"wordCount":269,"commentCount":0,"publisher":{"@id":"https:\/\/www.mojabochnia.pl\/#organization"},"keywords":["konkurs","konkurs recytatorski","poezja","szko\u0142a","szko\u0142a podstawowa nr 7"],"articleSection":["2_ostatnie","fotogaleria","Medium","polityka i wydarzenia","tematyka"],"inLanguage":"pl-PL","potentialAction":[{"@type":"CommentAction","name":"Comment","target":["https:\/\/www.mojabochnia.pl\/?p=101303#respond"]}]},{"@type":"WebPage","@id":"https:\/\/www.mojabochnia.pl\/?p=101303","url":"https:\/\/www.mojabochnia.pl\/?p=101303","name":"SP nr 7: XVII Og\u00f3lnopolski Konkurs Poezji Religijnej - mojabochnia.pl - portal informacyjny","isPartOf":{"@id":"https:\/\/www.mojabochnia.pl\/#website"},"datePublished":"2013-12-06T09:31:13+00:00","breadcrumb":{"@id":"https:\/\/www.mojabochnia.pl\/?p=101303#breadcrumb"},"inLanguage":"pl-PL","potentialAction":[{"@type":"ReadAction","target":["https:\/\/www.mojabochnia.pl\/?p=101303"]}]},{"@type":"BreadcrumbList","@id":"https:\/\/www.mojabochnia.pl\/?p=101303#breadcrumb","itemListElement":[{"@type":"ListItem","position":1,"name":"Home","item":"https:\/\/www.mojabochnia.pl\/"},{"@type":"ListItem","position":2,"name":"SP nr 7: XVII Og\u00f3lnopolski Konkurs Poezji Religijnej"}]},{"@type":"WebSite","@id":"https:\/\/www.mojabochnia.pl\/#website","url":"https:\/\/www.mojabochnia.pl\/","name":"mojabochnia.pl - portal informacyjny","description":"mojaBochnia to portal informacyjny o Bochni. Codziennie o Bochni piszemy i pokazujemy najwa\u017cniejsze wydarzenia","publisher":{"@id":"https:\/\/www.mojabochnia.pl\/#organization"},"potentialAction":[{"@type":"SearchAction","target":{"@type":"EntryPoint","urlTemplate":"https:\/\/www.mojabochnia.pl\/?s={search_term_string}"},"query-input":{"@type":"PropertyValueSpecification","valueRequired":true,"valueName":"search_term_string"}}],"inLanguage":"pl-PL"},{"@type":"Organization","@id":"https:\/\/www.mojabochnia.pl\/#organization","name":"mojabochnia.pl - portal informacyjny","url":"https:\/\/www.mojabochnia.pl\/","logo":{"@type":"ImageObject","inLanguage":"pl-PL","@id":"https:\/\/www.mojabochnia.pl\/#\/schema\/logo\/image\/","url":"https:\/\/www.mojabochnia.pl\/wp-content\/uploads\/2017\/08\/logo-mb-opt.png","contentUrl":"https:\/\/www.mojabochnia.pl\/wp-content\/uploads\/2017\/08\/logo-mb-opt.png","width":250,"height":48,"caption":"mojabochnia.pl - portal informacyjny"},"image":{"@id":"https:\/\/www.mojabochnia.pl\/#\/schema\/logo\/image\/"},"sameAs":["https:\/\/www.facebook.com\/mojabochnia"]},{"@type":"Person","@id":"https:\/\/www.mojabochnia.pl\/#\/schema\/person\/7e2f20ead9902216a3384f13606c0ab7","name":"redakcja","sameAs":["http:\/\/"],"url":"https:\/\/www.mojabochnia.pl\/?author=13"}]}},"_links":{"self":[{"href":"https:\/\/www.mojabochnia.pl\/index.php?rest_route=\/wp\/v2\/posts\/101303","targetHints":{"allow":["GET"]}}],"collection":[{"href":"https:\/\/www.mojabochnia.pl\/index.php?rest_route=\/wp\/v2\/posts"}],"about":[{"href":"https:\/\/www.mojabochnia.pl\/index.php?rest_route=\/wp\/v2\/types\/post"}],"author":[{"embeddable":true,"href":"https:\/\/www.mojabochnia.pl\/index.php?rest_route=\/wp\/v2\/users\/13"}],"replies":[{"embeddable":true,"href":"https:\/\/www.mojabochnia.pl\/index.php?rest_route=%2Fwp%2Fv2%2Fcomments&post=101303"}],"version-history":[{"count":4,"href":"https:\/\/www.mojabochnia.pl\/index.php?rest_route=\/wp\/v2\/posts\/101303\/revisions"}],"predecessor-version":[{"id":101312,"href":"https:\/\/www.mojabochnia.pl\/index.php?rest_route=\/wp\/v2\/posts\/101303\/revisions\/101312"}],"wp:attachment":[{"href":"https:\/\/www.mojabochnia.pl\/index.php?rest_route=%2Fwp%2Fv2%2Fmedia&parent=101303"}],"wp:term":[{"taxonomy":"category","embeddable":true,"href":"https:\/\/www.mojabochnia.pl\/index.php?rest_route=%2Fwp%2Fv2%2Fcategories&post=101303"},{"taxonomy":"post_tag","embeddable":true,"href":"https:\/\/www.mojabochnia.pl\/index.php?rest_route=%2Fwp%2Fv2%2Ftags&post=101303"}],"curies":[{"name":"wp","href":"https:\/\/api.w.org\/{rel}","templated":true}]}}