{"id":101300,"date":"2013-12-06T09:52:01","date_gmt":"2013-12-06T08:52:01","guid":{"rendered":"http:\/\/www.mojabochnia.pl\/?p=101300"},"modified":"2013-12-06T11:48:41","modified_gmt":"2013-12-06T10:48:41","slug":"wichura-strazacy-wyjezdzaja-do-powalonych-drzew","status":"publish","type":"post","link":"https:\/\/www.mojabochnia.pl\/?p=101300","title":{"rendered":"Orkan Ksawery: w nocy wiatr si\u0119ga\u0142 80 km\/h"},"content":{"rendered":"<p>W nocy w \u0141apczycy wiatr si\u0119ga\u0142 20 m\/s (czyli niemal 80 km\/h). Obecnie podmuchy wynosz\u0105  10-15 m\/s (dane ze stacji meteo w \u0141apczycy).<\/p>\n<p>Od 5 grudnia rano pa\u0144stwowa stra\u017c po\u017carna w Bochni interweniowa\u0142a w sprawie tzw. miejscowych zagro\u017ce\u0144 (czyli usuwania po\u0142amanych drzew) w \u0141apczycy, Buczynie, \u0141\u0105kcie G\u00f3rnej, Prosz\u00f3wkach, Cikowicach, Gaw\u0142\u00f3wku, Baczkowie, Nowym Wi\u015bniczu i Bochni (ul. Chodenicka, Oracka, Majora Bacy). <\/p>\n<p>Synoptycy zapowiadaj\u0105 ci\u0105g\u0142e utrzymywanie si\u0119 gwa\u0142townego wiatru. Dzi\u015b i jutro podmuchy mog\u0105 si\u0119ga\u0107 12 metr\u00f3w na sekund\u0119. Dopiero w nocy z soboty na niedziel\u0119 spodziewany jest spadek pr\u0119dko\u015bci wiatru do 8 m\/s, a w nocy z niedzieli na poniedzia\u0142ek do 4 m\/s. <\/p>\n<p><strong>Opis do rysunk\u00f3w:<\/strong><\/p>\n<p><strong>Rysunek 1:<\/strong><br \/>\nZrzut z konsoli meteo. Po lewej w g\u00f3rze kierunek wiatru, ni\u017cej opad w dniu dzisiejszym.<br \/>\nNa \u015brodku temperatura minimalna, maksymalna, odczuwalna i inne. Ni\u017cej cie\u015bnienie, na samym dole wilgotno\u015b\u0107. Po prawej si\u0142a wiatru w m\/s, ni\u017cej opad miesi\u0119czny i roczny.<strong><\/p>\n<p>Rysunek 2:<\/strong><br \/>\nPierwszy wiersz na czerwono: temperatura, pozosta\u0142e &#8211;  \u015brednia temperatura<br \/>\nDrugi wiersz na granatowo: pr\u0119dko\u015b\u0107 wiatru, kolor jasnoniebieski: minimalne podmuchy, Trzeci wiersz na czerwono: temperatura; na fioletowo: po uwzgl\u0119dnieniu wiatru<br \/>\nCzwarty wiersz na szaro: ci\u015bnienie &#8211; widoczny spadek; na niebiesko: opad zarejestrowany w mm<\/p>\n<p>Wi\u0119cej na temat orkanu Ksawery znajdziesz <a onclick=\"javascript:pageTracker._trackPageview('\/outgoing\/natemat.pl\/84375,od-baltyku-nadciaga-orkan-xaver-spodziewajmy-sie-latajacych-dachowek-i-wyrwanych-drzew');\"  href=\"http:\/\/natemat.pl\/84375,od-baltyku-nadciaga-orkan-xaver-spodziewajmy-sie-latajacych-dachowek-i-wyrwanych-drzew\">tutaj<\/a>.<\/p>\n\t  \r\n\t\r\n\t    <div class=\"mb-gallery\">\r\n\t    <a href=\"https:\/\/www.mojabochnia.pl\/?attachment_id=101313\" class=\"\"><img loading=\"lazy\" decoding=\"async\" width=\"100\" height=\"56\" src=\"https:\/\/www.mojabochnia.pl\/wp-content\/uploads\/2013\/12\/DSC_0008-120x67.jpg\" class=\"attachment-100x100 size-100x100\" alt=\"\" srcset=\"https:\/\/www.mojabochnia.pl\/wp-content\/uploads\/2013\/12\/DSC_0008-120x67.jpg 120w, https:\/\/www.mojabochnia.pl\/wp-content\/uploads\/2013\/12\/DSC_0008-468x263.jpg 468w, https:\/\/www.mojabochnia.pl\/wp-content\/uploads\/2013\/12\/DSC_0008-660x371.jpg 660w, https:\/\/www.mojabochnia.pl\/wp-content\/uploads\/2013\/12\/DSC_0008.jpg 800w\" sizes=\"auto, (max-width: 100px) 100vw, 100px\" \/><\/a><a href=\"https:\/\/www.mojabochnia.pl\/?attachment_id=101315\" class=\"\"><img loading=\"lazy\" decoding=\"async\" width=\"100\" height=\"56\" src=\"https:\/\/www.mojabochnia.pl\/wp-content\/uploads\/2013\/12\/Przechwytywanie2-120x67.jpg\" class=\"attachment-100x100 size-100x100\" alt=\"\" srcset=\"https:\/\/www.mojabochnia.pl\/wp-content\/uploads\/2013\/12\/Przechwytywanie2-120x67.jpg 120w, https:\/\/www.mojabochnia.pl\/wp-content\/uploads\/2013\/12\/Przechwytywanie2-468x263.jpg 468w, https:\/\/www.mojabochnia.pl\/wp-content\/uploads\/2013\/12\/Przechwytywanie2-660x371.jpg 660w, https:\/\/www.mojabochnia.pl\/wp-content\/uploads\/2013\/12\/Przechwytywanie2.jpg 800w\" sizes=\"auto, (max-width: 100px) 100vw, 100px\" \/><\/a><a href=\"https:\/\/www.mojabochnia.pl\/?attachment_id=101316\" class=\"\"><img loading=\"lazy\" decoding=\"async\" width=\"100\" height=\"56\" src=\"https:\/\/www.mojabochnia.pl\/wp-content\/uploads\/2013\/12\/Przechwytywanie3-120x67.jpg\" class=\"attachment-100x100 size-100x100\" alt=\"\" srcset=\"https:\/\/www.mojabochnia.pl\/wp-content\/uploads\/2013\/12\/Przechwytywanie3-120x67.jpg 120w, https:\/\/www.mojabochnia.pl\/wp-content\/uploads\/2013\/12\/Przechwytywanie3-468x263.jpg 468w, https:\/\/www.mojabochnia.pl\/wp-content\/uploads\/2013\/12\/Przechwytywanie3-660x371.jpg 660w, https:\/\/www.mojabochnia.pl\/wp-content\/uploads\/2013\/12\/Przechwytywanie3.jpg 800w\" sizes=\"auto, (max-width: 100px) 100vw, 100px\" \/><\/a>\t    <\/div>\r\n\t    ","protected":false},"excerpt":{"rendered":"<p>Nad Polsk\u0105 przechodzi orkan nazwany przez meteorolog\u00f3w imieniem Ksawery. Z tego powodu ostatnia doba jest bardzo pracowita dla stra\u017cak\u00f3w w powiecie boche\u0144skim. W zwi\u0105zku z wichur\u0105 s\u0105 oni wzywani do usuwania po\u0142amanych drzew i konar\u00f3w. Do dzisiejszego poranka zanotowano kilkana\u015bcie takich wyjazd\u00f3w.<\/p>\n","protected":false},"author":4,"featured_media":0,"comment_status":"open","ping_status":"closed","sticky":true,"template":"","format":"standard","meta":{"_acf_changed":false,"footnotes":""},"categories":[5,6251,6250],"tags":[13314,17141,8860,17628],"class_list":["post-101300","post","type-post","status-publish","format-standard","hentry","category-biezace-wydarzenia","category-polityka-i-wydarzenia","category-tematyka","tag-powalone-drzewa","tag-straz-pozarna","tag-wiatr","tag-wichura","main_tag-wichura"],"acf":[],"yoast_head":"<!-- This site is optimized with the Yoast SEO plugin v26.9 - https:\/\/yoast.com\/product\/yoast-seo-wordpress\/ -->\n<title>Orkan Ksawery: w nocy wiatr si\u0119ga\u0142 80 km\/h - mojabochnia.pl - portal informacyjny<\/title>\n<meta name=\"robots\" content=\"index, follow, max-snippet:-1, max-image-preview:large, max-video-preview:-1\" \/>\n<link rel=\"canonical\" href=\"https:\/\/www.mojabochnia.pl\/?p=101300\" \/>\n<meta property=\"og:locale\" content=\"pl_PL\" \/>\n<meta property=\"og:type\" content=\"article\" \/>\n<meta property=\"og:title\" content=\"Orkan Ksawery: w nocy wiatr si\u0119ga\u0142 80 km\/h - mojabochnia.pl - portal informacyjny\" \/>\n<meta property=\"og:description\" content=\"Nad Polsk\u0105 przechodzi orkan nazwany przez meteorolog\u00f3w imieniem Ksawery. Z tego powodu ostatnia doba jest bardzo pracowita dla stra\u017cak\u00f3w w powiecie boche\u0144skim. W zwi\u0105zku z wichur\u0105 s\u0105 oni wzywani do usuwania po\u0142amanych drzew i konar\u00f3w. Do dzisiejszego poranka zanotowano kilkana\u015bcie takich wyjazd\u00f3w.\" \/>\n<meta property=\"og:url\" content=\"https:\/\/www.mojabochnia.pl\/?p=101300\" \/>\n<meta property=\"og:site_name\" content=\"mojabochnia.pl - portal informacyjny\" \/>\n<meta property=\"article:publisher\" content=\"https:\/\/www.facebook.com\/mojabochnia\" \/>\n<meta property=\"article:published_time\" content=\"2013-12-06T08:52:01+00:00\" \/>\n<meta property=\"article:modified_time\" content=\"2013-12-06T10:48:41+00:00\" \/>\n<meta name=\"author\" content=\"Pawe\u0142 Michalczyk\" \/>\n<meta name=\"twitter:card\" content=\"summary_large_image\" \/>\n<meta name=\"twitter:label1\" content=\"Written by\" \/>\n\t<meta name=\"twitter:data1\" content=\"Pawe\u0142 Michalczyk\" \/>\n\t<meta name=\"twitter:label2\" content=\"Est. reading time\" \/>\n\t<meta name=\"twitter:data2\" content=\"1 minuta\" \/>\n<script type=\"application\/ld+json\" class=\"yoast-schema-graph\">{\"@context\":\"https:\/\/schema.org\",\"@graph\":[{\"@type\":\"Article\",\"@id\":\"https:\/\/www.mojabochnia.pl\/?p=101300#article\",\"isPartOf\":{\"@id\":\"https:\/\/www.mojabochnia.pl\/?p=101300\"},\"author\":{\"name\":\"Pawe\u0142 Michalczyk\",\"@id\":\"https:\/\/www.mojabochnia.pl\/#\/schema\/person\/ea042e4724a77627963f02166828ead4\"},\"headline\":\"Orkan Ksawery: w nocy wiatr si\u0119ga\u0142 80 km\/h\",\"datePublished\":\"2013-12-06T08:52:01+00:00\",\"dateModified\":\"2013-12-06T10:48:41+00:00\",\"mainEntityOfPage\":{\"@id\":\"https:\/\/www.mojabochnia.pl\/?p=101300\"},\"wordCount\":237,\"commentCount\":0,\"publisher\":{\"@id\":\"https:\/\/www.mojabochnia.pl\/#organization\"},\"keywords\":[\"powalone drzewa\",\"stra\u017c po\u017carna\",\"wiatr\",\"wichura\"],\"articleSection\":[\"2_ostatnie\",\"polityka i wydarzenia\",\"tematyka\"],\"inLanguage\":\"pl-PL\",\"potentialAction\":[{\"@type\":\"CommentAction\",\"name\":\"Comment\",\"target\":[\"https:\/\/www.mojabochnia.pl\/?p=101300#respond\"]}]},{\"@type\":\"WebPage\",\"@id\":\"https:\/\/www.mojabochnia.pl\/?p=101300\",\"url\":\"https:\/\/www.mojabochnia.pl\/?p=101300\",\"name\":\"Orkan Ksawery: w nocy wiatr si\u0119ga\u0142 80 km\/h - mojabochnia.pl - portal informacyjny\",\"isPartOf\":{\"@id\":\"https:\/\/www.mojabochnia.pl\/#website\"},\"datePublished\":\"2013-12-06T08:52:01+00:00\",\"dateModified\":\"2013-12-06T10:48:41+00:00\",\"breadcrumb\":{\"@id\":\"https:\/\/www.mojabochnia.pl\/?p=101300#breadcrumb\"},\"inLanguage\":\"pl-PL\",\"potentialAction\":[{\"@type\":\"ReadAction\",\"target\":[\"https:\/\/www.mojabochnia.pl\/?p=101300\"]}]},{\"@type\":\"BreadcrumbList\",\"@id\":\"https:\/\/www.mojabochnia.pl\/?p=101300#breadcrumb\",\"itemListElement\":[{\"@type\":\"ListItem\",\"position\":1,\"name\":\"Home\",\"item\":\"https:\/\/www.mojabochnia.pl\/\"},{\"@type\":\"ListItem\",\"position\":2,\"name\":\"Orkan Ksawery: w nocy wiatr si\u0119ga\u0142 80 km\/h\"}]},{\"@type\":\"WebSite\",\"@id\":\"https:\/\/www.mojabochnia.pl\/#website\",\"url\":\"https:\/\/www.mojabochnia.pl\/\",\"name\":\"mojabochnia.pl - portal informacyjny\",\"description\":\"mojaBochnia to portal informacyjny o Bochni. Codziennie o Bochni piszemy i pokazujemy najwa\u017cniejsze wydarzenia\",\"publisher\":{\"@id\":\"https:\/\/www.mojabochnia.pl\/#organization\"},\"potentialAction\":[{\"@type\":\"SearchAction\",\"target\":{\"@type\":\"EntryPoint\",\"urlTemplate\":\"https:\/\/www.mojabochnia.pl\/?s={search_term_string}\"},\"query-input\":{\"@type\":\"PropertyValueSpecification\",\"valueRequired\":true,\"valueName\":\"search_term_string\"}}],\"inLanguage\":\"pl-PL\"},{\"@type\":\"Organization\",\"@id\":\"https:\/\/www.mojabochnia.pl\/#organization\",\"name\":\"mojabochnia.pl - portal informacyjny\",\"url\":\"https:\/\/www.mojabochnia.pl\/\",\"logo\":{\"@type\":\"ImageObject\",\"inLanguage\":\"pl-PL\",\"@id\":\"https:\/\/www.mojabochnia.pl\/#\/schema\/logo\/image\/\",\"url\":\"https:\/\/www.mojabochnia.pl\/wp-content\/uploads\/2017\/08\/logo-mb-opt.png\",\"contentUrl\":\"https:\/\/www.mojabochnia.pl\/wp-content\/uploads\/2017\/08\/logo-mb-opt.png\",\"width\":250,\"height\":48,\"caption\":\"mojabochnia.pl - portal informacyjny\"},\"image\":{\"@id\":\"https:\/\/www.mojabochnia.pl\/#\/schema\/logo\/image\/\"},\"sameAs\":[\"https:\/\/www.facebook.com\/mojabochnia\"]},{\"@type\":\"Person\",\"@id\":\"https:\/\/www.mojabochnia.pl\/#\/schema\/person\/ea042e4724a77627963f02166828ead4\",\"name\":\"Pawe\u0142 Michalczyk\",\"url\":\"https:\/\/www.mojabochnia.pl\/?author=4\"}]}<\/script>\n<!-- \/ Yoast SEO plugin. -->","yoast_head_json":{"title":"Orkan Ksawery: w nocy wiatr si\u0119ga\u0142 80 km\/h - mojabochnia.pl - portal informacyjny","robots":{"index":"index","follow":"follow","max-snippet":"max-snippet:-1","max-image-preview":"max-image-preview:large","max-video-preview":"max-video-preview:-1"},"canonical":"https:\/\/www.mojabochnia.pl\/?p=101300","og_locale":"pl_PL","og_type":"article","og_title":"Orkan Ksawery: w nocy wiatr si\u0119ga\u0142 80 km\/h - mojabochnia.pl - portal informacyjny","og_description":"Nad Polsk\u0105 przechodzi orkan nazwany przez meteorolog\u00f3w imieniem Ksawery. Z tego powodu ostatnia doba jest bardzo pracowita dla stra\u017cak\u00f3w w powiecie boche\u0144skim. W zwi\u0105zku z wichur\u0105 s\u0105 oni wzywani do usuwania po\u0142amanych drzew i konar\u00f3w. Do dzisiejszego poranka zanotowano kilkana\u015bcie takich wyjazd\u00f3w.","og_url":"https:\/\/www.mojabochnia.pl\/?p=101300","og_site_name":"mojabochnia.pl - portal informacyjny","article_publisher":"https:\/\/www.facebook.com\/mojabochnia","article_published_time":"2013-12-06T08:52:01+00:00","article_modified_time":"2013-12-06T10:48:41+00:00","author":"Pawe\u0142 Michalczyk","twitter_card":"summary_large_image","twitter_misc":{"Written by":"Pawe\u0142 Michalczyk","Est. reading time":"1 minuta"},"schema":{"@context":"https:\/\/schema.org","@graph":[{"@type":"Article","@id":"https:\/\/www.mojabochnia.pl\/?p=101300#article","isPartOf":{"@id":"https:\/\/www.mojabochnia.pl\/?p=101300"},"author":{"name":"Pawe\u0142 Michalczyk","@id":"https:\/\/www.mojabochnia.pl\/#\/schema\/person\/ea042e4724a77627963f02166828ead4"},"headline":"Orkan Ksawery: w nocy wiatr si\u0119ga\u0142 80 km\/h","datePublished":"2013-12-06T08:52:01+00:00","dateModified":"2013-12-06T10:48:41+00:00","mainEntityOfPage":{"@id":"https:\/\/www.mojabochnia.pl\/?p=101300"},"wordCount":237,"commentCount":0,"publisher":{"@id":"https:\/\/www.mojabochnia.pl\/#organization"},"keywords":["powalone drzewa","stra\u017c po\u017carna","wiatr","wichura"],"articleSection":["2_ostatnie","polityka i wydarzenia","tematyka"],"inLanguage":"pl-PL","potentialAction":[{"@type":"CommentAction","name":"Comment","target":["https:\/\/www.mojabochnia.pl\/?p=101300#respond"]}]},{"@type":"WebPage","@id":"https:\/\/www.mojabochnia.pl\/?p=101300","url":"https:\/\/www.mojabochnia.pl\/?p=101300","name":"Orkan Ksawery: w nocy wiatr si\u0119ga\u0142 80 km\/h - mojabochnia.pl - portal informacyjny","isPartOf":{"@id":"https:\/\/www.mojabochnia.pl\/#website"},"datePublished":"2013-12-06T08:52:01+00:00","dateModified":"2013-12-06T10:48:41+00:00","breadcrumb":{"@id":"https:\/\/www.mojabochnia.pl\/?p=101300#breadcrumb"},"inLanguage":"pl-PL","potentialAction":[{"@type":"ReadAction","target":["https:\/\/www.mojabochnia.pl\/?p=101300"]}]},{"@type":"BreadcrumbList","@id":"https:\/\/www.mojabochnia.pl\/?p=101300#breadcrumb","itemListElement":[{"@type":"ListItem","position":1,"name":"Home","item":"https:\/\/www.mojabochnia.pl\/"},{"@type":"ListItem","position":2,"name":"Orkan Ksawery: w nocy wiatr si\u0119ga\u0142 80 km\/h"}]},{"@type":"WebSite","@id":"https:\/\/www.mojabochnia.pl\/#website","url":"https:\/\/www.mojabochnia.pl\/","name":"mojabochnia.pl - portal informacyjny","description":"mojaBochnia to portal informacyjny o Bochni. Codziennie o Bochni piszemy i pokazujemy najwa\u017cniejsze wydarzenia","publisher":{"@id":"https:\/\/www.mojabochnia.pl\/#organization"},"potentialAction":[{"@type":"SearchAction","target":{"@type":"EntryPoint","urlTemplate":"https:\/\/www.mojabochnia.pl\/?s={search_term_string}"},"query-input":{"@type":"PropertyValueSpecification","valueRequired":true,"valueName":"search_term_string"}}],"inLanguage":"pl-PL"},{"@type":"Organization","@id":"https:\/\/www.mojabochnia.pl\/#organization","name":"mojabochnia.pl - portal informacyjny","url":"https:\/\/www.mojabochnia.pl\/","logo":{"@type":"ImageObject","inLanguage":"pl-PL","@id":"https:\/\/www.mojabochnia.pl\/#\/schema\/logo\/image\/","url":"https:\/\/www.mojabochnia.pl\/wp-content\/uploads\/2017\/08\/logo-mb-opt.png","contentUrl":"https:\/\/www.mojabochnia.pl\/wp-content\/uploads\/2017\/08\/logo-mb-opt.png","width":250,"height":48,"caption":"mojabochnia.pl - portal informacyjny"},"image":{"@id":"https:\/\/www.mojabochnia.pl\/#\/schema\/logo\/image\/"},"sameAs":["https:\/\/www.facebook.com\/mojabochnia"]},{"@type":"Person","@id":"https:\/\/www.mojabochnia.pl\/#\/schema\/person\/ea042e4724a77627963f02166828ead4","name":"Pawe\u0142 Michalczyk","url":"https:\/\/www.mojabochnia.pl\/?author=4"}]}},"_links":{"self":[{"href":"https:\/\/www.mojabochnia.pl\/index.php?rest_route=\/wp\/v2\/posts\/101300","targetHints":{"allow":["GET"]}}],"collection":[{"href":"https:\/\/www.mojabochnia.pl\/index.php?rest_route=\/wp\/v2\/posts"}],"about":[{"href":"https:\/\/www.mojabochnia.pl\/index.php?rest_route=\/wp\/v2\/types\/post"}],"author":[{"embeddable":true,"href":"https:\/\/www.mojabochnia.pl\/index.php?rest_route=\/wp\/v2\/users\/4"}],"replies":[{"embeddable":true,"href":"https:\/\/www.mojabochnia.pl\/index.php?rest_route=%2Fwp%2Fv2%2Fcomments&post=101300"}],"version-history":[{"count":12,"href":"https:\/\/www.mojabochnia.pl\/index.php?rest_route=\/wp\/v2\/posts\/101300\/revisions"}],"predecessor-version":[{"id":101317,"href":"https:\/\/www.mojabochnia.pl\/index.php?rest_route=\/wp\/v2\/posts\/101300\/revisions\/101317"}],"wp:attachment":[{"href":"https:\/\/www.mojabochnia.pl\/index.php?rest_route=%2Fwp%2Fv2%2Fmedia&parent=101300"}],"wp:term":[{"taxonomy":"category","embeddable":true,"href":"https:\/\/www.mojabochnia.pl\/index.php?rest_route=%2Fwp%2Fv2%2Fcategories&post=101300"},{"taxonomy":"post_tag","embeddable":true,"href":"https:\/\/www.mojabochnia.pl\/index.php?rest_route=%2Fwp%2Fv2%2Ftags&post=101300"}],"curies":[{"name":"wp","href":"https:\/\/api.w.org\/{rel}","templated":true}]}}