{"id":101224,"date":"2013-12-05T10:41:36","date_gmt":"2013-12-05T09:41:36","guid":{"rendered":"http:\/\/www.mojabochnia.pl\/?p=101224"},"modified":"2013-12-05T10:42:42","modified_gmt":"2013-12-05T09:42:42","slug":"ii-lo-wieczor-poetycki-o-j-tuwimie-zdjecia","status":"publish","type":"post","link":"https:\/\/www.mojabochnia.pl\/?p=101224","title":{"rendered":"II LO: wiecz\u00f3r poetycki o J. Tuwimie &#8211; zdj\u0119cia"},"content":{"rendered":"<p>27 listopada odby\u0142 si\u0119 kolejny wieczorek poetycki w ramach dzia\u0142alno\u015bci Boche\u0144skiego Salonu Literackiego w II LO. Atmosfera, jaka mu towarzyszy\u0142a by\u0142a ciep\u0142a i przeros\u0142a niekt\u00f3rych (nowicjuszy) naj\u015bmielsze oczekiwania. Przyby\u0142ych go\u015bci, rodzic\u00f3w, nauczycieli i uczni\u00f3w gor\u0105co przywita\u0142a jak zwykle pani dyrektor. Wieczorek by\u0142 po\u015bwi\u0119cony znanemu poecie z racji og\u0142oszenia roku 2013 rokiem J. Tuwima. Przygoda z poezj\u0105, tw\u00f3rczo\u015bci\u0105 Tuwima mia\u0142a charakter poetycko- kabaretowy. Oczywi\u015bcie nie zabrak\u0142o oprawy muzycznej w postaci piosenek wykonywanych przez Ol\u0119 Fischer i Kasi\u0119 Mazur. Swoj\u0105 gr\u0105, ruchem, mimik\u0105 , gestem czy g\u0142osem zachwycili  uczniowie klasy IIa, a tak\u017ce nasz niezawodny kabaret, w sk\u0142ad kt\u00f3rego wchodz\u0105: S\u0142awek Kowalski, Jakub Rola i Micha\u0142 Gorczyca.<\/p>\n<p>Tego wieczoru publiczno\u015b\u0107 mia\u0142a okazj\u0119 przenie\u015b\u0107 si\u0119 w lata mi\u0119dzywojenne, w kt\u00f3rych tworzy\u0142 g\u0142\u00f3wnie poeta. Widzowie mogli us\u0142ysze\u0107 wiersze znane i te mniej znane na czele z \u201eLokomotyw\u0105\u201d wykonan\u0105 z przymru\u017ceniem oka przez  szkolny kabaret. Publiczno\u015b\u0107 mog\u0142a te\u017c us\u0142ysze\u0107 wiersze autorstwa m\u0142odzie\u017cy, a przede wszystkim Edyty Grabarz &#8211; uczennicy klasy IIIA. Wyra\u017anie inne, ciekawe, odwa\u017cne i zmys\u0142owe. Jedne zmusi\u0142y do refleksji, drugie za\u015b do wzrusze\u0144. Wszystkie te utwory b\u0119d\u0105 zamieszczone w IV ju\u017c tomiku poezji uczni\u00f3w II LO, kt\u00f3ry uka\u017ce si\u0119  wkr\u00f3tce\u2026 jak zapewniaj\u0105 organizatorki salon\u00f3w literackich: panie Beata Ko\u0142odziej i El\u017cbieta Zag\u00f3rska. Ten \u015brodowy i  zarazem listopadowy wiecz\u00f3r sta\u0142 si\u0119 te\u017c zapowiedzi\u0105 kolejnego salonu literackiego. O terminie zainteresowani dowiedz\u0105 si\u0119 w odpowiednim czasie. <\/p>\n\t  \r\n\t\r\n\t    <div class=\"mb-gallery\">\r\n\t    <a href=\"https:\/\/www.mojabochnia.pl\/?attachment_id=101226\" class=\"\"><img loading=\"lazy\" decoding=\"async\" width=\"100\" height=\"56\" src=\"https:\/\/www.mojabochnia.pl\/wp-content\/uploads\/2013\/12\/DSC_7551-120x67.jpg\" class=\"attachment-100x100 size-100x100\" alt=\"\" srcset=\"https:\/\/www.mojabochnia.pl\/wp-content\/uploads\/2013\/12\/DSC_7551-120x67.jpg 120w, https:\/\/www.mojabochnia.pl\/wp-content\/uploads\/2013\/12\/DSC_7551-468x263.jpg 468w, https:\/\/www.mojabochnia.pl\/wp-content\/uploads\/2013\/12\/DSC_7551-660x371.jpg 660w, https:\/\/www.mojabochnia.pl\/wp-content\/uploads\/2013\/12\/DSC_7551.jpg 800w\" sizes=\"auto, (max-width: 100px) 100vw, 100px\" \/><\/a><a href=\"https:\/\/www.mojabochnia.pl\/?attachment_id=101227\" class=\"\"><img loading=\"lazy\" decoding=\"async\" width=\"100\" height=\"56\" src=\"https:\/\/www.mojabochnia.pl\/wp-content\/uploads\/2013\/12\/DSC_7552-120x67.jpg\" class=\"attachment-100x100 size-100x100\" alt=\"\" srcset=\"https:\/\/www.mojabochnia.pl\/wp-content\/uploads\/2013\/12\/DSC_7552-120x67.jpg 120w, https:\/\/www.mojabochnia.pl\/wp-content\/uploads\/2013\/12\/DSC_7552-468x263.jpg 468w, https:\/\/www.mojabochnia.pl\/wp-content\/uploads\/2013\/12\/DSC_7552-660x371.jpg 660w, https:\/\/www.mojabochnia.pl\/wp-content\/uploads\/2013\/12\/DSC_7552.jpg 800w\" sizes=\"auto, (max-width: 100px) 100vw, 100px\" \/><\/a><a href=\"https:\/\/www.mojabochnia.pl\/?attachment_id=101228\" class=\"\"><img loading=\"lazy\" decoding=\"async\" width=\"100\" height=\"56\" src=\"https:\/\/www.mojabochnia.pl\/wp-content\/uploads\/2013\/12\/DSC_7558-120x67.jpg\" class=\"attachment-100x100 size-100x100\" alt=\"\" srcset=\"https:\/\/www.mojabochnia.pl\/wp-content\/uploads\/2013\/12\/DSC_7558-120x67.jpg 120w, https:\/\/www.mojabochnia.pl\/wp-content\/uploads\/2013\/12\/DSC_7558-468x263.jpg 468w, https:\/\/www.mojabochnia.pl\/wp-content\/uploads\/2013\/12\/DSC_7558-660x371.jpg 660w, https:\/\/www.mojabochnia.pl\/wp-content\/uploads\/2013\/12\/DSC_7558.jpg 800w\" sizes=\"auto, (max-width: 100px) 100vw, 100px\" \/><\/a><a href=\"https:\/\/www.mojabochnia.pl\/?attachment_id=101229\" class=\"\"><img loading=\"lazy\" decoding=\"async\" width=\"100\" height=\"56\" src=\"https:\/\/www.mojabochnia.pl\/wp-content\/uploads\/2013\/12\/DSC_7561-120x67.jpg\" class=\"attachment-100x100 size-100x100\" alt=\"\" srcset=\"https:\/\/www.mojabochnia.pl\/wp-content\/uploads\/2013\/12\/DSC_7561-120x67.jpg 120w, https:\/\/www.mojabochnia.pl\/wp-content\/uploads\/2013\/12\/DSC_7561-468x263.jpg 468w, https:\/\/www.mojabochnia.pl\/wp-content\/uploads\/2013\/12\/DSC_7561-660x371.jpg 660w, https:\/\/www.mojabochnia.pl\/wp-content\/uploads\/2013\/12\/DSC_7561.jpg 800w\" sizes=\"auto, (max-width: 100px) 100vw, 100px\" \/><\/a><a href=\"https:\/\/www.mojabochnia.pl\/?attachment_id=101230\" class=\"\"><img loading=\"lazy\" decoding=\"async\" width=\"100\" height=\"56\" src=\"https:\/\/www.mojabochnia.pl\/wp-content\/uploads\/2013\/12\/DSC_7570-120x67.jpg\" class=\"attachment-100x100 size-100x100\" alt=\"\" srcset=\"https:\/\/www.mojabochnia.pl\/wp-content\/uploads\/2013\/12\/DSC_7570-120x67.jpg 120w, https:\/\/www.mojabochnia.pl\/wp-content\/uploads\/2013\/12\/DSC_7570-468x263.jpg 468w, https:\/\/www.mojabochnia.pl\/wp-content\/uploads\/2013\/12\/DSC_7570-660x371.jpg 660w, https:\/\/www.mojabochnia.pl\/wp-content\/uploads\/2013\/12\/DSC_7570.jpg 800w\" sizes=\"auto, (max-width: 100px) 100vw, 100px\" \/><\/a><a href=\"https:\/\/www.mojabochnia.pl\/?attachment_id=101231\" class=\"\"><img loading=\"lazy\" decoding=\"async\" width=\"100\" height=\"56\" src=\"https:\/\/www.mojabochnia.pl\/wp-content\/uploads\/2013\/12\/DSC_7571-120x67.jpg\" class=\"attachment-100x100 size-100x100\" alt=\"\" srcset=\"https:\/\/www.mojabochnia.pl\/wp-content\/uploads\/2013\/12\/DSC_7571-120x67.jpg 120w, https:\/\/www.mojabochnia.pl\/wp-content\/uploads\/2013\/12\/DSC_7571-468x263.jpg 468w, https:\/\/www.mojabochnia.pl\/wp-content\/uploads\/2013\/12\/DSC_7571-660x371.jpg 660w, https:\/\/www.mojabochnia.pl\/wp-content\/uploads\/2013\/12\/DSC_7571.jpg 800w\" sizes=\"auto, (max-width: 100px) 100vw, 100px\" \/><\/a><a href=\"https:\/\/www.mojabochnia.pl\/?attachment_id=101232\" class=\"\"><img loading=\"lazy\" decoding=\"async\" width=\"100\" height=\"56\" src=\"https:\/\/www.mojabochnia.pl\/wp-content\/uploads\/2013\/12\/DSC_7575-120x67.jpg\" class=\"attachment-100x100 size-100x100\" alt=\"\" srcset=\"https:\/\/www.mojabochnia.pl\/wp-content\/uploads\/2013\/12\/DSC_7575-120x67.jpg 120w, https:\/\/www.mojabochnia.pl\/wp-content\/uploads\/2013\/12\/DSC_7575-468x263.jpg 468w, https:\/\/www.mojabochnia.pl\/wp-content\/uploads\/2013\/12\/DSC_7575-660x371.jpg 660w, https:\/\/www.mojabochnia.pl\/wp-content\/uploads\/2013\/12\/DSC_7575.jpg 800w\" sizes=\"auto, (max-width: 100px) 100vw, 100px\" \/><\/a><a href=\"https:\/\/www.mojabochnia.pl\/?attachment_id=101233\" class=\"\"><img loading=\"lazy\" decoding=\"async\" width=\"100\" height=\"56\" src=\"https:\/\/www.mojabochnia.pl\/wp-content\/uploads\/2013\/12\/DSC_7580-120x67.jpg\" class=\"attachment-100x100 size-100x100\" alt=\"\" srcset=\"https:\/\/www.mojabochnia.pl\/wp-content\/uploads\/2013\/12\/DSC_7580-120x67.jpg 120w, https:\/\/www.mojabochnia.pl\/wp-content\/uploads\/2013\/12\/DSC_7580-468x263.jpg 468w, https:\/\/www.mojabochnia.pl\/wp-content\/uploads\/2013\/12\/DSC_7580-660x371.jpg 660w, https:\/\/www.mojabochnia.pl\/wp-content\/uploads\/2013\/12\/DSC_7580.jpg 800w\" sizes=\"auto, (max-width: 100px) 100vw, 100px\" \/><\/a><a href=\"https:\/\/www.mojabochnia.pl\/?attachment_id=101234\" class=\"\"><img loading=\"lazy\" decoding=\"async\" width=\"100\" height=\"56\" src=\"https:\/\/www.mojabochnia.pl\/wp-content\/uploads\/2013\/12\/DSC_7589-120x67.jpg\" class=\"attachment-100x100 size-100x100\" alt=\"\" srcset=\"https:\/\/www.mojabochnia.pl\/wp-content\/uploads\/2013\/12\/DSC_7589-120x67.jpg 120w, https:\/\/www.mojabochnia.pl\/wp-content\/uploads\/2013\/12\/DSC_7589-468x263.jpg 468w, https:\/\/www.mojabochnia.pl\/wp-content\/uploads\/2013\/12\/DSC_7589-660x371.jpg 660w, https:\/\/www.mojabochnia.pl\/wp-content\/uploads\/2013\/12\/DSC_7589.jpg 800w\" sizes=\"auto, (max-width: 100px) 100vw, 100px\" \/><\/a>\t    <\/div>\r\n\t    ","protected":false},"excerpt":{"rendered":"<p>Stoi na stacji lokomotywa\u2026, nauczyli mnie mn\u00f3stwa m\u0105dro\u015bci\u2026, mi\u0142o\u015b\u0107 ci wszystko wybaczy\u2026 &#8211; to s\u0142owa J. Tuwima, kt\u00f3remu zosta\u0142 po\u015bwi\u0119cony pierwszy w tym roku szkolnym wiecz\u00f3r poetycko- kabaretowy w II LO pod has\u0142em: \u201eI co pan na to\u2026 panie Julianie?\u201d<\/p>\n","protected":false},"author":13,"featured_media":0,"comment_status":"open","ping_status":"closed","sticky":false,"template":"","format":"standard","meta":{"_acf_changed":false,"footnotes":""},"categories":[5,6247,6246,6251,6250],"tags":[17935,12521,17541,17249],"class_list":["post-101224","post","type-post","status-publish","format-standard","hentry","category-biezace-wydarzenia","category-fotogaleria","category-medium","category-polityka-i-wydarzenia","category-tematyka","tag-iilo","tag-julian-tuwim","tag-poezja","tag-szkola","main_tag-szkola"],"acf":[],"yoast_head":"<!-- This site is optimized with the Yoast SEO plugin v26.9 - https:\/\/yoast.com\/product\/yoast-seo-wordpress\/ -->\n<title>II LO: wiecz\u00f3r poetycki o J. Tuwimie - zdj\u0119cia - mojabochnia.pl - portal informacyjny<\/title>\n<meta name=\"robots\" content=\"index, follow, max-snippet:-1, max-image-preview:large, max-video-preview:-1\" \/>\n<link rel=\"canonical\" href=\"https:\/\/www.mojabochnia.pl\/?p=101224\" \/>\n<meta property=\"og:locale\" content=\"pl_PL\" \/>\n<meta property=\"og:type\" content=\"article\" \/>\n<meta property=\"og:title\" content=\"II LO: wiecz\u00f3r poetycki o J. Tuwimie - zdj\u0119cia - mojabochnia.pl - portal informacyjny\" \/>\n<meta property=\"og:description\" content=\"Stoi na stacji lokomotywa\u2026, nauczyli mnie mn\u00f3stwa m\u0105dro\u015bci\u2026, mi\u0142o\u015b\u0107 ci wszystko wybaczy\u2026 - to s\u0142owa J. Tuwima, kt\u00f3remu zosta\u0142 po\u015bwi\u0119cony pierwszy w tym roku szkolnym wiecz\u00f3r poetycko- kabaretowy w II LO pod has\u0142em: \u201eI co pan na to\u2026 panie Julianie?\u201d\" \/>\n<meta property=\"og:url\" content=\"https:\/\/www.mojabochnia.pl\/?p=101224\" \/>\n<meta property=\"og:site_name\" content=\"mojabochnia.pl - portal informacyjny\" \/>\n<meta property=\"article:publisher\" content=\"https:\/\/www.facebook.com\/mojabochnia\" \/>\n<meta property=\"article:published_time\" content=\"2013-12-05T09:41:36+00:00\" \/>\n<meta property=\"article:modified_time\" content=\"2013-12-05T09:42:42+00:00\" \/>\n<meta name=\"author\" content=\"redakcja\" \/>\n<meta name=\"twitter:card\" content=\"summary_large_image\" \/>\n<meta name=\"twitter:label1\" content=\"Written by\" \/>\n\t<meta name=\"twitter:data1\" content=\"redakcja\" \/>\n\t<meta name=\"twitter:label2\" content=\"Est. reading time\" \/>\n\t<meta name=\"twitter:data2\" content=\"1 minuta\" \/>\n<script type=\"application\/ld+json\" class=\"yoast-schema-graph\">{\"@context\":\"https:\/\/schema.org\",\"@graph\":[{\"@type\":\"Article\",\"@id\":\"https:\/\/www.mojabochnia.pl\/?p=101224#article\",\"isPartOf\":{\"@id\":\"https:\/\/www.mojabochnia.pl\/?p=101224\"},\"author\":{\"name\":\"redakcja\",\"@id\":\"https:\/\/www.mojabochnia.pl\/#\/schema\/person\/7e2f20ead9902216a3384f13606c0ab7\"},\"headline\":\"II LO: wiecz\u00f3r poetycki o J. Tuwimie &#8211; zdj\u0119cia\",\"datePublished\":\"2013-12-05T09:41:36+00:00\",\"dateModified\":\"2013-12-05T09:42:42+00:00\",\"mainEntityOfPage\":{\"@id\":\"https:\/\/www.mojabochnia.pl\/?p=101224\"},\"wordCount\":279,\"commentCount\":0,\"publisher\":{\"@id\":\"https:\/\/www.mojabochnia.pl\/#organization\"},\"keywords\":[\"iilo\",\"julian tuwim\",\"poezja\",\"szko\u0142a\"],\"articleSection\":[\"2_ostatnie\",\"fotogaleria\",\"Medium\",\"polityka i wydarzenia\",\"tematyka\"],\"inLanguage\":\"pl-PL\",\"potentialAction\":[{\"@type\":\"CommentAction\",\"name\":\"Comment\",\"target\":[\"https:\/\/www.mojabochnia.pl\/?p=101224#respond\"]}]},{\"@type\":\"WebPage\",\"@id\":\"https:\/\/www.mojabochnia.pl\/?p=101224\",\"url\":\"https:\/\/www.mojabochnia.pl\/?p=101224\",\"name\":\"II LO: wiecz\u00f3r poetycki o J. Tuwimie - zdj\u0119cia - mojabochnia.pl - portal informacyjny\",\"isPartOf\":{\"@id\":\"https:\/\/www.mojabochnia.pl\/#website\"},\"datePublished\":\"2013-12-05T09:41:36+00:00\",\"dateModified\":\"2013-12-05T09:42:42+00:00\",\"breadcrumb\":{\"@id\":\"https:\/\/www.mojabochnia.pl\/?p=101224#breadcrumb\"},\"inLanguage\":\"pl-PL\",\"potentialAction\":[{\"@type\":\"ReadAction\",\"target\":[\"https:\/\/www.mojabochnia.pl\/?p=101224\"]}]},{\"@type\":\"BreadcrumbList\",\"@id\":\"https:\/\/www.mojabochnia.pl\/?p=101224#breadcrumb\",\"itemListElement\":[{\"@type\":\"ListItem\",\"position\":1,\"name\":\"Home\",\"item\":\"https:\/\/www.mojabochnia.pl\/\"},{\"@type\":\"ListItem\",\"position\":2,\"name\":\"II LO: wiecz\u00f3r poetycki o J. Tuwimie &#8211; zdj\u0119cia\"}]},{\"@type\":\"WebSite\",\"@id\":\"https:\/\/www.mojabochnia.pl\/#website\",\"url\":\"https:\/\/www.mojabochnia.pl\/\",\"name\":\"mojabochnia.pl - portal informacyjny\",\"description\":\"mojaBochnia to portal informacyjny o Bochni. Codziennie o Bochni piszemy i pokazujemy najwa\u017cniejsze wydarzenia\",\"publisher\":{\"@id\":\"https:\/\/www.mojabochnia.pl\/#organization\"},\"potentialAction\":[{\"@type\":\"SearchAction\",\"target\":{\"@type\":\"EntryPoint\",\"urlTemplate\":\"https:\/\/www.mojabochnia.pl\/?s={search_term_string}\"},\"query-input\":{\"@type\":\"PropertyValueSpecification\",\"valueRequired\":true,\"valueName\":\"search_term_string\"}}],\"inLanguage\":\"pl-PL\"},{\"@type\":\"Organization\",\"@id\":\"https:\/\/www.mojabochnia.pl\/#organization\",\"name\":\"mojabochnia.pl - portal informacyjny\",\"url\":\"https:\/\/www.mojabochnia.pl\/\",\"logo\":{\"@type\":\"ImageObject\",\"inLanguage\":\"pl-PL\",\"@id\":\"https:\/\/www.mojabochnia.pl\/#\/schema\/logo\/image\/\",\"url\":\"https:\/\/www.mojabochnia.pl\/wp-content\/uploads\/2017\/08\/logo-mb-opt.png\",\"contentUrl\":\"https:\/\/www.mojabochnia.pl\/wp-content\/uploads\/2017\/08\/logo-mb-opt.png\",\"width\":250,\"height\":48,\"caption\":\"mojabochnia.pl - portal informacyjny\"},\"image\":{\"@id\":\"https:\/\/www.mojabochnia.pl\/#\/schema\/logo\/image\/\"},\"sameAs\":[\"https:\/\/www.facebook.com\/mojabochnia\"]},{\"@type\":\"Person\",\"@id\":\"https:\/\/www.mojabochnia.pl\/#\/schema\/person\/7e2f20ead9902216a3384f13606c0ab7\",\"name\":\"redakcja\",\"sameAs\":[\"http:\/\/\"],\"url\":\"https:\/\/www.mojabochnia.pl\/?author=13\"}]}<\/script>\n<!-- \/ Yoast SEO plugin. -->","yoast_head_json":{"title":"II LO: wiecz\u00f3r poetycki o J. Tuwimie - zdj\u0119cia - mojabochnia.pl - portal informacyjny","robots":{"index":"index","follow":"follow","max-snippet":"max-snippet:-1","max-image-preview":"max-image-preview:large","max-video-preview":"max-video-preview:-1"},"canonical":"https:\/\/www.mojabochnia.pl\/?p=101224","og_locale":"pl_PL","og_type":"article","og_title":"II LO: wiecz\u00f3r poetycki o J. Tuwimie - zdj\u0119cia - mojabochnia.pl - portal informacyjny","og_description":"Stoi na stacji lokomotywa\u2026, nauczyli mnie mn\u00f3stwa m\u0105dro\u015bci\u2026, mi\u0142o\u015b\u0107 ci wszystko wybaczy\u2026 - to s\u0142owa J. Tuwima, kt\u00f3remu zosta\u0142 po\u015bwi\u0119cony pierwszy w tym roku szkolnym wiecz\u00f3r poetycko- kabaretowy w II LO pod has\u0142em: \u201eI co pan na to\u2026 panie Julianie?\u201d","og_url":"https:\/\/www.mojabochnia.pl\/?p=101224","og_site_name":"mojabochnia.pl - portal informacyjny","article_publisher":"https:\/\/www.facebook.com\/mojabochnia","article_published_time":"2013-12-05T09:41:36+00:00","article_modified_time":"2013-12-05T09:42:42+00:00","author":"redakcja","twitter_card":"summary_large_image","twitter_misc":{"Written by":"redakcja","Est. reading time":"1 minuta"},"schema":{"@context":"https:\/\/schema.org","@graph":[{"@type":"Article","@id":"https:\/\/www.mojabochnia.pl\/?p=101224#article","isPartOf":{"@id":"https:\/\/www.mojabochnia.pl\/?p=101224"},"author":{"name":"redakcja","@id":"https:\/\/www.mojabochnia.pl\/#\/schema\/person\/7e2f20ead9902216a3384f13606c0ab7"},"headline":"II LO: wiecz\u00f3r poetycki o J. Tuwimie &#8211; zdj\u0119cia","datePublished":"2013-12-05T09:41:36+00:00","dateModified":"2013-12-05T09:42:42+00:00","mainEntityOfPage":{"@id":"https:\/\/www.mojabochnia.pl\/?p=101224"},"wordCount":279,"commentCount":0,"publisher":{"@id":"https:\/\/www.mojabochnia.pl\/#organization"},"keywords":["iilo","julian tuwim","poezja","szko\u0142a"],"articleSection":["2_ostatnie","fotogaleria","Medium","polityka i wydarzenia","tematyka"],"inLanguage":"pl-PL","potentialAction":[{"@type":"CommentAction","name":"Comment","target":["https:\/\/www.mojabochnia.pl\/?p=101224#respond"]}]},{"@type":"WebPage","@id":"https:\/\/www.mojabochnia.pl\/?p=101224","url":"https:\/\/www.mojabochnia.pl\/?p=101224","name":"II LO: wiecz\u00f3r poetycki o J. Tuwimie - zdj\u0119cia - mojabochnia.pl - portal informacyjny","isPartOf":{"@id":"https:\/\/www.mojabochnia.pl\/#website"},"datePublished":"2013-12-05T09:41:36+00:00","dateModified":"2013-12-05T09:42:42+00:00","breadcrumb":{"@id":"https:\/\/www.mojabochnia.pl\/?p=101224#breadcrumb"},"inLanguage":"pl-PL","potentialAction":[{"@type":"ReadAction","target":["https:\/\/www.mojabochnia.pl\/?p=101224"]}]},{"@type":"BreadcrumbList","@id":"https:\/\/www.mojabochnia.pl\/?p=101224#breadcrumb","itemListElement":[{"@type":"ListItem","position":1,"name":"Home","item":"https:\/\/www.mojabochnia.pl\/"},{"@type":"ListItem","position":2,"name":"II LO: wiecz\u00f3r poetycki o J. Tuwimie &#8211; zdj\u0119cia"}]},{"@type":"WebSite","@id":"https:\/\/www.mojabochnia.pl\/#website","url":"https:\/\/www.mojabochnia.pl\/","name":"mojabochnia.pl - portal informacyjny","description":"mojaBochnia to portal informacyjny o Bochni. Codziennie o Bochni piszemy i pokazujemy najwa\u017cniejsze wydarzenia","publisher":{"@id":"https:\/\/www.mojabochnia.pl\/#organization"},"potentialAction":[{"@type":"SearchAction","target":{"@type":"EntryPoint","urlTemplate":"https:\/\/www.mojabochnia.pl\/?s={search_term_string}"},"query-input":{"@type":"PropertyValueSpecification","valueRequired":true,"valueName":"search_term_string"}}],"inLanguage":"pl-PL"},{"@type":"Organization","@id":"https:\/\/www.mojabochnia.pl\/#organization","name":"mojabochnia.pl - portal informacyjny","url":"https:\/\/www.mojabochnia.pl\/","logo":{"@type":"ImageObject","inLanguage":"pl-PL","@id":"https:\/\/www.mojabochnia.pl\/#\/schema\/logo\/image\/","url":"https:\/\/www.mojabochnia.pl\/wp-content\/uploads\/2017\/08\/logo-mb-opt.png","contentUrl":"https:\/\/www.mojabochnia.pl\/wp-content\/uploads\/2017\/08\/logo-mb-opt.png","width":250,"height":48,"caption":"mojabochnia.pl - portal informacyjny"},"image":{"@id":"https:\/\/www.mojabochnia.pl\/#\/schema\/logo\/image\/"},"sameAs":["https:\/\/www.facebook.com\/mojabochnia"]},{"@type":"Person","@id":"https:\/\/www.mojabochnia.pl\/#\/schema\/person\/7e2f20ead9902216a3384f13606c0ab7","name":"redakcja","sameAs":["http:\/\/"],"url":"https:\/\/www.mojabochnia.pl\/?author=13"}]}},"_links":{"self":[{"href":"https:\/\/www.mojabochnia.pl\/index.php?rest_route=\/wp\/v2\/posts\/101224","targetHints":{"allow":["GET"]}}],"collection":[{"href":"https:\/\/www.mojabochnia.pl\/index.php?rest_route=\/wp\/v2\/posts"}],"about":[{"href":"https:\/\/www.mojabochnia.pl\/index.php?rest_route=\/wp\/v2\/types\/post"}],"author":[{"embeddable":true,"href":"https:\/\/www.mojabochnia.pl\/index.php?rest_route=\/wp\/v2\/users\/13"}],"replies":[{"embeddable":true,"href":"https:\/\/www.mojabochnia.pl\/index.php?rest_route=%2Fwp%2Fv2%2Fcomments&post=101224"}],"version-history":[{"count":4,"href":"https:\/\/www.mojabochnia.pl\/index.php?rest_route=\/wp\/v2\/posts\/101224\/revisions"}],"predecessor-version":[{"id":101237,"href":"https:\/\/www.mojabochnia.pl\/index.php?rest_route=\/wp\/v2\/posts\/101224\/revisions\/101237"}],"wp:attachment":[{"href":"https:\/\/www.mojabochnia.pl\/index.php?rest_route=%2Fwp%2Fv2%2Fmedia&parent=101224"}],"wp:term":[{"taxonomy":"category","embeddable":true,"href":"https:\/\/www.mojabochnia.pl\/index.php?rest_route=%2Fwp%2Fv2%2Fcategories&post=101224"},{"taxonomy":"post_tag","embeddable":true,"href":"https:\/\/www.mojabochnia.pl\/index.php?rest_route=%2Fwp%2Fv2%2Ftags&post=101224"}],"curies":[{"name":"wp","href":"https:\/\/api.w.org\/{rel}","templated":true}]}}