{"id":10109,"date":"2009-06-08T11:27:46","date_gmt":"2009-06-08T09:27:46","guid":{"rendered":"http:\/\/www.mojabochnia.pl\/?p=10109"},"modified":"2009-06-08T09:29:04","modified_gmt":"2009-06-08T07:29:04","slug":"dni-zblizenia-ze-sztuka-%e2%80%93-tydzien-teatralny","status":"publish","type":"post","link":"https:\/\/www.mojabochnia.pl\/?p=10109","title":{"rendered":"Dni zbli\u017cenia ze sztuk\u0105 \u2013 tydzie\u0144 teatralny"},"content":{"rendered":"<p>\u201eKlasyka a wsp\u00f3\u0142czesno\u015b\u0107. S\u0142owo, forma, ekspresja\u201d \u2013 pod takim has\u0142em b\u0119dzie w\u0142a\u015bnie przebiega\u0142 tydzie\u0144 teatralny. Je\u015bli chodzi o klasyk\u0119 to na t\u0105 cz\u0119\u015b\u0107 b\u0119d\u0105 si\u0119 sk\u0142ada\u0142y przedstawienia z Teatru Telewizji, prezentowane w kinie. Zderzona z klasyk\u0105 zostanie wsp\u00f3\u0142czesno\u015b\u0107. W programie znajduj\u0105 si\u0119 takie sztuki jak \u201eNuda\u201d, czy \u201eNocny autobus\u201d. &#8211; <em>To s\u0105 takie typowe sztuki wsp\u00f3\u0142czesne, zawieszone w naszej rzeczywisto\u015bci<\/em> \u2013 powiedzia\u0142 Piotr Majewski. <\/p>\n<p>Po ka\u017cdym spektaklu b\u0119dzie zorganizowane kr\u00f3tkie spotkanie aktor\u00f3w z widzami, \u017ceby ka\u017cdy m\u00f3g\u0142 si\u0119 to teatru zbli\u017cy\u0107, zada\u0107 pytanie, dowiedzie\u0107 si\u0119 czego\u015b nowego. &#8211; <em>Wa\u017cne jest, \u017ceby Ci ludzie kt\u00f3rzy przyjd\u0105, zobaczyli co to nich trafia &#8211; czy to b\u0119dzie klasyka, czy bardziej sztuki wsp\u00f3\u0142czesne<\/em> \u2013 instruktor grupy teatralnej w Bochni.<\/p>\n<p>Poza przedstawieniami w wykonaniu grupy teatralnej dzia\u0142aj\u0105cej przy Miejskim Domu Kultury przed widownia wyst\u0105pi tak\u017ce grupa z Centrum Kultury i Sportu w Skawinie. Spektakl pod tytu\u0142em \u201eMusicale musical\u201d to inscenizowana sk\u0142adanka piosenek z musicali. Aktor\u00f3w Studia Teatralnego z Bochni zobaczymy w wykonaniu sztuk \u201eNuda\u201d i \u201eNocny autobus\u201d. Pierwsza z nich opowiada o czterech m\u0142odych dziewczynach mieszkaj\u0105cych na wsi, kt\u00f3re s\u0105 przekonane, \u017ce miasto  jest drog\u0105 do rozwi\u0105zania problem\u00f3w. Natomiast \u201eNocy autobus\u201d m\u00f3wi o spotkaniu na przystanku autobusowym w ciemn\u0105, zimn\u0105 noc dwojga m\u0142odych ludzi, podczas niego rzeczywisto\u015b\u0107 zaczyna ulega\u0107 deformacji.<\/p>\n<p>Organizatorzy chcieliby, aby tydzie\u0144 teatralny na sta\u0142e wpisa\u0142 si\u0119 w kalendarz boche\u0144skich wydarze\u0144, ale \u017ceby nie stanowi\u0142 \u017cadnego typu rywalizacji. . &#8211; <em>Nie chce \u017ceby ten tydzie\u0144 przekszta\u0142ci\u0142 si\u0119 w jaki\u015b konkurs grup. To ma by\u0107 prezentacja zespo\u0142\u00f3w amatorskich, \u017ceby mieli okazje si\u0119 pokaza\u0107, bo nie zawsze maj\u0105 do tego mo\u017cliwo\u015b\u0107. To nie ma by\u0107 rywalizacja, tylko czyste spotkanie aktora z widzem<\/em> \u2013 powiedzia\u0142 podsumowuj\u0105c plan tygodnia teatralnego Piotr Majewski.<\/p>\n<p>Jako pierwsza poka\u017ce si\u0119 przed publiczno\u015bci\u0105 grupa z Skawiny. Ich spektakl <strong>\u201eMusicale musical\u201d<\/strong> b\u0119dzie mo\u017cna obejrze\u0107 <strong>17 czerwca<\/strong> w Oratorium \u015aw. Kingi lub MDK-u. Dzie\u0144 p\u00f3\u017aniej \u2013 <strong>18 czerwca<\/strong> w Oratorium o godz. 19.00 na wsp\u00f3ln\u0105 przygod\u0119 z teatrem zaprosz\u0105 widz\u00f3w aktorzy z boche\u0144skiego MDK-u, wystawi\u0105 oni <strong>\u201eNud\u0119\u201d<\/strong>. Ich kolejny spektakl \u2013 <strong>\u201eNocny autobus\u201d<\/strong> publiczno\u015b\u0107 zobaczy <strong>25 czerwca<\/strong> o godz. 19.00 r\u00f3wnie\u017c w Oratorium. <\/p>\n","protected":false},"excerpt":{"rendered":"<p>Tydzie\u0144 teatralny ma by\u0107 okazj\u0105 do zainteresowania sztuk\u0105 oraz do przybli\u017cenia wsp\u00f3\u0142czesnego teatru amatorskiego. Spektakle, kt\u00f3re b\u0119dzie mo\u017cna obejrze\u0107 maj\u0105 zach\u0119ci\u0107 do dalszej przygody z teatrem.<\/p>\n","protected":false},"author":1,"featured_media":0,"comment_status":"open","ping_status":"closed","sticky":false,"template":"","format":"standard","meta":{"_acf_changed":false,"footnotes":""},"categories":[92],"tags":[2399,17444,2789,17592,17439,17274,3995],"class_list":["post-10109","post","type-post","status-publish","format-standard","hentry","category-kultura","tag-grupa-teatralna","tag-mdk","tag-piotr-majewski","tag-przedstawienie","tag-spektakl","tag-sztuka","tag-tydzien-teatralny"],"acf":[],"yoast_head":"<!-- This site is optimized with the Yoast SEO plugin v26.9 - https:\/\/yoast.com\/product\/yoast-seo-wordpress\/ -->\n<title>Dni zbli\u017cenia ze sztuk\u0105 \u2013 tydzie\u0144 teatralny - mojabochnia.pl - portal informacyjny<\/title>\n<meta name=\"robots\" content=\"index, follow, max-snippet:-1, max-image-preview:large, max-video-preview:-1\" \/>\n<link rel=\"canonical\" href=\"https:\/\/www.mojabochnia.pl\/?p=10109\" \/>\n<meta property=\"og:locale\" content=\"pl_PL\" \/>\n<meta property=\"og:type\" content=\"article\" \/>\n<meta property=\"og:title\" content=\"Dni zbli\u017cenia ze sztuk\u0105 \u2013 tydzie\u0144 teatralny - mojabochnia.pl - portal informacyjny\" \/>\n<meta property=\"og:description\" content=\"Tydzie\u0144 teatralny ma by\u0107 okazj\u0105 do zainteresowania sztuk\u0105 oraz do przybli\u017cenia wsp\u00f3\u0142czesnego teatru amatorskiego. Spektakle, kt\u00f3re b\u0119dzie mo\u017cna obejrze\u0107 maj\u0105 zach\u0119ci\u0107 do dalszej przygody z teatrem.\" \/>\n<meta property=\"og:url\" content=\"https:\/\/www.mojabochnia.pl\/?p=10109\" \/>\n<meta property=\"og:site_name\" content=\"mojabochnia.pl - portal informacyjny\" \/>\n<meta property=\"article:publisher\" content=\"https:\/\/www.facebook.com\/mojabochnia\" \/>\n<meta property=\"article:published_time\" content=\"2009-06-08T09:27:46+00:00\" \/>\n<meta name=\"author\" content=\"administrator\" \/>\n<meta name=\"twitter:card\" content=\"summary_large_image\" \/>\n<meta name=\"twitter:label1\" content=\"Written by\" \/>\n\t<meta name=\"twitter:data1\" content=\"administrator\" \/>\n\t<meta name=\"twitter:label2\" content=\"Est. reading time\" \/>\n\t<meta name=\"twitter:data2\" content=\"2 minuty\" \/>\n<script type=\"application\/ld+json\" class=\"yoast-schema-graph\">{\"@context\":\"https:\/\/schema.org\",\"@graph\":[{\"@type\":\"Article\",\"@id\":\"https:\/\/www.mojabochnia.pl\/?p=10109#article\",\"isPartOf\":{\"@id\":\"https:\/\/www.mojabochnia.pl\/?p=10109\"},\"author\":{\"name\":\"administrator\",\"@id\":\"https:\/\/www.mojabochnia.pl\/#\/schema\/person\/c00e1f64e6fa0e6de6d410f2c340017f\"},\"headline\":\"Dni zbli\u017cenia ze sztuk\u0105 \u2013 tydzie\u0144 teatralny\",\"datePublished\":\"2009-06-08T09:27:46+00:00\",\"mainEntityOfPage\":{\"@id\":\"https:\/\/www.mojabochnia.pl\/?p=10109\"},\"wordCount\":387,\"commentCount\":0,\"publisher\":{\"@id\":\"https:\/\/www.mojabochnia.pl\/#organization\"},\"keywords\":[\"grupa teatralna\",\"MDK\",\"piotr majewski\",\"przedstawienie\",\"spektakl\",\"sztuka\",\"tydzie\u0144 teatralny\"],\"articleSection\":[\"kultura\"],\"inLanguage\":\"pl-PL\",\"potentialAction\":[{\"@type\":\"CommentAction\",\"name\":\"Comment\",\"target\":[\"https:\/\/www.mojabochnia.pl\/?p=10109#respond\"]}]},{\"@type\":\"WebPage\",\"@id\":\"https:\/\/www.mojabochnia.pl\/?p=10109\",\"url\":\"https:\/\/www.mojabochnia.pl\/?p=10109\",\"name\":\"Dni zbli\u017cenia ze sztuk\u0105 \u2013 tydzie\u0144 teatralny - mojabochnia.pl - portal informacyjny\",\"isPartOf\":{\"@id\":\"https:\/\/www.mojabochnia.pl\/#website\"},\"datePublished\":\"2009-06-08T09:27:46+00:00\",\"breadcrumb\":{\"@id\":\"https:\/\/www.mojabochnia.pl\/?p=10109#breadcrumb\"},\"inLanguage\":\"pl-PL\",\"potentialAction\":[{\"@type\":\"ReadAction\",\"target\":[\"https:\/\/www.mojabochnia.pl\/?p=10109\"]}]},{\"@type\":\"BreadcrumbList\",\"@id\":\"https:\/\/www.mojabochnia.pl\/?p=10109#breadcrumb\",\"itemListElement\":[{\"@type\":\"ListItem\",\"position\":1,\"name\":\"Home\",\"item\":\"https:\/\/www.mojabochnia.pl\/\"},{\"@type\":\"ListItem\",\"position\":2,\"name\":\"Dni zbli\u017cenia ze sztuk\u0105 \u2013 tydzie\u0144 teatralny\"}]},{\"@type\":\"WebSite\",\"@id\":\"https:\/\/www.mojabochnia.pl\/#website\",\"url\":\"https:\/\/www.mojabochnia.pl\/\",\"name\":\"mojabochnia.pl - portal informacyjny\",\"description\":\"mojaBochnia to portal informacyjny o Bochni. Codziennie o Bochni piszemy i pokazujemy najwa\u017cniejsze wydarzenia\",\"publisher\":{\"@id\":\"https:\/\/www.mojabochnia.pl\/#organization\"},\"potentialAction\":[{\"@type\":\"SearchAction\",\"target\":{\"@type\":\"EntryPoint\",\"urlTemplate\":\"https:\/\/www.mojabochnia.pl\/?s={search_term_string}\"},\"query-input\":{\"@type\":\"PropertyValueSpecification\",\"valueRequired\":true,\"valueName\":\"search_term_string\"}}],\"inLanguage\":\"pl-PL\"},{\"@type\":\"Organization\",\"@id\":\"https:\/\/www.mojabochnia.pl\/#organization\",\"name\":\"mojabochnia.pl - portal informacyjny\",\"url\":\"https:\/\/www.mojabochnia.pl\/\",\"logo\":{\"@type\":\"ImageObject\",\"inLanguage\":\"pl-PL\",\"@id\":\"https:\/\/www.mojabochnia.pl\/#\/schema\/logo\/image\/\",\"url\":\"https:\/\/www.mojabochnia.pl\/wp-content\/uploads\/2017\/08\/logo-mb-opt.png\",\"contentUrl\":\"https:\/\/www.mojabochnia.pl\/wp-content\/uploads\/2017\/08\/logo-mb-opt.png\",\"width\":250,\"height\":48,\"caption\":\"mojabochnia.pl - portal informacyjny\"},\"image\":{\"@id\":\"https:\/\/www.mojabochnia.pl\/#\/schema\/logo\/image\/\"},\"sameAs\":[\"https:\/\/www.facebook.com\/mojabochnia\"]},{\"@type\":\"Person\",\"@id\":\"https:\/\/www.mojabochnia.pl\/#\/schema\/person\/c00e1f64e6fa0e6de6d410f2c340017f\",\"name\":\"administrator\",\"url\":\"https:\/\/www.mojabochnia.pl\/?author=1\"}]}<\/script>\n<!-- \/ Yoast SEO plugin. -->","yoast_head_json":{"title":"Dni zbli\u017cenia ze sztuk\u0105 \u2013 tydzie\u0144 teatralny - mojabochnia.pl - portal informacyjny","robots":{"index":"index","follow":"follow","max-snippet":"max-snippet:-1","max-image-preview":"max-image-preview:large","max-video-preview":"max-video-preview:-1"},"canonical":"https:\/\/www.mojabochnia.pl\/?p=10109","og_locale":"pl_PL","og_type":"article","og_title":"Dni zbli\u017cenia ze sztuk\u0105 \u2013 tydzie\u0144 teatralny - mojabochnia.pl - portal informacyjny","og_description":"Tydzie\u0144 teatralny ma by\u0107 okazj\u0105 do zainteresowania sztuk\u0105 oraz do przybli\u017cenia wsp\u00f3\u0142czesnego teatru amatorskiego. Spektakle, kt\u00f3re b\u0119dzie mo\u017cna obejrze\u0107 maj\u0105 zach\u0119ci\u0107 do dalszej przygody z teatrem.","og_url":"https:\/\/www.mojabochnia.pl\/?p=10109","og_site_name":"mojabochnia.pl - portal informacyjny","article_publisher":"https:\/\/www.facebook.com\/mojabochnia","article_published_time":"2009-06-08T09:27:46+00:00","author":"administrator","twitter_card":"summary_large_image","twitter_misc":{"Written by":"administrator","Est. reading time":"2 minuty"},"schema":{"@context":"https:\/\/schema.org","@graph":[{"@type":"Article","@id":"https:\/\/www.mojabochnia.pl\/?p=10109#article","isPartOf":{"@id":"https:\/\/www.mojabochnia.pl\/?p=10109"},"author":{"name":"administrator","@id":"https:\/\/www.mojabochnia.pl\/#\/schema\/person\/c00e1f64e6fa0e6de6d410f2c340017f"},"headline":"Dni zbli\u017cenia ze sztuk\u0105 \u2013 tydzie\u0144 teatralny","datePublished":"2009-06-08T09:27:46+00:00","mainEntityOfPage":{"@id":"https:\/\/www.mojabochnia.pl\/?p=10109"},"wordCount":387,"commentCount":0,"publisher":{"@id":"https:\/\/www.mojabochnia.pl\/#organization"},"keywords":["grupa teatralna","MDK","piotr majewski","przedstawienie","spektakl","sztuka","tydzie\u0144 teatralny"],"articleSection":["kultura"],"inLanguage":"pl-PL","potentialAction":[{"@type":"CommentAction","name":"Comment","target":["https:\/\/www.mojabochnia.pl\/?p=10109#respond"]}]},{"@type":"WebPage","@id":"https:\/\/www.mojabochnia.pl\/?p=10109","url":"https:\/\/www.mojabochnia.pl\/?p=10109","name":"Dni zbli\u017cenia ze sztuk\u0105 \u2013 tydzie\u0144 teatralny - mojabochnia.pl - portal informacyjny","isPartOf":{"@id":"https:\/\/www.mojabochnia.pl\/#website"},"datePublished":"2009-06-08T09:27:46+00:00","breadcrumb":{"@id":"https:\/\/www.mojabochnia.pl\/?p=10109#breadcrumb"},"inLanguage":"pl-PL","potentialAction":[{"@type":"ReadAction","target":["https:\/\/www.mojabochnia.pl\/?p=10109"]}]},{"@type":"BreadcrumbList","@id":"https:\/\/www.mojabochnia.pl\/?p=10109#breadcrumb","itemListElement":[{"@type":"ListItem","position":1,"name":"Home","item":"https:\/\/www.mojabochnia.pl\/"},{"@type":"ListItem","position":2,"name":"Dni zbli\u017cenia ze sztuk\u0105 \u2013 tydzie\u0144 teatralny"}]},{"@type":"WebSite","@id":"https:\/\/www.mojabochnia.pl\/#website","url":"https:\/\/www.mojabochnia.pl\/","name":"mojabochnia.pl - portal informacyjny","description":"mojaBochnia to portal informacyjny o Bochni. Codziennie o Bochni piszemy i pokazujemy najwa\u017cniejsze wydarzenia","publisher":{"@id":"https:\/\/www.mojabochnia.pl\/#organization"},"potentialAction":[{"@type":"SearchAction","target":{"@type":"EntryPoint","urlTemplate":"https:\/\/www.mojabochnia.pl\/?s={search_term_string}"},"query-input":{"@type":"PropertyValueSpecification","valueRequired":true,"valueName":"search_term_string"}}],"inLanguage":"pl-PL"},{"@type":"Organization","@id":"https:\/\/www.mojabochnia.pl\/#organization","name":"mojabochnia.pl - portal informacyjny","url":"https:\/\/www.mojabochnia.pl\/","logo":{"@type":"ImageObject","inLanguage":"pl-PL","@id":"https:\/\/www.mojabochnia.pl\/#\/schema\/logo\/image\/","url":"https:\/\/www.mojabochnia.pl\/wp-content\/uploads\/2017\/08\/logo-mb-opt.png","contentUrl":"https:\/\/www.mojabochnia.pl\/wp-content\/uploads\/2017\/08\/logo-mb-opt.png","width":250,"height":48,"caption":"mojabochnia.pl - portal informacyjny"},"image":{"@id":"https:\/\/www.mojabochnia.pl\/#\/schema\/logo\/image\/"},"sameAs":["https:\/\/www.facebook.com\/mojabochnia"]},{"@type":"Person","@id":"https:\/\/www.mojabochnia.pl\/#\/schema\/person\/c00e1f64e6fa0e6de6d410f2c340017f","name":"administrator","url":"https:\/\/www.mojabochnia.pl\/?author=1"}]}},"_links":{"self":[{"href":"https:\/\/www.mojabochnia.pl\/index.php?rest_route=\/wp\/v2\/posts\/10109","targetHints":{"allow":["GET"]}}],"collection":[{"href":"https:\/\/www.mojabochnia.pl\/index.php?rest_route=\/wp\/v2\/posts"}],"about":[{"href":"https:\/\/www.mojabochnia.pl\/index.php?rest_route=\/wp\/v2\/types\/post"}],"author":[{"embeddable":true,"href":"https:\/\/www.mojabochnia.pl\/index.php?rest_route=\/wp\/v2\/users\/1"}],"replies":[{"embeddable":true,"href":"https:\/\/www.mojabochnia.pl\/index.php?rest_route=%2Fwp%2Fv2%2Fcomments&post=10109"}],"version-history":[{"count":0,"href":"https:\/\/www.mojabochnia.pl\/index.php?rest_route=\/wp\/v2\/posts\/10109\/revisions"}],"wp:attachment":[{"href":"https:\/\/www.mojabochnia.pl\/index.php?rest_route=%2Fwp%2Fv2%2Fmedia&parent=10109"}],"wp:term":[{"taxonomy":"category","embeddable":true,"href":"https:\/\/www.mojabochnia.pl\/index.php?rest_route=%2Fwp%2Fv2%2Fcategories&post=10109"},{"taxonomy":"post_tag","embeddable":true,"href":"https:\/\/www.mojabochnia.pl\/index.php?rest_route=%2Fwp%2Fv2%2Ftags&post=10109"}],"curies":[{"name":"wp","href":"https:\/\/api.w.org\/{rel}","templated":true}]}}