{"id":100875,"date":"2013-11-27T11:23:03","date_gmt":"2013-11-27T10:23:03","guid":{"rendered":"http:\/\/www.mojabochnia.pl\/?p=100875"},"modified":"2013-11-27T12:40:12","modified_gmt":"2013-11-27T11:40:12","slug":"mikluszowice-podumowali-akcje-krwiodawstwa","status":"publish","type":"post","link":"https:\/\/www.mojabochnia.pl\/?p=100875","title":{"rendered":"Mikluszowice: podsumowali akcj\u0119 krwiodawstwa"},"content":{"rendered":"<p>Jak co roku inicjatorem spotkania by\u0142 prezes wspomnianego Klubu Stefan Stycze\u0144. Obchody Dni Honorowego Krwiodawstwa u\u015bwietnili cz\u0142onkowie najwy\u017cszych w\u0142adz PCK na czele z Prezesem Zarz\u0105du G\u0142\u00f3wnego PCK Stanis\u0142awem Kracikiem. Obecni byli tak\u017ce cz\u0142onek Zarz\u0105du G\u0142\u00f3wnego PCK a zarazem przewodnicz\u0105cy Rady HDK Ma\u0142opolskiego Oddzia\u0142u Okr\u0119gowego Jerzy Kornaus, dyrektor Ma\u0142opolskiego Oddzia\u0142u Okr\u0119gowego PCK Ma\u0142gorzata Pyka, wiceprzewodnicz\u0105ca Ma\u0142opolskiej Komisji Rewizyjnej Gra\u017cyna Bryndal, przedstawiciele Zarz\u0105du Oddzia\u0142u Rejonowego PCK w Bochni na czele z prezesem Janem Pozna\u0144skim, w\u0142adze gminy Drwinia w osobach W\u00f3jta Jana Paj\u0105ka, jego zast\u0119pcy, sekretarza oraz dyrektor\u00f3w plac\u00f3wek o\u015bwiatowych z terenu gminy, proboszczowie parafii w Mikluszowicach i Grobli. Obecny by\u0142 r\u00f3wnie\u017c przedstawiciel Nadle\u015bnictwa Niepo\u0142omice, sponsorzy a tak\u017ce zaproszeni krwiodawcy w tym druhowie z OSP Dziewin i Ispina bior\u0105cy udzia\u0142 w projekcie \u201eOgnisty Ratownik &#8211; Gor\u0105ca Krew\u201d.<\/p>\n<p>Uroczysto\u015b\u0107 rozpocz\u0119\u0142a si\u0119 hymnem PCK za\u015bpiewanym przez dyrektora GCKiP w Grobli Rados\u0142awa Brydniaka przy akompaniamencie Kapeli Ludowej \u201eGroblanie\u201d, kt\u00f3ra zreszt\u0105 wita\u0142a go\u015bci ju\u017c w drzwiach marszem i przygrywa\u0142a w p\u00f3\u017aniejszym czasie.<\/p>\n<p>Go\u015bci powita\u0142 prezes Stefan Stycze\u0144. Minut\u0105 ciszy uczczono pami\u0119\u0107 zmar\u0142ego d\u0142ugoletniego zas\u0142u\u017conego dzia\u0142acza Polskiego Czerwonego Krzy\u017ca Prezesa Hutniczego Klubu HDK PCK w Krakowie Kazimierza Nowaka. Nast\u0119pnie gospodarz uroczysto\u015bci przedstawi\u0142 dorobek Klubu w 2013 roku oraz podzi\u0119kowa\u0142 wszystkim krwiodawcom, darczy\u0144com, w\u0142adzom gminy bez kt\u00f3rych Klub nie m\u00f3g\u0142by dzia\u0142a\u0107.  G\u0142os zabierali kolejno Stanis\u0142aw Kracik, Jan Paj\u0105k, Jerzy Kornaus i Jan Pozna\u0144ski gratuluj\u0105c prezesowi i krwiodawcom realizacji tej szlachetnej idei, aktywno\u015bci Klubu i osi\u0105ganych efekt\u00f3w.<br \/>\nNast\u0119pnym punktem by\u0142o udekorowanie przez prezesa ZG PCK Stanis\u0142awa Kracika Odznak\u0105 Honorow\u0105 PCK II stopnia pani Marii Klasa oraz IV stopnia pana Jana Paj\u0105ka. <\/p>\n<p>W dow\u00f3d uznania za najpi\u0119kniejszy dar humanitaryzmu \u2013 bezinteresowne, d\u0142ugoletnie oddawanie krwi, odznak\u0105 II stopnia Zas\u0142u\u017cony Dawca Krwi oznaczono Piotra Orzechowskiego i Miros\u0142awa Wojtkowicza. Odznak\u0119 III stopnia otrzymali; Krzysztof Kowalski, Bo\u017cena Moro\u0144ska i Tadeusz Zegiel. Za osobiste zaanga\u017cowanie na rzecz rozwoju i promocji Honorowego Krwiodawstwa na terenie gminy Drwinia szklane trofea odebrali; Jan Paj\u0105k, Maria Klasa, Stanis\u0142aw Data, Ma\u0142gorzata Paj\u0105k i Leszek Machaj.  Upominki klubowe Zarz\u0105d Klubu przyzna\u0142 dla; Renaty Uranowskiej, Anny Szczygie\u0142, W\u0142adys\u0142awy Nowak, Rados\u0142awa Brydniaka, Kapeli Ludowej \u201eGroblanie\u201d Sabiny Trojanowskiej, Micha\u0142a Go\u015b, Jerzego Kargula i Jerzego Kasperczyka, natomiast dyplomy przyznano dla Piotra Aksamita, Doroty Uranowskiej  i \u0141ukasza Wielocha. <\/p>\n<p>Laureaci konkursu KG HDK w Drwini pn. \u201eM\u0142odzi pisz\u0105 wiersze\u201d  odebrali z r\u0105k w\u00f3jta Gminy Drwinia i prezesa Stefana Stycznia okoliczno\u015bciowe dyplomu i upominki; miejsce I Bart\u0142omiej Machaj, II Magdalena Tomala, III Justyna Stycze\u0144 \u2013 uczniowie szk\u00f3\u0142 podstawowych i  miejsce I Estera Tomala uczennica gimnazjum oraz maj\u0105ce t\u0105 sam\u0105 liczb\u0119 punkt\u00f3w i miejsce II drugie; Patrycja Kmiecik, Joanna Jod\u0142owska, Bernadetta Majta, a nast\u0119pnie obecni laureaci wyrecytowali wiersze. Pod nieobecno\u015b\u0107 jednej z uczennic upominek odebra\u0142a dyrektor gimnazjum pani W\u0142adys\u0142awa Nowak.<\/p>\n<p>Prezes Stefan Stycze\u0144 odebra\u0142 z r\u0105k Jana Paj\u0105ka okoliczno\u015bciowe podzi\u0119kowania i upominki dla Klubu \u2013 5 kamizelek klubowych, natomiast  Jerzy Kornaus przekaza\u0142 podzi\u0119kowania dla prezesa Stefana Stycznia, zast\u0119pcy w\u00f3jta Gminy Drwinia Mateusza Kracika i dyplom dla Klubu \u201eZas\u0142u\u017conego Honorowego Dawcy Krwi\u201d.<\/p>\n<p>Po oficjalnej cz\u0119\u015bci uczestnicy spotkania mogli przy d\u017awi\u0119kach muzyki zaproszonej Kapeli skosztowa\u0107 pocz\u0119stunku oraz zata\u0144czy\u0107 na ludow\u0105 nut\u0119. Spotkanie odby\u0142o si\u0119 w bardzo mi\u0142ej atmosferze z udzia\u0142em oko\u0142o 70 os\u00f3b. Zarz\u0105d GK HDK PCK  w Drwini sk\u0142ada serdeczne podzi\u0119kowania wszystkim tym, kt\u00f3rzy zaanga\u017cowali si\u0119 w przygotowanie uroczysto\u015bci oraz sponsorom.<\/p>\n<p>W najbli\u017csz\u0105 sobot\u0119 w O\u015brodku Zdrowia w Dziewinie w godz. 10-14 b\u0119dzie mia\u0142a kolejna i zarazem ostatnia ju\u017c w tym  roku akcja oddawania krwi na kt\u00f3r\u0105 zaprasza Zarz\u0105d Klubu HDK w Drwini.<\/p>\n<p> Opracowa\u0142: Leszek Machaj<\/p>\n\t  \r\n\t\r\n\t    <div class=\"mb-gallery\">\r\n\t    <a href=\"https:\/\/www.mojabochnia.pl\/?attachment_id=100878\" class=\"\"><img loading=\"lazy\" decoding=\"async\" width=\"100\" height=\"56\" src=\"https:\/\/www.mojabochnia.pl\/wp-content\/uploads\/2013\/11\/DSC08884-120x67.jpg\" class=\"attachment-100x100 size-100x100\" alt=\"\" srcset=\"https:\/\/www.mojabochnia.pl\/wp-content\/uploads\/2013\/11\/DSC08884-120x67.jpg 120w, https:\/\/www.mojabochnia.pl\/wp-content\/uploads\/2013\/11\/DSC08884-468x263.jpg 468w, https:\/\/www.mojabochnia.pl\/wp-content\/uploads\/2013\/11\/DSC08884-660x371.jpg 660w, https:\/\/www.mojabochnia.pl\/wp-content\/uploads\/2013\/11\/DSC08884.jpg 800w\" sizes=\"auto, (max-width: 100px) 100vw, 100px\" \/><\/a><a href=\"https:\/\/www.mojabochnia.pl\/?attachment_id=100879\" class=\"\"><img loading=\"lazy\" decoding=\"async\" width=\"100\" height=\"56\" src=\"https:\/\/www.mojabochnia.pl\/wp-content\/uploads\/2013\/11\/DSC08887-120x67.jpg\" class=\"attachment-100x100 size-100x100\" alt=\"\" srcset=\"https:\/\/www.mojabochnia.pl\/wp-content\/uploads\/2013\/11\/DSC08887-120x67.jpg 120w, https:\/\/www.mojabochnia.pl\/wp-content\/uploads\/2013\/11\/DSC08887-468x263.jpg 468w, https:\/\/www.mojabochnia.pl\/wp-content\/uploads\/2013\/11\/DSC08887-660x371.jpg 660w, https:\/\/www.mojabochnia.pl\/wp-content\/uploads\/2013\/11\/DSC08887.jpg 800w\" sizes=\"auto, (max-width: 100px) 100vw, 100px\" \/><\/a><a href=\"https:\/\/www.mojabochnia.pl\/?attachment_id=100880\" class=\"\"><img loading=\"lazy\" decoding=\"async\" width=\"100\" height=\"56\" src=\"https:\/\/www.mojabochnia.pl\/wp-content\/uploads\/2013\/11\/DSC08891-120x67.jpg\" class=\"attachment-100x100 size-100x100\" alt=\"\" srcset=\"https:\/\/www.mojabochnia.pl\/wp-content\/uploads\/2013\/11\/DSC08891-120x67.jpg 120w, https:\/\/www.mojabochnia.pl\/wp-content\/uploads\/2013\/11\/DSC08891-468x263.jpg 468w, https:\/\/www.mojabochnia.pl\/wp-content\/uploads\/2013\/11\/DSC08891-660x371.jpg 660w, https:\/\/www.mojabochnia.pl\/wp-content\/uploads\/2013\/11\/DSC08891.jpg 800w\" sizes=\"auto, (max-width: 100px) 100vw, 100px\" \/><\/a><a href=\"https:\/\/www.mojabochnia.pl\/?attachment_id=100881\" class=\"\"><img loading=\"lazy\" decoding=\"async\" width=\"100\" height=\"56\" src=\"https:\/\/www.mojabochnia.pl\/wp-content\/uploads\/2013\/11\/DSC08904-120x67.jpg\" class=\"attachment-100x100 size-100x100\" alt=\"\" srcset=\"https:\/\/www.mojabochnia.pl\/wp-content\/uploads\/2013\/11\/DSC08904-120x67.jpg 120w, https:\/\/www.mojabochnia.pl\/wp-content\/uploads\/2013\/11\/DSC08904-468x263.jpg 468w, https:\/\/www.mojabochnia.pl\/wp-content\/uploads\/2013\/11\/DSC08904-660x371.jpg 660w, https:\/\/www.mojabochnia.pl\/wp-content\/uploads\/2013\/11\/DSC08904.jpg 800w\" sizes=\"auto, (max-width: 100px) 100vw, 100px\" \/><\/a><a href=\"https:\/\/www.mojabochnia.pl\/?attachment_id=100882\" class=\"\"><img loading=\"lazy\" decoding=\"async\" width=\"100\" height=\"56\" src=\"https:\/\/www.mojabochnia.pl\/wp-content\/uploads\/2013\/11\/DSC08912-120x67.jpg\" class=\"attachment-100x100 size-100x100\" alt=\"\" srcset=\"https:\/\/www.mojabochnia.pl\/wp-content\/uploads\/2013\/11\/DSC08912-120x67.jpg 120w, https:\/\/www.mojabochnia.pl\/wp-content\/uploads\/2013\/11\/DSC08912-468x263.jpg 468w, https:\/\/www.mojabochnia.pl\/wp-content\/uploads\/2013\/11\/DSC08912-660x371.jpg 660w, https:\/\/www.mojabochnia.pl\/wp-content\/uploads\/2013\/11\/DSC08912.jpg 800w\" sizes=\"auto, (max-width: 100px) 100vw, 100px\" \/><\/a><a href=\"https:\/\/www.mojabochnia.pl\/?attachment_id=100883\" class=\"\"><img loading=\"lazy\" decoding=\"async\" width=\"100\" height=\"56\" src=\"https:\/\/www.mojabochnia.pl\/wp-content\/uploads\/2013\/11\/DSC08927-120x67.jpg\" class=\"attachment-100x100 size-100x100\" alt=\"\" srcset=\"https:\/\/www.mojabochnia.pl\/wp-content\/uploads\/2013\/11\/DSC08927-120x67.jpg 120w, https:\/\/www.mojabochnia.pl\/wp-content\/uploads\/2013\/11\/DSC08927-468x263.jpg 468w, https:\/\/www.mojabochnia.pl\/wp-content\/uploads\/2013\/11\/DSC08927-660x371.jpg 660w, https:\/\/www.mojabochnia.pl\/wp-content\/uploads\/2013\/11\/DSC08927.jpg 800w\" sizes=\"auto, (max-width: 100px) 100vw, 100px\" \/><\/a><a href=\"https:\/\/www.mojabochnia.pl\/?attachment_id=100884\" class=\"\"><img loading=\"lazy\" decoding=\"async\" width=\"100\" height=\"56\" src=\"https:\/\/www.mojabochnia.pl\/wp-content\/uploads\/2013\/11\/DSC08929-120x67.jpg\" class=\"attachment-100x100 size-100x100\" alt=\"\" srcset=\"https:\/\/www.mojabochnia.pl\/wp-content\/uploads\/2013\/11\/DSC08929-120x67.jpg 120w, https:\/\/www.mojabochnia.pl\/wp-content\/uploads\/2013\/11\/DSC08929-468x263.jpg 468w, https:\/\/www.mojabochnia.pl\/wp-content\/uploads\/2013\/11\/DSC08929-660x371.jpg 660w, https:\/\/www.mojabochnia.pl\/wp-content\/uploads\/2013\/11\/DSC08929.jpg 800w\" sizes=\"auto, (max-width: 100px) 100vw, 100px\" \/><\/a><a href=\"https:\/\/www.mojabochnia.pl\/?attachment_id=100885\" class=\"\"><img loading=\"lazy\" decoding=\"async\" width=\"100\" height=\"56\" src=\"https:\/\/www.mojabochnia.pl\/wp-content\/uploads\/2013\/11\/DSC08940-120x67.jpg\" class=\"attachment-100x100 size-100x100\" alt=\"\" srcset=\"https:\/\/www.mojabochnia.pl\/wp-content\/uploads\/2013\/11\/DSC08940-120x67.jpg 120w, https:\/\/www.mojabochnia.pl\/wp-content\/uploads\/2013\/11\/DSC08940-468x263.jpg 468w, https:\/\/www.mojabochnia.pl\/wp-content\/uploads\/2013\/11\/DSC08940-660x371.jpg 660w, https:\/\/www.mojabochnia.pl\/wp-content\/uploads\/2013\/11\/DSC08940.jpg 800w\" sizes=\"auto, (max-width: 100px) 100vw, 100px\" \/><\/a><a href=\"https:\/\/www.mojabochnia.pl\/?attachment_id=100886\" class=\"\"><img loading=\"lazy\" decoding=\"async\" width=\"100\" height=\"56\" src=\"https:\/\/www.mojabochnia.pl\/wp-content\/uploads\/2013\/11\/DSC08942-120x67.jpg\" class=\"attachment-100x100 size-100x100\" alt=\"\" srcset=\"https:\/\/www.mojabochnia.pl\/wp-content\/uploads\/2013\/11\/DSC08942-120x67.jpg 120w, https:\/\/www.mojabochnia.pl\/wp-content\/uploads\/2013\/11\/DSC08942-468x263.jpg 468w, https:\/\/www.mojabochnia.pl\/wp-content\/uploads\/2013\/11\/DSC08942-660x371.jpg 660w, https:\/\/www.mojabochnia.pl\/wp-content\/uploads\/2013\/11\/DSC08942.jpg 800w\" sizes=\"auto, (max-width: 100px) 100vw, 100px\" \/><\/a><a href=\"https:\/\/www.mojabochnia.pl\/?attachment_id=100887\" class=\"\"><img loading=\"lazy\" decoding=\"async\" width=\"100\" height=\"56\" src=\"https:\/\/www.mojabochnia.pl\/wp-content\/uploads\/2013\/11\/DSC08945-120x67.jpg\" class=\"attachment-100x100 size-100x100\" alt=\"\" srcset=\"https:\/\/www.mojabochnia.pl\/wp-content\/uploads\/2013\/11\/DSC08945-120x67.jpg 120w, https:\/\/www.mojabochnia.pl\/wp-content\/uploads\/2013\/11\/DSC08945-468x263.jpg 468w, https:\/\/www.mojabochnia.pl\/wp-content\/uploads\/2013\/11\/DSC08945-660x371.jpg 660w, https:\/\/www.mojabochnia.pl\/wp-content\/uploads\/2013\/11\/DSC08945.jpg 800w\" sizes=\"auto, (max-width: 100px) 100vw, 100px\" \/><\/a><a href=\"https:\/\/www.mojabochnia.pl\/?attachment_id=100888\" class=\"\"><img loading=\"lazy\" decoding=\"async\" width=\"100\" height=\"56\" src=\"https:\/\/www.mojabochnia.pl\/wp-content\/uploads\/2013\/11\/DSC08960-120x67.jpg\" class=\"attachment-100x100 size-100x100\" alt=\"\" srcset=\"https:\/\/www.mojabochnia.pl\/wp-content\/uploads\/2013\/11\/DSC08960-120x67.jpg 120w, https:\/\/www.mojabochnia.pl\/wp-content\/uploads\/2013\/11\/DSC08960-468x263.jpg 468w, https:\/\/www.mojabochnia.pl\/wp-content\/uploads\/2013\/11\/DSC08960-660x371.jpg 660w, https:\/\/www.mojabochnia.pl\/wp-content\/uploads\/2013\/11\/DSC08960.jpg 800w\" sizes=\"auto, (max-width: 100px) 100vw, 100px\" \/><\/a><a href=\"https:\/\/www.mojabochnia.pl\/?attachment_id=100889\" class=\"\"><img loading=\"lazy\" decoding=\"async\" width=\"100\" height=\"56\" src=\"https:\/\/www.mojabochnia.pl\/wp-content\/uploads\/2013\/11\/DSC08966-120x67.jpg\" class=\"attachment-100x100 size-100x100\" alt=\"\" srcset=\"https:\/\/www.mojabochnia.pl\/wp-content\/uploads\/2013\/11\/DSC08966-120x67.jpg 120w, https:\/\/www.mojabochnia.pl\/wp-content\/uploads\/2013\/11\/DSC08966-468x263.jpg 468w, https:\/\/www.mojabochnia.pl\/wp-content\/uploads\/2013\/11\/DSC08966-660x371.jpg 660w, https:\/\/www.mojabochnia.pl\/wp-content\/uploads\/2013\/11\/DSC08966.jpg 800w\" sizes=\"auto, (max-width: 100px) 100vw, 100px\" \/><\/a><a href=\"https:\/\/www.mojabochnia.pl\/?attachment_id=100890\" class=\"\"><img loading=\"lazy\" decoding=\"async\" width=\"100\" height=\"56\" src=\"https:\/\/www.mojabochnia.pl\/wp-content\/uploads\/2013\/11\/DSC08987-120x67.jpg\" class=\"attachment-100x100 size-100x100\" alt=\"\" srcset=\"https:\/\/www.mojabochnia.pl\/wp-content\/uploads\/2013\/11\/DSC08987-120x67.jpg 120w, https:\/\/www.mojabochnia.pl\/wp-content\/uploads\/2013\/11\/DSC08987-468x263.jpg 468w, https:\/\/www.mojabochnia.pl\/wp-content\/uploads\/2013\/11\/DSC08987-660x371.jpg 660w, https:\/\/www.mojabochnia.pl\/wp-content\/uploads\/2013\/11\/DSC08987.jpg 800w\" sizes=\"auto, (max-width: 100px) 100vw, 100px\" \/><\/a><a href=\"https:\/\/www.mojabochnia.pl\/?attachment_id=100891\" class=\"\"><img loading=\"lazy\" decoding=\"async\" width=\"100\" height=\"56\" src=\"https:\/\/www.mojabochnia.pl\/wp-content\/uploads\/2013\/11\/DSC09003-120x67.jpg\" class=\"attachment-100x100 size-100x100\" alt=\"\" srcset=\"https:\/\/www.mojabochnia.pl\/wp-content\/uploads\/2013\/11\/DSC09003-120x67.jpg 120w, https:\/\/www.mojabochnia.pl\/wp-content\/uploads\/2013\/11\/DSC09003-468x263.jpg 468w, https:\/\/www.mojabochnia.pl\/wp-content\/uploads\/2013\/11\/DSC09003-660x371.jpg 660w, https:\/\/www.mojabochnia.pl\/wp-content\/uploads\/2013\/11\/DSC09003.jpg 800w\" sizes=\"auto, (max-width: 100px) 100vw, 100px\" \/><\/a><a href=\"https:\/\/www.mojabochnia.pl\/?attachment_id=100892\" class=\"\"><img loading=\"lazy\" decoding=\"async\" width=\"100\" height=\"56\" src=\"https:\/\/www.mojabochnia.pl\/wp-content\/uploads\/2013\/11\/DSC09007-120x67.jpg\" class=\"attachment-100x100 size-100x100\" alt=\"\" srcset=\"https:\/\/www.mojabochnia.pl\/wp-content\/uploads\/2013\/11\/DSC09007-120x67.jpg 120w, https:\/\/www.mojabochnia.pl\/wp-content\/uploads\/2013\/11\/DSC09007-468x263.jpg 468w, https:\/\/www.mojabochnia.pl\/wp-content\/uploads\/2013\/11\/DSC09007-660x371.jpg 660w, https:\/\/www.mojabochnia.pl\/wp-content\/uploads\/2013\/11\/DSC09007.jpg 800w\" sizes=\"auto, (max-width: 100px) 100vw, 100px\" \/><\/a><a href=\"https:\/\/www.mojabochnia.pl\/?attachment_id=100893\" class=\"\"><img loading=\"lazy\" decoding=\"async\" width=\"100\" height=\"56\" src=\"https:\/\/www.mojabochnia.pl\/wp-content\/uploads\/2013\/11\/DSC09011-120x67.jpg\" class=\"attachment-100x100 size-100x100\" alt=\"\" srcset=\"https:\/\/www.mojabochnia.pl\/wp-content\/uploads\/2013\/11\/DSC09011-120x67.jpg 120w, https:\/\/www.mojabochnia.pl\/wp-content\/uploads\/2013\/11\/DSC09011-468x263.jpg 468w, https:\/\/www.mojabochnia.pl\/wp-content\/uploads\/2013\/11\/DSC09011-660x371.jpg 660w, https:\/\/www.mojabochnia.pl\/wp-content\/uploads\/2013\/11\/DSC09011.jpg 800w\" sizes=\"auto, (max-width: 100px) 100vw, 100px\" \/><\/a><a href=\"https:\/\/www.mojabochnia.pl\/?attachment_id=100894\" class=\"\"><img loading=\"lazy\" decoding=\"async\" width=\"100\" height=\"56\" src=\"https:\/\/www.mojabochnia.pl\/wp-content\/uploads\/2013\/11\/DSC09017-120x67.jpg\" class=\"attachment-100x100 size-100x100\" alt=\"\" srcset=\"https:\/\/www.mojabochnia.pl\/wp-content\/uploads\/2013\/11\/DSC09017-120x67.jpg 120w, https:\/\/www.mojabochnia.pl\/wp-content\/uploads\/2013\/11\/DSC09017-468x263.jpg 468w, https:\/\/www.mojabochnia.pl\/wp-content\/uploads\/2013\/11\/DSC09017-660x371.jpg 660w, https:\/\/www.mojabochnia.pl\/wp-content\/uploads\/2013\/11\/DSC09017.jpg 800w\" sizes=\"auto, (max-width: 100px) 100vw, 100px\" \/><\/a><a href=\"https:\/\/www.mojabochnia.pl\/?attachment_id=100895\" class=\"\"><img loading=\"lazy\" decoding=\"async\" width=\"100\" height=\"56\" src=\"https:\/\/www.mojabochnia.pl\/wp-content\/uploads\/2013\/11\/DSC09024-120x67.jpg\" class=\"attachment-100x100 size-100x100\" alt=\"\" srcset=\"https:\/\/www.mojabochnia.pl\/wp-content\/uploads\/2013\/11\/DSC09024-120x67.jpg 120w, https:\/\/www.mojabochnia.pl\/wp-content\/uploads\/2013\/11\/DSC09024-468x263.jpg 468w, https:\/\/www.mojabochnia.pl\/wp-content\/uploads\/2013\/11\/DSC09024-660x371.jpg 660w, https:\/\/www.mojabochnia.pl\/wp-content\/uploads\/2013\/11\/DSC09024.jpg 800w\" sizes=\"auto, (max-width: 100px) 100vw, 100px\" \/><\/a><a href=\"https:\/\/www.mojabochnia.pl\/?attachment_id=100896\" class=\"\"><img loading=\"lazy\" decoding=\"async\" width=\"100\" height=\"56\" src=\"https:\/\/www.mojabochnia.pl\/wp-content\/uploads\/2013\/11\/DSC09026-120x67.jpg\" class=\"attachment-100x100 size-100x100\" alt=\"\" srcset=\"https:\/\/www.mojabochnia.pl\/wp-content\/uploads\/2013\/11\/DSC09026-120x67.jpg 120w, https:\/\/www.mojabochnia.pl\/wp-content\/uploads\/2013\/11\/DSC09026-468x263.jpg 468w, https:\/\/www.mojabochnia.pl\/wp-content\/uploads\/2013\/11\/DSC09026-660x371.jpg 660w, https:\/\/www.mojabochnia.pl\/wp-content\/uploads\/2013\/11\/DSC09026.jpg 800w\" sizes=\"auto, (max-width: 100px) 100vw, 100px\" \/><\/a><a href=\"https:\/\/www.mojabochnia.pl\/?attachment_id=100897\" class=\"\"><img loading=\"lazy\" decoding=\"async\" width=\"100\" height=\"56\" src=\"https:\/\/www.mojabochnia.pl\/wp-content\/uploads\/2013\/11\/DSC09031-120x67.jpg\" class=\"attachment-100x100 size-100x100\" alt=\"\" srcset=\"https:\/\/www.mojabochnia.pl\/wp-content\/uploads\/2013\/11\/DSC09031-120x67.jpg 120w, https:\/\/www.mojabochnia.pl\/wp-content\/uploads\/2013\/11\/DSC09031-468x263.jpg 468w, https:\/\/www.mojabochnia.pl\/wp-content\/uploads\/2013\/11\/DSC09031-660x371.jpg 660w, https:\/\/www.mojabochnia.pl\/wp-content\/uploads\/2013\/11\/DSC09031.jpg 800w\" sizes=\"auto, (max-width: 100px) 100vw, 100px\" \/><\/a>\t    <\/div>\r\n\t    ","protected":false},"excerpt":{"rendered":"<p>24 listopada w Zespole Szkolno-Przedszkolnym w Mikluszowicach odby\u0142a si\u0119 uroczysto\u015b\u0107 zwi\u0105zana z Dniami Honorowego Krwiodawstwa Polskiego Czerwonego Krzy\u017ca zorganizowana przez Gminny Klub Honorowych Dawc\u00f3w Krwi w Drwini.<\/p>\n","protected":false},"author":13,"featured_media":0,"comment_status":"open","ping_status":"closed","sticky":false,"template":"","format":"standard","meta":{"_acf_changed":false,"footnotes":""},"categories":[5,6247,6246,6251,6250],"tags":[17214,709,17718,17196],"class_list":["post-100875","post","type-post","status-publish","format-standard","hentry","category-biezace-wydarzenia","category-fotogaleria","category-medium","category-polityka-i-wydarzenia","category-tematyka","tag-drwinia","tag-dziewin","tag-krew","tag-krwiodawstwo","main_tag-krew"],"acf":[],"yoast_head":"<!-- This site is optimized with the Yoast SEO plugin v26.9 - https:\/\/yoast.com\/product\/yoast-seo-wordpress\/ -->\n<title>Mikluszowice: podsumowali akcj\u0119 krwiodawstwa - mojabochnia.pl - portal informacyjny<\/title>\n<meta name=\"robots\" content=\"index, follow, max-snippet:-1, max-image-preview:large, max-video-preview:-1\" \/>\n<link rel=\"canonical\" href=\"https:\/\/www.mojabochnia.pl\/?p=100875\" \/>\n<meta property=\"og:locale\" content=\"pl_PL\" \/>\n<meta property=\"og:type\" content=\"article\" \/>\n<meta property=\"og:title\" content=\"Mikluszowice: podsumowali akcj\u0119 krwiodawstwa - mojabochnia.pl - portal informacyjny\" \/>\n<meta property=\"og:description\" content=\"24 listopada w Zespole Szkolno-Przedszkolnym w Mikluszowicach odby\u0142a si\u0119 uroczysto\u015b\u0107 zwi\u0105zana z Dniami Honorowego Krwiodawstwa Polskiego Czerwonego Krzy\u017ca zorganizowana przez Gminny Klub Honorowych Dawc\u00f3w Krwi w Drwini.\" \/>\n<meta property=\"og:url\" content=\"https:\/\/www.mojabochnia.pl\/?p=100875\" \/>\n<meta property=\"og:site_name\" content=\"mojabochnia.pl - portal informacyjny\" \/>\n<meta property=\"article:publisher\" content=\"https:\/\/www.facebook.com\/mojabochnia\" \/>\n<meta property=\"article:published_time\" content=\"2013-11-27T10:23:03+00:00\" \/>\n<meta property=\"article:modified_time\" content=\"2013-11-27T11:40:12+00:00\" \/>\n<meta name=\"author\" content=\"redakcja\" \/>\n<meta name=\"twitter:card\" content=\"summary_large_image\" \/>\n<meta name=\"twitter:label1\" content=\"Written by\" \/>\n\t<meta name=\"twitter:data1\" content=\"redakcja\" \/>\n\t<meta name=\"twitter:label2\" content=\"Est. reading time\" \/>\n\t<meta name=\"twitter:data2\" content=\"3 minuty\" \/>\n<script type=\"application\/ld+json\" class=\"yoast-schema-graph\">{\"@context\":\"https:\/\/schema.org\",\"@graph\":[{\"@type\":\"Article\",\"@id\":\"https:\/\/www.mojabochnia.pl\/?p=100875#article\",\"isPartOf\":{\"@id\":\"https:\/\/www.mojabochnia.pl\/?p=100875\"},\"author\":{\"name\":\"redakcja\",\"@id\":\"https:\/\/www.mojabochnia.pl\/#\/schema\/person\/7e2f20ead9902216a3384f13606c0ab7\"},\"headline\":\"Mikluszowice: podsumowali akcj\u0119 krwiodawstwa\",\"datePublished\":\"2013-11-27T10:23:03+00:00\",\"dateModified\":\"2013-11-27T11:40:12+00:00\",\"mainEntityOfPage\":{\"@id\":\"https:\/\/www.mojabochnia.pl\/?p=100875\"},\"wordCount\":688,\"commentCount\":0,\"publisher\":{\"@id\":\"https:\/\/www.mojabochnia.pl\/#organization\"},\"keywords\":[\"Drwinia\",\"dziewin\",\"krew\",\"krwiodawstwo\"],\"articleSection\":[\"2_ostatnie\",\"fotogaleria\",\"Medium\",\"polityka i wydarzenia\",\"tematyka\"],\"inLanguage\":\"pl-PL\",\"potentialAction\":[{\"@type\":\"CommentAction\",\"name\":\"Comment\",\"target\":[\"https:\/\/www.mojabochnia.pl\/?p=100875#respond\"]}]},{\"@type\":\"WebPage\",\"@id\":\"https:\/\/www.mojabochnia.pl\/?p=100875\",\"url\":\"https:\/\/www.mojabochnia.pl\/?p=100875\",\"name\":\"Mikluszowice: podsumowali akcj\u0119 krwiodawstwa - mojabochnia.pl - portal informacyjny\",\"isPartOf\":{\"@id\":\"https:\/\/www.mojabochnia.pl\/#website\"},\"datePublished\":\"2013-11-27T10:23:03+00:00\",\"dateModified\":\"2013-11-27T11:40:12+00:00\",\"breadcrumb\":{\"@id\":\"https:\/\/www.mojabochnia.pl\/?p=100875#breadcrumb\"},\"inLanguage\":\"pl-PL\",\"potentialAction\":[{\"@type\":\"ReadAction\",\"target\":[\"https:\/\/www.mojabochnia.pl\/?p=100875\"]}]},{\"@type\":\"BreadcrumbList\",\"@id\":\"https:\/\/www.mojabochnia.pl\/?p=100875#breadcrumb\",\"itemListElement\":[{\"@type\":\"ListItem\",\"position\":1,\"name\":\"Home\",\"item\":\"https:\/\/www.mojabochnia.pl\/\"},{\"@type\":\"ListItem\",\"position\":2,\"name\":\"Mikluszowice: podsumowali akcj\u0119 krwiodawstwa\"}]},{\"@type\":\"WebSite\",\"@id\":\"https:\/\/www.mojabochnia.pl\/#website\",\"url\":\"https:\/\/www.mojabochnia.pl\/\",\"name\":\"mojabochnia.pl - portal informacyjny\",\"description\":\"mojaBochnia to portal informacyjny o Bochni. Codziennie o Bochni piszemy i pokazujemy najwa\u017cniejsze wydarzenia\",\"publisher\":{\"@id\":\"https:\/\/www.mojabochnia.pl\/#organization\"},\"potentialAction\":[{\"@type\":\"SearchAction\",\"target\":{\"@type\":\"EntryPoint\",\"urlTemplate\":\"https:\/\/www.mojabochnia.pl\/?s={search_term_string}\"},\"query-input\":{\"@type\":\"PropertyValueSpecification\",\"valueRequired\":true,\"valueName\":\"search_term_string\"}}],\"inLanguage\":\"pl-PL\"},{\"@type\":\"Organization\",\"@id\":\"https:\/\/www.mojabochnia.pl\/#organization\",\"name\":\"mojabochnia.pl - portal informacyjny\",\"url\":\"https:\/\/www.mojabochnia.pl\/\",\"logo\":{\"@type\":\"ImageObject\",\"inLanguage\":\"pl-PL\",\"@id\":\"https:\/\/www.mojabochnia.pl\/#\/schema\/logo\/image\/\",\"url\":\"https:\/\/www.mojabochnia.pl\/wp-content\/uploads\/2017\/08\/logo-mb-opt.png\",\"contentUrl\":\"https:\/\/www.mojabochnia.pl\/wp-content\/uploads\/2017\/08\/logo-mb-opt.png\",\"width\":250,\"height\":48,\"caption\":\"mojabochnia.pl - portal informacyjny\"},\"image\":{\"@id\":\"https:\/\/www.mojabochnia.pl\/#\/schema\/logo\/image\/\"},\"sameAs\":[\"https:\/\/www.facebook.com\/mojabochnia\"]},{\"@type\":\"Person\",\"@id\":\"https:\/\/www.mojabochnia.pl\/#\/schema\/person\/7e2f20ead9902216a3384f13606c0ab7\",\"name\":\"redakcja\",\"sameAs\":[\"http:\/\/\"],\"url\":\"https:\/\/www.mojabochnia.pl\/?author=13\"}]}<\/script>\n<!-- \/ Yoast SEO plugin. -->","yoast_head_json":{"title":"Mikluszowice: podsumowali akcj\u0119 krwiodawstwa - mojabochnia.pl - portal informacyjny","robots":{"index":"index","follow":"follow","max-snippet":"max-snippet:-1","max-image-preview":"max-image-preview:large","max-video-preview":"max-video-preview:-1"},"canonical":"https:\/\/www.mojabochnia.pl\/?p=100875","og_locale":"pl_PL","og_type":"article","og_title":"Mikluszowice: podsumowali akcj\u0119 krwiodawstwa - mojabochnia.pl - portal informacyjny","og_description":"24 listopada w Zespole Szkolno-Przedszkolnym w Mikluszowicach odby\u0142a si\u0119 uroczysto\u015b\u0107 zwi\u0105zana z Dniami Honorowego Krwiodawstwa Polskiego Czerwonego Krzy\u017ca zorganizowana przez Gminny Klub Honorowych Dawc\u00f3w Krwi w Drwini.","og_url":"https:\/\/www.mojabochnia.pl\/?p=100875","og_site_name":"mojabochnia.pl - portal informacyjny","article_publisher":"https:\/\/www.facebook.com\/mojabochnia","article_published_time":"2013-11-27T10:23:03+00:00","article_modified_time":"2013-11-27T11:40:12+00:00","author":"redakcja","twitter_card":"summary_large_image","twitter_misc":{"Written by":"redakcja","Est. reading time":"3 minuty"},"schema":{"@context":"https:\/\/schema.org","@graph":[{"@type":"Article","@id":"https:\/\/www.mojabochnia.pl\/?p=100875#article","isPartOf":{"@id":"https:\/\/www.mojabochnia.pl\/?p=100875"},"author":{"name":"redakcja","@id":"https:\/\/www.mojabochnia.pl\/#\/schema\/person\/7e2f20ead9902216a3384f13606c0ab7"},"headline":"Mikluszowice: podsumowali akcj\u0119 krwiodawstwa","datePublished":"2013-11-27T10:23:03+00:00","dateModified":"2013-11-27T11:40:12+00:00","mainEntityOfPage":{"@id":"https:\/\/www.mojabochnia.pl\/?p=100875"},"wordCount":688,"commentCount":0,"publisher":{"@id":"https:\/\/www.mojabochnia.pl\/#organization"},"keywords":["Drwinia","dziewin","krew","krwiodawstwo"],"articleSection":["2_ostatnie","fotogaleria","Medium","polityka i wydarzenia","tematyka"],"inLanguage":"pl-PL","potentialAction":[{"@type":"CommentAction","name":"Comment","target":["https:\/\/www.mojabochnia.pl\/?p=100875#respond"]}]},{"@type":"WebPage","@id":"https:\/\/www.mojabochnia.pl\/?p=100875","url":"https:\/\/www.mojabochnia.pl\/?p=100875","name":"Mikluszowice: podsumowali akcj\u0119 krwiodawstwa - mojabochnia.pl - portal informacyjny","isPartOf":{"@id":"https:\/\/www.mojabochnia.pl\/#website"},"datePublished":"2013-11-27T10:23:03+00:00","dateModified":"2013-11-27T11:40:12+00:00","breadcrumb":{"@id":"https:\/\/www.mojabochnia.pl\/?p=100875#breadcrumb"},"inLanguage":"pl-PL","potentialAction":[{"@type":"ReadAction","target":["https:\/\/www.mojabochnia.pl\/?p=100875"]}]},{"@type":"BreadcrumbList","@id":"https:\/\/www.mojabochnia.pl\/?p=100875#breadcrumb","itemListElement":[{"@type":"ListItem","position":1,"name":"Home","item":"https:\/\/www.mojabochnia.pl\/"},{"@type":"ListItem","position":2,"name":"Mikluszowice: podsumowali akcj\u0119 krwiodawstwa"}]},{"@type":"WebSite","@id":"https:\/\/www.mojabochnia.pl\/#website","url":"https:\/\/www.mojabochnia.pl\/","name":"mojabochnia.pl - portal informacyjny","description":"mojaBochnia to portal informacyjny o Bochni. Codziennie o Bochni piszemy i pokazujemy najwa\u017cniejsze wydarzenia","publisher":{"@id":"https:\/\/www.mojabochnia.pl\/#organization"},"potentialAction":[{"@type":"SearchAction","target":{"@type":"EntryPoint","urlTemplate":"https:\/\/www.mojabochnia.pl\/?s={search_term_string}"},"query-input":{"@type":"PropertyValueSpecification","valueRequired":true,"valueName":"search_term_string"}}],"inLanguage":"pl-PL"},{"@type":"Organization","@id":"https:\/\/www.mojabochnia.pl\/#organization","name":"mojabochnia.pl - portal informacyjny","url":"https:\/\/www.mojabochnia.pl\/","logo":{"@type":"ImageObject","inLanguage":"pl-PL","@id":"https:\/\/www.mojabochnia.pl\/#\/schema\/logo\/image\/","url":"https:\/\/www.mojabochnia.pl\/wp-content\/uploads\/2017\/08\/logo-mb-opt.png","contentUrl":"https:\/\/www.mojabochnia.pl\/wp-content\/uploads\/2017\/08\/logo-mb-opt.png","width":250,"height":48,"caption":"mojabochnia.pl - portal informacyjny"},"image":{"@id":"https:\/\/www.mojabochnia.pl\/#\/schema\/logo\/image\/"},"sameAs":["https:\/\/www.facebook.com\/mojabochnia"]},{"@type":"Person","@id":"https:\/\/www.mojabochnia.pl\/#\/schema\/person\/7e2f20ead9902216a3384f13606c0ab7","name":"redakcja","sameAs":["http:\/\/"],"url":"https:\/\/www.mojabochnia.pl\/?author=13"}]}},"_links":{"self":[{"href":"https:\/\/www.mojabochnia.pl\/index.php?rest_route=\/wp\/v2\/posts\/100875","targetHints":{"allow":["GET"]}}],"collection":[{"href":"https:\/\/www.mojabochnia.pl\/index.php?rest_route=\/wp\/v2\/posts"}],"about":[{"href":"https:\/\/www.mojabochnia.pl\/index.php?rest_route=\/wp\/v2\/types\/post"}],"author":[{"embeddable":true,"href":"https:\/\/www.mojabochnia.pl\/index.php?rest_route=\/wp\/v2\/users\/13"}],"replies":[{"embeddable":true,"href":"https:\/\/www.mojabochnia.pl\/index.php?rest_route=%2Fwp%2Fv2%2Fcomments&post=100875"}],"version-history":[{"count":5,"href":"https:\/\/www.mojabochnia.pl\/index.php?rest_route=\/wp\/v2\/posts\/100875\/revisions"}],"predecessor-version":[{"id":100914,"href":"https:\/\/www.mojabochnia.pl\/index.php?rest_route=\/wp\/v2\/posts\/100875\/revisions\/100914"}],"wp:attachment":[{"href":"https:\/\/www.mojabochnia.pl\/index.php?rest_route=%2Fwp%2Fv2%2Fmedia&parent=100875"}],"wp:term":[{"taxonomy":"category","embeddable":true,"href":"https:\/\/www.mojabochnia.pl\/index.php?rest_route=%2Fwp%2Fv2%2Fcategories&post=100875"},{"taxonomy":"post_tag","embeddable":true,"href":"https:\/\/www.mojabochnia.pl\/index.php?rest_route=%2Fwp%2Fv2%2Ftags&post=100875"}],"curies":[{"name":"wp","href":"https:\/\/api.w.org\/{rel}","templated":true}]}}