{"id":100843,"date":"2013-11-26T20:26:03","date_gmt":"2013-11-26T19:26:03","guid":{"rendered":"http:\/\/www.mojabochnia.pl\/?p=100843"},"modified":"2013-11-26T20:40:37","modified_gmt":"2013-11-26T19:40:37","slug":"byli-burmistrzowie-spotkali-sie-w-sadzie","status":"publish","type":"post","link":"https:\/\/www.mojabochnia.pl\/?p=100843","title":{"rendered":"Byli burmistrzowie spotkali si\u0119 w s\u0105dzie"},"content":{"rendered":"<p><em>Pan Cholewa zarzuca panu Kosturkiewiczowi, \u017ce w listopadzie 2012 r. podczas posiedzenia jednej z komisji rady miejskiej w Bochni nazwa\u0142 go \u201ek\u0142amc\u0105, bezczelnym k\u0142amc\u0105 i oszustem\u201d, kt\u00f3re to post\u0105pienie mog\u0142o narazi\u0107 pana Cholew\u0119 na utrat\u0119 zaufania koniecznego do wykonywania mandatu radnego, a nadto poni\u017cy\u0107 go w opinii publicznej<\/em> \u2013 m\u00f3wi Tomasz Kozio\u0142, rzecznik prasowy S\u0105du Okr\u0119gowego w Tarnowie. Sprawa toczy si\u0119 w wydziale karnym S\u0105du Rejonowego w Brzesku z art. 212 kodeksu karnego. <\/p>\n<p>Do rzeczonego zaj\u015bcia dosz\u0142o 27 listopada 2012 r. na posiedzeniu komisji rewizyjnej. Posz\u0142o o to, kogo reprezentowa\u0142a radczyni prawna magistratu przed s\u0105dem w My\u015blenicach 20 marca 2007 r., gdy dosz\u0142o do zmiany stanowiska miasta w sprawie ugody dotycz\u0105cej kamienicy przy Placu \u015bw. Kingi 1. Inwestor, kt\u00f3ry kupi\u0142 kamienic\u0119 <a href=\"http:\/\/www.mojabochnia.pl\/?p=47146\">uzna\u0142 ten fakt za zerwanie ugody<\/a> obliguj\u0105cej go do wykonania konkretnych inwestycji na rzecz miasta. <\/p>\n<p><em>Ka\u017cdy z Burmistrz\u00f3w podpisuje szereg delegacji, podobnie jak Pan Cholewa, i nikt nie zastanawia si\u0119 w jakim celu kto\u015b jedzie. Pan Cholewa co\u015b sugeruje, a on stwierdza, \u017ce informacje s\u0105 nieprawdziwe i ka\u017cdego kto powie, \u017ce pani Stanis\u0142awa Dziadoszczyk informowa\u0142a [mnie \u2013 przyp. red.] w jakim celu jedzie do s\u0105du nazw\u0119 go k\u0142amc\u0105, bezczelnym k\u0142amc\u0105 i oszustem, je\u017celi chce pan abym pana tak nazwa\u0142 to zapraszam niech pan to powie<\/em> \u2013 m\u00f3wi\u0142 na posiedzeniu komisji rewizyjnej radny Bogdan Kosturkiewicz.<br \/>\nProsz\u0119 mnie tak nazwa\u0107, a ja b\u0119d\u0119 wiedzie\u0107 co z tym zrobi\u0107 \u2013 odpar\u0142 Wojciech Cholewa.<br \/>\n<em>Je\u017celi tak pan twierdzi, to znaczy \u017ce jest pan k\u0142amc\u0105<\/em> \u2013 kontynuowa\u0142 Kosturkiewicz.<br \/>\n<em>Wobec tego spotkamy si\u0119 w s\u0105dzie, mi\u0142ego spotkania <\/em>\u2013 spuentowa\u0142 Cholewa (cytaty za <a onclick=\"javascript:pageTracker._trackPageview('\/outgoing\/www.wrotamalopolski.pl\/NR\/rdonlyres\/4B363D05-BA53-4879-9C24-6F98DB81E01F\/1064024\/protokolkomisjirewizyjnej24271112.pdf');\"  href=\"https:\/\/www.wrotamalopolski.pl\/NR\/rdonlyres\/4B363D05-BA53-4879-9C24-6F98DB81E01F\/1064024\/protokolkomisjirewizyjnej24271112.pdf\">protoko\u0142em z posiedzenia komisji<\/a>).<\/p>\n<p>Post\u0119powanie toczy si\u0119 z wy\u0142\u0105czeniem jawno\u015bci. We wtorek 26 listopada zeznawali radni komisji rewizyjnej, dziennikarze oraz radczyni prawna magistratu Stanis\u0142awa Dziadoszczyk. Na poprzednim posiedzeniu zeznawali obaj byli burmistrzowie (posiedzenie pojednawcze nie przynios\u0142o pomy\u015blnego rezultatu). <em>Odnios\u0142em si\u0119 do tego, \u017ce Wojciech Cholewa stwierdzi\u0142, \u017ce pani Dziadoszczyk dysponowa\u0142a moim pe\u0142nomocnictwem w czasie rozprawy s\u0105dowej. Natomiast dowody jednoznacznie \u015bwiadcz\u0105 przeciwko panu Wojciechowi Cholewie, nawet pani Dziadoszczyk stwierdzi\u0142a, \u017ce dysponowa\u0142a pe\u0142nomocnictwem podpisanym przez pana Wojciecha Cholew\u0119<\/em> \u2013 m\u00f3wi Bogdan Kosturkiewicz. <\/p>\n<p>Radny PiS zgadza si\u0119 na u\u017cywanie jego pe\u0142nego nazwiska w tej sprawie. <em>Nie mam postawionych \u017cadnych zarzut\u00f3w ze strony prokuratury, jest to normalna sprawa, kt\u00f3ra si\u0119 toczy z oskar\u017cenia prywatnego. Prokuratura odnios\u0142a si\u0119 do zarzut\u00f3w Wojciecha Cholewy, kt\u00f3ry zeznawa\u0142 fa\u0142szywie. Wykaza\u0142em to nawet przed s\u0105dem, \u017ce w niekt\u00f3rych fragmentach zeznawa\u0142 fa\u0142szywie<\/em> &#8211; m\u00f3wi. <\/p>\n<p><em>On<\/em> [Wojciech Cholewa \u2013 przyp. red.] <em>czuje si\u0119 obra\u017cony faktem, \u017ce w kwestii dotycz\u0105cej spraw zwi\u0105zanych z pe\u0142nomocnictwem pani Dziadoszczyk oraz moj\u0105 wiedz\u0105 dotycz\u0105ca obecno\u015bci pani Dziadoszczyk w dniu 20 marca 2007 r. powiedzia\u0142em, \u017ce ka\u017cdy kto takie rzeczy m\u00f3wi, kto tak interpretuje te wydarzenia, jest k\u0142amc\u0105 i oszustem. I w s\u0105dzie to powt\u00f3rzy\u0142em <\/em>\u2013 dodaje Bogdan Kosturkiewicz. <\/p>\n<p>Rozprawa zosta\u0142a odroczona do 14 stycznia 2014 r. B\u0119d\u0105 w\u00f3wczas  przes\u0142uchiwani kolejni \u015bwiadkowie. <em>S\u0119dzia b\u0119dzie teraz bada\u0142 zgodno\u015b\u0107 protoko\u0142u z komisji, bo s\u0105 sprzeczno\u015bci w protokole i zapisie fonicznym <\/em>\u2013 m\u00f3wi radny Bogdan Kosturkiewicz. <\/p>\n<p>Delegacja Stanis\u0142awy Dziadoszczyk by\u0142a ju\u017c punktem spornym innego post\u0119powania s\u0105dowego. Wytoczy\u0142 je Bogdan Kosturkiewicz dziennikarce &#8222;Gazety Krakowskiej&#8221;, s\u0105d jednak <a href=\"http:\/\/www.mojabochnia.pl\/?p=70635\">nie podzieli\u0142 jego argumentacji<\/a> i w drugiej instancji podtrzyma\u0142 wyrok korzystny dla Ma\u0142gorzaty Wiecek-Cebuli. <\/p>\n","protected":false},"excerpt":{"rendered":"<p>Wojciech Cholewa i Bogdan Kosturkiewicz s\u0105 nie tylko po dw\u00f3ch stronach politycznej barykady, ale r\u00f3wnie\u017c s\u0105dowej wokandy. Dzisiaj odby\u0142a si\u0119 kolejna rozprawa w sprawie o znies\u0142awienie, jak\u0105 Bogdanowi Kosturkiewiczowi wytoczy\u0142 jego poprzednik. <\/p>\n","protected":false},"author":4,"featured_media":0,"comment_status":"open","ping_status":"closed","sticky":true,"template":"","format":"standard","meta":{"_acf_changed":false,"footnotes":""},"categories":[5,6251,6250],"tags":[17171,17294,17518,17340,1711,17199,13237],"class_list":["post-100843","post","type-post","status-publish","format-standard","hentry","category-biezace-wydarzenia","category-polityka-i-wydarzenia","category-tematyka","tag-bogdan-kosturkiewicz","tag-kamienica","tag-proces","tag-sad","tag-stanislawa-dziadoszczyk","tag-wojciech-cholewa","tag-znieslawienie","main_tag-kamienica"],"acf":[],"yoast_head":"<!-- This site is optimized with the Yoast SEO plugin v26.9 - https:\/\/yoast.com\/product\/yoast-seo-wordpress\/ -->\n<title>Byli burmistrzowie spotkali si\u0119 w s\u0105dzie - mojabochnia.pl - portal informacyjny<\/title>\n<meta name=\"robots\" content=\"index, follow, max-snippet:-1, max-image-preview:large, max-video-preview:-1\" \/>\n<link rel=\"canonical\" href=\"https:\/\/www.mojabochnia.pl\/?p=100843\" \/>\n<meta property=\"og:locale\" content=\"pl_PL\" \/>\n<meta property=\"og:type\" content=\"article\" \/>\n<meta property=\"og:title\" content=\"Byli burmistrzowie spotkali si\u0119 w s\u0105dzie - mojabochnia.pl - portal informacyjny\" \/>\n<meta property=\"og:description\" content=\"Wojciech Cholewa i Bogdan Kosturkiewicz s\u0105 nie tylko po dw\u00f3ch stronach politycznej barykady, ale r\u00f3wnie\u017c s\u0105dowej wokandy. Dzisiaj odby\u0142a si\u0119 kolejna rozprawa w sprawie o znies\u0142awienie, jak\u0105 Bogdanowi Kosturkiewiczowi wytoczy\u0142 jego poprzednik.\" \/>\n<meta property=\"og:url\" content=\"https:\/\/www.mojabochnia.pl\/?p=100843\" \/>\n<meta property=\"og:site_name\" content=\"mojabochnia.pl - portal informacyjny\" \/>\n<meta property=\"article:publisher\" content=\"https:\/\/www.facebook.com\/mojabochnia\" \/>\n<meta property=\"article:published_time\" content=\"2013-11-26T19:26:03+00:00\" \/>\n<meta property=\"article:modified_time\" content=\"2013-11-26T19:40:37+00:00\" \/>\n<meta name=\"author\" content=\"Pawe\u0142 Michalczyk\" \/>\n<meta name=\"twitter:card\" content=\"summary_large_image\" \/>\n<meta name=\"twitter:label1\" content=\"Written by\" \/>\n\t<meta name=\"twitter:data1\" content=\"Pawe\u0142 Michalczyk\" \/>\n\t<meta name=\"twitter:label2\" content=\"Est. reading time\" \/>\n\t<meta name=\"twitter:data2\" content=\"3 minuty\" \/>\n<script type=\"application\/ld+json\" class=\"yoast-schema-graph\">{\"@context\":\"https:\/\/schema.org\",\"@graph\":[{\"@type\":\"Article\",\"@id\":\"https:\/\/www.mojabochnia.pl\/?p=100843#article\",\"isPartOf\":{\"@id\":\"https:\/\/www.mojabochnia.pl\/?p=100843\"},\"author\":{\"name\":\"Pawe\u0142 Michalczyk\",\"@id\":\"https:\/\/www.mojabochnia.pl\/#\/schema\/person\/ea042e4724a77627963f02166828ead4\"},\"headline\":\"Byli burmistrzowie spotkali si\u0119 w s\u0105dzie\",\"datePublished\":\"2013-11-26T19:26:03+00:00\",\"dateModified\":\"2013-11-26T19:40:37+00:00\",\"mainEntityOfPage\":{\"@id\":\"https:\/\/www.mojabochnia.pl\/?p=100843\"},\"wordCount\":592,\"commentCount\":0,\"publisher\":{\"@id\":\"https:\/\/www.mojabochnia.pl\/#organization\"},\"keywords\":[\"bogdan kosturkiewicz\",\"kamienica\",\"proces\",\"s\u0105d\",\"stanis\u0142awa dziadoszczyk\",\"wojciech cholewa\",\"znies\u0142awienie\"],\"articleSection\":[\"2_ostatnie\",\"polityka i wydarzenia\",\"tematyka\"],\"inLanguage\":\"pl-PL\",\"potentialAction\":[{\"@type\":\"CommentAction\",\"name\":\"Comment\",\"target\":[\"https:\/\/www.mojabochnia.pl\/?p=100843#respond\"]}]},{\"@type\":\"WebPage\",\"@id\":\"https:\/\/www.mojabochnia.pl\/?p=100843\",\"url\":\"https:\/\/www.mojabochnia.pl\/?p=100843\",\"name\":\"Byli burmistrzowie spotkali si\u0119 w s\u0105dzie - mojabochnia.pl - portal informacyjny\",\"isPartOf\":{\"@id\":\"https:\/\/www.mojabochnia.pl\/#website\"},\"datePublished\":\"2013-11-26T19:26:03+00:00\",\"dateModified\":\"2013-11-26T19:40:37+00:00\",\"breadcrumb\":{\"@id\":\"https:\/\/www.mojabochnia.pl\/?p=100843#breadcrumb\"},\"inLanguage\":\"pl-PL\",\"potentialAction\":[{\"@type\":\"ReadAction\",\"target\":[\"https:\/\/www.mojabochnia.pl\/?p=100843\"]}]},{\"@type\":\"BreadcrumbList\",\"@id\":\"https:\/\/www.mojabochnia.pl\/?p=100843#breadcrumb\",\"itemListElement\":[{\"@type\":\"ListItem\",\"position\":1,\"name\":\"Home\",\"item\":\"https:\/\/www.mojabochnia.pl\/\"},{\"@type\":\"ListItem\",\"position\":2,\"name\":\"Byli burmistrzowie spotkali si\u0119 w s\u0105dzie\"}]},{\"@type\":\"WebSite\",\"@id\":\"https:\/\/www.mojabochnia.pl\/#website\",\"url\":\"https:\/\/www.mojabochnia.pl\/\",\"name\":\"mojabochnia.pl - portal informacyjny\",\"description\":\"mojaBochnia to portal informacyjny o Bochni. Codziennie o Bochni piszemy i pokazujemy najwa\u017cniejsze wydarzenia\",\"publisher\":{\"@id\":\"https:\/\/www.mojabochnia.pl\/#organization\"},\"potentialAction\":[{\"@type\":\"SearchAction\",\"target\":{\"@type\":\"EntryPoint\",\"urlTemplate\":\"https:\/\/www.mojabochnia.pl\/?s={search_term_string}\"},\"query-input\":{\"@type\":\"PropertyValueSpecification\",\"valueRequired\":true,\"valueName\":\"search_term_string\"}}],\"inLanguage\":\"pl-PL\"},{\"@type\":\"Organization\",\"@id\":\"https:\/\/www.mojabochnia.pl\/#organization\",\"name\":\"mojabochnia.pl - portal informacyjny\",\"url\":\"https:\/\/www.mojabochnia.pl\/\",\"logo\":{\"@type\":\"ImageObject\",\"inLanguage\":\"pl-PL\",\"@id\":\"https:\/\/www.mojabochnia.pl\/#\/schema\/logo\/image\/\",\"url\":\"https:\/\/www.mojabochnia.pl\/wp-content\/uploads\/2017\/08\/logo-mb-opt.png\",\"contentUrl\":\"https:\/\/www.mojabochnia.pl\/wp-content\/uploads\/2017\/08\/logo-mb-opt.png\",\"width\":250,\"height\":48,\"caption\":\"mojabochnia.pl - portal informacyjny\"},\"image\":{\"@id\":\"https:\/\/www.mojabochnia.pl\/#\/schema\/logo\/image\/\"},\"sameAs\":[\"https:\/\/www.facebook.com\/mojabochnia\"]},{\"@type\":\"Person\",\"@id\":\"https:\/\/www.mojabochnia.pl\/#\/schema\/person\/ea042e4724a77627963f02166828ead4\",\"name\":\"Pawe\u0142 Michalczyk\",\"url\":\"https:\/\/www.mojabochnia.pl\/?author=4\"}]}<\/script>\n<!-- \/ Yoast SEO plugin. -->","yoast_head_json":{"title":"Byli burmistrzowie spotkali si\u0119 w s\u0105dzie - mojabochnia.pl - portal informacyjny","robots":{"index":"index","follow":"follow","max-snippet":"max-snippet:-1","max-image-preview":"max-image-preview:large","max-video-preview":"max-video-preview:-1"},"canonical":"https:\/\/www.mojabochnia.pl\/?p=100843","og_locale":"pl_PL","og_type":"article","og_title":"Byli burmistrzowie spotkali si\u0119 w s\u0105dzie - mojabochnia.pl - portal informacyjny","og_description":"Wojciech Cholewa i Bogdan Kosturkiewicz s\u0105 nie tylko po dw\u00f3ch stronach politycznej barykady, ale r\u00f3wnie\u017c s\u0105dowej wokandy. Dzisiaj odby\u0142a si\u0119 kolejna rozprawa w sprawie o znies\u0142awienie, jak\u0105 Bogdanowi Kosturkiewiczowi wytoczy\u0142 jego poprzednik.","og_url":"https:\/\/www.mojabochnia.pl\/?p=100843","og_site_name":"mojabochnia.pl - portal informacyjny","article_publisher":"https:\/\/www.facebook.com\/mojabochnia","article_published_time":"2013-11-26T19:26:03+00:00","article_modified_time":"2013-11-26T19:40:37+00:00","author":"Pawe\u0142 Michalczyk","twitter_card":"summary_large_image","twitter_misc":{"Written by":"Pawe\u0142 Michalczyk","Est. reading time":"3 minuty"},"schema":{"@context":"https:\/\/schema.org","@graph":[{"@type":"Article","@id":"https:\/\/www.mojabochnia.pl\/?p=100843#article","isPartOf":{"@id":"https:\/\/www.mojabochnia.pl\/?p=100843"},"author":{"name":"Pawe\u0142 Michalczyk","@id":"https:\/\/www.mojabochnia.pl\/#\/schema\/person\/ea042e4724a77627963f02166828ead4"},"headline":"Byli burmistrzowie spotkali si\u0119 w s\u0105dzie","datePublished":"2013-11-26T19:26:03+00:00","dateModified":"2013-11-26T19:40:37+00:00","mainEntityOfPage":{"@id":"https:\/\/www.mojabochnia.pl\/?p=100843"},"wordCount":592,"commentCount":0,"publisher":{"@id":"https:\/\/www.mojabochnia.pl\/#organization"},"keywords":["bogdan kosturkiewicz","kamienica","proces","s\u0105d","stanis\u0142awa dziadoszczyk","wojciech cholewa","znies\u0142awienie"],"articleSection":["2_ostatnie","polityka i wydarzenia","tematyka"],"inLanguage":"pl-PL","potentialAction":[{"@type":"CommentAction","name":"Comment","target":["https:\/\/www.mojabochnia.pl\/?p=100843#respond"]}]},{"@type":"WebPage","@id":"https:\/\/www.mojabochnia.pl\/?p=100843","url":"https:\/\/www.mojabochnia.pl\/?p=100843","name":"Byli burmistrzowie spotkali si\u0119 w s\u0105dzie - mojabochnia.pl - portal informacyjny","isPartOf":{"@id":"https:\/\/www.mojabochnia.pl\/#website"},"datePublished":"2013-11-26T19:26:03+00:00","dateModified":"2013-11-26T19:40:37+00:00","breadcrumb":{"@id":"https:\/\/www.mojabochnia.pl\/?p=100843#breadcrumb"},"inLanguage":"pl-PL","potentialAction":[{"@type":"ReadAction","target":["https:\/\/www.mojabochnia.pl\/?p=100843"]}]},{"@type":"BreadcrumbList","@id":"https:\/\/www.mojabochnia.pl\/?p=100843#breadcrumb","itemListElement":[{"@type":"ListItem","position":1,"name":"Home","item":"https:\/\/www.mojabochnia.pl\/"},{"@type":"ListItem","position":2,"name":"Byli burmistrzowie spotkali si\u0119 w s\u0105dzie"}]},{"@type":"WebSite","@id":"https:\/\/www.mojabochnia.pl\/#website","url":"https:\/\/www.mojabochnia.pl\/","name":"mojabochnia.pl - portal informacyjny","description":"mojaBochnia to portal informacyjny o Bochni. Codziennie o Bochni piszemy i pokazujemy najwa\u017cniejsze wydarzenia","publisher":{"@id":"https:\/\/www.mojabochnia.pl\/#organization"},"potentialAction":[{"@type":"SearchAction","target":{"@type":"EntryPoint","urlTemplate":"https:\/\/www.mojabochnia.pl\/?s={search_term_string}"},"query-input":{"@type":"PropertyValueSpecification","valueRequired":true,"valueName":"search_term_string"}}],"inLanguage":"pl-PL"},{"@type":"Organization","@id":"https:\/\/www.mojabochnia.pl\/#organization","name":"mojabochnia.pl - portal informacyjny","url":"https:\/\/www.mojabochnia.pl\/","logo":{"@type":"ImageObject","inLanguage":"pl-PL","@id":"https:\/\/www.mojabochnia.pl\/#\/schema\/logo\/image\/","url":"https:\/\/www.mojabochnia.pl\/wp-content\/uploads\/2017\/08\/logo-mb-opt.png","contentUrl":"https:\/\/www.mojabochnia.pl\/wp-content\/uploads\/2017\/08\/logo-mb-opt.png","width":250,"height":48,"caption":"mojabochnia.pl - portal informacyjny"},"image":{"@id":"https:\/\/www.mojabochnia.pl\/#\/schema\/logo\/image\/"},"sameAs":["https:\/\/www.facebook.com\/mojabochnia"]},{"@type":"Person","@id":"https:\/\/www.mojabochnia.pl\/#\/schema\/person\/ea042e4724a77627963f02166828ead4","name":"Pawe\u0142 Michalczyk","url":"https:\/\/www.mojabochnia.pl\/?author=4"}]}},"_links":{"self":[{"href":"https:\/\/www.mojabochnia.pl\/index.php?rest_route=\/wp\/v2\/posts\/100843","targetHints":{"allow":["GET"]}}],"collection":[{"href":"https:\/\/www.mojabochnia.pl\/index.php?rest_route=\/wp\/v2\/posts"}],"about":[{"href":"https:\/\/www.mojabochnia.pl\/index.php?rest_route=\/wp\/v2\/types\/post"}],"author":[{"embeddable":true,"href":"https:\/\/www.mojabochnia.pl\/index.php?rest_route=\/wp\/v2\/users\/4"}],"replies":[{"embeddable":true,"href":"https:\/\/www.mojabochnia.pl\/index.php?rest_route=%2Fwp%2Fv2%2Fcomments&post=100843"}],"version-history":[{"count":10,"href":"https:\/\/www.mojabochnia.pl\/index.php?rest_route=\/wp\/v2\/posts\/100843\/revisions"}],"predecessor-version":[{"id":100859,"href":"https:\/\/www.mojabochnia.pl\/index.php?rest_route=\/wp\/v2\/posts\/100843\/revisions\/100859"}],"wp:attachment":[{"href":"https:\/\/www.mojabochnia.pl\/index.php?rest_route=%2Fwp%2Fv2%2Fmedia&parent=100843"}],"wp:term":[{"taxonomy":"category","embeddable":true,"href":"https:\/\/www.mojabochnia.pl\/index.php?rest_route=%2Fwp%2Fv2%2Fcategories&post=100843"},{"taxonomy":"post_tag","embeddable":true,"href":"https:\/\/www.mojabochnia.pl\/index.php?rest_route=%2Fwp%2Fv2%2Ftags&post=100843"}],"curies":[{"name":"wp","href":"https:\/\/api.w.org\/{rel}","templated":true}]}}