{"id":100828,"date":"2013-11-26T15:09:28","date_gmt":"2013-11-26T14:09:28","guid":{"rendered":"http:\/\/www.mojabochnia.pl\/?p=100828"},"modified":"2013-11-26T15:19:04","modified_gmt":"2013-11-26T14:19:04","slug":"proszowki-bezpieczni-w-domu-i-szkole","status":"publish","type":"post","link":"https:\/\/www.mojabochnia.pl\/?p=100828","title":{"rendered":"Prosz\u00f3wki: bezpieczni w domu i szkole"},"content":{"rendered":"<p>Nagrody dla uczestnik\u00f3w ufundowa\u0142 Gminny O\u015brodek Pomocy Spo\u0142ecznej w Bochni, a wr\u0119cza\u0142a je kierownik o\u015brodka Danuta G\u00f3ra wraz z kierowniczk\u0105 \u015aOWWD \u2013 Renat\u0105 Puk\u0105. Wr\u0119czenie dyplom\u00f3w i nagr\u00f3d poprzedzone zosta\u0142o kr\u00f3tkim monta\u017cem s\u0142owno muzycznym \u201eBajki ucz\u0105 bezpiecze\u0144stwa\u201d przygotowanym przez uczni\u00f3w ZSG w Prosz\u00f3wkach, pod opiek\u0105 Marty Kokoszki.<\/p>\n<p>Jury, w sk\u0142ad kt\u00f3rego wchodzi\u0142y: Danuta G\u00f3ra, Paulina Okulicka, Renata Puka, przy wsparciu nauczycielki plastyki z ZSG w Prosz\u00f3wkach Katarzyny Norek, wybra\u0142y najlepsze prace w kilku kategoriach wiekowych.<\/p>\n<p>W kategorii klas I do III I miejsce zaj\u0119\u0142a Gabrysia Macha\u0142 (Prosz\u00f3wki), II miejsce &#8211; Dawid O\u015bwi\u0119cimka (Gaw\u0142\u00f3w), III miejsce \u2013 Maciek Duda (Prosz\u00f3wki). Wyr\u00f3\u017cnienia otrzymali: Karolina Rzucid\u0142o \u2013 Prosz\u00f3wki, Kuba Gaw\u0142owicz \u2013 Gaw\u0142\u00f3w, Ignacyk Kinga \u2013 Gaw\u0142\u00f3w, Eliza Czachurska \u2013 Brze\u017anica.<\/p>\n<p>W kategorii klas IV do VI najwy\u017cej oceniono prac\u0119 Kamili Czarnota z \u0141apczycy, II miejsce zaj\u0119\u0142a Patrycja O\u015bwi\u0119cimka (Gaw\u0142\u00f3w), a III Olga Bukowiec (Prosz\u00f3wki). Wyr\u00f3\u017cnienia otrzymali: Pazdur Patrycja \u2013 Prosz\u00f3wki, Mateusz Cie\u015bla \u2013 Nieszkowice Wielkie, Angelika Kowalczyk \u2013 Nieszkowice Wielkie, Weronika Klimek \u2013 Gaw\u0142\u00f3w, Dyga Bartek \u2013 Prosz\u00f3wki.<\/p>\n<p>W kategorii gimnazjum I miejsce zaj\u0119\u0142a Magdalena \u0141\u0105cka (\u0141apczyca), II miejsce zaj\u0105\u0142 Micha\u0142 Mroczek (Prosz\u00f3wki), III miejsce Paulina D\u0119bosz (\u0141apczyca). <\/p>\n<p>Wyr\u00f3\u017cnienia otrzymali: Wiktoria Olchawska (Prosz\u00f3wki), Wiktoria Kotelon (Prosz\u00f3wki), oraz Patryk Kapcia (Prosz\u00f3wki).<\/p>\n\t  \r\n\t\r\n\t    <div class=\"mb-gallery\">\r\n\t    <a href=\"https:\/\/www.mojabochnia.pl\/?attachment_id=100830\" class=\"\"><img loading=\"lazy\" decoding=\"async\" width=\"100\" height=\"56\" src=\"https:\/\/www.mojabochnia.pl\/wp-content\/uploads\/2013\/11\/IMG_4659-120x67.jpg\" class=\"attachment-100x100 size-100x100\" alt=\"\" srcset=\"https:\/\/www.mojabochnia.pl\/wp-content\/uploads\/2013\/11\/IMG_4659-120x67.jpg 120w, https:\/\/www.mojabochnia.pl\/wp-content\/uploads\/2013\/11\/IMG_4659-468x263.jpg 468w, https:\/\/www.mojabochnia.pl\/wp-content\/uploads\/2013\/11\/IMG_4659-660x371.jpg 660w, https:\/\/www.mojabochnia.pl\/wp-content\/uploads\/2013\/11\/IMG_4659.jpg 800w\" sizes=\"auto, (max-width: 100px) 100vw, 100px\" \/><\/a><a href=\"https:\/\/www.mojabochnia.pl\/?attachment_id=100831\" class=\"\"><img loading=\"lazy\" decoding=\"async\" width=\"100\" height=\"56\" src=\"https:\/\/www.mojabochnia.pl\/wp-content\/uploads\/2013\/11\/IMG_4662-120x67.jpg\" class=\"attachment-100x100 size-100x100\" alt=\"\" srcset=\"https:\/\/www.mojabochnia.pl\/wp-content\/uploads\/2013\/11\/IMG_4662-120x67.jpg 120w, https:\/\/www.mojabochnia.pl\/wp-content\/uploads\/2013\/11\/IMG_4662-468x263.jpg 468w, https:\/\/www.mojabochnia.pl\/wp-content\/uploads\/2013\/11\/IMG_4662-660x371.jpg 660w, https:\/\/www.mojabochnia.pl\/wp-content\/uploads\/2013\/11\/IMG_4662.jpg 800w\" sizes=\"auto, (max-width: 100px) 100vw, 100px\" \/><\/a><a href=\"https:\/\/www.mojabochnia.pl\/?attachment_id=100832\" class=\"\"><img loading=\"lazy\" decoding=\"async\" width=\"100\" height=\"56\" src=\"https:\/\/www.mojabochnia.pl\/wp-content\/uploads\/2013\/11\/IMG_4664-120x67.jpg\" class=\"attachment-100x100 size-100x100\" alt=\"\" srcset=\"https:\/\/www.mojabochnia.pl\/wp-content\/uploads\/2013\/11\/IMG_4664-120x67.jpg 120w, https:\/\/www.mojabochnia.pl\/wp-content\/uploads\/2013\/11\/IMG_4664-468x263.jpg 468w, https:\/\/www.mojabochnia.pl\/wp-content\/uploads\/2013\/11\/IMG_4664-660x371.jpg 660w, https:\/\/www.mojabochnia.pl\/wp-content\/uploads\/2013\/11\/IMG_4664.jpg 800w\" sizes=\"auto, (max-width: 100px) 100vw, 100px\" \/><\/a><a href=\"https:\/\/www.mojabochnia.pl\/?attachment_id=100833\" class=\"\"><img loading=\"lazy\" decoding=\"async\" width=\"100\" height=\"56\" src=\"https:\/\/www.mojabochnia.pl\/wp-content\/uploads\/2013\/11\/IMG_4667-120x67.jpg\" class=\"attachment-100x100 size-100x100\" alt=\"\" srcset=\"https:\/\/www.mojabochnia.pl\/wp-content\/uploads\/2013\/11\/IMG_4667-120x67.jpg 120w, https:\/\/www.mojabochnia.pl\/wp-content\/uploads\/2013\/11\/IMG_4667-468x263.jpg 468w, https:\/\/www.mojabochnia.pl\/wp-content\/uploads\/2013\/11\/IMG_4667-660x371.jpg 660w, https:\/\/www.mojabochnia.pl\/wp-content\/uploads\/2013\/11\/IMG_4667.jpg 800w\" sizes=\"auto, (max-width: 100px) 100vw, 100px\" \/><\/a><a href=\"https:\/\/www.mojabochnia.pl\/?attachment_id=100834\" class=\"\"><img loading=\"lazy\" decoding=\"async\" width=\"100\" height=\"56\" src=\"https:\/\/www.mojabochnia.pl\/wp-content\/uploads\/2013\/11\/IMG_4672-120x67.jpg\" class=\"attachment-100x100 size-100x100\" alt=\"\" srcset=\"https:\/\/www.mojabochnia.pl\/wp-content\/uploads\/2013\/11\/IMG_4672-120x67.jpg 120w, https:\/\/www.mojabochnia.pl\/wp-content\/uploads\/2013\/11\/IMG_4672-468x263.jpg 468w, https:\/\/www.mojabochnia.pl\/wp-content\/uploads\/2013\/11\/IMG_4672-660x371.jpg 660w, https:\/\/www.mojabochnia.pl\/wp-content\/uploads\/2013\/11\/IMG_4672.jpg 800w\" sizes=\"auto, (max-width: 100px) 100vw, 100px\" \/><\/a><a href=\"https:\/\/www.mojabochnia.pl\/?attachment_id=100835\" class=\"\"><img loading=\"lazy\" decoding=\"async\" width=\"100\" height=\"56\" src=\"https:\/\/www.mojabochnia.pl\/wp-content\/uploads\/2013\/11\/IMG_4674-120x67.jpg\" class=\"attachment-100x100 size-100x100\" alt=\"\" srcset=\"https:\/\/www.mojabochnia.pl\/wp-content\/uploads\/2013\/11\/IMG_4674-120x67.jpg 120w, https:\/\/www.mojabochnia.pl\/wp-content\/uploads\/2013\/11\/IMG_4674-468x263.jpg 468w, https:\/\/www.mojabochnia.pl\/wp-content\/uploads\/2013\/11\/IMG_4674-660x371.jpg 660w, https:\/\/www.mojabochnia.pl\/wp-content\/uploads\/2013\/11\/IMG_4674.jpg 800w\" sizes=\"auto, (max-width: 100px) 100vw, 100px\" \/><\/a><a href=\"https:\/\/www.mojabochnia.pl\/?attachment_id=100836\" class=\"\"><img loading=\"lazy\" decoding=\"async\" width=\"100\" height=\"56\" src=\"https:\/\/www.mojabochnia.pl\/wp-content\/uploads\/2013\/11\/IMG_4687-120x67.jpg\" class=\"attachment-100x100 size-100x100\" alt=\"\" srcset=\"https:\/\/www.mojabochnia.pl\/wp-content\/uploads\/2013\/11\/IMG_4687-120x67.jpg 120w, https:\/\/www.mojabochnia.pl\/wp-content\/uploads\/2013\/11\/IMG_4687-468x263.jpg 468w, https:\/\/www.mojabochnia.pl\/wp-content\/uploads\/2013\/11\/IMG_4687-660x371.jpg 660w, https:\/\/www.mojabochnia.pl\/wp-content\/uploads\/2013\/11\/IMG_4687.jpg 800w\" sizes=\"auto, (max-width: 100px) 100vw, 100px\" \/><\/a>\t    <\/div>\r\n\t    ","protected":false},"excerpt":{"rendered":"<p>13 listopada w Zespole Szk\u00f3\u0142 Gminnych w Prosz\u00f3wkach odby\u0142o si\u0119 uroczyste rozstrzygni\u0119cie gminnego konkursu plastycznego \u201eBezpiecze\u0144stwo w domu i w szkole\u201d.  Organizatorami konkursu byli Zesp\u00f3\u0142 Szk\u00f3\u0142 Gminnych w Prosz\u00f3wkach oraz \u015awietlica Opieku\u0144czo-Wychowawcza Wsparcia Dziennego w Bochni. <\/p>\n","protected":false},"author":13,"featured_media":0,"comment_status":"open","ping_status":"closed","sticky":false,"template":"","format":"standard","meta":{"_acf_changed":false,"footnotes":""},"categories":[5,6247,6246,6251,6250],"tags":[17218,17187,17172,17249],"class_list":["post-100828","post","type-post","status-publish","format-standard","hentry","category-biezace-wydarzenia","category-fotogaleria","category-medium","category-polityka-i-wydarzenia","category-tematyka","tag-lapczyca","tag-proszowki","tag-swietlica","tag-szkola","main_tag-szkola"],"acf":[],"yoast_head":"<!-- This site is optimized with the Yoast SEO plugin v26.9 - https:\/\/yoast.com\/product\/yoast-seo-wordpress\/ -->\n<title>Prosz\u00f3wki: bezpieczni w domu i szkole - mojabochnia.pl - portal informacyjny<\/title>\n<meta name=\"robots\" content=\"index, follow, max-snippet:-1, max-image-preview:large, max-video-preview:-1\" \/>\n<link rel=\"canonical\" href=\"https:\/\/www.mojabochnia.pl\/?p=100828\" \/>\n<meta property=\"og:locale\" content=\"pl_PL\" \/>\n<meta property=\"og:type\" content=\"article\" \/>\n<meta property=\"og:title\" content=\"Prosz\u00f3wki: bezpieczni w domu i szkole - mojabochnia.pl - portal informacyjny\" \/>\n<meta property=\"og:description\" content=\"13 listopada w Zespole Szk\u00f3\u0142 Gminnych w Prosz\u00f3wkach odby\u0142o si\u0119 uroczyste rozstrzygni\u0119cie gminnego konkursu plastycznego \u201eBezpiecze\u0144stwo w domu i w szkole\u201d. Organizatorami konkursu byli Zesp\u00f3\u0142 Szk\u00f3\u0142 Gminnych w Prosz\u00f3wkach oraz \u015awietlica Opieku\u0144czo-Wychowawcza Wsparcia Dziennego w Bochni.\" \/>\n<meta property=\"og:url\" content=\"https:\/\/www.mojabochnia.pl\/?p=100828\" \/>\n<meta property=\"og:site_name\" content=\"mojabochnia.pl - portal informacyjny\" \/>\n<meta property=\"article:publisher\" content=\"https:\/\/www.facebook.com\/mojabochnia\" \/>\n<meta property=\"article:published_time\" content=\"2013-11-26T14:09:28+00:00\" \/>\n<meta property=\"article:modified_time\" content=\"2013-11-26T14:19:04+00:00\" \/>\n<meta name=\"author\" content=\"redakcja\" \/>\n<meta name=\"twitter:card\" content=\"summary_large_image\" \/>\n<meta name=\"twitter:label1\" content=\"Written by\" \/>\n\t<meta name=\"twitter:data1\" content=\"redakcja\" \/>\n\t<meta name=\"twitter:label2\" content=\"Est. reading time\" \/>\n\t<meta name=\"twitter:data2\" content=\"1 minuta\" \/>\n<script type=\"application\/ld+json\" class=\"yoast-schema-graph\">{\"@context\":\"https:\/\/schema.org\",\"@graph\":[{\"@type\":\"Article\",\"@id\":\"https:\/\/www.mojabochnia.pl\/?p=100828#article\",\"isPartOf\":{\"@id\":\"https:\/\/www.mojabochnia.pl\/?p=100828\"},\"author\":{\"name\":\"redakcja\",\"@id\":\"https:\/\/www.mojabochnia.pl\/#\/schema\/person\/7e2f20ead9902216a3384f13606c0ab7\"},\"headline\":\"Prosz\u00f3wki: bezpieczni w domu i szkole\",\"datePublished\":\"2013-11-26T14:09:28+00:00\",\"dateModified\":\"2013-11-26T14:19:04+00:00\",\"mainEntityOfPage\":{\"@id\":\"https:\/\/www.mojabochnia.pl\/?p=100828\"},\"wordCount\":247,\"commentCount\":0,\"publisher\":{\"@id\":\"https:\/\/www.mojabochnia.pl\/#organization\"},\"keywords\":[\"\u0142apczyca\",\"prosz\u00f3wki\",\"\u015bwietlica\",\"szko\u0142a\"],\"articleSection\":[\"2_ostatnie\",\"fotogaleria\",\"Medium\",\"polityka i wydarzenia\",\"tematyka\"],\"inLanguage\":\"pl-PL\",\"potentialAction\":[{\"@type\":\"CommentAction\",\"name\":\"Comment\",\"target\":[\"https:\/\/www.mojabochnia.pl\/?p=100828#respond\"]}]},{\"@type\":\"WebPage\",\"@id\":\"https:\/\/www.mojabochnia.pl\/?p=100828\",\"url\":\"https:\/\/www.mojabochnia.pl\/?p=100828\",\"name\":\"Prosz\u00f3wki: bezpieczni w domu i szkole - mojabochnia.pl - portal informacyjny\",\"isPartOf\":{\"@id\":\"https:\/\/www.mojabochnia.pl\/#website\"},\"datePublished\":\"2013-11-26T14:09:28+00:00\",\"dateModified\":\"2013-11-26T14:19:04+00:00\",\"breadcrumb\":{\"@id\":\"https:\/\/www.mojabochnia.pl\/?p=100828#breadcrumb\"},\"inLanguage\":\"pl-PL\",\"potentialAction\":[{\"@type\":\"ReadAction\",\"target\":[\"https:\/\/www.mojabochnia.pl\/?p=100828\"]}]},{\"@type\":\"BreadcrumbList\",\"@id\":\"https:\/\/www.mojabochnia.pl\/?p=100828#breadcrumb\",\"itemListElement\":[{\"@type\":\"ListItem\",\"position\":1,\"name\":\"Home\",\"item\":\"https:\/\/www.mojabochnia.pl\/\"},{\"@type\":\"ListItem\",\"position\":2,\"name\":\"Prosz\u00f3wki: bezpieczni w domu i szkole\"}]},{\"@type\":\"WebSite\",\"@id\":\"https:\/\/www.mojabochnia.pl\/#website\",\"url\":\"https:\/\/www.mojabochnia.pl\/\",\"name\":\"mojabochnia.pl - portal informacyjny\",\"description\":\"mojaBochnia to portal informacyjny o Bochni. Codziennie o Bochni piszemy i pokazujemy najwa\u017cniejsze wydarzenia\",\"publisher\":{\"@id\":\"https:\/\/www.mojabochnia.pl\/#organization\"},\"potentialAction\":[{\"@type\":\"SearchAction\",\"target\":{\"@type\":\"EntryPoint\",\"urlTemplate\":\"https:\/\/www.mojabochnia.pl\/?s={search_term_string}\"},\"query-input\":{\"@type\":\"PropertyValueSpecification\",\"valueRequired\":true,\"valueName\":\"search_term_string\"}}],\"inLanguage\":\"pl-PL\"},{\"@type\":\"Organization\",\"@id\":\"https:\/\/www.mojabochnia.pl\/#organization\",\"name\":\"mojabochnia.pl - portal informacyjny\",\"url\":\"https:\/\/www.mojabochnia.pl\/\",\"logo\":{\"@type\":\"ImageObject\",\"inLanguage\":\"pl-PL\",\"@id\":\"https:\/\/www.mojabochnia.pl\/#\/schema\/logo\/image\/\",\"url\":\"https:\/\/www.mojabochnia.pl\/wp-content\/uploads\/2017\/08\/logo-mb-opt.png\",\"contentUrl\":\"https:\/\/www.mojabochnia.pl\/wp-content\/uploads\/2017\/08\/logo-mb-opt.png\",\"width\":250,\"height\":48,\"caption\":\"mojabochnia.pl - portal informacyjny\"},\"image\":{\"@id\":\"https:\/\/www.mojabochnia.pl\/#\/schema\/logo\/image\/\"},\"sameAs\":[\"https:\/\/www.facebook.com\/mojabochnia\"]},{\"@type\":\"Person\",\"@id\":\"https:\/\/www.mojabochnia.pl\/#\/schema\/person\/7e2f20ead9902216a3384f13606c0ab7\",\"name\":\"redakcja\",\"sameAs\":[\"http:\/\/\"],\"url\":\"https:\/\/www.mojabochnia.pl\/?author=13\"}]}<\/script>\n<!-- \/ Yoast SEO plugin. -->","yoast_head_json":{"title":"Prosz\u00f3wki: bezpieczni w domu i szkole - mojabochnia.pl - portal informacyjny","robots":{"index":"index","follow":"follow","max-snippet":"max-snippet:-1","max-image-preview":"max-image-preview:large","max-video-preview":"max-video-preview:-1"},"canonical":"https:\/\/www.mojabochnia.pl\/?p=100828","og_locale":"pl_PL","og_type":"article","og_title":"Prosz\u00f3wki: bezpieczni w domu i szkole - mojabochnia.pl - portal informacyjny","og_description":"13 listopada w Zespole Szk\u00f3\u0142 Gminnych w Prosz\u00f3wkach odby\u0142o si\u0119 uroczyste rozstrzygni\u0119cie gminnego konkursu plastycznego \u201eBezpiecze\u0144stwo w domu i w szkole\u201d. Organizatorami konkursu byli Zesp\u00f3\u0142 Szk\u00f3\u0142 Gminnych w Prosz\u00f3wkach oraz \u015awietlica Opieku\u0144czo-Wychowawcza Wsparcia Dziennego w Bochni.","og_url":"https:\/\/www.mojabochnia.pl\/?p=100828","og_site_name":"mojabochnia.pl - portal informacyjny","article_publisher":"https:\/\/www.facebook.com\/mojabochnia","article_published_time":"2013-11-26T14:09:28+00:00","article_modified_time":"2013-11-26T14:19:04+00:00","author":"redakcja","twitter_card":"summary_large_image","twitter_misc":{"Written by":"redakcja","Est. reading time":"1 minuta"},"schema":{"@context":"https:\/\/schema.org","@graph":[{"@type":"Article","@id":"https:\/\/www.mojabochnia.pl\/?p=100828#article","isPartOf":{"@id":"https:\/\/www.mojabochnia.pl\/?p=100828"},"author":{"name":"redakcja","@id":"https:\/\/www.mojabochnia.pl\/#\/schema\/person\/7e2f20ead9902216a3384f13606c0ab7"},"headline":"Prosz\u00f3wki: bezpieczni w domu i szkole","datePublished":"2013-11-26T14:09:28+00:00","dateModified":"2013-11-26T14:19:04+00:00","mainEntityOfPage":{"@id":"https:\/\/www.mojabochnia.pl\/?p=100828"},"wordCount":247,"commentCount":0,"publisher":{"@id":"https:\/\/www.mojabochnia.pl\/#organization"},"keywords":["\u0142apczyca","prosz\u00f3wki","\u015bwietlica","szko\u0142a"],"articleSection":["2_ostatnie","fotogaleria","Medium","polityka i wydarzenia","tematyka"],"inLanguage":"pl-PL","potentialAction":[{"@type":"CommentAction","name":"Comment","target":["https:\/\/www.mojabochnia.pl\/?p=100828#respond"]}]},{"@type":"WebPage","@id":"https:\/\/www.mojabochnia.pl\/?p=100828","url":"https:\/\/www.mojabochnia.pl\/?p=100828","name":"Prosz\u00f3wki: bezpieczni w domu i szkole - mojabochnia.pl - portal informacyjny","isPartOf":{"@id":"https:\/\/www.mojabochnia.pl\/#website"},"datePublished":"2013-11-26T14:09:28+00:00","dateModified":"2013-11-26T14:19:04+00:00","breadcrumb":{"@id":"https:\/\/www.mojabochnia.pl\/?p=100828#breadcrumb"},"inLanguage":"pl-PL","potentialAction":[{"@type":"ReadAction","target":["https:\/\/www.mojabochnia.pl\/?p=100828"]}]},{"@type":"BreadcrumbList","@id":"https:\/\/www.mojabochnia.pl\/?p=100828#breadcrumb","itemListElement":[{"@type":"ListItem","position":1,"name":"Home","item":"https:\/\/www.mojabochnia.pl\/"},{"@type":"ListItem","position":2,"name":"Prosz\u00f3wki: bezpieczni w domu i szkole"}]},{"@type":"WebSite","@id":"https:\/\/www.mojabochnia.pl\/#website","url":"https:\/\/www.mojabochnia.pl\/","name":"mojabochnia.pl - portal informacyjny","description":"mojaBochnia to portal informacyjny o Bochni. Codziennie o Bochni piszemy i pokazujemy najwa\u017cniejsze wydarzenia","publisher":{"@id":"https:\/\/www.mojabochnia.pl\/#organization"},"potentialAction":[{"@type":"SearchAction","target":{"@type":"EntryPoint","urlTemplate":"https:\/\/www.mojabochnia.pl\/?s={search_term_string}"},"query-input":{"@type":"PropertyValueSpecification","valueRequired":true,"valueName":"search_term_string"}}],"inLanguage":"pl-PL"},{"@type":"Organization","@id":"https:\/\/www.mojabochnia.pl\/#organization","name":"mojabochnia.pl - portal informacyjny","url":"https:\/\/www.mojabochnia.pl\/","logo":{"@type":"ImageObject","inLanguage":"pl-PL","@id":"https:\/\/www.mojabochnia.pl\/#\/schema\/logo\/image\/","url":"https:\/\/www.mojabochnia.pl\/wp-content\/uploads\/2017\/08\/logo-mb-opt.png","contentUrl":"https:\/\/www.mojabochnia.pl\/wp-content\/uploads\/2017\/08\/logo-mb-opt.png","width":250,"height":48,"caption":"mojabochnia.pl - portal informacyjny"},"image":{"@id":"https:\/\/www.mojabochnia.pl\/#\/schema\/logo\/image\/"},"sameAs":["https:\/\/www.facebook.com\/mojabochnia"]},{"@type":"Person","@id":"https:\/\/www.mojabochnia.pl\/#\/schema\/person\/7e2f20ead9902216a3384f13606c0ab7","name":"redakcja","sameAs":["http:\/\/"],"url":"https:\/\/www.mojabochnia.pl\/?author=13"}]}},"_links":{"self":[{"href":"https:\/\/www.mojabochnia.pl\/index.php?rest_route=\/wp\/v2\/posts\/100828","targetHints":{"allow":["GET"]}}],"collection":[{"href":"https:\/\/www.mojabochnia.pl\/index.php?rest_route=\/wp\/v2\/posts"}],"about":[{"href":"https:\/\/www.mojabochnia.pl\/index.php?rest_route=\/wp\/v2\/types\/post"}],"author":[{"embeddable":true,"href":"https:\/\/www.mojabochnia.pl\/index.php?rest_route=\/wp\/v2\/users\/13"}],"replies":[{"embeddable":true,"href":"https:\/\/www.mojabochnia.pl\/index.php?rest_route=%2Fwp%2Fv2%2Fcomments&post=100828"}],"version-history":[{"count":4,"href":"https:\/\/www.mojabochnia.pl\/index.php?rest_route=\/wp\/v2\/posts\/100828\/revisions"}],"predecessor-version":[{"id":100839,"href":"https:\/\/www.mojabochnia.pl\/index.php?rest_route=\/wp\/v2\/posts\/100828\/revisions\/100839"}],"wp:attachment":[{"href":"https:\/\/www.mojabochnia.pl\/index.php?rest_route=%2Fwp%2Fv2%2Fmedia&parent=100828"}],"wp:term":[{"taxonomy":"category","embeddable":true,"href":"https:\/\/www.mojabochnia.pl\/index.php?rest_route=%2Fwp%2Fv2%2Fcategories&post=100828"},{"taxonomy":"post_tag","embeddable":true,"href":"https:\/\/www.mojabochnia.pl\/index.php?rest_route=%2Fwp%2Fv2%2Ftags&post=100828"}],"curies":[{"name":"wp","href":"https:\/\/api.w.org\/{rel}","templated":true}]}}