{"id":100824,"date":"2013-11-26T14:49:34","date_gmt":"2013-11-26T13:49:34","guid":{"rendered":"http:\/\/www.mojabochnia.pl\/?p=100824"},"modified":"2013-11-26T15:41:47","modified_gmt":"2013-11-26T14:41:47","slug":"monitoring-pierwsze-kamery-jeszcze-w-tym-roku","status":"publish","type":"post","link":"https:\/\/www.mojabochnia.pl\/?p=100824","title":{"rendered":"Monitoring: pierwsze kamery jeszcze w tym roku"},"content":{"rendered":"<p>Znajdzie si\u0119 ono w przysz\u0142ej siedzibie stra\u017cy miejskiej w budynku po dawnym Medyku. Inwestycja obejmuje te\u017c monta\u017c pierwszych czterech kamer. Docelowo ma by\u0107 ich niemal 30. <\/p>\n<p>Mieszka\u0144cy Bochni maj\u0105 podzielone opinie na temat tego, \u017ce w\u0142a\u015bciwie w ka\u017cdej cz\u0119\u015bci miasta b\u0119d\u0105 w oku kamery. <em>Z jednej strony dobrze, ale ka\u017cdy powinien mie\u0107 troch\u0119 prywatno\u015bci. Je\u015bli ma to prowadzi\u0107 do poprawy bezpiecze\u0144stwa niekt\u00f3rych miejscach, to tak. Ale wsz\u0119dzie i ka\u017cdy i wszystko, mam w\u0105tpliwo\u015bci, czy to jest dobry pomys\u0142<\/em> \u2013 m\u00f3wi\u0105 mieszka\u0144cy Bochni.<\/p>\n<p>Krzysztof Tomasik, szef boche\u0144skiej stra\u017cy miejskiej uspokaja: monitoring ma przede wszystkim dzia\u0142anie prewencyjne. <em>Z za\u0142o\u017cenia monitoring ma pozwala\u0107 obserwowa\u0107 zjawiska niepo\u017c\u0105dane, sytuacje powoduj\u0105ce \u017ce spo\u0142eczno\u015b\u0107 lokalna czuje si\u0119 zagro\u017cona. Mowa tu r\u00f3wnie\u017c o tzw. Przest\u0119pczo\u015bci pospolitej, kt\u00f3ra jest najbardziej dotkliwa da wszystkich, a wi\u0119c kwestie wandali rozbijaj\u0105cych kosze na \u015bmieci, maluj\u0105cych \u015bciany budynk\u00f3w, rzucaj\u0105 butelkami, krzycz\u0105<\/em> \u2013 wylicza komendant.<\/p>\n<p>Na pocz\u0105tek w Bochni zostan\u0105 zamontowane cztery kamery: przy S\u0105dzie Rejonowym, Hali Gazaris a tak\u017ce na blokach mieszkalnych przy ul. Brze\u017anickiej 17 i \u015bw. Jana 12. <em>Te lokalizacje to wynik analizy technicznej i mo\u017cliwo\u015bci spi\u0119cia systemu. Firma projektuj\u0105ca system stwierdzi\u0142a \u017ce te cztery lokalizacje naj\u0142atwiej spi\u0105\u0107 do siebie z punktu widzenia technicznego, \u017ceby te cztery kamery widzia\u0142y si\u0119 wzajemnie, je\u015bli chodzi o sygna\u0142 radiowy i da\u0142y mo\u017cliwo\u015b\u0107 pracy bez stosowania specjalistycznego urz\u0105dzenia. Stad te lokalizacje, ale r\u00f3wnie\u017c brak zg\u00f3d w\u0142a\u015bcicieli powoduje \u017ce te mamy pewne i zagwarantowane<\/em>.<\/p>\n<p>Do systemu monitoringu miejskiego zostanie wpi\u0119tych ponad 20 kamer zamontowanych w Parku Uzbornia. Wiceburmistrz Robert Cerazy liczy, \u017ce zapobiegnie to niedawnym aktom wandalizmu w tym miejscu. <em>Obraz b\u0119dzie przesy\u0142any z  Uzborni na d\u00f3\u0142, wi\u0119c b\u0119dzie podgl\u0105d. Mam nadziej\u0119, \u017ce wp\u0142ynie to na to, \u017ce nie b\u0119dzie tu jakich\u015b akt\u00f3w wandalizmu, albo kto\u015b si\u0119 dziesi\u0119\u0107 razy zastanowi zanim co\u015b ukradnie lub zniszczy. Wykonawca mia\u0142 ju\u017c tego typu problemy, ukradziono mu kable elektryczne, by\u0142y dewastacje lamp, wi\u0119c jest to powa\u017cny problem z kt\u00f3rym si\u0119 zmierzymy si\u0119 dopiero na etapie eksploatacji parku<\/em>.<\/p>\n<p>W tegorocznym bud\u017cecie Bochni przewidziano milion z\u0142otych na monitoring miasta. <em>Jest wielce prawdopodobne, \u017ce koniec roku i sylwester b\u0119dzie ju\u017c dniem, w kt\u00f3rym stra\u017c miejska b\u0119dzie mia\u0142a mo\u017cliwo\u015b\u0107 ogl\u0105dania przez monitoring tego, co si\u0119 dzieje w mie\u015bcie<\/em> \u2013 m\u00f3wi Krzysztof Tomasik. <\/p>\n<p>Dalszy etap inwestycji zaplanowano na rok nast\u0119pny. Jak ju\u017c<a href=\"http:\/\/www.mojabochnia.pl\/?p=100695\"> informowali\u015bmy<\/a> za 500 tys. z\u0142 miasto planuje kupi\u0107 35 punkt\u00f3w kamerowych, 3 komputery klienckie, stacj\u0119 obs\u0142ugi systemu do zarz\u0105dzania i obs\u0142ugi systemu monitoringu wizyjnego, aplikacje s\u0142u\u017c\u0105ce do obs\u0142ugi systemu,3 sterowniki z joystickami, 5 monitor\u00f3w 42\u201d, 3 monitory 21\u201d, stacj\u0119 rejestracji z mo\u017cliwo\u015bci\u0105 zapisu obrazu i d\u017awi\u0119ku na dyskach lokalnych wraz z dyskami twardymi (co najmniej 24 TB), zasilacze UPS w ilo\u015bci 3 sztuk, 600 W ka\u017cdy, kamery IP o rozdzielczo\u015bci HD 720p typu dzie\u0144 &#038; noc w ilo\u015bci 35 sztuk, 35 uchwyt\u00f3w \u015bciennych do monta\u017cu g\u0142owic kamer, 35 zasilaczy wewn\u0119trznych do kamer, 35 zasilaczy UPS do kamer po 650 W ka\u017cdy, szaf\u0119 teletechniczn\u0105.<\/p>\n<p>Nowo zainstalowane kamery b\u0119d\u0105 obrotowe i zgodnie z za\u0142o\u017ceniem maj\u0105 by\u0107 tak usytuowane, aby wzajemnie si\u0119 \u201ewidzia\u0142y\u201d. Ma to zapewni\u0107 szczelno\u015b\u0107 systemu i wi\u0119ksze bezpiecze\u0144stwo. <\/p>\n","protected":false},"excerpt":{"rendered":"<p>Jeszcze w tym roku w Bochni pojawi\u0105 si\u0119 pierwsze kamery monitoringu miejskiego. Inwestycja by\u0142a zapowiadana od lat, jednak dopiero teraz rozpisano na ni\u0105 przetarg. Obejmuje on organizacj\u0119 centrum monitoringu, kt\u00f3re ma by\u0107 sercem ca\u0142ego systemu. <\/p>\n","protected":false},"author":4,"featured_media":0,"comment_status":"open","ping_status":"closed","sticky":true,"template":"","format":"standard","meta":{"_acf_changed":false,"footnotes":""},"categories":[5,6251,6250],"tags":[17662,656,17227,17255,17351],"class_list":["post-100824","post","type-post","status-publish","format-standard","hentry","category-biezace-wydarzenia","category-polityka-i-wydarzenia","category-tematyka","tag-kamery","tag-krzysztof-tomasik","tag-monitoring","tag-straz-miejska","tag-uzbornia","main_tag-monitoring"],"acf":[],"yoast_head":"<!-- This site is optimized with the Yoast SEO plugin v26.9 - https:\/\/yoast.com\/product\/yoast-seo-wordpress\/ -->\n<title>Monitoring: pierwsze kamery jeszcze w tym roku - mojabochnia.pl - portal informacyjny<\/title>\n<meta name=\"robots\" content=\"index, follow, max-snippet:-1, max-image-preview:large, max-video-preview:-1\" \/>\n<link rel=\"canonical\" href=\"https:\/\/www.mojabochnia.pl\/?p=100824\" \/>\n<meta property=\"og:locale\" content=\"pl_PL\" \/>\n<meta property=\"og:type\" content=\"article\" \/>\n<meta property=\"og:title\" content=\"Monitoring: pierwsze kamery jeszcze w tym roku - mojabochnia.pl - portal informacyjny\" \/>\n<meta property=\"og:description\" content=\"Jeszcze w tym roku w Bochni pojawi\u0105 si\u0119 pierwsze kamery monitoringu miejskiego. Inwestycja by\u0142a zapowiadana od lat, jednak dopiero teraz rozpisano na ni\u0105 przetarg. Obejmuje on organizacj\u0119 centrum monitoringu, kt\u00f3re ma by\u0107 sercem ca\u0142ego systemu.\" \/>\n<meta property=\"og:url\" content=\"https:\/\/www.mojabochnia.pl\/?p=100824\" \/>\n<meta property=\"og:site_name\" content=\"mojabochnia.pl - portal informacyjny\" \/>\n<meta property=\"article:publisher\" content=\"https:\/\/www.facebook.com\/mojabochnia\" \/>\n<meta property=\"article:published_time\" content=\"2013-11-26T13:49:34+00:00\" \/>\n<meta property=\"article:modified_time\" content=\"2013-11-26T14:41:47+00:00\" \/>\n<meta name=\"author\" content=\"Pawe\u0142 Michalczyk\" \/>\n<meta name=\"twitter:card\" content=\"summary_large_image\" \/>\n<meta name=\"twitter:label1\" content=\"Written by\" \/>\n\t<meta name=\"twitter:data1\" content=\"Pawe\u0142 Michalczyk\" \/>\n\t<meta name=\"twitter:label2\" content=\"Est. reading time\" \/>\n\t<meta name=\"twitter:data2\" content=\"3 minuty\" \/>\n<script type=\"application\/ld+json\" class=\"yoast-schema-graph\">{\"@context\":\"https:\/\/schema.org\",\"@graph\":[{\"@type\":\"Article\",\"@id\":\"https:\/\/www.mojabochnia.pl\/?p=100824#article\",\"isPartOf\":{\"@id\":\"https:\/\/www.mojabochnia.pl\/?p=100824\"},\"author\":{\"name\":\"Pawe\u0142 Michalczyk\",\"@id\":\"https:\/\/www.mojabochnia.pl\/#\/schema\/person\/ea042e4724a77627963f02166828ead4\"},\"headline\":\"Monitoring: pierwsze kamery jeszcze w tym roku\",\"datePublished\":\"2013-11-26T13:49:34+00:00\",\"dateModified\":\"2013-11-26T14:41:47+00:00\",\"mainEntityOfPage\":{\"@id\":\"https:\/\/www.mojabochnia.pl\/?p=100824\"},\"wordCount\":586,\"commentCount\":0,\"publisher\":{\"@id\":\"https:\/\/www.mojabochnia.pl\/#organization\"},\"keywords\":[\"kamery\",\"krzysztof tomasik\",\"monitoring\",\"stra\u017c miejska\",\"uzbornia\"],\"articleSection\":[\"2_ostatnie\",\"polityka i wydarzenia\",\"tematyka\"],\"inLanguage\":\"pl-PL\",\"potentialAction\":[{\"@type\":\"CommentAction\",\"name\":\"Comment\",\"target\":[\"https:\/\/www.mojabochnia.pl\/?p=100824#respond\"]}]},{\"@type\":\"WebPage\",\"@id\":\"https:\/\/www.mojabochnia.pl\/?p=100824\",\"url\":\"https:\/\/www.mojabochnia.pl\/?p=100824\",\"name\":\"Monitoring: pierwsze kamery jeszcze w tym roku - mojabochnia.pl - portal informacyjny\",\"isPartOf\":{\"@id\":\"https:\/\/www.mojabochnia.pl\/#website\"},\"datePublished\":\"2013-11-26T13:49:34+00:00\",\"dateModified\":\"2013-11-26T14:41:47+00:00\",\"breadcrumb\":{\"@id\":\"https:\/\/www.mojabochnia.pl\/?p=100824#breadcrumb\"},\"inLanguage\":\"pl-PL\",\"potentialAction\":[{\"@type\":\"ReadAction\",\"target\":[\"https:\/\/www.mojabochnia.pl\/?p=100824\"]}]},{\"@type\":\"BreadcrumbList\",\"@id\":\"https:\/\/www.mojabochnia.pl\/?p=100824#breadcrumb\",\"itemListElement\":[{\"@type\":\"ListItem\",\"position\":1,\"name\":\"Home\",\"item\":\"https:\/\/www.mojabochnia.pl\/\"},{\"@type\":\"ListItem\",\"position\":2,\"name\":\"Monitoring: pierwsze kamery jeszcze w tym roku\"}]},{\"@type\":\"WebSite\",\"@id\":\"https:\/\/www.mojabochnia.pl\/#website\",\"url\":\"https:\/\/www.mojabochnia.pl\/\",\"name\":\"mojabochnia.pl - portal informacyjny\",\"description\":\"mojaBochnia to portal informacyjny o Bochni. Codziennie o Bochni piszemy i pokazujemy najwa\u017cniejsze wydarzenia\",\"publisher\":{\"@id\":\"https:\/\/www.mojabochnia.pl\/#organization\"},\"potentialAction\":[{\"@type\":\"SearchAction\",\"target\":{\"@type\":\"EntryPoint\",\"urlTemplate\":\"https:\/\/www.mojabochnia.pl\/?s={search_term_string}\"},\"query-input\":{\"@type\":\"PropertyValueSpecification\",\"valueRequired\":true,\"valueName\":\"search_term_string\"}}],\"inLanguage\":\"pl-PL\"},{\"@type\":\"Organization\",\"@id\":\"https:\/\/www.mojabochnia.pl\/#organization\",\"name\":\"mojabochnia.pl - portal informacyjny\",\"url\":\"https:\/\/www.mojabochnia.pl\/\",\"logo\":{\"@type\":\"ImageObject\",\"inLanguage\":\"pl-PL\",\"@id\":\"https:\/\/www.mojabochnia.pl\/#\/schema\/logo\/image\/\",\"url\":\"https:\/\/www.mojabochnia.pl\/wp-content\/uploads\/2017\/08\/logo-mb-opt.png\",\"contentUrl\":\"https:\/\/www.mojabochnia.pl\/wp-content\/uploads\/2017\/08\/logo-mb-opt.png\",\"width\":250,\"height\":48,\"caption\":\"mojabochnia.pl - portal informacyjny\"},\"image\":{\"@id\":\"https:\/\/www.mojabochnia.pl\/#\/schema\/logo\/image\/\"},\"sameAs\":[\"https:\/\/www.facebook.com\/mojabochnia\"]},{\"@type\":\"Person\",\"@id\":\"https:\/\/www.mojabochnia.pl\/#\/schema\/person\/ea042e4724a77627963f02166828ead4\",\"name\":\"Pawe\u0142 Michalczyk\",\"url\":\"https:\/\/www.mojabochnia.pl\/?author=4\"}]}<\/script>\n<!-- \/ Yoast SEO plugin. -->","yoast_head_json":{"title":"Monitoring: pierwsze kamery jeszcze w tym roku - mojabochnia.pl - portal informacyjny","robots":{"index":"index","follow":"follow","max-snippet":"max-snippet:-1","max-image-preview":"max-image-preview:large","max-video-preview":"max-video-preview:-1"},"canonical":"https:\/\/www.mojabochnia.pl\/?p=100824","og_locale":"pl_PL","og_type":"article","og_title":"Monitoring: pierwsze kamery jeszcze w tym roku - mojabochnia.pl - portal informacyjny","og_description":"Jeszcze w tym roku w Bochni pojawi\u0105 si\u0119 pierwsze kamery monitoringu miejskiego. Inwestycja by\u0142a zapowiadana od lat, jednak dopiero teraz rozpisano na ni\u0105 przetarg. Obejmuje on organizacj\u0119 centrum monitoringu, kt\u00f3re ma by\u0107 sercem ca\u0142ego systemu.","og_url":"https:\/\/www.mojabochnia.pl\/?p=100824","og_site_name":"mojabochnia.pl - portal informacyjny","article_publisher":"https:\/\/www.facebook.com\/mojabochnia","article_published_time":"2013-11-26T13:49:34+00:00","article_modified_time":"2013-11-26T14:41:47+00:00","author":"Pawe\u0142 Michalczyk","twitter_card":"summary_large_image","twitter_misc":{"Written by":"Pawe\u0142 Michalczyk","Est. reading time":"3 minuty"},"schema":{"@context":"https:\/\/schema.org","@graph":[{"@type":"Article","@id":"https:\/\/www.mojabochnia.pl\/?p=100824#article","isPartOf":{"@id":"https:\/\/www.mojabochnia.pl\/?p=100824"},"author":{"name":"Pawe\u0142 Michalczyk","@id":"https:\/\/www.mojabochnia.pl\/#\/schema\/person\/ea042e4724a77627963f02166828ead4"},"headline":"Monitoring: pierwsze kamery jeszcze w tym roku","datePublished":"2013-11-26T13:49:34+00:00","dateModified":"2013-11-26T14:41:47+00:00","mainEntityOfPage":{"@id":"https:\/\/www.mojabochnia.pl\/?p=100824"},"wordCount":586,"commentCount":0,"publisher":{"@id":"https:\/\/www.mojabochnia.pl\/#organization"},"keywords":["kamery","krzysztof tomasik","monitoring","stra\u017c miejska","uzbornia"],"articleSection":["2_ostatnie","polityka i wydarzenia","tematyka"],"inLanguage":"pl-PL","potentialAction":[{"@type":"CommentAction","name":"Comment","target":["https:\/\/www.mojabochnia.pl\/?p=100824#respond"]}]},{"@type":"WebPage","@id":"https:\/\/www.mojabochnia.pl\/?p=100824","url":"https:\/\/www.mojabochnia.pl\/?p=100824","name":"Monitoring: pierwsze kamery jeszcze w tym roku - mojabochnia.pl - portal informacyjny","isPartOf":{"@id":"https:\/\/www.mojabochnia.pl\/#website"},"datePublished":"2013-11-26T13:49:34+00:00","dateModified":"2013-11-26T14:41:47+00:00","breadcrumb":{"@id":"https:\/\/www.mojabochnia.pl\/?p=100824#breadcrumb"},"inLanguage":"pl-PL","potentialAction":[{"@type":"ReadAction","target":["https:\/\/www.mojabochnia.pl\/?p=100824"]}]},{"@type":"BreadcrumbList","@id":"https:\/\/www.mojabochnia.pl\/?p=100824#breadcrumb","itemListElement":[{"@type":"ListItem","position":1,"name":"Home","item":"https:\/\/www.mojabochnia.pl\/"},{"@type":"ListItem","position":2,"name":"Monitoring: pierwsze kamery jeszcze w tym roku"}]},{"@type":"WebSite","@id":"https:\/\/www.mojabochnia.pl\/#website","url":"https:\/\/www.mojabochnia.pl\/","name":"mojabochnia.pl - portal informacyjny","description":"mojaBochnia to portal informacyjny o Bochni. Codziennie o Bochni piszemy i pokazujemy najwa\u017cniejsze wydarzenia","publisher":{"@id":"https:\/\/www.mojabochnia.pl\/#organization"},"potentialAction":[{"@type":"SearchAction","target":{"@type":"EntryPoint","urlTemplate":"https:\/\/www.mojabochnia.pl\/?s={search_term_string}"},"query-input":{"@type":"PropertyValueSpecification","valueRequired":true,"valueName":"search_term_string"}}],"inLanguage":"pl-PL"},{"@type":"Organization","@id":"https:\/\/www.mojabochnia.pl\/#organization","name":"mojabochnia.pl - portal informacyjny","url":"https:\/\/www.mojabochnia.pl\/","logo":{"@type":"ImageObject","inLanguage":"pl-PL","@id":"https:\/\/www.mojabochnia.pl\/#\/schema\/logo\/image\/","url":"https:\/\/www.mojabochnia.pl\/wp-content\/uploads\/2017\/08\/logo-mb-opt.png","contentUrl":"https:\/\/www.mojabochnia.pl\/wp-content\/uploads\/2017\/08\/logo-mb-opt.png","width":250,"height":48,"caption":"mojabochnia.pl - portal informacyjny"},"image":{"@id":"https:\/\/www.mojabochnia.pl\/#\/schema\/logo\/image\/"},"sameAs":["https:\/\/www.facebook.com\/mojabochnia"]},{"@type":"Person","@id":"https:\/\/www.mojabochnia.pl\/#\/schema\/person\/ea042e4724a77627963f02166828ead4","name":"Pawe\u0142 Michalczyk","url":"https:\/\/www.mojabochnia.pl\/?author=4"}]}},"_links":{"self":[{"href":"https:\/\/www.mojabochnia.pl\/index.php?rest_route=\/wp\/v2\/posts\/100824","targetHints":{"allow":["GET"]}}],"collection":[{"href":"https:\/\/www.mojabochnia.pl\/index.php?rest_route=\/wp\/v2\/posts"}],"about":[{"href":"https:\/\/www.mojabochnia.pl\/index.php?rest_route=\/wp\/v2\/types\/post"}],"author":[{"embeddable":true,"href":"https:\/\/www.mojabochnia.pl\/index.php?rest_route=\/wp\/v2\/users\/4"}],"replies":[{"embeddable":true,"href":"https:\/\/www.mojabochnia.pl\/index.php?rest_route=%2Fwp%2Fv2%2Fcomments&post=100824"}],"version-history":[{"count":6,"href":"https:\/\/www.mojabochnia.pl\/index.php?rest_route=\/wp\/v2\/posts\/100824\/revisions"}],"predecessor-version":[{"id":100842,"href":"https:\/\/www.mojabochnia.pl\/index.php?rest_route=\/wp\/v2\/posts\/100824\/revisions\/100842"}],"wp:attachment":[{"href":"https:\/\/www.mojabochnia.pl\/index.php?rest_route=%2Fwp%2Fv2%2Fmedia&parent=100824"}],"wp:term":[{"taxonomy":"category","embeddable":true,"href":"https:\/\/www.mojabochnia.pl\/index.php?rest_route=%2Fwp%2Fv2%2Fcategories&post=100824"},{"taxonomy":"post_tag","embeddable":true,"href":"https:\/\/www.mojabochnia.pl\/index.php?rest_route=%2Fwp%2Fv2%2Ftags&post=100824"}],"curies":[{"name":"wp","href":"https:\/\/api.w.org\/{rel}","templated":true}]}}