{"id":100816,"date":"2013-11-26T10:25:57","date_gmt":"2013-11-26T09:25:57","guid":{"rendered":"http:\/\/www.mojabochnia.pl\/?p=100816"},"modified":"2013-11-26T10:25:57","modified_gmt":"2013-11-26T09:25:57","slug":"bochniacy-zapraszaja-na-spotkanie-z-prof-januszem-sondlem","status":"publish","type":"post","link":"https:\/\/www.mojabochnia.pl\/?p=100816","title":{"rendered":"&#8222;Bochniacy&#8221; zapraszaj\u0105 na spotkanie z prof. Januszem Sondlem"},"content":{"rendered":"<p>Janusz Marian Sondel (ur. 30 kwietnia 1937 we Lwowie) \u2013 polski prawnik, specjalista w zakresie prawa rzymskiego i prawa w turystyce. W 1953 rozpocz\u0105\u0142 studia na Wydziale Prawa Uniwersytetu Jagiello\u0144skiego, kt\u00f3re uko\u0144czy\u0142 w 1957. Po zako\u0144czeniu studi\u00f3w rozpocz\u0105\u0142 prac\u0119 jako nauczyciel akademicki. W 1964 uzyska\u0142 tytu\u0142 doktora nauk prawnych za rozpraw\u0119 \u201eSzczeg\u00f3lne rodzaje depozytu w prawie rzymskim\u201d, odznaczon\u0105 srebrnym medalem na mi\u0119dzynarodowym konkursie zorganizowanym przez Centro di Studi Romanistici w Neapolu. Habilitowa\u0142 si\u0119 w 1972. <\/p>\n<p>W 1989 zosta\u0142 profesorem zwyczajnym. 6 listopada 2007 zosta\u0142 odznaczony przez Jacka Majchrowskiego Nagrod\u0105 Sto\u0142ecznego Kr\u00f3lewskiego Miasta Krakowa. Po\u015br\u00f3d bogatego dorobku naukowego wa\u017cne miejsce zajmuje najnowsza, wydana w 2012 r., publikacja prof. Janusza Sondla \u201eS\u0142ownik historii i tradycji Uniwersytetu Jagiello\u0144skiego\u201d. To obszerne opracowanie historii uniwersytetu uj\u0119te w postaci encyklopedycznych hase\u0142 zar\u00f3wno o charakterze biograficznym, jak i rzeczowym. Prof. Janusz Sondel, zawar\u0142 w nich wiadomo\u015bci o \u017cyciu i dokonaniach profesor\u00f3w, rektor\u00f3w, niekt\u00f3rych doktor\u00f3w honoris causa i innych os\u00f3b zwi\u0105zanych z uniwersytetem, a tak\u017ce stosunku do niego kr\u00f3l\u00f3w polskich i papie\u017cy, historii poszczeg\u00f3lnych dyscyplin naukowych, zmian strukturalnych uczelni. <\/p>\n<p>Autor, doceniaj\u0105c ogromn\u0105 rol\u0119 tradycji uniwersyteckiej, uwzgl\u0119dni\u0142 w swoim opracowaniu r\u00f3wnie\u017c odchodz\u0105ce w niepami\u0119\u0107 elementy \u017cycia uczelni, jak np. \u201ekwadrans akademicki\u201d, do kt\u00f3rego zapewne jako ostatni nawi\u0105za\u0142 Jan Pawe\u0142 II podczas swojej wizyty na Uniwersytecie Jagiello\u0144skim z okazji otrzymania doktoratu honoris causa. Zdaniem prof. J. Sondla to w\u0142a\u015bnie owej ukszta\u0142towanej przez kolejne pokolenia akademik\u00f3w tradycji nale\u017cy zawdzi\u0119cza\u0107 charakterystyczny dla Uniwersytetu Jagiello\u0144skiego genius loci. Obecnie prowadzi wyk\u0142ady z prawa o turystyce i rekreacji dla student\u00f3w geografii na Wydziale Biologii i Nauk o Ziemi UJ oraz w Wy\u017cszej Szkole Turystyki i Ekologii w Suchej, gdzie pe\u0142ni, jak sam m\u00f3wi, zaszczytn\u0105 funkcj\u0119 Rektora, od 2001 r.<\/p>\n<p>Spotkanie odb\u0119dzie si\u0119 dzisiaj, pocz\u0105tek o godz. 18.00. Wst\u0119p wolny.<\/p>\n","protected":false},"excerpt":{"rendered":"<p>Stowarzyszenie Bochniak\u00f3w i Mi\u0142o\u015bnik\u00f3w Ziemi Boche\u0144skiej zaprasza na spotkanie z prof. dr. hab. Januszem Sondlem. Spotkanie odb\u0119dzie si\u0119 w Domu Bochniak\u00f3w, Rynek 2.<\/p>\n","protected":false},"author":13,"featured_media":0,"comment_status":"open","ping_status":"closed","sticky":false,"template":"","format":"standard","meta":{"_acf_changed":false,"footnotes":""},"categories":[5,6251,6250],"tags":[376,17131,11801,17346,613],"class_list":["post-100816","post","type-post","status-publish","format-standard","hentry","category-biezace-wydarzenia","category-polityka-i-wydarzenia","category-tematyka","tag-dom-bochniakow","tag-historia","tag-janusz-sondel","tag-spotkanie","tag-stowarzyszenie-bochniakow-i-milosnikow-ziemi-bochenskie","main_tag-spotkanie"],"acf":[],"yoast_head":"<!-- This site is optimized with the Yoast SEO plugin v26.9 - https:\/\/yoast.com\/product\/yoast-seo-wordpress\/ -->\n<title>&quot;Bochniacy&quot; zapraszaj\u0105 na spotkanie z prof. Januszem Sondlem - mojabochnia.pl - portal informacyjny<\/title>\n<meta name=\"robots\" content=\"index, follow, max-snippet:-1, max-image-preview:large, max-video-preview:-1\" \/>\n<link rel=\"canonical\" href=\"https:\/\/www.mojabochnia.pl\/?p=100816\" \/>\n<meta property=\"og:locale\" content=\"pl_PL\" \/>\n<meta property=\"og:type\" content=\"article\" \/>\n<meta property=\"og:title\" content=\"&quot;Bochniacy&quot; zapraszaj\u0105 na spotkanie z prof. Januszem Sondlem - mojabochnia.pl - portal informacyjny\" \/>\n<meta property=\"og:description\" content=\"Stowarzyszenie Bochniak\u00f3w i Mi\u0142o\u015bnik\u00f3w Ziemi Boche\u0144skiej zaprasza na spotkanie z prof. dr. hab. Januszem Sondlem. Spotkanie odb\u0119dzie si\u0119 w Domu Bochniak\u00f3w, Rynek 2.\" \/>\n<meta property=\"og:url\" content=\"https:\/\/www.mojabochnia.pl\/?p=100816\" \/>\n<meta property=\"og:site_name\" content=\"mojabochnia.pl - portal informacyjny\" \/>\n<meta property=\"article:publisher\" content=\"https:\/\/www.facebook.com\/mojabochnia\" \/>\n<meta property=\"article:published_time\" content=\"2013-11-26T09:25:57+00:00\" \/>\n<meta name=\"author\" content=\"redakcja\" \/>\n<meta name=\"twitter:card\" content=\"summary_large_image\" \/>\n<meta name=\"twitter:label1\" content=\"Written by\" \/>\n\t<meta name=\"twitter:data1\" content=\"redakcja\" \/>\n\t<meta name=\"twitter:label2\" content=\"Est. reading time\" \/>\n\t<meta name=\"twitter:data2\" content=\"2 minuty\" \/>\n<script type=\"application\/ld+json\" class=\"yoast-schema-graph\">{\"@context\":\"https:\/\/schema.org\",\"@graph\":[{\"@type\":\"Article\",\"@id\":\"https:\/\/www.mojabochnia.pl\/?p=100816#article\",\"isPartOf\":{\"@id\":\"https:\/\/www.mojabochnia.pl\/?p=100816\"},\"author\":{\"name\":\"redakcja\",\"@id\":\"https:\/\/www.mojabochnia.pl\/#\/schema\/person\/7e2f20ead9902216a3384f13606c0ab7\"},\"headline\":\"&#8222;Bochniacy&#8221; zapraszaj\u0105 na spotkanie z prof. Januszem Sondlem\",\"datePublished\":\"2013-11-26T09:25:57+00:00\",\"mainEntityOfPage\":{\"@id\":\"https:\/\/www.mojabochnia.pl\/?p=100816\"},\"wordCount\":329,\"commentCount\":0,\"publisher\":{\"@id\":\"https:\/\/www.mojabochnia.pl\/#organization\"},\"keywords\":[\"dom bochniak\u00f3w\",\"historia\",\"janusz sondel\",\"spotkanie\",\"stowarzyszenie bochniak\u00f3w i mi\u0142osnik\u00f3w ziemi boche\u0144skie\"],\"articleSection\":[\"2_ostatnie\",\"polityka i wydarzenia\",\"tematyka\"],\"inLanguage\":\"pl-PL\",\"potentialAction\":[{\"@type\":\"CommentAction\",\"name\":\"Comment\",\"target\":[\"https:\/\/www.mojabochnia.pl\/?p=100816#respond\"]}]},{\"@type\":\"WebPage\",\"@id\":\"https:\/\/www.mojabochnia.pl\/?p=100816\",\"url\":\"https:\/\/www.mojabochnia.pl\/?p=100816\",\"name\":\"\\\"Bochniacy\\\" zapraszaj\u0105 na spotkanie z prof. Januszem Sondlem - mojabochnia.pl - portal informacyjny\",\"isPartOf\":{\"@id\":\"https:\/\/www.mojabochnia.pl\/#website\"},\"datePublished\":\"2013-11-26T09:25:57+00:00\",\"breadcrumb\":{\"@id\":\"https:\/\/www.mojabochnia.pl\/?p=100816#breadcrumb\"},\"inLanguage\":\"pl-PL\",\"potentialAction\":[{\"@type\":\"ReadAction\",\"target\":[\"https:\/\/www.mojabochnia.pl\/?p=100816\"]}]},{\"@type\":\"BreadcrumbList\",\"@id\":\"https:\/\/www.mojabochnia.pl\/?p=100816#breadcrumb\",\"itemListElement\":[{\"@type\":\"ListItem\",\"position\":1,\"name\":\"Home\",\"item\":\"https:\/\/www.mojabochnia.pl\/\"},{\"@type\":\"ListItem\",\"position\":2,\"name\":\"&#8222;Bochniacy&#8221; zapraszaj\u0105 na spotkanie z prof. Januszem Sondlem\"}]},{\"@type\":\"WebSite\",\"@id\":\"https:\/\/www.mojabochnia.pl\/#website\",\"url\":\"https:\/\/www.mojabochnia.pl\/\",\"name\":\"mojabochnia.pl - portal informacyjny\",\"description\":\"mojaBochnia to portal informacyjny o Bochni. Codziennie o Bochni piszemy i pokazujemy najwa\u017cniejsze wydarzenia\",\"publisher\":{\"@id\":\"https:\/\/www.mojabochnia.pl\/#organization\"},\"potentialAction\":[{\"@type\":\"SearchAction\",\"target\":{\"@type\":\"EntryPoint\",\"urlTemplate\":\"https:\/\/www.mojabochnia.pl\/?s={search_term_string}\"},\"query-input\":{\"@type\":\"PropertyValueSpecification\",\"valueRequired\":true,\"valueName\":\"search_term_string\"}}],\"inLanguage\":\"pl-PL\"},{\"@type\":\"Organization\",\"@id\":\"https:\/\/www.mojabochnia.pl\/#organization\",\"name\":\"mojabochnia.pl - portal informacyjny\",\"url\":\"https:\/\/www.mojabochnia.pl\/\",\"logo\":{\"@type\":\"ImageObject\",\"inLanguage\":\"pl-PL\",\"@id\":\"https:\/\/www.mojabochnia.pl\/#\/schema\/logo\/image\/\",\"url\":\"https:\/\/www.mojabochnia.pl\/wp-content\/uploads\/2017\/08\/logo-mb-opt.png\",\"contentUrl\":\"https:\/\/www.mojabochnia.pl\/wp-content\/uploads\/2017\/08\/logo-mb-opt.png\",\"width\":250,\"height\":48,\"caption\":\"mojabochnia.pl - portal informacyjny\"},\"image\":{\"@id\":\"https:\/\/www.mojabochnia.pl\/#\/schema\/logo\/image\/\"},\"sameAs\":[\"https:\/\/www.facebook.com\/mojabochnia\"]},{\"@type\":\"Person\",\"@id\":\"https:\/\/www.mojabochnia.pl\/#\/schema\/person\/7e2f20ead9902216a3384f13606c0ab7\",\"name\":\"redakcja\",\"sameAs\":[\"http:\/\/\"],\"url\":\"https:\/\/www.mojabochnia.pl\/?author=13\"}]}<\/script>\n<!-- \/ Yoast SEO plugin. -->","yoast_head_json":{"title":"\"Bochniacy\" zapraszaj\u0105 na spotkanie z prof. Januszem Sondlem - mojabochnia.pl - portal informacyjny","robots":{"index":"index","follow":"follow","max-snippet":"max-snippet:-1","max-image-preview":"max-image-preview:large","max-video-preview":"max-video-preview:-1"},"canonical":"https:\/\/www.mojabochnia.pl\/?p=100816","og_locale":"pl_PL","og_type":"article","og_title":"\"Bochniacy\" zapraszaj\u0105 na spotkanie z prof. Januszem Sondlem - mojabochnia.pl - portal informacyjny","og_description":"Stowarzyszenie Bochniak\u00f3w i Mi\u0142o\u015bnik\u00f3w Ziemi Boche\u0144skiej zaprasza na spotkanie z prof. dr. hab. Januszem Sondlem. Spotkanie odb\u0119dzie si\u0119 w Domu Bochniak\u00f3w, Rynek 2.","og_url":"https:\/\/www.mojabochnia.pl\/?p=100816","og_site_name":"mojabochnia.pl - portal informacyjny","article_publisher":"https:\/\/www.facebook.com\/mojabochnia","article_published_time":"2013-11-26T09:25:57+00:00","author":"redakcja","twitter_card":"summary_large_image","twitter_misc":{"Written by":"redakcja","Est. reading time":"2 minuty"},"schema":{"@context":"https:\/\/schema.org","@graph":[{"@type":"Article","@id":"https:\/\/www.mojabochnia.pl\/?p=100816#article","isPartOf":{"@id":"https:\/\/www.mojabochnia.pl\/?p=100816"},"author":{"name":"redakcja","@id":"https:\/\/www.mojabochnia.pl\/#\/schema\/person\/7e2f20ead9902216a3384f13606c0ab7"},"headline":"&#8222;Bochniacy&#8221; zapraszaj\u0105 na spotkanie z prof. Januszem Sondlem","datePublished":"2013-11-26T09:25:57+00:00","mainEntityOfPage":{"@id":"https:\/\/www.mojabochnia.pl\/?p=100816"},"wordCount":329,"commentCount":0,"publisher":{"@id":"https:\/\/www.mojabochnia.pl\/#organization"},"keywords":["dom bochniak\u00f3w","historia","janusz sondel","spotkanie","stowarzyszenie bochniak\u00f3w i mi\u0142osnik\u00f3w ziemi boche\u0144skie"],"articleSection":["2_ostatnie","polityka i wydarzenia","tematyka"],"inLanguage":"pl-PL","potentialAction":[{"@type":"CommentAction","name":"Comment","target":["https:\/\/www.mojabochnia.pl\/?p=100816#respond"]}]},{"@type":"WebPage","@id":"https:\/\/www.mojabochnia.pl\/?p=100816","url":"https:\/\/www.mojabochnia.pl\/?p=100816","name":"\"Bochniacy\" zapraszaj\u0105 na spotkanie z prof. Januszem Sondlem - mojabochnia.pl - portal informacyjny","isPartOf":{"@id":"https:\/\/www.mojabochnia.pl\/#website"},"datePublished":"2013-11-26T09:25:57+00:00","breadcrumb":{"@id":"https:\/\/www.mojabochnia.pl\/?p=100816#breadcrumb"},"inLanguage":"pl-PL","potentialAction":[{"@type":"ReadAction","target":["https:\/\/www.mojabochnia.pl\/?p=100816"]}]},{"@type":"BreadcrumbList","@id":"https:\/\/www.mojabochnia.pl\/?p=100816#breadcrumb","itemListElement":[{"@type":"ListItem","position":1,"name":"Home","item":"https:\/\/www.mojabochnia.pl\/"},{"@type":"ListItem","position":2,"name":"&#8222;Bochniacy&#8221; zapraszaj\u0105 na spotkanie z prof. Januszem Sondlem"}]},{"@type":"WebSite","@id":"https:\/\/www.mojabochnia.pl\/#website","url":"https:\/\/www.mojabochnia.pl\/","name":"mojabochnia.pl - portal informacyjny","description":"mojaBochnia to portal informacyjny o Bochni. Codziennie o Bochni piszemy i pokazujemy najwa\u017cniejsze wydarzenia","publisher":{"@id":"https:\/\/www.mojabochnia.pl\/#organization"},"potentialAction":[{"@type":"SearchAction","target":{"@type":"EntryPoint","urlTemplate":"https:\/\/www.mojabochnia.pl\/?s={search_term_string}"},"query-input":{"@type":"PropertyValueSpecification","valueRequired":true,"valueName":"search_term_string"}}],"inLanguage":"pl-PL"},{"@type":"Organization","@id":"https:\/\/www.mojabochnia.pl\/#organization","name":"mojabochnia.pl - portal informacyjny","url":"https:\/\/www.mojabochnia.pl\/","logo":{"@type":"ImageObject","inLanguage":"pl-PL","@id":"https:\/\/www.mojabochnia.pl\/#\/schema\/logo\/image\/","url":"https:\/\/www.mojabochnia.pl\/wp-content\/uploads\/2017\/08\/logo-mb-opt.png","contentUrl":"https:\/\/www.mojabochnia.pl\/wp-content\/uploads\/2017\/08\/logo-mb-opt.png","width":250,"height":48,"caption":"mojabochnia.pl - portal informacyjny"},"image":{"@id":"https:\/\/www.mojabochnia.pl\/#\/schema\/logo\/image\/"},"sameAs":["https:\/\/www.facebook.com\/mojabochnia"]},{"@type":"Person","@id":"https:\/\/www.mojabochnia.pl\/#\/schema\/person\/7e2f20ead9902216a3384f13606c0ab7","name":"redakcja","sameAs":["http:\/\/"],"url":"https:\/\/www.mojabochnia.pl\/?author=13"}]}},"_links":{"self":[{"href":"https:\/\/www.mojabochnia.pl\/index.php?rest_route=\/wp\/v2\/posts\/100816","targetHints":{"allow":["GET"]}}],"collection":[{"href":"https:\/\/www.mojabochnia.pl\/index.php?rest_route=\/wp\/v2\/posts"}],"about":[{"href":"https:\/\/www.mojabochnia.pl\/index.php?rest_route=\/wp\/v2\/types\/post"}],"author":[{"embeddable":true,"href":"https:\/\/www.mojabochnia.pl\/index.php?rest_route=\/wp\/v2\/users\/13"}],"replies":[{"embeddable":true,"href":"https:\/\/www.mojabochnia.pl\/index.php?rest_route=%2Fwp%2Fv2%2Fcomments&post=100816"}],"version-history":[{"count":3,"href":"https:\/\/www.mojabochnia.pl\/index.php?rest_route=\/wp\/v2\/posts\/100816\/revisions"}],"predecessor-version":[{"id":100820,"href":"https:\/\/www.mojabochnia.pl\/index.php?rest_route=\/wp\/v2\/posts\/100816\/revisions\/100820"}],"wp:attachment":[{"href":"https:\/\/www.mojabochnia.pl\/index.php?rest_route=%2Fwp%2Fv2%2Fmedia&parent=100816"}],"wp:term":[{"taxonomy":"category","embeddable":true,"href":"https:\/\/www.mojabochnia.pl\/index.php?rest_route=%2Fwp%2Fv2%2Fcategories&post=100816"},{"taxonomy":"post_tag","embeddable":true,"href":"https:\/\/www.mojabochnia.pl\/index.php?rest_route=%2Fwp%2Fv2%2Ftags&post=100816"}],"curies":[{"name":"wp","href":"https:\/\/api.w.org\/{rel}","templated":true}]}}