{"id":100810,"date":"2013-11-26T10:18:16","date_gmt":"2013-11-26T09:18:16","guid":{"rendered":"http:\/\/www.mojabochnia.pl\/?p=100810"},"modified":"2013-11-26T10:33:48","modified_gmt":"2013-11-26T09:33:48","slug":"grabina-powstala-monografia-na-615-rocznice-wsi","status":"publish","type":"post","link":"https:\/\/www.mojabochnia.pl\/?p=100810","title":{"rendered":"Grabina: powsta\u0142a monografia na 615. rocznic\u0119 wsi"},"content":{"rendered":"<p>Pocz\u0105tek historii wsi b\u0119d\u0105cej w\u0142asno\u015bci\u0105 szlacheck\u0105 si\u0119ga \u015bredniowiecza. Grabina, a w\u0142a\u015bciwie Grabyna, pojawia si\u0119 u D\u0142ugosza w roku 1398 jako g\u00f3rzysty teren z ma\u0142o urodzajnymi ziemiami na jednym ze wzniesie\u0144 Pog\u00f3rza Wi\u015bnickiego. Obecnie jest to najmniejsza miejscowo\u015b\u0107 w gminie Bochnia, kt\u00f3ra posiada pi\u0119kne krajobrazy i infrastruktur\u0119 nie odbiegaj\u0105c\u0105 od pobliskich teren\u00f3w.<\/p>\n<p>\tZ okazji roku jubileuszowego ukaza\u0142a si\u0119 monografia wioski pt.: \u201eGrabina. \u015aladami naszych przodk\u00f3w\u201d, kt\u00f3rej mottem jest cytat nieznanego autora \u201eKa\u017cdy z nas ma przodk\u00f3w. Nie ka\u017cdy jednak o nich wie\u2026\u201d. Jest to pierwsza praca w ca\u0142o\u015bci po\u015bwi\u0119cona tej miejscowo\u015bci. <em>Ma ona za zadanie przybli\u017cy\u0107 czytelnikowi histori\u0119 i kultur\u0119 wsi, kt\u00f3r\u0105 uda\u0142o si\u0119 uratowa\u0107 od zapomnienia. To kim jeste\u015bmy zawdzi\u0119czamy naszym przodkom, kulturze i tradycji wyniesionej z domu rodzinnego i najbli\u017cszego otoczenia<\/em> &#8211; pisze Lucyna Ratajczak, autorka.<\/p>\n<p>Warto\u015bci\u0105 tej publikacji jest to, \u017ce w jednym miejscu zosta\u0142y zgromadzone r\u00f3\u017cnorodne zagadnienia dotycz\u0105ce \u017cycia codziennego i historii mieszka\u0144c\u00f3w Grabiny. Ksi\u0105\u017cka wydana jest na papierze kredowym, zawiera ponad dwie\u015bcie stron historii i du\u017c\u0105 ilo\u015b\u0107 zdj\u0119\u0107 archiwalnych oraz wsp\u00f3\u0142czesnych wykonanych przez jednego z mieszka\u0144c\u00f3w, Mariana Sobczyka.<\/p>\n<p>Wiele wydarze\u0144 z \u017cycia miejscowo\u015bci zas\u0142uguje na podkre\u015blenie i pami\u0119\u0107. <em>Ziemia ta jest przesi\u0105kni\u0119ta krwi\u0105 i \u0142zami. Kraina znana jest przecie\u017c z waleczno\u015bci, m\u0119stwa i patriotyzmu, a tak\u017ce z religijno\u015bci zamieszka\u0142ych na tej ziemi mieszka\u0144c\u00f3w. Ci\u0119\u017cko czasami uwierzy\u0107, \u017ce tak ma\u0142a miejscowo\u015b\u0107 ma tak bogat\u0105 histori\u0119 i mia\u0142a takie znaczenie w historii Polski<\/em>.<\/p>\n<p>Autorka ksi\u0105\u017cki, Lucyna Ratajczak, w 2011 roku opublikowa\u0142a swoj\u0105 pierwsz\u0105 monografi\u0119 pt.:  \u201eD\u0105browica. Moje rodzinne gniazdo\u201d. Obecna, dotycz\u0105ca s\u0105siedniej wioski jest jej drugim dzieckiem literackim. Obie ksi\u0105\u017cki zosta\u0142y wydane ze \u015brodk\u00f3w w\u0142asnych. <\/p>\n<p>Warto doda\u0107, \u017ce jest to trzecia wydana publikacja z 31 miejscowo\u015bci nale\u017c\u0105cych do Gminy Bochnia. Pierwsz\u0105 by\u0142a ksi\u0105\u017cka ks. Antoniego Tworka \u201eChe\u0142m i Przyrabie\u201d.<\/p>\n","protected":false},"excerpt":{"rendered":"<p>W tym roku mija 615. rocznica istnienia Grabiny, miejscowo\u015bci w gminie Bochnia. Z okazji roku jubileuszowego ukaza\u0142a si\u0119 monografia wioski pt.: \u201eGrabina. \u015aladami naszych przodk\u00f3w\u201d autorstwa Lucyny Ratajczak.<\/p>\n","protected":false},"author":13,"featured_media":0,"comment_status":"open","ping_status":"closed","sticky":false,"template":"","format":"standard","meta":{"_acf_changed":false,"footnotes":""},"categories":[5,6251,6250],"tags":[17225,10699,18274,5792],"class_list":["post-100810","post","type-post","status-publish","format-standard","hentry","category-biezace-wydarzenia","category-polityka-i-wydarzenia","category-tematyka","tag-gmina-bochnia","tag-grabina","tag-lokacja","tag-monografia","main_tag-gmina-bochnia"],"acf":[],"yoast_head":"<!-- This site is optimized with the Yoast SEO plugin v26.9 - https:\/\/yoast.com\/product\/yoast-seo-wordpress\/ -->\n<title>Grabina: powsta\u0142a monografia na 615. rocznic\u0119 wsi - mojabochnia.pl - portal informacyjny<\/title>\n<meta name=\"robots\" content=\"index, follow, max-snippet:-1, max-image-preview:large, max-video-preview:-1\" \/>\n<link rel=\"canonical\" href=\"https:\/\/www.mojabochnia.pl\/?p=100810\" \/>\n<meta property=\"og:locale\" content=\"pl_PL\" \/>\n<meta property=\"og:type\" content=\"article\" \/>\n<meta property=\"og:title\" content=\"Grabina: powsta\u0142a monografia na 615. rocznic\u0119 wsi - mojabochnia.pl - portal informacyjny\" \/>\n<meta property=\"og:description\" content=\"W tym roku mija 615. rocznica istnienia Grabiny, miejscowo\u015bci w gminie Bochnia. Z okazji roku jubileuszowego ukaza\u0142a si\u0119 monografia wioski pt.: \u201eGrabina. \u015aladami naszych przodk\u00f3w\u201d autorstwa Lucyny Ratajczak.\" \/>\n<meta property=\"og:url\" content=\"https:\/\/www.mojabochnia.pl\/?p=100810\" \/>\n<meta property=\"og:site_name\" content=\"mojabochnia.pl - portal informacyjny\" \/>\n<meta property=\"article:publisher\" content=\"https:\/\/www.facebook.com\/mojabochnia\" \/>\n<meta property=\"article:published_time\" content=\"2013-11-26T09:18:16+00:00\" \/>\n<meta property=\"article:modified_time\" content=\"2013-11-26T09:33:48+00:00\" \/>\n<meta name=\"author\" content=\"redakcja\" \/>\n<meta name=\"twitter:card\" content=\"summary_large_image\" \/>\n<meta name=\"twitter:label1\" content=\"Written by\" \/>\n\t<meta name=\"twitter:data1\" content=\"redakcja\" \/>\n\t<meta name=\"twitter:label2\" content=\"Est. reading time\" \/>\n\t<meta name=\"twitter:data2\" content=\"2 minuty\" \/>\n<script type=\"application\/ld+json\" class=\"yoast-schema-graph\">{\"@context\":\"https:\/\/schema.org\",\"@graph\":[{\"@type\":\"Article\",\"@id\":\"https:\/\/www.mojabochnia.pl\/?p=100810#article\",\"isPartOf\":{\"@id\":\"https:\/\/www.mojabochnia.pl\/?p=100810\"},\"author\":{\"name\":\"redakcja\",\"@id\":\"https:\/\/www.mojabochnia.pl\/#\/schema\/person\/7e2f20ead9902216a3384f13606c0ab7\"},\"headline\":\"Grabina: powsta\u0142a monografia na 615. rocznic\u0119 wsi\",\"datePublished\":\"2013-11-26T09:18:16+00:00\",\"dateModified\":\"2013-11-26T09:33:48+00:00\",\"mainEntityOfPage\":{\"@id\":\"https:\/\/www.mojabochnia.pl\/?p=100810\"},\"wordCount\":359,\"commentCount\":0,\"publisher\":{\"@id\":\"https:\/\/www.mojabochnia.pl\/#organization\"},\"keywords\":[\"gmina bochnia\",\"grabina\",\"lokacja\",\"monografia\"],\"articleSection\":[\"2_ostatnie\",\"polityka i wydarzenia\",\"tematyka\"],\"inLanguage\":\"pl-PL\",\"potentialAction\":[{\"@type\":\"CommentAction\",\"name\":\"Comment\",\"target\":[\"https:\/\/www.mojabochnia.pl\/?p=100810#respond\"]}]},{\"@type\":\"WebPage\",\"@id\":\"https:\/\/www.mojabochnia.pl\/?p=100810\",\"url\":\"https:\/\/www.mojabochnia.pl\/?p=100810\",\"name\":\"Grabina: powsta\u0142a monografia na 615. rocznic\u0119 wsi - mojabochnia.pl - portal informacyjny\",\"isPartOf\":{\"@id\":\"https:\/\/www.mojabochnia.pl\/#website\"},\"datePublished\":\"2013-11-26T09:18:16+00:00\",\"dateModified\":\"2013-11-26T09:33:48+00:00\",\"breadcrumb\":{\"@id\":\"https:\/\/www.mojabochnia.pl\/?p=100810#breadcrumb\"},\"inLanguage\":\"pl-PL\",\"potentialAction\":[{\"@type\":\"ReadAction\",\"target\":[\"https:\/\/www.mojabochnia.pl\/?p=100810\"]}]},{\"@type\":\"BreadcrumbList\",\"@id\":\"https:\/\/www.mojabochnia.pl\/?p=100810#breadcrumb\",\"itemListElement\":[{\"@type\":\"ListItem\",\"position\":1,\"name\":\"Home\",\"item\":\"https:\/\/www.mojabochnia.pl\/\"},{\"@type\":\"ListItem\",\"position\":2,\"name\":\"Grabina: powsta\u0142a monografia na 615. rocznic\u0119 wsi\"}]},{\"@type\":\"WebSite\",\"@id\":\"https:\/\/www.mojabochnia.pl\/#website\",\"url\":\"https:\/\/www.mojabochnia.pl\/\",\"name\":\"mojabochnia.pl - portal informacyjny\",\"description\":\"mojaBochnia to portal informacyjny o Bochni. Codziennie o Bochni piszemy i pokazujemy najwa\u017cniejsze wydarzenia\",\"publisher\":{\"@id\":\"https:\/\/www.mojabochnia.pl\/#organization\"},\"potentialAction\":[{\"@type\":\"SearchAction\",\"target\":{\"@type\":\"EntryPoint\",\"urlTemplate\":\"https:\/\/www.mojabochnia.pl\/?s={search_term_string}\"},\"query-input\":{\"@type\":\"PropertyValueSpecification\",\"valueRequired\":true,\"valueName\":\"search_term_string\"}}],\"inLanguage\":\"pl-PL\"},{\"@type\":\"Organization\",\"@id\":\"https:\/\/www.mojabochnia.pl\/#organization\",\"name\":\"mojabochnia.pl - portal informacyjny\",\"url\":\"https:\/\/www.mojabochnia.pl\/\",\"logo\":{\"@type\":\"ImageObject\",\"inLanguage\":\"pl-PL\",\"@id\":\"https:\/\/www.mojabochnia.pl\/#\/schema\/logo\/image\/\",\"url\":\"https:\/\/www.mojabochnia.pl\/wp-content\/uploads\/2017\/08\/logo-mb-opt.png\",\"contentUrl\":\"https:\/\/www.mojabochnia.pl\/wp-content\/uploads\/2017\/08\/logo-mb-opt.png\",\"width\":250,\"height\":48,\"caption\":\"mojabochnia.pl - portal informacyjny\"},\"image\":{\"@id\":\"https:\/\/www.mojabochnia.pl\/#\/schema\/logo\/image\/\"},\"sameAs\":[\"https:\/\/www.facebook.com\/mojabochnia\"]},{\"@type\":\"Person\",\"@id\":\"https:\/\/www.mojabochnia.pl\/#\/schema\/person\/7e2f20ead9902216a3384f13606c0ab7\",\"name\":\"redakcja\",\"sameAs\":[\"http:\/\/\"],\"url\":\"https:\/\/www.mojabochnia.pl\/?author=13\"}]}<\/script>\n<!-- \/ Yoast SEO plugin. -->","yoast_head_json":{"title":"Grabina: powsta\u0142a monografia na 615. rocznic\u0119 wsi - mojabochnia.pl - portal informacyjny","robots":{"index":"index","follow":"follow","max-snippet":"max-snippet:-1","max-image-preview":"max-image-preview:large","max-video-preview":"max-video-preview:-1"},"canonical":"https:\/\/www.mojabochnia.pl\/?p=100810","og_locale":"pl_PL","og_type":"article","og_title":"Grabina: powsta\u0142a monografia na 615. rocznic\u0119 wsi - mojabochnia.pl - portal informacyjny","og_description":"W tym roku mija 615. rocznica istnienia Grabiny, miejscowo\u015bci w gminie Bochnia. Z okazji roku jubileuszowego ukaza\u0142a si\u0119 monografia wioski pt.: \u201eGrabina. \u015aladami naszych przodk\u00f3w\u201d autorstwa Lucyny Ratajczak.","og_url":"https:\/\/www.mojabochnia.pl\/?p=100810","og_site_name":"mojabochnia.pl - portal informacyjny","article_publisher":"https:\/\/www.facebook.com\/mojabochnia","article_published_time":"2013-11-26T09:18:16+00:00","article_modified_time":"2013-11-26T09:33:48+00:00","author":"redakcja","twitter_card":"summary_large_image","twitter_misc":{"Written by":"redakcja","Est. reading time":"2 minuty"},"schema":{"@context":"https:\/\/schema.org","@graph":[{"@type":"Article","@id":"https:\/\/www.mojabochnia.pl\/?p=100810#article","isPartOf":{"@id":"https:\/\/www.mojabochnia.pl\/?p=100810"},"author":{"name":"redakcja","@id":"https:\/\/www.mojabochnia.pl\/#\/schema\/person\/7e2f20ead9902216a3384f13606c0ab7"},"headline":"Grabina: powsta\u0142a monografia na 615. rocznic\u0119 wsi","datePublished":"2013-11-26T09:18:16+00:00","dateModified":"2013-11-26T09:33:48+00:00","mainEntityOfPage":{"@id":"https:\/\/www.mojabochnia.pl\/?p=100810"},"wordCount":359,"commentCount":0,"publisher":{"@id":"https:\/\/www.mojabochnia.pl\/#organization"},"keywords":["gmina bochnia","grabina","lokacja","monografia"],"articleSection":["2_ostatnie","polityka i wydarzenia","tematyka"],"inLanguage":"pl-PL","potentialAction":[{"@type":"CommentAction","name":"Comment","target":["https:\/\/www.mojabochnia.pl\/?p=100810#respond"]}]},{"@type":"WebPage","@id":"https:\/\/www.mojabochnia.pl\/?p=100810","url":"https:\/\/www.mojabochnia.pl\/?p=100810","name":"Grabina: powsta\u0142a monografia na 615. rocznic\u0119 wsi - mojabochnia.pl - portal informacyjny","isPartOf":{"@id":"https:\/\/www.mojabochnia.pl\/#website"},"datePublished":"2013-11-26T09:18:16+00:00","dateModified":"2013-11-26T09:33:48+00:00","breadcrumb":{"@id":"https:\/\/www.mojabochnia.pl\/?p=100810#breadcrumb"},"inLanguage":"pl-PL","potentialAction":[{"@type":"ReadAction","target":["https:\/\/www.mojabochnia.pl\/?p=100810"]}]},{"@type":"BreadcrumbList","@id":"https:\/\/www.mojabochnia.pl\/?p=100810#breadcrumb","itemListElement":[{"@type":"ListItem","position":1,"name":"Home","item":"https:\/\/www.mojabochnia.pl\/"},{"@type":"ListItem","position":2,"name":"Grabina: powsta\u0142a monografia na 615. rocznic\u0119 wsi"}]},{"@type":"WebSite","@id":"https:\/\/www.mojabochnia.pl\/#website","url":"https:\/\/www.mojabochnia.pl\/","name":"mojabochnia.pl - portal informacyjny","description":"mojaBochnia to portal informacyjny o Bochni. Codziennie o Bochni piszemy i pokazujemy najwa\u017cniejsze wydarzenia","publisher":{"@id":"https:\/\/www.mojabochnia.pl\/#organization"},"potentialAction":[{"@type":"SearchAction","target":{"@type":"EntryPoint","urlTemplate":"https:\/\/www.mojabochnia.pl\/?s={search_term_string}"},"query-input":{"@type":"PropertyValueSpecification","valueRequired":true,"valueName":"search_term_string"}}],"inLanguage":"pl-PL"},{"@type":"Organization","@id":"https:\/\/www.mojabochnia.pl\/#organization","name":"mojabochnia.pl - portal informacyjny","url":"https:\/\/www.mojabochnia.pl\/","logo":{"@type":"ImageObject","inLanguage":"pl-PL","@id":"https:\/\/www.mojabochnia.pl\/#\/schema\/logo\/image\/","url":"https:\/\/www.mojabochnia.pl\/wp-content\/uploads\/2017\/08\/logo-mb-opt.png","contentUrl":"https:\/\/www.mojabochnia.pl\/wp-content\/uploads\/2017\/08\/logo-mb-opt.png","width":250,"height":48,"caption":"mojabochnia.pl - portal informacyjny"},"image":{"@id":"https:\/\/www.mojabochnia.pl\/#\/schema\/logo\/image\/"},"sameAs":["https:\/\/www.facebook.com\/mojabochnia"]},{"@type":"Person","@id":"https:\/\/www.mojabochnia.pl\/#\/schema\/person\/7e2f20ead9902216a3384f13606c0ab7","name":"redakcja","sameAs":["http:\/\/"],"url":"https:\/\/www.mojabochnia.pl\/?author=13"}]}},"_links":{"self":[{"href":"https:\/\/www.mojabochnia.pl\/index.php?rest_route=\/wp\/v2\/posts\/100810","targetHints":{"allow":["GET"]}}],"collection":[{"href":"https:\/\/www.mojabochnia.pl\/index.php?rest_route=\/wp\/v2\/posts"}],"about":[{"href":"https:\/\/www.mojabochnia.pl\/index.php?rest_route=\/wp\/v2\/types\/post"}],"author":[{"embeddable":true,"href":"https:\/\/www.mojabochnia.pl\/index.php?rest_route=\/wp\/v2\/users\/13"}],"replies":[{"embeddable":true,"href":"https:\/\/www.mojabochnia.pl\/index.php?rest_route=%2Fwp%2Fv2%2Fcomments&post=100810"}],"version-history":[{"count":5,"href":"https:\/\/www.mojabochnia.pl\/index.php?rest_route=\/wp\/v2\/posts\/100810\/revisions"}],"predecessor-version":[{"id":100822,"href":"https:\/\/www.mojabochnia.pl\/index.php?rest_route=\/wp\/v2\/posts\/100810\/revisions\/100822"}],"wp:attachment":[{"href":"https:\/\/www.mojabochnia.pl\/index.php?rest_route=%2Fwp%2Fv2%2Fmedia&parent=100810"}],"wp:term":[{"taxonomy":"category","embeddable":true,"href":"https:\/\/www.mojabochnia.pl\/index.php?rest_route=%2Fwp%2Fv2%2Fcategories&post=100810"},{"taxonomy":"post_tag","embeddable":true,"href":"https:\/\/www.mojabochnia.pl\/index.php?rest_route=%2Fwp%2Fv2%2Ftags&post=100810"}],"curies":[{"name":"wp","href":"https:\/\/api.w.org\/{rel}","templated":true}]}}